{"id":20812,"date":"2023-04-16T09:29:37","date_gmt":"2023-04-16T07:29:37","guid":{"rendered":"https:\/\/charente.catholique.fr\/grand-angouleme\/?p=20812"},"modified":"2023-04-19T15:58:32","modified_gmt":"2023-04-19T13:58:32","slug":"homelie-du-p-denis-trinez-pour-le-2eme-dimanche-de-paques-a","status":"publish","type":"post","link":"https:\/\/charente.catholique.fr\/grand-angouleme\/actualites\/homelie-du-p-denis-trinez-pour-le-2eme-dimanche-de-paques-a\/","title":{"rendered":"Hom\u00e9lie du P.Denis Trinez pour le 2\u00e8me dimanche de P\u00e2ques A"},"content":{"rendered":"\n<h4 class=\"wp-block-heading\">Accueil<\/h4>\n\n\n\n<p>Huit jours apr\u00e8s P\u00e2ques, nous sommes invit\u00e9s \u00e0 nous laisser touch\u00e9s par l\u2019infinie mis\u00e9ricorde du Seigneur \u00e0 notre \u00e9gard, A tous les hommes le Christ vient transmettre sa paix, m\u00eame \u00e0 Thomas, l\u2019incr\u00e9dule, qui a besoin de voir les mains et le c\u00f4t\u00e9 de J\u00e9sus pour dire sa foi&nbsp;:&nbsp;\u00ab&nbsp;Mon Seigneur et mon Dieu&nbsp;\u00bb&nbsp;!<\/p>\n\n\n\n<p>Et nous,&nbsp; si nous sommes ici pour vivre notre c\u00e9l\u00e9bration eucharistique, c\u2019est que nous croyons que, par sa Parole,&nbsp; J\u00e9sus, ressuscit\u00e9 , se rend vivant, r\u00e9veille notre foi et suscite notre esp\u00e9rance, qu\u2019il nous aime et nous accompagne dans le quotidien de nos vies, au coeur de notre humanit\u00e9 bless\u00e9e.<\/p>\n\n\n\n<p>\u00ab&nbsp;Lui, dit Pierre, vous l\u2019aimez sans l\u2019avoir vu, en Lui vous mettez votre foi et vous exultez de joie.&nbsp;\u00bb<\/p>\n\n\n\n<p>\u00ab&nbsp;Heureux , dit J\u00e9sus, ceux qui croient sans avoir vu \u00bb&nbsp;<\/p>\n\n\n\n<h4 class=\"wp-block-heading\"><a href=\"https:\/\/www.aelf.org\/\">Lectures du jour<\/a><\/h4>\n\n\n\n<h4 class=\"wp-block-heading\">Hom\u00e9lie du P. Denis<\/h4>\n\n\n\n<figure class=\"wp-block-embed is-type-video is-provider-youtube wp-block-embed-youtube wp-embed-aspect-4-3 wp-has-aspect-ratio\"><div class=\"wp-block-embed__wrapper\">\n<iframe loading=\"lazy\" title=\"hom\u00e9lie du p\u00e8re Denis Trinez pour le 2\u00e8me dimanche de P\u00e2ques\" width=\"500\" height=\"375\" src=\"https:\/\/www.youtube.com\/embed\/kl9GZBzWJE8?feature=oembed\" frameborder=\"0\" allow=\"accelerometer; autoplay; clipboard-write; encrypted-media; gyroscope; picture-in-picture; web-share\" referrerpolicy=\"strict-origin-when-cross-origin\" allowfullscreen><\/iframe>\n<\/div><\/figure>\n\n\n\n<p class=\"has-text-align-center has-large-font-size\"><strong>&#8220;Il vit et il crut&#8221;<\/strong><\/p>\n\n\n\n<h4 class=\"wp-block-heading\">Pri\u00e8re universelle<\/h4>\n\n\n\n<p>\u00ab&nbsp;Bienheureux ceux qui croient sans avoir vu&nbsp;\u00bb<\/p>\n\n\n\n<p>Pendant la nuit pascale, de nombreux jeunes, hommes et femmes ont re\u00e7u le bapt\u00eame. Confions-les \u00e0 la mis\u00e9ricorde du P\u00e8re.Que leur t\u00e9moignage rejoignent ceux qui, comme Thomas, peinent \u00e0 croire sans voir.<\/p>\n\n\n\n<p>&nbsp;&nbsp;&nbsp;&nbsp;&nbsp;&nbsp;&nbsp;&nbsp;&nbsp;&nbsp;&nbsp; &nbsp;&nbsp;&nbsp;&nbsp;&nbsp;&nbsp;&nbsp;&nbsp;&nbsp;&nbsp;&nbsp; Ensemble prions.<\/p>\n\n\n\n<p>&nbsp;&nbsp;&nbsp;&nbsp;&nbsp;&nbsp;&nbsp;&nbsp;&nbsp;&nbsp;&nbsp; \u00ab&nbsp;La paix soit avec vous&nbsp;\u00bb<\/p>\n\n\n\n<p>En ce mois d\u2019avril, notre pape Fran\u00e7ois nous invite \u00e0 prier, avec toute l\u2019\u00c9glise,&nbsp;\u00bb pour tous nos fr\u00e8res et s\u0153urs, qui ressemblent le plus au Christ, dans des situations extr\u00eames de douleur et de solitude&nbsp;\u00bb.<\/p>\n\n\n\n<p>Faisons n\u00f4tre cette pri\u00e8re, et soyons proches de ceux qui nous entourent.<\/p>\n\n\n\n<p>&nbsp;&nbsp;&nbsp;&nbsp;&nbsp;&nbsp;&nbsp;&nbsp;&nbsp;&nbsp;&nbsp; Prions pour que cessent toutes les violences et les guerres&nbsp;. Soyons nous-m\u00eames des artisans de paix.<\/p>\n\n\n\n<p>&nbsp;&nbsp;&nbsp;&nbsp;&nbsp;&nbsp;&nbsp;&nbsp;&nbsp;&nbsp;&nbsp; &nbsp;&nbsp;&nbsp;&nbsp;&nbsp;&nbsp;&nbsp;&nbsp;&nbsp;&nbsp;&nbsp; Ensemble prions.<\/p>\n\n\n\n<p>\u00ab&nbsp;Mets ta main dans mon c\u00f4t\u00e9.&nbsp;\u00bb<\/p>\n\n\n\n<p>Beaucoup d\u2019hommes et de femmes ont \u00e9t\u00e9 bless\u00e9s par des attitudes ind\u00e9centes \u00e9manant de membres de l\u2019\u00c9glise. Confions ces \u00eatres bris\u00e9s au Seigneur.<\/p>\n\n\n\n<p>Qu\u2019ils croisent, sur leur chemin, d\u2019authentiques t\u00e9moins de compassion.<\/p>\n\n\n\n<p>&nbsp;&nbsp;&nbsp;&nbsp;&nbsp;&nbsp;&nbsp;&nbsp;&nbsp;&nbsp;&nbsp; &nbsp;&nbsp;&nbsp;&nbsp;&nbsp;&nbsp;&nbsp;&nbsp;&nbsp;&nbsp;&nbsp; Ensemble prions.<\/p>\n\n\n\n<p>\u00ab&nbsp;Afin que vous ayez la vie en son nom.&nbsp;\u00bb<\/p>\n\n\n\n<p>Une communaut\u00e9 chr\u00e9tienne est une famille, dans laquelle se partagent les peines et les joies des uns et des autres. Que dans notre communaut\u00e9 rassembl\u00e9e, abondent la vie, l\u2019\u00e9coute et la fraternit\u00e9.<\/p>\n\n\n\n<p>&nbsp;&nbsp;&nbsp;&nbsp;&nbsp;&nbsp;&nbsp;&nbsp;&nbsp;&nbsp;&nbsp; &nbsp;&nbsp;&nbsp;&nbsp;&nbsp;&nbsp;&nbsp;&nbsp;&nbsp;&nbsp;&nbsp; Ensemble prions.<\/p>\n","protected":false},"excerpt":{"rendered":"<p>Accueil Huit jours apr\u00e8s P\u00e2ques, nous sommes invit\u00e9s \u00e0 nous laisser touch\u00e9s par l\u2019infinie mis\u00e9ricorde du Seigneur \u00e0 notre \u00e9gard, A tous les hommes le Christ vient transmettre sa paix, m\u00eame \u00e0 Thomas, l\u2019incr\u00e9dule, qui a besoin de voir les mains et le c\u00f4t\u00e9 de J\u00e9sus pour dire sa foi&nbsp;:&nbsp;\u00ab&nbsp;Mon Seigneur et mon Dieu&nbsp;\u00bb&nbsp;! Et [&hellip;]<\/p>\n","protected":false},"author":22,"featured_media":20813,"comment_status":"open","ping_status":"open","sticky":false,"template":"","format":"standard","meta":{"_acf_changed":false,"paroisse":["0"],"service":["0"],"footnotes":""},"categories":[1],"tags":[],"class_list":["post-20812","post","type-post","status-publish","format-standard","has-post-thumbnail","hentry","category-actualites"],"acf":[],"yoast_head":"<!-- This site is optimized with the Yoast SEO plugin v27.1.1 - https:\/\/yoast.com\/product\/yoast-seo-wordpress\/ -->\n<title>Hom\u00e9lie du P.Denis Trinez pour le 2\u00e8me dimanche de P\u00e2ques A - Doyenn\u00e9 Grand Angoul\u00eame<\/title>\n<meta name=\"robots\" content=\"index, follow, max-snippet:-1, max-image-preview:large, max-video-preview:-1\" \/>\n<link rel=\"canonical\" href=\"https:\/\/charente.catholique.fr\/grand-angouleme\/actualites\/homelie-du-p-denis-trinez-pour-le-2eme-dimanche-de-paques-a\/\" \/>\n<meta property=\"og:locale\" content=\"fr_FR\" \/>\n<meta property=\"og:type\" content=\"article\" \/>\n<meta property=\"og:title\" content=\"Hom\u00e9lie du P.Denis Trinez pour le 2\u00e8me dimanche de P\u00e2ques A - Doyenn\u00e9 Grand Angoul\u00eame\" \/>\n<meta property=\"og:description\" content=\"Accueil Huit jours apr\u00e8s P\u00e2ques, nous sommes invit\u00e9s \u00e0 nous laisser touch\u00e9s par l\u2019infinie mis\u00e9ricorde du Seigneur \u00e0 notre \u00e9gard, A tous les hommes le Christ vient transmettre sa paix, m\u00eame \u00e0 Thomas, l\u2019incr\u00e9dule, qui a besoin de voir les mains et le c\u00f4t\u00e9 de J\u00e9sus pour dire sa foi&nbsp;:&nbsp;\u00ab&nbsp;Mon Seigneur et mon Dieu&nbsp;\u00bb&nbsp;! Et [&hellip;]\" \/>\n<meta property=\"og:url\" content=\"https:\/\/charente.catholique.fr\/grand-angouleme\/actualites\/homelie-du-p-denis-trinez-pour-le-2eme-dimanche-de-paques-a\/\" \/>\n<meta property=\"og:site_name\" content=\"Doyenn\u00e9 Grand Angoul\u00eame\" \/>\n<meta property=\"article:publisher\" content=\"https:\/\/www.facebook.com\/EgliseCatholiqueCharente\" \/>\n<meta property=\"article:published_time\" content=\"2023-04-16T07:29:37+00:00\" \/>\n<meta property=\"article:modified_time\" content=\"2023-04-19T13:58:32+00:00\" \/>\n<meta property=\"og:image\" content=\"https:\/\/charente.catholique.fr\/grand-angouleme\/wp-content\/uploads\/sites\/2\/2023\/04\/il-vit-et-il-crut.jpg\" \/>\n\t<meta property=\"og:image:width\" content=\"586\" \/>\n\t<meta property=\"og:image:height\" content=\"231\" \/>\n\t<meta property=\"og:image:type\" content=\"image\/jpeg\" \/>\n<meta name=\"author\" content=\"Janine Laborde\" \/>\n<meta name=\"twitter:card\" content=\"summary_large_image\" \/>\n<meta name=\"twitter:creator\" content=\"@diocesecharente\" \/>\n<meta name=\"twitter:site\" content=\"@diocesecharente\" \/>\n<meta name=\"twitter:label1\" content=\"\u00c9crit par\" \/>\n\t<meta name=\"twitter:data1\" content=\"Janine Laborde\" \/>\n\t<meta name=\"twitter:label2\" content=\"Dur\u00e9e de lecture estim\u00e9e\" \/>\n\t<meta name=\"twitter:data2\" content=\"2 minutes\" \/>\n<script type=\"application\/ld+json\" class=\"yoast-schema-graph\">{\"@context\":\"https:\/\/schema.org\",\"@graph\":[{\"@type\":\"Article\",\"@id\":\"https:\/\/charente.catholique.fr\/grand-angouleme\/actualites\/homelie-du-p-denis-trinez-pour-le-2eme-dimanche-de-paques-a\/#article\",\"isPartOf\":{\"@id\":\"https:\/\/charente.catholique.fr\/grand-angouleme\/actualites\/homelie-du-p-denis-trinez-pour-le-2eme-dimanche-de-paques-a\/\"},\"author\":{\"name\":\"Janine Laborde\",\"@id\":\"https:\/\/charente.catholique.fr\/grand-angouleme\/#\/schema\/person\/898f693d8a5f95b1bf02828f73967b47\"},\"headline\":\"Hom\u00e9lie du P.Denis Trinez pour le 2\u00e8me dimanche de P\u00e2ques A\",\"datePublished\":\"2023-04-16T07:29:37+00:00\",\"dateModified\":\"2023-04-19T13:58:32+00:00\",\"mainEntityOfPage\":{\"@id\":\"https:\/\/charente.catholique.fr\/grand-angouleme\/actualites\/homelie-du-p-denis-trinez-pour-le-2eme-dimanche-de-paques-a\/\"},\"wordCount\":536,\"commentCount\":0,\"publisher\":{\"@id\":\"https:\/\/charente.catholique.fr\/grand-angouleme\/#organization\"},\"image\":{\"@id\":\"https:\/\/charente.catholique.fr\/grand-angouleme\/actualites\/homelie-du-p-denis-trinez-pour-le-2eme-dimanche-de-paques-a\/#primaryimage\"},\"thumbnailUrl\":\"https:\/\/charente.catholique.fr\/grand-angouleme\/wp-content\/uploads\/sites\/2\/2023\/04\/il-vit-et-il-crut.jpg\",\"articleSection\":[\"Actualit\u00e9s\"],\"inLanguage\":\"fr-FR\",\"potentialAction\":[{\"@type\":\"CommentAction\",\"name\":\"Comment\",\"target\":[\"https:\/\/charente.catholique.fr\/grand-angouleme\/actualites\/homelie-du-p-denis-trinez-pour-le-2eme-dimanche-de-paques-a\/#respond\"]}]},{\"@type\":\"WebPage\",\"@id\":\"https:\/\/charente.catholique.fr\/grand-angouleme\/actualites\/homelie-du-p-denis-trinez-pour-le-2eme-dimanche-de-paques-a\/\",\"url\":\"https:\/\/charente.catholique.fr\/grand-angouleme\/actualites\/homelie-du-p-denis-trinez-pour-le-2eme-dimanche-de-paques-a\/\",\"name\":\"Hom\u00e9lie du P.Denis Trinez pour le 2\u00e8me dimanche de P\u00e2ques A - Doyenn\u00e9 Grand Angoul\u00eame\",\"isPartOf\":{\"@id\":\"https:\/\/charente.catholique.fr\/grand-angouleme\/#website\"},\"primaryImageOfPage\":{\"@id\":\"https:\/\/charente.catholique.fr\/grand-angouleme\/actualites\/homelie-du-p-denis-trinez-pour-le-2eme-dimanche-de-paques-a\/#primaryimage\"},\"image\":{\"@id\":\"https:\/\/charente.catholique.fr\/grand-angouleme\/actualites\/homelie-du-p-denis-trinez-pour-le-2eme-dimanche-de-paques-a\/#primaryimage\"},\"thumbnailUrl\":\"https:\/\/charente.catholique.fr\/grand-angouleme\/wp-content\/uploads\/sites\/2\/2023\/04\/il-vit-et-il-crut.jpg\",\"datePublished\":\"2023-04-16T07:29:37+00:00\",\"dateModified\":\"2023-04-19T13:58:32+00:00\",\"breadcrumb\":{\"@id\":\"https:\/\/charente.catholique.fr\/grand-angouleme\/actualites\/homelie-du-p-denis-trinez-pour-le-2eme-dimanche-de-paques-a\/#breadcrumb\"},\"inLanguage\":\"fr-FR\",\"potentialAction\":[{\"@type\":\"ReadAction\",\"target\":[\"https:\/\/charente.catholique.fr\/grand-angouleme\/actualites\/homelie-du-p-denis-trinez-pour-le-2eme-dimanche-de-paques-a\/\"]}]},{\"@type\":\"ImageObject\",\"inLanguage\":\"fr-FR\",\"@id\":\"https:\/\/charente.catholique.fr\/grand-angouleme\/actualites\/homelie-du-p-denis-trinez-pour-le-2eme-dimanche-de-paques-a\/#primaryimage\",\"url\":\"https:\/\/charente.catholique.fr\/grand-angouleme\/wp-content\/uploads\/sites\/2\/2023\/04\/il-vit-et-il-crut.jpg\",\"contentUrl\":\"https:\/\/charente.catholique.fr\/grand-angouleme\/wp-content\/uploads\/sites\/2\/2023\/04\/il-vit-et-il-crut.jpg\",\"width\":586,\"height\":231},{\"@type\":\"BreadcrumbList\",\"@id\":\"https:\/\/charente.catholique.fr\/grand-angouleme\/actualites\/homelie-du-p-denis-trinez-pour-le-2eme-dimanche-de-paques-a\/#breadcrumb\",\"itemListElement\":[{\"@type\":\"ListItem\",\"position\":1,\"name\":\"Accueil\",\"item\":\"https:\/\/charente.catholique.fr\/grand-angouleme\/\"},{\"@type\":\"ListItem\",\"position\":2,\"name\":\"Hom\u00e9lie du P.Denis Trinez pour le 2\u00e8me dimanche de P\u00e2ques A\"}]},{\"@type\":\"WebSite\",\"@id\":\"https:\/\/charente.catholique.fr\/grand-angouleme\/#website\",\"url\":\"https:\/\/charente.catholique.fr\/grand-angouleme\/\",\"name\":\"Doyenn\u00e9 Grand Angoul\u00eame - Dioc\u00e8se d'Angoul\u00eame\",\"description\":\"Dioc\u00e8se d&#039;Angoul\u00eame\",\"publisher\":{\"@id\":\"https:\/\/charente.catholique.fr\/grand-angouleme\/#organization\"},\"potentialAction\":[{\"@type\":\"SearchAction\",\"target\":{\"@type\":\"EntryPoint\",\"urlTemplate\":\"https:\/\/charente.catholique.fr\/grand-angouleme\/?s={search_term_string}\"},\"query-input\":{\"@type\":\"PropertyValueSpecification\",\"valueRequired\":true,\"valueName\":\"search_term_string\"}}],\"inLanguage\":\"fr-FR\"},{\"@type\":\"Organization\",\"@id\":\"https:\/\/charente.catholique.fr\/grand-angouleme\/#organization\",\"name\":\"Association Dioc\u00e9saine d'Angoul\u00eame\",\"url\":\"https:\/\/charente.catholique.fr\/grand-angouleme\/\",\"logo\":{\"@type\":\"ImageObject\",\"inLanguage\":\"fr-FR\",\"@id\":\"https:\/\/charente.catholique.fr\/grand-angouleme\/#\/schema\/logo\/image\/\",\"url\":\"https:\/\/charente.catholique.fr\/grand-angouleme\/wp-content\/uploads\/sites\/2\/2020\/10\/logos.png\",\"contentUrl\":\"https:\/\/charente.catholique.fr\/grand-angouleme\/wp-content\/uploads\/sites\/2\/2020\/10\/logos.png\",\"width\":600,\"height\":257,\"caption\":\"Association Dioc\u00e9saine d'Angoul\u00eame\"},\"image\":{\"@id\":\"https:\/\/charente.catholique.fr\/grand-angouleme\/#\/schema\/logo\/image\/\"},\"sameAs\":[\"https:\/\/www.facebook.com\/EgliseCatholiqueCharente\",\"https:\/\/x.com\/diocesecharente\",\"https:\/\/www.instagram.com\/eglisecharente\",\"https:\/\/www.youtube.com\/channel\/UCByyFWApZbw3gDTiADoiAaQ\"]},{\"@type\":\"Person\",\"@id\":\"https:\/\/charente.catholique.fr\/grand-angouleme\/#\/schema\/person\/898f693d8a5f95b1bf02828f73967b47\",\"name\":\"Janine Laborde\",\"image\":{\"@type\":\"ImageObject\",\"inLanguage\":\"fr-FR\",\"@id\":\"https:\/\/charente.catholique.fr\/grand-angouleme\/#\/schema\/person\/image\/\",\"url\":\"https:\/\/secure.gravatar.com\/avatar\/a8f3185ff2f6cee7d79c60e904004ccb6107bdc3e38d176acfc1ee42b62a994e?s=96&d=mm&r=g\",\"contentUrl\":\"https:\/\/secure.gravatar.com\/avatar\/a8f3185ff2f6cee7d79c60e904004ccb6107bdc3e38d176acfc1ee42b62a994e?s=96&d=mm&r=g\",\"caption\":\"Janine Laborde\"},\"url\":\"https:\/\/charente.catholique.fr\/grand-angouleme\/author\/janinelaborde\/\"}]}<\/script>\n<!-- \/ Yoast SEO plugin. -->","yoast_head_json":{"title":"Hom\u00e9lie du P.Denis Trinez pour le 2\u00e8me dimanche de P\u00e2ques A - Doyenn\u00e9 Grand Angoul\u00eame","robots":{"index":"index","follow":"follow","max-snippet":"max-snippet:-1","max-image-preview":"max-image-preview:large","max-video-preview":"max-video-preview:-1"},"canonical":"https:\/\/charente.catholique.fr\/grand-angouleme\/actualites\/homelie-du-p-denis-trinez-pour-le-2eme-dimanche-de-paques-a\/","og_locale":"fr_FR","og_type":"article","og_title":"Hom\u00e9lie du P.Denis Trinez pour le 2\u00e8me dimanche de P\u00e2ques A - Doyenn\u00e9 Grand Angoul\u00eame","og_description":"Accueil Huit jours apr\u00e8s P\u00e2ques, nous sommes invit\u00e9s \u00e0 nous laisser touch\u00e9s par l\u2019infinie mis\u00e9ricorde du Seigneur \u00e0 notre \u00e9gard, A tous les hommes le Christ vient transmettre sa paix, m\u00eame \u00e0 Thomas, l\u2019incr\u00e9dule, qui a besoin de voir les mains et le c\u00f4t\u00e9 de J\u00e9sus pour dire sa foi&nbsp;:&nbsp;\u00ab&nbsp;Mon Seigneur et mon Dieu&nbsp;\u00bb&nbsp;! Et [&hellip;]","og_url":"https:\/\/charente.catholique.fr\/grand-angouleme\/actualites\/homelie-du-p-denis-trinez-pour-le-2eme-dimanche-de-paques-a\/","og_site_name":"Doyenn\u00e9 Grand Angoul\u00eame","article_publisher":"https:\/\/www.facebook.com\/EgliseCatholiqueCharente","article_published_time":"2023-04-16T07:29:37+00:00","article_modified_time":"2023-04-19T13:58:32+00:00","og_image":[{"width":586,"height":231,"url":"https:\/\/charente.catholique.fr\/grand-angouleme\/wp-content\/uploads\/sites\/2\/2023\/04\/il-vit-et-il-crut.jpg","type":"image\/jpeg"}],"author":"Janine Laborde","twitter_card":"summary_large_image","twitter_creator":"@diocesecharente","twitter_site":"@diocesecharente","twitter_misc":{"\u00c9crit par":"Janine Laborde","Dur\u00e9e de lecture estim\u00e9e":"2 minutes"},"schema":{"@context":"https:\/\/schema.org","@graph":[{"@type":"Article","@id":"https:\/\/charente.catholique.fr\/grand-angouleme\/actualites\/homelie-du-p-denis-trinez-pour-le-2eme-dimanche-de-paques-a\/#article","isPartOf":{"@id":"https:\/\/charente.catholique.fr\/grand-angouleme\/actualites\/homelie-du-p-denis-trinez-pour-le-2eme-dimanche-de-paques-a\/"},"author":{"name":"Janine Laborde","@id":"https:\/\/charente.catholique.fr\/grand-angouleme\/#\/schema\/person\/898f693d8a5f95b1bf02828f73967b47"},"headline":"Hom\u00e9lie du P.Denis Trinez pour le 2\u00e8me dimanche de P\u00e2ques A","datePublished":"2023-04-16T07:29:37+00:00","dateModified":"2023-04-19T13:58:32+00:00","mainEntityOfPage":{"@id":"https:\/\/charente.catholique.fr\/grand-angouleme\/actualites\/homelie-du-p-denis-trinez-pour-le-2eme-dimanche-de-paques-a\/"},"wordCount":536,"commentCount":0,"publisher":{"@id":"https:\/\/charente.catholique.fr\/grand-angouleme\/#organization"},"image":{"@id":"https:\/\/charente.catholique.fr\/grand-angouleme\/actualites\/homelie-du-p-denis-trinez-pour-le-2eme-dimanche-de-paques-a\/#primaryimage"},"thumbnailUrl":"https:\/\/charente.catholique.fr\/grand-angouleme\/wp-content\/uploads\/sites\/2\/2023\/04\/il-vit-et-il-crut.jpg","articleSection":["Actualit\u00e9s"],"inLanguage":"fr-FR","potentialAction":[{"@type":"CommentAction","name":"Comment","target":["https:\/\/charente.catholique.fr\/grand-angouleme\/actualites\/homelie-du-p-denis-trinez-pour-le-2eme-dimanche-de-paques-a\/#respond"]}]},{"@type":"WebPage","@id":"https:\/\/charente.catholique.fr\/grand-angouleme\/actualites\/homelie-du-p-denis-trinez-pour-le-2eme-dimanche-de-paques-a\/","url":"https:\/\/charente.catholique.fr\/grand-angouleme\/actualites\/homelie-du-p-denis-trinez-pour-le-2eme-dimanche-de-paques-a\/","name":"Hom\u00e9lie du P.Denis Trinez pour le 2\u00e8me dimanche de P\u00e2ques A - Doyenn\u00e9 Grand Angoul\u00eame","isPartOf":{"@id":"https:\/\/charente.catholique.fr\/grand-angouleme\/#website"},"primaryImageOfPage":{"@id":"https:\/\/charente.catholique.fr\/grand-angouleme\/actualites\/homelie-du-p-denis-trinez-pour-le-2eme-dimanche-de-paques-a\/#primaryimage"},"image":{"@id":"https:\/\/charente.catholique.fr\/grand-angouleme\/actualites\/homelie-du-p-denis-trinez-pour-le-2eme-dimanche-de-paques-a\/#primaryimage"},"thumbnailUrl":"https:\/\/charente.catholique.fr\/grand-angouleme\/wp-content\/uploads\/sites\/2\/2023\/04\/il-vit-et-il-crut.jpg","datePublished":"2023-04-16T07:29:37+00:00","dateModified":"2023-04-19T13:58:32+00:00","breadcrumb":{"@id":"https:\/\/charente.catholique.fr\/grand-angouleme\/actualites\/homelie-du-p-denis-trinez-pour-le-2eme-dimanche-de-paques-a\/#breadcrumb"},"inLanguage":"fr-FR","potentialAction":[{"@type":"ReadAction","target":["https:\/\/charente.catholique.fr\/grand-angouleme\/actualites\/homelie-du-p-denis-trinez-pour-le-2eme-dimanche-de-paques-a\/"]}]},{"@type":"ImageObject","inLanguage":"fr-FR","@id":"https:\/\/charente.catholique.fr\/grand-angouleme\/actualites\/homelie-du-p-denis-trinez-pour-le-2eme-dimanche-de-paques-a\/#primaryimage","url":"https:\/\/charente.catholique.fr\/grand-angouleme\/wp-content\/uploads\/sites\/2\/2023\/04\/il-vit-et-il-crut.jpg","contentUrl":"https:\/\/charente.catholique.fr\/grand-angouleme\/wp-content\/uploads\/sites\/2\/2023\/04\/il-vit-et-il-crut.jpg","width":586,"height":231},{"@type":"BreadcrumbList","@id":"https:\/\/charente.catholique.fr\/grand-angouleme\/actualites\/homelie-du-p-denis-trinez-pour-le-2eme-dimanche-de-paques-a\/#breadcrumb","itemListElement":[{"@type":"ListItem","position":1,"name":"Accueil","item":"https:\/\/charente.catholique.fr\/grand-angouleme\/"},{"@type":"ListItem","position":2,"name":"Hom\u00e9lie du P.Denis Trinez pour le 2\u00e8me dimanche de P\u00e2ques A"}]},{"@type":"WebSite","@id":"https:\/\/charente.catholique.fr\/grand-angouleme\/#website","url":"https:\/\/charente.catholique.fr\/grand-angouleme\/","name":"Doyenn\u00e9 Grand Angoul\u00eame - Dioc\u00e8se d'Angoul\u00eame","description":"Dioc\u00e8se d&#039;Angoul\u00eame","publisher":{"@id":"https:\/\/charente.catholique.fr\/grand-angouleme\/#organization"},"potentialAction":[{"@type":"SearchAction","target":{"@type":"EntryPoint","urlTemplate":"https:\/\/charente.catholique.fr\/grand-angouleme\/?s={search_term_string}"},"query-input":{"@type":"PropertyValueSpecification","valueRequired":true,"valueName":"search_term_string"}}],"inLanguage":"fr-FR"},{"@type":"Organization","@id":"https:\/\/charente.catholique.fr\/grand-angouleme\/#organization","name":"Association Dioc\u00e9saine d'Angoul\u00eame","url":"https:\/\/charente.catholique.fr\/grand-angouleme\/","logo":{"@type":"ImageObject","inLanguage":"fr-FR","@id":"https:\/\/charente.catholique.fr\/grand-angouleme\/#\/schema\/logo\/image\/","url":"https:\/\/charente.catholique.fr\/grand-angouleme\/wp-content\/uploads\/sites\/2\/2020\/10\/logos.png","contentUrl":"https:\/\/charente.catholique.fr\/grand-angouleme\/wp-content\/uploads\/sites\/2\/2020\/10\/logos.png","width":600,"height":257,"caption":"Association Dioc\u00e9saine d'Angoul\u00eame"},"image":{"@id":"https:\/\/charente.catholique.fr\/grand-angouleme\/#\/schema\/logo\/image\/"},"sameAs":["https:\/\/www.facebook.com\/EgliseCatholiqueCharente","https:\/\/x.com\/diocesecharente","https:\/\/www.instagram.com\/eglisecharente","https:\/\/www.youtube.com\/channel\/UCByyFWApZbw3gDTiADoiAaQ"]},{"@type":"Person","@id":"https:\/\/charente.catholique.fr\/grand-angouleme\/#\/schema\/person\/898f693d8a5f95b1bf02828f73967b47","name":"Janine Laborde","image":{"@type":"ImageObject","inLanguage":"fr-FR","@id":"https:\/\/charente.catholique.fr\/grand-angouleme\/#\/schema\/person\/image\/","url":"https:\/\/secure.gravatar.com\/avatar\/a8f3185ff2f6cee7d79c60e904004ccb6107bdc3e38d176acfc1ee42b62a994e?s=96&d=mm&r=g","contentUrl":"https:\/\/secure.gravatar.com\/avatar\/a8f3185ff2f6cee7d79c60e904004ccb6107bdc3e38d176acfc1ee42b62a994e?s=96&d=mm&r=g","caption":"Janine Laborde"},"url":"https:\/\/charente.catholique.fr\/grand-angouleme\/author\/janinelaborde\/"}]}},"_links":{"self":[{"href":"https:\/\/charente.catholique.fr\/grand-angouleme\/wp-json\/wp\/v2\/posts\/20812","targetHints":{"allow":["GET"]}}],"collection":[{"href":"https:\/\/charente.catholique.fr\/grand-angouleme\/wp-json\/wp\/v2\/posts"}],"about":[{"href":"https:\/\/charente.catholique.fr\/grand-angouleme\/wp-json\/wp\/v2\/types\/post"}],"author":[{"embeddable":true,"href":"https:\/\/charente.catholique.fr\/grand-angouleme\/wp-json\/wp\/v2\/users\/22"}],"replies":[{"embeddable":true,"href":"https:\/\/charente.catholique.fr\/grand-angouleme\/wp-json\/wp\/v2\/comments?post=20812"}],"version-history":[{"count":4,"href":"https:\/\/charente.catholique.fr\/grand-angouleme\/wp-json\/wp\/v2\/posts\/20812\/revisions"}],"predecessor-version":[{"id":20833,"href":"https:\/\/charente.catholique.fr\/grand-angouleme\/wp-json\/wp\/v2\/posts\/20812\/revisions\/20833"}],"wp:featuredmedia":[{"embeddable":true,"href":"https:\/\/charente.catholique.fr\/grand-angouleme\/wp-json\/wp\/v2\/media\/20813"}],"wp:attachment":[{"href":"https:\/\/charente.catholique.fr\/grand-angouleme\/wp-json\/wp\/v2\/media?parent=20812"}],"wp:term":[{"taxonomy":"category","embeddable":true,"href":"https:\/\/charente.catholique.fr\/grand-angouleme\/wp-json\/wp\/v2\/categories?post=20812"},{"taxonomy":"post_tag","embeddable":true,"href":"https:\/\/charente.catholique.fr\/grand-angouleme\/wp-json\/wp\/v2\/tags?post=20812"}],"curies":[{"name":"wp","href":"https:\/\/api.w.org\/{rel}","templated":true}]}}