{"id":20577,"date":"2023-04-09T09:06:19","date_gmt":"2023-04-09T07:06:19","guid":{"rendered":"https:\/\/charente.catholique.fr\/grand-angouleme\/?p=20577"},"modified":"2023-04-11T14:30:01","modified_gmt":"2023-04-11T12:30:01","slug":"homelie-du-p-denis-trinez-pour-la-vigile-pascale-2023","status":"publish","type":"post","link":"https:\/\/charente.catholique.fr\/grand-angouleme\/actualites\/homelie-du-p-denis-trinez-pour-la-vigile-pascale-2023\/","title":{"rendered":"Vigile Pascale 2023 &#8211; Hom\u00e9lie du P. Denis Trinez"},"content":{"rendered":"\n<h4 class=\"wp-block-heading\">Liturgie de la lumi\u00e8re<\/h4>\n\n\n\n<pre class=\"wp-block-preformatted has-medium-font-size\">B\u00e9n\u00e9diction du feu, cierge pascal allum\u00e9, transmission de la lumi\u00e8re<\/pre>\n\n\n\n<figure class=\"wp-block-gallery has-nested-images columns-default is-cropped wp-block-gallery-1 is-layout-flex wp-block-gallery-is-layout-flex\">\n<figure class=\"wp-block-image size-large\"><img loading=\"lazy\" decoding=\"async\" width=\"720\" height=\"1080\" data-id=\"20606\" src=\"https:\/\/charente.catholique.fr\/grand-angouleme\/wp-content\/uploads\/sites\/2\/2023\/04\/20230408_210227-720x1080.jpg\" alt=\"\" class=\"wp-image-20606\" srcset=\"https:\/\/charente.catholique.fr\/grand-angouleme\/wp-content\/uploads\/sites\/2\/2023\/04\/20230408_210227-720x1080.jpg 720w, https:\/\/charente.catholique.fr\/grand-angouleme\/wp-content\/uploads\/sites\/2\/2023\/04\/20230408_210227-200x300.jpg 200w, https:\/\/charente.catholique.fr\/grand-angouleme\/wp-content\/uploads\/sites\/2\/2023\/04\/20230408_210227-768x1152.jpg 768w, https:\/\/charente.catholique.fr\/grand-angouleme\/wp-content\/uploads\/sites\/2\/2023\/04\/20230408_210227-1024x1536.jpg 1024w, https:\/\/charente.catholique.fr\/grand-angouleme\/wp-content\/uploads\/sites\/2\/2023\/04\/20230408_210227-1366x2048.jpg 1366w, https:\/\/charente.catholique.fr\/grand-angouleme\/wp-content\/uploads\/sites\/2\/2023\/04\/20230408_210227-scaled.jpg 1707w\" sizes=\"auto, (max-width: 720px) 100vw, 720px\" \/><\/figure>\n\n\n\n<figure class=\"wp-block-image size-large\"><img loading=\"lazy\" decoding=\"async\" width=\"720\" height=\"1080\" data-id=\"20607\" src=\"https:\/\/charente.catholique.fr\/grand-angouleme\/wp-content\/uploads\/sites\/2\/2023\/04\/20230408_210252-720x1080.jpg\" alt=\"\" class=\"wp-image-20607\" srcset=\"https:\/\/charente.catholique.fr\/grand-angouleme\/wp-content\/uploads\/sites\/2\/2023\/04\/20230408_210252-720x1080.jpg 720w, https:\/\/charente.catholique.fr\/grand-angouleme\/wp-content\/uploads\/sites\/2\/2023\/04\/20230408_210252-200x300.jpg 200w, https:\/\/charente.catholique.fr\/grand-angouleme\/wp-content\/uploads\/sites\/2\/2023\/04\/20230408_210252-768x1152.jpg 768w, https:\/\/charente.catholique.fr\/grand-angouleme\/wp-content\/uploads\/sites\/2\/2023\/04\/20230408_210252-1024x1536.jpg 1024w, https:\/\/charente.catholique.fr\/grand-angouleme\/wp-content\/uploads\/sites\/2\/2023\/04\/20230408_210252-1366x2048.jpg 1366w, https:\/\/charente.catholique.fr\/grand-angouleme\/wp-content\/uploads\/sites\/2\/2023\/04\/20230408_210252-scaled.jpg 1707w\" sizes=\"auto, (max-width: 720px) 100vw, 720px\" \/><\/figure>\n\n\n\n<figure class=\"wp-block-image size-large\"><img loading=\"lazy\" decoding=\"async\" width=\"720\" height=\"1080\" data-id=\"20605\" src=\"https:\/\/charente.catholique.fr\/grand-angouleme\/wp-content\/uploads\/sites\/2\/2023\/04\/20230408_2103322-1-720x1080.jpg\" alt=\"\" class=\"wp-image-20605\" srcset=\"https:\/\/charente.catholique.fr\/grand-angouleme\/wp-content\/uploads\/sites\/2\/2023\/04\/20230408_2103322-1-720x1080.jpg 720w, https:\/\/charente.catholique.fr\/grand-angouleme\/wp-content\/uploads\/sites\/2\/2023\/04\/20230408_2103322-1-200x300.jpg 200w, https:\/\/charente.catholique.fr\/grand-angouleme\/wp-content\/uploads\/sites\/2\/2023\/04\/20230408_2103322-1-768x1152.jpg 768w, https:\/\/charente.catholique.fr\/grand-angouleme\/wp-content\/uploads\/sites\/2\/2023\/04\/20230408_2103322-1-1024x1536.jpg 1024w, https:\/\/charente.catholique.fr\/grand-angouleme\/wp-content\/uploads\/sites\/2\/2023\/04\/20230408_2103322-1-1365x2048.jpg 1365w, https:\/\/charente.catholique.fr\/grand-angouleme\/wp-content\/uploads\/sites\/2\/2023\/04\/20230408_2103322-1.jpg 1616w\" sizes=\"auto, (max-width: 720px) 100vw, 720px\" \/><\/figure>\n<\/figure>\n\n\n\n<pre class=\"wp-block-preformatted has-medium-font-size\">Exultet<\/pre>\n\n\n\n<figure class=\"wp-block-gallery has-nested-images columns-default is-cropped wp-block-gallery-2 is-layout-flex wp-block-gallery-is-layout-flex\">\n<figure class=\"wp-block-image size-large\"><img loading=\"lazy\" decoding=\"async\" width=\"720\" height=\"1080\" data-id=\"20608\" src=\"https:\/\/charente.catholique.fr\/grand-angouleme\/wp-content\/uploads\/sites\/2\/2023\/04\/20230408_211055-720x1080.jpg\" alt=\"\" class=\"wp-image-20608\" srcset=\"https:\/\/charente.catholique.fr\/grand-angouleme\/wp-content\/uploads\/sites\/2\/2023\/04\/20230408_211055-720x1080.jpg 720w, https:\/\/charente.catholique.fr\/grand-angouleme\/wp-content\/uploads\/sites\/2\/2023\/04\/20230408_211055-200x300.jpg 200w, https:\/\/charente.catholique.fr\/grand-angouleme\/wp-content\/uploads\/sites\/2\/2023\/04\/20230408_211055-768x1152.jpg 768w, https:\/\/charente.catholique.fr\/grand-angouleme\/wp-content\/uploads\/sites\/2\/2023\/04\/20230408_211055-1024x1536.jpg 1024w, https:\/\/charente.catholique.fr\/grand-angouleme\/wp-content\/uploads\/sites\/2\/2023\/04\/20230408_211055-1366x2048.jpg 1366w, https:\/\/charente.catholique.fr\/grand-angouleme\/wp-content\/uploads\/sites\/2\/2023\/04\/20230408_211055-scaled.jpg 1707w\" sizes=\"auto, (max-width: 720px) 100vw, 720px\" \/><\/figure>\n\n\n\n<figure class=\"wp-block-image size-large\"><img loading=\"lazy\" decoding=\"async\" width=\"720\" height=\"1080\" data-id=\"20610\" src=\"https:\/\/charente.catholique.fr\/grand-angouleme\/wp-content\/uploads\/sites\/2\/2023\/04\/20230408_211135-3-720x1080.jpg\" alt=\"\" class=\"wp-image-20610\" srcset=\"https:\/\/charente.catholique.fr\/grand-angouleme\/wp-content\/uploads\/sites\/2\/2023\/04\/20230408_211135-3-720x1080.jpg 720w, https:\/\/charente.catholique.fr\/grand-angouleme\/wp-content\/uploads\/sites\/2\/2023\/04\/20230408_211135-3-200x300.jpg 200w, https:\/\/charente.catholique.fr\/grand-angouleme\/wp-content\/uploads\/sites\/2\/2023\/04\/20230408_211135-3-768x1152.jpg 768w, https:\/\/charente.catholique.fr\/grand-angouleme\/wp-content\/uploads\/sites\/2\/2023\/04\/20230408_211135-3-1024x1536.jpg 1024w, https:\/\/charente.catholique.fr\/grand-angouleme\/wp-content\/uploads\/sites\/2\/2023\/04\/20230408_211135-3-1365x2048.jpg 1365w, https:\/\/charente.catholique.fr\/grand-angouleme\/wp-content\/uploads\/sites\/2\/2023\/04\/20230408_211135-3-scaled.jpg 1706w\" sizes=\"auto, (max-width: 720px) 100vw, 720px\" \/><\/figure>\n\n\n\n<figure class=\"wp-block-image size-large\"><img loading=\"lazy\" decoding=\"async\" width=\"720\" height=\"1080\" data-id=\"20613\" src=\"https:\/\/charente.catholique.fr\/grand-angouleme\/wp-content\/uploads\/sites\/2\/2023\/04\/20230408_211141-1-720x1080.jpg\" alt=\"\" class=\"wp-image-20613\" srcset=\"https:\/\/charente.catholique.fr\/grand-angouleme\/wp-content\/uploads\/sites\/2\/2023\/04\/20230408_211141-1-720x1080.jpg 720w, https:\/\/charente.catholique.fr\/grand-angouleme\/wp-content\/uploads\/sites\/2\/2023\/04\/20230408_211141-1-200x300.jpg 200w, https:\/\/charente.catholique.fr\/grand-angouleme\/wp-content\/uploads\/sites\/2\/2023\/04\/20230408_211141-1-768x1152.jpg 768w, https:\/\/charente.catholique.fr\/grand-angouleme\/wp-content\/uploads\/sites\/2\/2023\/04\/20230408_211141-1-1024x1536.jpg 1024w, https:\/\/charente.catholique.fr\/grand-angouleme\/wp-content\/uploads\/sites\/2\/2023\/04\/20230408_211141-1-1366x2048.jpg 1366w, https:\/\/charente.catholique.fr\/grand-angouleme\/wp-content\/uploads\/sites\/2\/2023\/04\/20230408_211141-1.jpg 1679w\" sizes=\"auto, (max-width: 720px) 100vw, 720px\" \/><\/figure>\n<\/figure>\n\n\n\n<figure class=\"wp-block-gallery has-nested-images columns-default is-cropped wp-block-gallery-3 is-layout-flex wp-block-gallery-is-layout-flex\">\n<figure class=\"wp-block-image size-large\"><img loading=\"lazy\" decoding=\"async\" width=\"1920\" height=\"1080\" data-id=\"20614\" src=\"https:\/\/charente.catholique.fr\/grand-angouleme\/wp-content\/uploads\/sites\/2\/2023\/04\/20230408_215032-1-1920x1080.jpg\" alt=\"\" class=\"wp-image-20614\" srcset=\"https:\/\/charente.catholique.fr\/grand-angouleme\/wp-content\/uploads\/sites\/2\/2023\/04\/20230408_215032-1-1920x1080.jpg 1920w, https:\/\/charente.catholique.fr\/grand-angouleme\/wp-content\/uploads\/sites\/2\/2023\/04\/20230408_215032-1-300x169.jpg 300w, https:\/\/charente.catholique.fr\/grand-angouleme\/wp-content\/uploads\/sites\/2\/2023\/04\/20230408_215032-1-768x432.jpg 768w, https:\/\/charente.catholique.fr\/grand-angouleme\/wp-content\/uploads\/sites\/2\/2023\/04\/20230408_215032-1-1536x864.jpg 1536w, https:\/\/charente.catholique.fr\/grand-angouleme\/wp-content\/uploads\/sites\/2\/2023\/04\/20230408_215032-1-2048x1152.jpg 2048w\" sizes=\"auto, (max-width: 1920px) 100vw, 1920px\" \/><\/figure>\n<\/figure>\n\n\n\n<h4 class=\"wp-block-heading\">Liturgie de la Parole<\/h4>\n\n\n\n<h5 class=\"wp-block-heading\"><a href=\"https:\/\/www.aelf.org\/2023-04-09\/romain\/messe\">Lectures du jour <\/a><\/h5>\n\n\n\n<ul class=\"wp-block-list\">\n<li>1\u00e8re lecture : Gen\u00e8se 1, 1-2, 2 : <strong>&#8220;Dieu vit tout ce qu&#8217;il avait fait : cela \u00e9tait tr\u00e8s bon&#8221;<\/strong><\/li>\n<\/ul>\n\n\n\n<ul class=\"wp-block-list\">\n<li>2\u00e8me lecture : Livre de l&#8217;Exode (14,&nbsp;15 \u2013 15,&nbsp;1a)  :<strong> &#8220;Les fils d&#8217;Isra\u00ebl avaient march\u00e9 \u00e0 pied sec au milieu de la mer&#8221;<\/strong><\/li>\n<\/ul>\n\n\n\n<ul class=\"wp-block-list\">\n<li>3\u00e8me lecture : Isa\u00efe 54 , 5-14 : <strong>&#8221; Dans sa mis\u00e9ricorde \u00e9ternelle, le Seigneur, ton R\u00e9dempteur \u00e0 piti\u00e9 de toi&#8221;<\/strong><\/li>\n<\/ul>\n\n\n\n<ul class=\"wp-block-list\">\n<li>4\u00e8me lecture : Livre d&#8217;\u00c9z\u00e9chiel 36, 16-28 :<strong> &#8220;Je r\u00e9pandrai sur vous une eau pure et je vous donnerai un c\u0153ur nouveau&#8221;<\/strong><\/li>\n<\/ul>\n\n\n\n<ul class=\"wp-block-list\">\n<li>Lettre de la lettre de saint Paul aux Romains &nbsp;(6,&nbsp;3b-11) : <strong>&#8220;Ressuscit\u00e9 d&#8217;entre les morts, le Christ ne meurt plus&#8221;<\/strong><\/li>\n<\/ul>\n\n\n\n<ul class=\"wp-block-list\">\n<li>\u00c9vangile selon Saint Matthieu 28, 1-10 :<strong> &#8220;Il est ressuscit\u00e9 et il vous pr\u00e9c\u00e8de en Galil\u00e9e&#8221;<\/strong><\/li>\n<\/ul>\n\n\n\n<h5 class=\"wp-block-heading\">Hom\u00e9lie du P. Denis<\/h5>\n\n\n\n<figure class=\"wp-block-embed aligncenter is-type-video is-provider-youtube wp-block-embed-youtube wp-embed-aspect-4-3 wp-has-aspect-ratio\"><div class=\"wp-block-embed__wrapper\">\n<iframe loading=\"lazy\" title=\"hom\u00e9lie du p\u00e8re Denis Trinez pour la Vigile Pascale\" width=\"500\" height=\"375\" src=\"https:\/\/www.youtube.com\/embed\/haOOxTAnoQ4?feature=oembed\" frameborder=\"0\" allow=\"accelerometer; autoplay; clipboard-write; encrypted-media; gyroscope; picture-in-picture; web-share\" referrerpolicy=\"strict-origin-when-cross-origin\" allowfullscreen><\/iframe>\n<\/div><\/figure>\n\n\n\n<p class=\"has-text-align-center has-large-font-size\"><strong>Christ est ressuscit\u00e9<\/strong> !<br><strong>Il est vraiment ressuscit\u00e9<\/strong> !<\/p>\n\n\n\n<p class=\"has-text-align-center has-medium-font-size\" id=\"block-9f9c32bb-0bef-4632-8df4-5bbd4e07738c\"><strong>Alleluia H\u00e9 ! <\/strong><br><strong>All\u00e9luia H\u00e9 H\u00e9 H\u00e9 H\u00e9 (bis)<\/strong><\/p>\n\n\n\n<p class=\"has-text-align-center has-medium-font-size\"><strong>Christ est ressuscit\u00e9 All\u00e9lu All\u00e9luia<\/strong><br><strong>All\u00e9luia H\u00e9 H\u00e9 H\u00e9 H\u00e9 (bis)<\/strong><\/p>\n\n\n\n<figure class=\"wp-block-gallery has-nested-images columns-default is-cropped wp-block-gallery-4 is-layout-flex wp-block-gallery-is-layout-flex\">\n<figure class=\"wp-block-image size-large\"><img loading=\"lazy\" decoding=\"async\" width=\"1620\" height=\"1080\" data-id=\"20615\" src=\"https:\/\/charente.catholique.fr\/grand-angouleme\/wp-content\/uploads\/sites\/2\/2023\/04\/20230408_215727-1620x1080.jpg\" alt=\"\" class=\"wp-image-20615\" srcset=\"https:\/\/charente.catholique.fr\/grand-angouleme\/wp-content\/uploads\/sites\/2\/2023\/04\/20230408_215727-1620x1080.jpg 1620w, https:\/\/charente.catholique.fr\/grand-angouleme\/wp-content\/uploads\/sites\/2\/2023\/04\/20230408_215727-300x200.jpg 300w, https:\/\/charente.catholique.fr\/grand-angouleme\/wp-content\/uploads\/sites\/2\/2023\/04\/20230408_215727-768x512.jpg 768w, https:\/\/charente.catholique.fr\/grand-angouleme\/wp-content\/uploads\/sites\/2\/2023\/04\/20230408_215727-1536x1024.jpg 1536w, https:\/\/charente.catholique.fr\/grand-angouleme\/wp-content\/uploads\/sites\/2\/2023\/04\/20230408_215727-2048x1365.jpg 2048w\" sizes=\"auto, (max-width: 1620px) 100vw, 1620px\" \/><\/figure>\n\n\n\n<figure class=\"wp-block-image size-large\"><img loading=\"lazy\" decoding=\"async\" width=\"1920\" height=\"1080\" data-id=\"20616\" src=\"https:\/\/charente.catholique.fr\/grand-angouleme\/wp-content\/uploads\/sites\/2\/2023\/04\/20230408_215735-1920x1080.jpg\" alt=\"\" class=\"wp-image-20616\" srcset=\"https:\/\/charente.catholique.fr\/grand-angouleme\/wp-content\/uploads\/sites\/2\/2023\/04\/20230408_215735-1920x1080.jpg 1920w, https:\/\/charente.catholique.fr\/grand-angouleme\/wp-content\/uploads\/sites\/2\/2023\/04\/20230408_215735-300x169.jpg 300w, https:\/\/charente.catholique.fr\/grand-angouleme\/wp-content\/uploads\/sites\/2\/2023\/04\/20230408_215735-768x432.jpg 768w, https:\/\/charente.catholique.fr\/grand-angouleme\/wp-content\/uploads\/sites\/2\/2023\/04\/20230408_215735-1536x864.jpg 1536w, https:\/\/charente.catholique.fr\/grand-angouleme\/wp-content\/uploads\/sites\/2\/2023\/04\/20230408_215735-2048x1152.jpg 2048w\" sizes=\"auto, (max-width: 1920px) 100vw, 1920px\" \/><\/figure>\n<\/figure>\n\n\n\n<pre class=\"wp-block-preformatted has-medium-font-size\">B\u00e9n\u00e9diction de l'eau \n<\/pre>\n\n\n<div class=\"wp-block-image\">\n<figure class=\"aligncenter size-large\"><img loading=\"lazy\" decoding=\"async\" width=\"1920\" height=\"1080\" src=\"https:\/\/charente.catholique.fr\/grand-angouleme\/wp-content\/uploads\/sites\/2\/2023\/04\/20230408_221636-1920x1080.jpg\" alt=\"\" class=\"wp-image-20617\" srcset=\"https:\/\/charente.catholique.fr\/grand-angouleme\/wp-content\/uploads\/sites\/2\/2023\/04\/20230408_221636-1920x1080.jpg 1920w, https:\/\/charente.catholique.fr\/grand-angouleme\/wp-content\/uploads\/sites\/2\/2023\/04\/20230408_221636-300x169.jpg 300w, https:\/\/charente.catholique.fr\/grand-angouleme\/wp-content\/uploads\/sites\/2\/2023\/04\/20230408_221636-768x432.jpg 768w, https:\/\/charente.catholique.fr\/grand-angouleme\/wp-content\/uploads\/sites\/2\/2023\/04\/20230408_221636-1536x864.jpg 1536w, https:\/\/charente.catholique.fr\/grand-angouleme\/wp-content\/uploads\/sites\/2\/2023\/04\/20230408_221636-2048x1152.jpg 2048w\" sizes=\"auto, (max-width: 1920px) 100vw, 1920px\" \/><\/figure>\n<\/div>\n\n\n<h5 class=\"wp-block-heading\">Pri\u00e8re universelle<\/h5>\n\n\n\n<p>&nbsp;*Dans la paix de cette c\u00e9l\u00e9bration ,notre pri\u00e8re, Seigneur, rejoint les femmes&nbsp; les hommes et les enfants qui en ce soir de joie sont dans les t\u00e9n\u00e8bres victimes de la guerre, des pers\u00e9cutions, ou de violences aveugles \u00e0 cause de Ton nom.<\/p>\n\n\n\n<p>*Dans la joie du renouvellement de notre bapt\u00eame, nous Te prions Seigneur pour fortifier l&#8217;\u00e9lan n\u00e9cessaire et fraternel dans nos communaut\u00e9s,dans le milieu de notre travail, en famille, avec nos amis(es) .<\/p>\n\n\n\n<p>* \u00ab&nbsp;Que la paix soit avec vous&nbsp;\u00bb nous as tu dit au cours de rencontres quelques jours apr\u00e8s Ta r\u00e9surrection.Apprends -nous la paix, Ta paix qui est un travail,une t\u00e2che, car il n&#8217;y a pas de paix sans visage humain.&nbsp;<\/p>\n\n\n\n<pre class=\"wp-block-preformatted has-medium-font-size\">B\u00e9n\u00e9diction solennelle <\/pre>\n\n\n\n<figure class=\"wp-block-gallery has-nested-images columns-default is-cropped wp-block-gallery-5 is-layout-flex wp-block-gallery-is-layout-flex\">\n<figure class=\"wp-block-image size-large is-style-default\"><img loading=\"lazy\" decoding=\"async\" width=\"864\" height=\"1080\" data-id=\"20620\" src=\"https:\/\/charente.catholique.fr\/grand-angouleme\/wp-content\/uploads\/sites\/2\/2023\/04\/20230408_225453-864x1080.jpg\" alt=\"\" class=\"wp-image-20620\" srcset=\"https:\/\/charente.catholique.fr\/grand-angouleme\/wp-content\/uploads\/sites\/2\/2023\/04\/20230408_225453-864x1080.jpg 864w, https:\/\/charente.catholique.fr\/grand-angouleme\/wp-content\/uploads\/sites\/2\/2023\/04\/20230408_225453-240x300.jpg 240w, https:\/\/charente.catholique.fr\/grand-angouleme\/wp-content\/uploads\/sites\/2\/2023\/04\/20230408_225453-768x960.jpg 768w, https:\/\/charente.catholique.fr\/grand-angouleme\/wp-content\/uploads\/sites\/2\/2023\/04\/20230408_225453-1229x1536.jpg 1229w, https:\/\/charente.catholique.fr\/grand-angouleme\/wp-content\/uploads\/sites\/2\/2023\/04\/20230408_225453-1639x2048.jpg 1639w, https:\/\/charente.catholique.fr\/grand-angouleme\/wp-content\/uploads\/sites\/2\/2023\/04\/20230408_225453-scaled.jpg 2048w\" sizes=\"auto, (max-width: 864px) 100vw, 864px\" \/><\/figure>\n<\/figure>\n\n\n\n<p class=\"has-text-align-center has-medium-font-size\"><strong>All\u00e9luia  H\u00e9 ! <br>All\u00e9luia H\u00e9 H\u00e9 H\u00e9 H\u00e9 (bis)<\/strong><\/p>\n\n\n\n<p class=\"has-text-align-center has-medium-font-size\"><strong>Adorons<\/strong> <strong>J\u00e9sus<\/strong> <strong><strong> All\u00e9lu All\u00e9luia<\/strong><\/strong> <br><strong>All\u00e9luia H\u00e9 H\u00e9 H\u00e9 H\u00e9 (bis<\/strong> <\/p>\n\n\n\n<figure class=\"wp-block-gallery has-nested-images columns-default is-cropped wp-block-gallery-6 is-layout-flex wp-block-gallery-is-layout-flex\">\n<figure class=\"wp-block-image size-large\"><img loading=\"lazy\" decoding=\"async\" width=\"1920\" height=\"1080\" data-id=\"20619\" src=\"https:\/\/charente.catholique.fr\/grand-angouleme\/wp-content\/uploads\/sites\/2\/2023\/04\/20230408_225704-1920x1080.jpg\" alt=\"\" class=\"wp-image-20619\" srcset=\"https:\/\/charente.catholique.fr\/grand-angouleme\/wp-content\/uploads\/sites\/2\/2023\/04\/20230408_225704-1920x1080.jpg 1920w, https:\/\/charente.catholique.fr\/grand-angouleme\/wp-content\/uploads\/sites\/2\/2023\/04\/20230408_225704-300x169.jpg 300w, https:\/\/charente.catholique.fr\/grand-angouleme\/wp-content\/uploads\/sites\/2\/2023\/04\/20230408_225704-768x432.jpg 768w, https:\/\/charente.catholique.fr\/grand-angouleme\/wp-content\/uploads\/sites\/2\/2023\/04\/20230408_225704-1536x864.jpg 1536w, https:\/\/charente.catholique.fr\/grand-angouleme\/wp-content\/uploads\/sites\/2\/2023\/04\/20230408_225704-2048x1152.jpg 2048w\" sizes=\"auto, (max-width: 1920px) 100vw, 1920px\" \/><\/figure>\n\n\n\n<figure class=\"wp-block-image size-large\"><img loading=\"lazy\" decoding=\"async\" width=\"1620\" height=\"1080\" data-id=\"20621\" src=\"https:\/\/charente.catholique.fr\/grand-angouleme\/wp-content\/uploads\/sites\/2\/2023\/04\/20230408_225707-1-1620x1080.jpg\" alt=\"\" class=\"wp-image-20621\" srcset=\"https:\/\/charente.catholique.fr\/grand-angouleme\/wp-content\/uploads\/sites\/2\/2023\/04\/20230408_225707-1-1620x1080.jpg 1620w, https:\/\/charente.catholique.fr\/grand-angouleme\/wp-content\/uploads\/sites\/2\/2023\/04\/20230408_225707-1-300x200.jpg 300w, https:\/\/charente.catholique.fr\/grand-angouleme\/wp-content\/uploads\/sites\/2\/2023\/04\/20230408_225707-1-768x512.jpg 768w, https:\/\/charente.catholique.fr\/grand-angouleme\/wp-content\/uploads\/sites\/2\/2023\/04\/20230408_225707-1-1536x1024.jpg 1536w, https:\/\/charente.catholique.fr\/grand-angouleme\/wp-content\/uploads\/sites\/2\/2023\/04\/20230408_225707-1-2048x1365.jpg 2048w\" sizes=\"auto, (max-width: 1620px) 100vw, 1620px\" \/><\/figure>\n\n\n\n<figure class=\"wp-block-image size-large is-style-default\"><img loading=\"lazy\" decoding=\"async\" width=\"1920\" height=\"1080\" data-id=\"20622\" src=\"https:\/\/charente.catholique.fr\/grand-angouleme\/wp-content\/uploads\/sites\/2\/2023\/04\/20230408_225711-1920x1080.jpg\" alt=\"\" class=\"wp-image-20622\" srcset=\"https:\/\/charente.catholique.fr\/grand-angouleme\/wp-content\/uploads\/sites\/2\/2023\/04\/20230408_225711-1920x1080.jpg 1920w, https:\/\/charente.catholique.fr\/grand-angouleme\/wp-content\/uploads\/sites\/2\/2023\/04\/20230408_225711-300x169.jpg 300w, https:\/\/charente.catholique.fr\/grand-angouleme\/wp-content\/uploads\/sites\/2\/2023\/04\/20230408_225711-768x432.jpg 768w, https:\/\/charente.catholique.fr\/grand-angouleme\/wp-content\/uploads\/sites\/2\/2023\/04\/20230408_225711-1536x864.jpg 1536w, https:\/\/charente.catholique.fr\/grand-angouleme\/wp-content\/uploads\/sites\/2\/2023\/04\/20230408_225711-2048x1152.jpg 2048w\" sizes=\"auto, (max-width: 1920px) 100vw, 1920px\" \/><\/figure>\n<\/figure>\n","protected":false},"excerpt":{"rendered":"<p>Liturgie de la lumi\u00e8re B\u00e9n\u00e9diction du feu, cierge pascal allum\u00e9, transmission de la lumi\u00e8re Exultet Liturgie de la Parole Lectures du jour Hom\u00e9lie du P. Denis Christ est ressuscit\u00e9 !Il est vraiment ressuscit\u00e9 ! Alleluia H\u00e9 ! All\u00e9luia H\u00e9 H\u00e9 H\u00e9 H\u00e9 (bis) Christ est ressuscit\u00e9 All\u00e9lu All\u00e9luiaAll\u00e9luia H\u00e9 H\u00e9 H\u00e9 H\u00e9 (bis) B\u00e9n\u00e9diction de [&hellip;]<\/p>\n","protected":false},"author":22,"featured_media":20624,"comment_status":"open","ping_status":"open","sticky":false,"template":"","format":"standard","meta":{"_acf_changed":false,"paroisse":["0"],"service":["0"],"footnotes":""},"categories":[1],"tags":[],"class_list":["post-20577","post","type-post","status-publish","format-standard","has-post-thumbnail","hentry","category-actualites"],"acf":[],"yoast_head":"<!-- This site is optimized with the Yoast SEO plugin v27.1.1 - https:\/\/yoast.com\/product\/yoast-seo-wordpress\/ -->\n<title>Vigile Pascale 2023 - Hom\u00e9lie du P. Denis Trinez - Doyenn\u00e9 Grand Angoul\u00eame<\/title>\n<meta name=\"robots\" content=\"index, follow, max-snippet:-1, max-image-preview:large, max-video-preview:-1\" \/>\n<link rel=\"canonical\" href=\"https:\/\/charente.catholique.fr\/grand-angouleme\/actualites\/homelie-du-p-denis-trinez-pour-la-vigile-pascale-2023\/\" \/>\n<meta property=\"og:locale\" content=\"fr_FR\" \/>\n<meta property=\"og:type\" content=\"article\" \/>\n<meta property=\"og:title\" content=\"Vigile Pascale 2023 - Hom\u00e9lie du P. Denis Trinez - Doyenn\u00e9 Grand Angoul\u00eame\" \/>\n<meta property=\"og:description\" content=\"Liturgie de la lumi\u00e8re B\u00e9n\u00e9diction du feu, cierge pascal allum\u00e9, transmission de la lumi\u00e8re Exultet Liturgie de la Parole Lectures du jour Hom\u00e9lie du P. Denis Christ est ressuscit\u00e9 !Il est vraiment ressuscit\u00e9 ! Alleluia H\u00e9 ! All\u00e9luia H\u00e9 H\u00e9 H\u00e9 H\u00e9 (bis) Christ est ressuscit\u00e9 All\u00e9lu All\u00e9luiaAll\u00e9luia H\u00e9 H\u00e9 H\u00e9 H\u00e9 (bis) B\u00e9n\u00e9diction de [&hellip;]\" \/>\n<meta property=\"og:url\" content=\"https:\/\/charente.catholique.fr\/grand-angouleme\/actualites\/homelie-du-p-denis-trinez-pour-la-vigile-pascale-2023\/\" \/>\n<meta property=\"og:site_name\" content=\"Doyenn\u00e9 Grand Angoul\u00eame\" \/>\n<meta property=\"article:publisher\" content=\"https:\/\/www.facebook.com\/EgliseCatholiqueCharente\" \/>\n<meta property=\"article:published_time\" content=\"2023-04-09T07:06:19+00:00\" \/>\n<meta property=\"article:modified_time\" content=\"2023-04-11T12:30:01+00:00\" \/>\n<meta property=\"og:image\" content=\"https:\/\/charente.catholique.fr\/grand-angouleme\/wp-content\/uploads\/sites\/2\/2023\/04\/20230408_211141-2.jpg\" \/>\n\t<meta property=\"og:image:width\" content=\"1679\" \/>\n\t<meta property=\"og:image:height\" content=\"668\" \/>\n\t<meta property=\"og:image:type\" content=\"image\/jpeg\" \/>\n<meta name=\"author\" content=\"Janine Laborde\" \/>\n<meta name=\"twitter:card\" content=\"summary_large_image\" \/>\n<meta name=\"twitter:creator\" content=\"@diocesecharente\" \/>\n<meta name=\"twitter:site\" content=\"@diocesecharente\" \/>\n<meta name=\"twitter:label1\" content=\"\u00c9crit par\" \/>\n\t<meta name=\"twitter:data1\" content=\"Janine Laborde\" \/>\n\t<meta name=\"twitter:label2\" content=\"Dur\u00e9e de lecture estim\u00e9e\" \/>\n\t<meta name=\"twitter:data2\" content=\"5 minutes\" \/>\n<script type=\"application\/ld+json\" class=\"yoast-schema-graph\">{\"@context\":\"https:\/\/schema.org\",\"@graph\":[{\"@type\":\"Article\",\"@id\":\"https:\/\/charente.catholique.fr\/grand-angouleme\/actualites\/homelie-du-p-denis-trinez-pour-la-vigile-pascale-2023\/#article\",\"isPartOf\":{\"@id\":\"https:\/\/charente.catholique.fr\/grand-angouleme\/actualites\/homelie-du-p-denis-trinez-pour-la-vigile-pascale-2023\/\"},\"author\":{\"name\":\"Janine Laborde\",\"@id\":\"https:\/\/charente.catholique.fr\/grand-angouleme\/#\/schema\/person\/898f693d8a5f95b1bf02828f73967b47\"},\"headline\":\"Vigile Pascale 2023 &#8211; Hom\u00e9lie du P. Denis Trinez\",\"datePublished\":\"2023-04-09T07:06:19+00:00\",\"dateModified\":\"2023-04-11T12:30:01+00:00\",\"mainEntityOfPage\":{\"@id\":\"https:\/\/charente.catholique.fr\/grand-angouleme\/actualites\/homelie-du-p-denis-trinez-pour-la-vigile-pascale-2023\/\"},\"wordCount\":342,\"commentCount\":0,\"publisher\":{\"@id\":\"https:\/\/charente.catholique.fr\/grand-angouleme\/#organization\"},\"image\":{\"@id\":\"https:\/\/charente.catholique.fr\/grand-angouleme\/actualites\/homelie-du-p-denis-trinez-pour-la-vigile-pascale-2023\/#primaryimage\"},\"thumbnailUrl\":\"https:\/\/charente.catholique.fr\/grand-angouleme\/wp-content\/uploads\/sites\/2\/2023\/04\/20230408_211141-2.jpg\",\"articleSection\":[\"Actualit\u00e9s\"],\"inLanguage\":\"fr-FR\",\"potentialAction\":[{\"@type\":\"CommentAction\",\"name\":\"Comment\",\"target\":[\"https:\/\/charente.catholique.fr\/grand-angouleme\/actualites\/homelie-du-p-denis-trinez-pour-la-vigile-pascale-2023\/#respond\"]}]},{\"@type\":\"WebPage\",\"@id\":\"https:\/\/charente.catholique.fr\/grand-angouleme\/actualites\/homelie-du-p-denis-trinez-pour-la-vigile-pascale-2023\/\",\"url\":\"https:\/\/charente.catholique.fr\/grand-angouleme\/actualites\/homelie-du-p-denis-trinez-pour-la-vigile-pascale-2023\/\",\"name\":\"Vigile Pascale 2023 - Hom\u00e9lie du P. Denis Trinez - Doyenn\u00e9 Grand Angoul\u00eame\",\"isPartOf\":{\"@id\":\"https:\/\/charente.catholique.fr\/grand-angouleme\/#website\"},\"primaryImageOfPage\":{\"@id\":\"https:\/\/charente.catholique.fr\/grand-angouleme\/actualites\/homelie-du-p-denis-trinez-pour-la-vigile-pascale-2023\/#primaryimage\"},\"image\":{\"@id\":\"https:\/\/charente.catholique.fr\/grand-angouleme\/actualites\/homelie-du-p-denis-trinez-pour-la-vigile-pascale-2023\/#primaryimage\"},\"thumbnailUrl\":\"https:\/\/charente.catholique.fr\/grand-angouleme\/wp-content\/uploads\/sites\/2\/2023\/04\/20230408_211141-2.jpg\",\"datePublished\":\"2023-04-09T07:06:19+00:00\",\"dateModified\":\"2023-04-11T12:30:01+00:00\",\"breadcrumb\":{\"@id\":\"https:\/\/charente.catholique.fr\/grand-angouleme\/actualites\/homelie-du-p-denis-trinez-pour-la-vigile-pascale-2023\/#breadcrumb\"},\"inLanguage\":\"fr-FR\",\"potentialAction\":[{\"@type\":\"ReadAction\",\"target\":[\"https:\/\/charente.catholique.fr\/grand-angouleme\/actualites\/homelie-du-p-denis-trinez-pour-la-vigile-pascale-2023\/\"]}]},{\"@type\":\"ImageObject\",\"inLanguage\":\"fr-FR\",\"@id\":\"https:\/\/charente.catholique.fr\/grand-angouleme\/actualites\/homelie-du-p-denis-trinez-pour-la-vigile-pascale-2023\/#primaryimage\",\"url\":\"https:\/\/charente.catholique.fr\/grand-angouleme\/wp-content\/uploads\/sites\/2\/2023\/04\/20230408_211141-2.jpg\",\"contentUrl\":\"https:\/\/charente.catholique.fr\/grand-angouleme\/wp-content\/uploads\/sites\/2\/2023\/04\/20230408_211141-2.jpg\",\"width\":1679,\"height\":668},{\"@type\":\"BreadcrumbList\",\"@id\":\"https:\/\/charente.catholique.fr\/grand-angouleme\/actualites\/homelie-du-p-denis-trinez-pour-la-vigile-pascale-2023\/#breadcrumb\",\"itemListElement\":[{\"@type\":\"ListItem\",\"position\":1,\"name\":\"Accueil\",\"item\":\"https:\/\/charente.catholique.fr\/grand-angouleme\/\"},{\"@type\":\"ListItem\",\"position\":2,\"name\":\"Vigile Pascale 2023 &#8211; Hom\u00e9lie du P. Denis Trinez\"}]},{\"@type\":\"WebSite\",\"@id\":\"https:\/\/charente.catholique.fr\/grand-angouleme\/#website\",\"url\":\"https:\/\/charente.catholique.fr\/grand-angouleme\/\",\"name\":\"Doyenn\u00e9 Grand Angoul\u00eame - Dioc\u00e8se d'Angoul\u00eame\",\"description\":\"Dioc\u00e8se d&#039;Angoul\u00eame\",\"publisher\":{\"@id\":\"https:\/\/charente.catholique.fr\/grand-angouleme\/#organization\"},\"potentialAction\":[{\"@type\":\"SearchAction\",\"target\":{\"@type\":\"EntryPoint\",\"urlTemplate\":\"https:\/\/charente.catholique.fr\/grand-angouleme\/?s={search_term_string}\"},\"query-input\":{\"@type\":\"PropertyValueSpecification\",\"valueRequired\":true,\"valueName\":\"search_term_string\"}}],\"inLanguage\":\"fr-FR\"},{\"@type\":\"Organization\",\"@id\":\"https:\/\/charente.catholique.fr\/grand-angouleme\/#organization\",\"name\":\"Association Dioc\u00e9saine d'Angoul\u00eame\",\"url\":\"https:\/\/charente.catholique.fr\/grand-angouleme\/\",\"logo\":{\"@type\":\"ImageObject\",\"inLanguage\":\"fr-FR\",\"@id\":\"https:\/\/charente.catholique.fr\/grand-angouleme\/#\/schema\/logo\/image\/\",\"url\":\"https:\/\/charente.catholique.fr\/grand-angouleme\/wp-content\/uploads\/sites\/2\/2020\/10\/logos.png\",\"contentUrl\":\"https:\/\/charente.catholique.fr\/grand-angouleme\/wp-content\/uploads\/sites\/2\/2020\/10\/logos.png\",\"width\":600,\"height\":257,\"caption\":\"Association Dioc\u00e9saine d'Angoul\u00eame\"},\"image\":{\"@id\":\"https:\/\/charente.catholique.fr\/grand-angouleme\/#\/schema\/logo\/image\/\"},\"sameAs\":[\"https:\/\/www.facebook.com\/EgliseCatholiqueCharente\",\"https:\/\/x.com\/diocesecharente\",\"https:\/\/www.instagram.com\/eglisecharente\",\"https:\/\/www.youtube.com\/channel\/UCByyFWApZbw3gDTiADoiAaQ\"]},{\"@type\":\"Person\",\"@id\":\"https:\/\/charente.catholique.fr\/grand-angouleme\/#\/schema\/person\/898f693d8a5f95b1bf02828f73967b47\",\"name\":\"Janine Laborde\",\"image\":{\"@type\":\"ImageObject\",\"inLanguage\":\"fr-FR\",\"@id\":\"https:\/\/charente.catholique.fr\/grand-angouleme\/#\/schema\/person\/image\/\",\"url\":\"https:\/\/secure.gravatar.com\/avatar\/a8f3185ff2f6cee7d79c60e904004ccb6107bdc3e38d176acfc1ee42b62a994e?s=96&d=mm&r=g\",\"contentUrl\":\"https:\/\/secure.gravatar.com\/avatar\/a8f3185ff2f6cee7d79c60e904004ccb6107bdc3e38d176acfc1ee42b62a994e?s=96&d=mm&r=g\",\"caption\":\"Janine Laborde\"},\"url\":\"https:\/\/charente.catholique.fr\/grand-angouleme\/author\/janinelaborde\/\"}]}<\/script>\n<!-- \/ Yoast SEO plugin. -->","yoast_head_json":{"title":"Vigile Pascale 2023 - Hom\u00e9lie du P. Denis Trinez - Doyenn\u00e9 Grand Angoul\u00eame","robots":{"index":"index","follow":"follow","max-snippet":"max-snippet:-1","max-image-preview":"max-image-preview:large","max-video-preview":"max-video-preview:-1"},"canonical":"https:\/\/charente.catholique.fr\/grand-angouleme\/actualites\/homelie-du-p-denis-trinez-pour-la-vigile-pascale-2023\/","og_locale":"fr_FR","og_type":"article","og_title":"Vigile Pascale 2023 - Hom\u00e9lie du P. Denis Trinez - Doyenn\u00e9 Grand Angoul\u00eame","og_description":"Liturgie de la lumi\u00e8re B\u00e9n\u00e9diction du feu, cierge pascal allum\u00e9, transmission de la lumi\u00e8re Exultet Liturgie de la Parole Lectures du jour Hom\u00e9lie du P. Denis Christ est ressuscit\u00e9 !Il est vraiment ressuscit\u00e9 ! Alleluia H\u00e9 ! All\u00e9luia H\u00e9 H\u00e9 H\u00e9 H\u00e9 (bis) Christ est ressuscit\u00e9 All\u00e9lu All\u00e9luiaAll\u00e9luia H\u00e9 H\u00e9 H\u00e9 H\u00e9 (bis) B\u00e9n\u00e9diction de [&hellip;]","og_url":"https:\/\/charente.catholique.fr\/grand-angouleme\/actualites\/homelie-du-p-denis-trinez-pour-la-vigile-pascale-2023\/","og_site_name":"Doyenn\u00e9 Grand Angoul\u00eame","article_publisher":"https:\/\/www.facebook.com\/EgliseCatholiqueCharente","article_published_time":"2023-04-09T07:06:19+00:00","article_modified_time":"2023-04-11T12:30:01+00:00","og_image":[{"width":1679,"height":668,"url":"https:\/\/charente.catholique.fr\/grand-angouleme\/wp-content\/uploads\/sites\/2\/2023\/04\/20230408_211141-2.jpg","type":"image\/jpeg"}],"author":"Janine Laborde","twitter_card":"summary_large_image","twitter_creator":"@diocesecharente","twitter_site":"@diocesecharente","twitter_misc":{"\u00c9crit par":"Janine Laborde","Dur\u00e9e de lecture estim\u00e9e":"5 minutes"},"schema":{"@context":"https:\/\/schema.org","@graph":[{"@type":"Article","@id":"https:\/\/charente.catholique.fr\/grand-angouleme\/actualites\/homelie-du-p-denis-trinez-pour-la-vigile-pascale-2023\/#article","isPartOf":{"@id":"https:\/\/charente.catholique.fr\/grand-angouleme\/actualites\/homelie-du-p-denis-trinez-pour-la-vigile-pascale-2023\/"},"author":{"name":"Janine Laborde","@id":"https:\/\/charente.catholique.fr\/grand-angouleme\/#\/schema\/person\/898f693d8a5f95b1bf02828f73967b47"},"headline":"Vigile Pascale 2023 &#8211; Hom\u00e9lie du P. Denis Trinez","datePublished":"2023-04-09T07:06:19+00:00","dateModified":"2023-04-11T12:30:01+00:00","mainEntityOfPage":{"@id":"https:\/\/charente.catholique.fr\/grand-angouleme\/actualites\/homelie-du-p-denis-trinez-pour-la-vigile-pascale-2023\/"},"wordCount":342,"commentCount":0,"publisher":{"@id":"https:\/\/charente.catholique.fr\/grand-angouleme\/#organization"},"image":{"@id":"https:\/\/charente.catholique.fr\/grand-angouleme\/actualites\/homelie-du-p-denis-trinez-pour-la-vigile-pascale-2023\/#primaryimage"},"thumbnailUrl":"https:\/\/charente.catholique.fr\/grand-angouleme\/wp-content\/uploads\/sites\/2\/2023\/04\/20230408_211141-2.jpg","articleSection":["Actualit\u00e9s"],"inLanguage":"fr-FR","potentialAction":[{"@type":"CommentAction","name":"Comment","target":["https:\/\/charente.catholique.fr\/grand-angouleme\/actualites\/homelie-du-p-denis-trinez-pour-la-vigile-pascale-2023\/#respond"]}]},{"@type":"WebPage","@id":"https:\/\/charente.catholique.fr\/grand-angouleme\/actualites\/homelie-du-p-denis-trinez-pour-la-vigile-pascale-2023\/","url":"https:\/\/charente.catholique.fr\/grand-angouleme\/actualites\/homelie-du-p-denis-trinez-pour-la-vigile-pascale-2023\/","name":"Vigile Pascale 2023 - Hom\u00e9lie du P. Denis Trinez - Doyenn\u00e9 Grand Angoul\u00eame","isPartOf":{"@id":"https:\/\/charente.catholique.fr\/grand-angouleme\/#website"},"primaryImageOfPage":{"@id":"https:\/\/charente.catholique.fr\/grand-angouleme\/actualites\/homelie-du-p-denis-trinez-pour-la-vigile-pascale-2023\/#primaryimage"},"image":{"@id":"https:\/\/charente.catholique.fr\/grand-angouleme\/actualites\/homelie-du-p-denis-trinez-pour-la-vigile-pascale-2023\/#primaryimage"},"thumbnailUrl":"https:\/\/charente.catholique.fr\/grand-angouleme\/wp-content\/uploads\/sites\/2\/2023\/04\/20230408_211141-2.jpg","datePublished":"2023-04-09T07:06:19+00:00","dateModified":"2023-04-11T12:30:01+00:00","breadcrumb":{"@id":"https:\/\/charente.catholique.fr\/grand-angouleme\/actualites\/homelie-du-p-denis-trinez-pour-la-vigile-pascale-2023\/#breadcrumb"},"inLanguage":"fr-FR","potentialAction":[{"@type":"ReadAction","target":["https:\/\/charente.catholique.fr\/grand-angouleme\/actualites\/homelie-du-p-denis-trinez-pour-la-vigile-pascale-2023\/"]}]},{"@type":"ImageObject","inLanguage":"fr-FR","@id":"https:\/\/charente.catholique.fr\/grand-angouleme\/actualites\/homelie-du-p-denis-trinez-pour-la-vigile-pascale-2023\/#primaryimage","url":"https:\/\/charente.catholique.fr\/grand-angouleme\/wp-content\/uploads\/sites\/2\/2023\/04\/20230408_211141-2.jpg","contentUrl":"https:\/\/charente.catholique.fr\/grand-angouleme\/wp-content\/uploads\/sites\/2\/2023\/04\/20230408_211141-2.jpg","width":1679,"height":668},{"@type":"BreadcrumbList","@id":"https:\/\/charente.catholique.fr\/grand-angouleme\/actualites\/homelie-du-p-denis-trinez-pour-la-vigile-pascale-2023\/#breadcrumb","itemListElement":[{"@type":"ListItem","position":1,"name":"Accueil","item":"https:\/\/charente.catholique.fr\/grand-angouleme\/"},{"@type":"ListItem","position":2,"name":"Vigile Pascale 2023 &#8211; Hom\u00e9lie du P. Denis Trinez"}]},{"@type":"WebSite","@id":"https:\/\/charente.catholique.fr\/grand-angouleme\/#website","url":"https:\/\/charente.catholique.fr\/grand-angouleme\/","name":"Doyenn\u00e9 Grand Angoul\u00eame - Dioc\u00e8se d'Angoul\u00eame","description":"Dioc\u00e8se d&#039;Angoul\u00eame","publisher":{"@id":"https:\/\/charente.catholique.fr\/grand-angouleme\/#organization"},"potentialAction":[{"@type":"SearchAction","target":{"@type":"EntryPoint","urlTemplate":"https:\/\/charente.catholique.fr\/grand-angouleme\/?s={search_term_string}"},"query-input":{"@type":"PropertyValueSpecification","valueRequired":true,"valueName":"search_term_string"}}],"inLanguage":"fr-FR"},{"@type":"Organization","@id":"https:\/\/charente.catholique.fr\/grand-angouleme\/#organization","name":"Association Dioc\u00e9saine d'Angoul\u00eame","url":"https:\/\/charente.catholique.fr\/grand-angouleme\/","logo":{"@type":"ImageObject","inLanguage":"fr-FR","@id":"https:\/\/charente.catholique.fr\/grand-angouleme\/#\/schema\/logo\/image\/","url":"https:\/\/charente.catholique.fr\/grand-angouleme\/wp-content\/uploads\/sites\/2\/2020\/10\/logos.png","contentUrl":"https:\/\/charente.catholique.fr\/grand-angouleme\/wp-content\/uploads\/sites\/2\/2020\/10\/logos.png","width":600,"height":257,"caption":"Association Dioc\u00e9saine d'Angoul\u00eame"},"image":{"@id":"https:\/\/charente.catholique.fr\/grand-angouleme\/#\/schema\/logo\/image\/"},"sameAs":["https:\/\/www.facebook.com\/EgliseCatholiqueCharente","https:\/\/x.com\/diocesecharente","https:\/\/www.instagram.com\/eglisecharente","https:\/\/www.youtube.com\/channel\/UCByyFWApZbw3gDTiADoiAaQ"]},{"@type":"Person","@id":"https:\/\/charente.catholique.fr\/grand-angouleme\/#\/schema\/person\/898f693d8a5f95b1bf02828f73967b47","name":"Janine Laborde","image":{"@type":"ImageObject","inLanguage":"fr-FR","@id":"https:\/\/charente.catholique.fr\/grand-angouleme\/#\/schema\/person\/image\/","url":"https:\/\/secure.gravatar.com\/avatar\/a8f3185ff2f6cee7d79c60e904004ccb6107bdc3e38d176acfc1ee42b62a994e?s=96&d=mm&r=g","contentUrl":"https:\/\/secure.gravatar.com\/avatar\/a8f3185ff2f6cee7d79c60e904004ccb6107bdc3e38d176acfc1ee42b62a994e?s=96&d=mm&r=g","caption":"Janine Laborde"},"url":"https:\/\/charente.catholique.fr\/grand-angouleme\/author\/janinelaborde\/"}]}},"_links":{"self":[{"href":"https:\/\/charente.catholique.fr\/grand-angouleme\/wp-json\/wp\/v2\/posts\/20577","targetHints":{"allow":["GET"]}}],"collection":[{"href":"https:\/\/charente.catholique.fr\/grand-angouleme\/wp-json\/wp\/v2\/posts"}],"about":[{"href":"https:\/\/charente.catholique.fr\/grand-angouleme\/wp-json\/wp\/v2\/types\/post"}],"author":[{"embeddable":true,"href":"https:\/\/charente.catholique.fr\/grand-angouleme\/wp-json\/wp\/v2\/users\/22"}],"replies":[{"embeddable":true,"href":"https:\/\/charente.catholique.fr\/grand-angouleme\/wp-json\/wp\/v2\/comments?post=20577"}],"version-history":[{"count":9,"href":"https:\/\/charente.catholique.fr\/grand-angouleme\/wp-json\/wp\/v2\/posts\/20577\/revisions"}],"predecessor-version":[{"id":20723,"href":"https:\/\/charente.catholique.fr\/grand-angouleme\/wp-json\/wp\/v2\/posts\/20577\/revisions\/20723"}],"wp:featuredmedia":[{"embeddable":true,"href":"https:\/\/charente.catholique.fr\/grand-angouleme\/wp-json\/wp\/v2\/media\/20624"}],"wp:attachment":[{"href":"https:\/\/charente.catholique.fr\/grand-angouleme\/wp-json\/wp\/v2\/media?parent=20577"}],"wp:term":[{"taxonomy":"category","embeddable":true,"href":"https:\/\/charente.catholique.fr\/grand-angouleme\/wp-json\/wp\/v2\/categories?post=20577"},{"taxonomy":"post_tag","embeddable":true,"href":"https:\/\/charente.catholique.fr\/grand-angouleme\/wp-json\/wp\/v2\/tags?post=20577"}],"curies":[{"name":"wp","href":"https:\/\/api.w.org\/{rel}","templated":true}]}}