{"id":20537,"date":"2023-04-07T07:35:14","date_gmt":"2023-04-07T05:35:14","guid":{"rendered":"https:\/\/charente.catholique.fr\/grand-angouleme\/?p=20537"},"modified":"2023-04-11T15:18:30","modified_gmt":"2023-04-11T13:18:30","slug":"homelie-du-p-denis-trinez-pour-le-jeudi-saint-2023","status":"publish","type":"post","link":"https:\/\/charente.catholique.fr\/grand-angouleme\/actualites\/homelie-du-p-denis-trinez-pour-le-jeudi-saint-2023\/","title":{"rendered":"Hom\u00e9lie du P. Denis Trinez pour le jeudi Saint 2023"},"content":{"rendered":"\n<h4 class=\"wp-block-heading\"><a href=\"https:\/\/www.aelf.org\/2023-04-06\/romain\/messe#\">Lectures du jour<\/a><\/h4>\n\n\n\n<h4 class=\"wp-block-heading\">Mot d&#8217;accueil<\/h4>\n\n\n\n<p>Apr\u00e8s  trois ann\u00e9es  de marches, de rencontres, d&#8217;enseignements,  et de vie commune avec ses disciples, J\u00e9sus  s&#8217;est  li\u00e9  et reli\u00e9  dans le quotidien de ses jours avec les hommes et les femmes de son temps.<br>Alors que sa vie va basculer, Il partage un dernier repas avec ses amis, ses fr\u00e8res et au cours du repas il se met \u00e0  genoux comme un esclave de son temps pour leur laver les pieds. Pourquoi ce geste si humble ?  qu&#8217;il  nous invite d&#8217;ailleurs \u00e0  imiter.  &#8220;Vous devez vous laver les pieds les uns aux autres&#8221; parce que J\u00e9sus veut renverser doucement, humblement l&#8217;id\u00e9e qu&#8217;il pourrait \u00eatre roi et dominateur. <br>C&#8217;est le contraire, il se veut humble, aimant, il veut prendre soin de nous pour qu&#8217;\u00e0 notre tour nous devenions serviteur dans la Galil\u00e9e  de notre temps. Pour \u00eatre  fr\u00e8re de J\u00e9sus Christ,  t\u00e9moin de son amour et de sa tendresse, il nous faut savoir faire route ensemble,  rire avec ceux qui sont dans la joie, pleurer avec ceux qui sont dans la peine, lutter avec ceux qui demandent plus de justice. Cest dans le quotidien concret de nos vies que nous apprendrons \u00e0 &#8220;laver les pieds de nos fr\u00e8res et s\u0153urs avec la paix, l&#8217;humilit\u00e9 et la fraternit\u00e9.&#8221;<\/p>\n\n\n\n<h4 class=\"wp-block-heading\">Hom\u00e9lie du P\u00e8re Denis <\/h4>\n\n\n\n<figure class=\"wp-block-embed aligncenter is-type-video is-provider-youtube wp-block-embed-youtube wp-embed-aspect-4-3 wp-has-aspect-ratio\"><div class=\"wp-block-embed__wrapper\">\n<iframe loading=\"lazy\" title=\"hom\u00e9lie du p\u00e8re Denis Trinez pour le Jeudi Saint\" width=\"500\" height=\"375\" src=\"https:\/\/www.youtube.com\/embed\/iOK-tXZmO08?feature=oembed\" frameborder=\"0\" allow=\"accelerometer; autoplay; clipboard-write; encrypted-media; gyroscope; picture-in-picture; web-share\" referrerpolicy=\"strict-origin-when-cross-origin\" allowfullscreen><\/iframe>\n<\/div><\/figure>\n\n\n\n<p class=\"has-text-align-center has-medium-font-size\"><strong>&#8220;Voyez comme ils s&#8217;aiment&#8221;<\/strong><\/p>\n\n\n\n<h4 class=\"wp-block-heading\">Pri\u00e8re  universelle<\/h4>\n\n\n\n<ul class=\"wp-block-list\">\n<li><strong>&#8220;Ceci est mon Corps, ceci est mon Sang&#8221;<\/strong> <br>En ce jour o\u00f9 fut institu\u00e9 l&#8217;Eucharistie, nous te prions Seigneur pour nos pr\u00eatres et tous les ministres de l&#8217;Eucharistie. <br>Soutiens-les, accompagne-les dans leur mission et qu&#8217;avec eux nous soyons coresponsables pour r\u00e9v\u00e9ler ton amour \u00e0 tous.<\/li>\n<\/ul>\n\n\n\n<ul class=\"wp-block-list\">\n<li>Seigneur, Toi qui as su \u00eatre fr\u00e8re et serviteur aupr\u00e8s de tes disciples, accompagne Robertine et Estelle qui recevront le sacrement de confirmation \u00e0 la Pentec\u00f4te. Que ton Esprit leur permette de continuer \u00e0 se mettre au service de leurs fr\u00e8res et s\u0153urs en humanit\u00e9. <br>Apprends aussi \u00e0 Sarah, C\u00e9line, Erwann et Emma qui vont communier pour la premi\u00e8re fois \u00e0 la Pentec\u00f4te, de se mettre au service de leurs amis, de leurs copains d&#8217;\u00e9cole et de ceux qu&#8217;ils rencontrent dans leurs activit\u00e9s de loisir.<\/li>\n<\/ul>\n\n\n\n<ul class=\"wp-block-list\">\n<li><strong>&#8220;Vous devez vous laver les pieds les uns aux  autres, c&#8217;est un exemple que je vous ai donn\u00e9&#8221;<\/strong>  <br>Tel est ton testament d&#8217;amour et de service, Seigneur. <br>A ton exemple, \u00e0 ta suite si nous croyons en Toi, nous avons \u00e0 nous mettre au service les uns des autres pour nous soutenir mutuellement et progresser dans la prise de conscience de ton amour pour chacun.<br>Seigneur, nous te prions.<\/li>\n<\/ul>\n\n\n\n<ul class=\"wp-block-list\">\n<li>Seigneur, Toi qui nous aimas jusqu&#8217;\u00e0 la croix, donne aux femmes et aux hommes de ce monde un intense d\u00e9sir et de force pour servir et b\u00e2tir une paix durable, pour que nous d\u00e9couvrions qu&#8217;\u00e0 travers nos diff\u00e9rences, peut fleurir la fraternit\u00e9, tr\u00e9sor que nous devons prot\u00e9ger pour une vie harmonieuse pour notre humanit\u00e9.<\/li>\n<\/ul>\n\n\n\n<ul class=\"wp-block-list\">\n<li><strong>&#8220;Faisons route ensemble&#8221;<\/strong> <br>J\u00e9sus, Toi le ma\u00eetre, Tu donnes ta vie, Tu te donnes \u00e0 Dieu Ton P\u00e8re et \u00e0 nous totalement et Tu fais de nous des fr\u00e8res et s\u0153urs. Ainsi sommes-nous appel\u00e9s \u00e0 marcher ensemble entre nous et avec tous. <br>Que la solidarit\u00e9 et la joie nous animent. <br>Seigneur, nous te prions.<\/li>\n<\/ul>\n","protected":false},"excerpt":{"rendered":"<p>Lectures du jour Mot d&#8217;accueil Apr\u00e8s trois ann\u00e9es de marches, de rencontres, d&#8217;enseignements, et de vie commune avec ses disciples, J\u00e9sus s&#8217;est li\u00e9 et reli\u00e9 dans le quotidien de ses jours avec les hommes et les femmes de son temps.Alors que sa vie va basculer, Il partage un dernier repas avec ses amis, ses fr\u00e8res [&hellip;]<\/p>\n","protected":false},"author":22,"featured_media":20554,"comment_status":"open","ping_status":"open","sticky":false,"template":"","format":"standard","meta":{"_acf_changed":false,"paroisse":["0"],"service":["0"],"footnotes":""},"categories":[1],"tags":[],"class_list":["post-20537","post","type-post","status-publish","format-standard","has-post-thumbnail","hentry","category-actualites"],"acf":[],"yoast_head":"<!-- This site is optimized with the Yoast SEO plugin v27.1.1 - https:\/\/yoast.com\/product\/yoast-seo-wordpress\/ -->\n<title>Hom\u00e9lie du P. Denis Trinez pour le jeudi Saint 2023 - Doyenn\u00e9 Grand Angoul\u00eame<\/title>\n<meta name=\"robots\" content=\"index, follow, max-snippet:-1, max-image-preview:large, max-video-preview:-1\" \/>\n<link rel=\"canonical\" href=\"https:\/\/charente.catholique.fr\/grand-angouleme\/actualites\/homelie-du-p-denis-trinez-pour-le-jeudi-saint-2023\/\" \/>\n<meta property=\"og:locale\" content=\"fr_FR\" \/>\n<meta property=\"og:type\" content=\"article\" \/>\n<meta property=\"og:title\" content=\"Hom\u00e9lie du P. Denis Trinez pour le jeudi Saint 2023 - Doyenn\u00e9 Grand Angoul\u00eame\" \/>\n<meta property=\"og:description\" content=\"Lectures du jour Mot d&#8217;accueil Apr\u00e8s trois ann\u00e9es de marches, de rencontres, d&#8217;enseignements, et de vie commune avec ses disciples, J\u00e9sus s&#8217;est li\u00e9 et reli\u00e9 dans le quotidien de ses jours avec les hommes et les femmes de son temps.Alors que sa vie va basculer, Il partage un dernier repas avec ses amis, ses fr\u00e8res [&hellip;]\" \/>\n<meta property=\"og:url\" content=\"https:\/\/charente.catholique.fr\/grand-angouleme\/actualites\/homelie-du-p-denis-trinez-pour-le-jeudi-saint-2023\/\" \/>\n<meta property=\"og:site_name\" content=\"Doyenn\u00e9 Grand Angoul\u00eame\" \/>\n<meta property=\"article:publisher\" content=\"https:\/\/www.facebook.com\/EgliseCatholiqueCharente\" \/>\n<meta property=\"article:published_time\" content=\"2023-04-07T05:35:14+00:00\" \/>\n<meta property=\"article:modified_time\" content=\"2023-04-11T13:18:30+00:00\" \/>\n<meta property=\"og:image\" content=\"https:\/\/charente.catholique.fr\/grand-angouleme\/wp-content\/uploads\/sites\/2\/2023\/04\/lavement-des-pieds.jpg\" \/>\n\t<meta property=\"og:image:width\" content=\"1500\" \/>\n\t<meta property=\"og:image:height\" content=\"750\" \/>\n\t<meta property=\"og:image:type\" content=\"image\/jpeg\" \/>\n<meta name=\"author\" content=\"Janine Laborde\" \/>\n<meta name=\"twitter:card\" content=\"summary_large_image\" \/>\n<meta name=\"twitter:creator\" content=\"@diocesecharente\" \/>\n<meta name=\"twitter:site\" content=\"@diocesecharente\" \/>\n<meta name=\"twitter:label1\" content=\"\u00c9crit par\" \/>\n\t<meta name=\"twitter:data1\" content=\"Janine Laborde\" \/>\n\t<meta name=\"twitter:label2\" content=\"Dur\u00e9e de lecture estim\u00e9e\" \/>\n\t<meta name=\"twitter:data2\" content=\"3 minutes\" \/>\n<script type=\"application\/ld+json\" class=\"yoast-schema-graph\">{\"@context\":\"https:\/\/schema.org\",\"@graph\":[{\"@type\":\"Article\",\"@id\":\"https:\/\/charente.catholique.fr\/grand-angouleme\/actualites\/homelie-du-p-denis-trinez-pour-le-jeudi-saint-2023\/#article\",\"isPartOf\":{\"@id\":\"https:\/\/charente.catholique.fr\/grand-angouleme\/actualites\/homelie-du-p-denis-trinez-pour-le-jeudi-saint-2023\/\"},\"author\":{\"name\":\"Janine Laborde\",\"@id\":\"https:\/\/charente.catholique.fr\/grand-angouleme\/#\/schema\/person\/898f693d8a5f95b1bf02828f73967b47\"},\"headline\":\"Hom\u00e9lie du P. Denis Trinez pour le jeudi Saint 2023\",\"datePublished\":\"2023-04-07T05:35:14+00:00\",\"dateModified\":\"2023-04-11T13:18:30+00:00\",\"mainEntityOfPage\":{\"@id\":\"https:\/\/charente.catholique.fr\/grand-angouleme\/actualites\/homelie-du-p-denis-trinez-pour-le-jeudi-saint-2023\/\"},\"wordCount\":585,\"commentCount\":0,\"publisher\":{\"@id\":\"https:\/\/charente.catholique.fr\/grand-angouleme\/#organization\"},\"image\":{\"@id\":\"https:\/\/charente.catholique.fr\/grand-angouleme\/actualites\/homelie-du-p-denis-trinez-pour-le-jeudi-saint-2023\/#primaryimage\"},\"thumbnailUrl\":\"https:\/\/charente.catholique.fr\/grand-angouleme\/wp-content\/uploads\/sites\/2\/2023\/04\/lavement-des-pieds.jpg\",\"articleSection\":[\"Actualit\u00e9s\"],\"inLanguage\":\"fr-FR\",\"potentialAction\":[{\"@type\":\"CommentAction\",\"name\":\"Comment\",\"target\":[\"https:\/\/charente.catholique.fr\/grand-angouleme\/actualites\/homelie-du-p-denis-trinez-pour-le-jeudi-saint-2023\/#respond\"]}]},{\"@type\":\"WebPage\",\"@id\":\"https:\/\/charente.catholique.fr\/grand-angouleme\/actualites\/homelie-du-p-denis-trinez-pour-le-jeudi-saint-2023\/\",\"url\":\"https:\/\/charente.catholique.fr\/grand-angouleme\/actualites\/homelie-du-p-denis-trinez-pour-le-jeudi-saint-2023\/\",\"name\":\"Hom\u00e9lie du P. Denis Trinez pour le jeudi Saint 2023 - Doyenn\u00e9 Grand Angoul\u00eame\",\"isPartOf\":{\"@id\":\"https:\/\/charente.catholique.fr\/grand-angouleme\/#website\"},\"primaryImageOfPage\":{\"@id\":\"https:\/\/charente.catholique.fr\/grand-angouleme\/actualites\/homelie-du-p-denis-trinez-pour-le-jeudi-saint-2023\/#primaryimage\"},\"image\":{\"@id\":\"https:\/\/charente.catholique.fr\/grand-angouleme\/actualites\/homelie-du-p-denis-trinez-pour-le-jeudi-saint-2023\/#primaryimage\"},\"thumbnailUrl\":\"https:\/\/charente.catholique.fr\/grand-angouleme\/wp-content\/uploads\/sites\/2\/2023\/04\/lavement-des-pieds.jpg\",\"datePublished\":\"2023-04-07T05:35:14+00:00\",\"dateModified\":\"2023-04-11T13:18:30+00:00\",\"breadcrumb\":{\"@id\":\"https:\/\/charente.catholique.fr\/grand-angouleme\/actualites\/homelie-du-p-denis-trinez-pour-le-jeudi-saint-2023\/#breadcrumb\"},\"inLanguage\":\"fr-FR\",\"potentialAction\":[{\"@type\":\"ReadAction\",\"target\":[\"https:\/\/charente.catholique.fr\/grand-angouleme\/actualites\/homelie-du-p-denis-trinez-pour-le-jeudi-saint-2023\/\"]}]},{\"@type\":\"ImageObject\",\"inLanguage\":\"fr-FR\",\"@id\":\"https:\/\/charente.catholique.fr\/grand-angouleme\/actualites\/homelie-du-p-denis-trinez-pour-le-jeudi-saint-2023\/#primaryimage\",\"url\":\"https:\/\/charente.catholique.fr\/grand-angouleme\/wp-content\/uploads\/sites\/2\/2023\/04\/lavement-des-pieds.jpg\",\"contentUrl\":\"https:\/\/charente.catholique.fr\/grand-angouleme\/wp-content\/uploads\/sites\/2\/2023\/04\/lavement-des-pieds.jpg\",\"width\":1500,\"height\":750},{\"@type\":\"BreadcrumbList\",\"@id\":\"https:\/\/charente.catholique.fr\/grand-angouleme\/actualites\/homelie-du-p-denis-trinez-pour-le-jeudi-saint-2023\/#breadcrumb\",\"itemListElement\":[{\"@type\":\"ListItem\",\"position\":1,\"name\":\"Accueil\",\"item\":\"https:\/\/charente.catholique.fr\/grand-angouleme\/\"},{\"@type\":\"ListItem\",\"position\":2,\"name\":\"Hom\u00e9lie du P. Denis Trinez pour le jeudi Saint 2023\"}]},{\"@type\":\"WebSite\",\"@id\":\"https:\/\/charente.catholique.fr\/grand-angouleme\/#website\",\"url\":\"https:\/\/charente.catholique.fr\/grand-angouleme\/\",\"name\":\"Doyenn\u00e9 Grand Angoul\u00eame - Dioc\u00e8se d'Angoul\u00eame\",\"description\":\"Dioc\u00e8se d&#039;Angoul\u00eame\",\"publisher\":{\"@id\":\"https:\/\/charente.catholique.fr\/grand-angouleme\/#organization\"},\"potentialAction\":[{\"@type\":\"SearchAction\",\"target\":{\"@type\":\"EntryPoint\",\"urlTemplate\":\"https:\/\/charente.catholique.fr\/grand-angouleme\/?s={search_term_string}\"},\"query-input\":{\"@type\":\"PropertyValueSpecification\",\"valueRequired\":true,\"valueName\":\"search_term_string\"}}],\"inLanguage\":\"fr-FR\"},{\"@type\":\"Organization\",\"@id\":\"https:\/\/charente.catholique.fr\/grand-angouleme\/#organization\",\"name\":\"Association Dioc\u00e9saine d'Angoul\u00eame\",\"url\":\"https:\/\/charente.catholique.fr\/grand-angouleme\/\",\"logo\":{\"@type\":\"ImageObject\",\"inLanguage\":\"fr-FR\",\"@id\":\"https:\/\/charente.catholique.fr\/grand-angouleme\/#\/schema\/logo\/image\/\",\"url\":\"https:\/\/charente.catholique.fr\/grand-angouleme\/wp-content\/uploads\/sites\/2\/2020\/10\/logos.png\",\"contentUrl\":\"https:\/\/charente.catholique.fr\/grand-angouleme\/wp-content\/uploads\/sites\/2\/2020\/10\/logos.png\",\"width\":600,\"height\":257,\"caption\":\"Association Dioc\u00e9saine d'Angoul\u00eame\"},\"image\":{\"@id\":\"https:\/\/charente.catholique.fr\/grand-angouleme\/#\/schema\/logo\/image\/\"},\"sameAs\":[\"https:\/\/www.facebook.com\/EgliseCatholiqueCharente\",\"https:\/\/x.com\/diocesecharente\",\"https:\/\/www.instagram.com\/eglisecharente\",\"https:\/\/www.youtube.com\/channel\/UCByyFWApZbw3gDTiADoiAaQ\"]},{\"@type\":\"Person\",\"@id\":\"https:\/\/charente.catholique.fr\/grand-angouleme\/#\/schema\/person\/898f693d8a5f95b1bf02828f73967b47\",\"name\":\"Janine Laborde\",\"image\":{\"@type\":\"ImageObject\",\"inLanguage\":\"fr-FR\",\"@id\":\"https:\/\/charente.catholique.fr\/grand-angouleme\/#\/schema\/person\/image\/\",\"url\":\"https:\/\/secure.gravatar.com\/avatar\/a8f3185ff2f6cee7d79c60e904004ccb6107bdc3e38d176acfc1ee42b62a994e?s=96&d=mm&r=g\",\"contentUrl\":\"https:\/\/secure.gravatar.com\/avatar\/a8f3185ff2f6cee7d79c60e904004ccb6107bdc3e38d176acfc1ee42b62a994e?s=96&d=mm&r=g\",\"caption\":\"Janine Laborde\"},\"url\":\"https:\/\/charente.catholique.fr\/grand-angouleme\/author\/janinelaborde\/\"}]}<\/script>\n<!-- \/ Yoast SEO plugin. -->","yoast_head_json":{"title":"Hom\u00e9lie du P. Denis Trinez pour le jeudi Saint 2023 - Doyenn\u00e9 Grand Angoul\u00eame","robots":{"index":"index","follow":"follow","max-snippet":"max-snippet:-1","max-image-preview":"max-image-preview:large","max-video-preview":"max-video-preview:-1"},"canonical":"https:\/\/charente.catholique.fr\/grand-angouleme\/actualites\/homelie-du-p-denis-trinez-pour-le-jeudi-saint-2023\/","og_locale":"fr_FR","og_type":"article","og_title":"Hom\u00e9lie du P. Denis Trinez pour le jeudi Saint 2023 - Doyenn\u00e9 Grand Angoul\u00eame","og_description":"Lectures du jour Mot d&#8217;accueil Apr\u00e8s trois ann\u00e9es de marches, de rencontres, d&#8217;enseignements, et de vie commune avec ses disciples, J\u00e9sus s&#8217;est li\u00e9 et reli\u00e9 dans le quotidien de ses jours avec les hommes et les femmes de son temps.Alors que sa vie va basculer, Il partage un dernier repas avec ses amis, ses fr\u00e8res [&hellip;]","og_url":"https:\/\/charente.catholique.fr\/grand-angouleme\/actualites\/homelie-du-p-denis-trinez-pour-le-jeudi-saint-2023\/","og_site_name":"Doyenn\u00e9 Grand Angoul\u00eame","article_publisher":"https:\/\/www.facebook.com\/EgliseCatholiqueCharente","article_published_time":"2023-04-07T05:35:14+00:00","article_modified_time":"2023-04-11T13:18:30+00:00","og_image":[{"width":1500,"height":750,"url":"https:\/\/charente.catholique.fr\/grand-angouleme\/wp-content\/uploads\/sites\/2\/2023\/04\/lavement-des-pieds.jpg","type":"image\/jpeg"}],"author":"Janine Laborde","twitter_card":"summary_large_image","twitter_creator":"@diocesecharente","twitter_site":"@diocesecharente","twitter_misc":{"\u00c9crit par":"Janine Laborde","Dur\u00e9e de lecture estim\u00e9e":"3 minutes"},"schema":{"@context":"https:\/\/schema.org","@graph":[{"@type":"Article","@id":"https:\/\/charente.catholique.fr\/grand-angouleme\/actualites\/homelie-du-p-denis-trinez-pour-le-jeudi-saint-2023\/#article","isPartOf":{"@id":"https:\/\/charente.catholique.fr\/grand-angouleme\/actualites\/homelie-du-p-denis-trinez-pour-le-jeudi-saint-2023\/"},"author":{"name":"Janine Laborde","@id":"https:\/\/charente.catholique.fr\/grand-angouleme\/#\/schema\/person\/898f693d8a5f95b1bf02828f73967b47"},"headline":"Hom\u00e9lie du P. Denis Trinez pour le jeudi Saint 2023","datePublished":"2023-04-07T05:35:14+00:00","dateModified":"2023-04-11T13:18:30+00:00","mainEntityOfPage":{"@id":"https:\/\/charente.catholique.fr\/grand-angouleme\/actualites\/homelie-du-p-denis-trinez-pour-le-jeudi-saint-2023\/"},"wordCount":585,"commentCount":0,"publisher":{"@id":"https:\/\/charente.catholique.fr\/grand-angouleme\/#organization"},"image":{"@id":"https:\/\/charente.catholique.fr\/grand-angouleme\/actualites\/homelie-du-p-denis-trinez-pour-le-jeudi-saint-2023\/#primaryimage"},"thumbnailUrl":"https:\/\/charente.catholique.fr\/grand-angouleme\/wp-content\/uploads\/sites\/2\/2023\/04\/lavement-des-pieds.jpg","articleSection":["Actualit\u00e9s"],"inLanguage":"fr-FR","potentialAction":[{"@type":"CommentAction","name":"Comment","target":["https:\/\/charente.catholique.fr\/grand-angouleme\/actualites\/homelie-du-p-denis-trinez-pour-le-jeudi-saint-2023\/#respond"]}]},{"@type":"WebPage","@id":"https:\/\/charente.catholique.fr\/grand-angouleme\/actualites\/homelie-du-p-denis-trinez-pour-le-jeudi-saint-2023\/","url":"https:\/\/charente.catholique.fr\/grand-angouleme\/actualites\/homelie-du-p-denis-trinez-pour-le-jeudi-saint-2023\/","name":"Hom\u00e9lie du P. Denis Trinez pour le jeudi Saint 2023 - Doyenn\u00e9 Grand Angoul\u00eame","isPartOf":{"@id":"https:\/\/charente.catholique.fr\/grand-angouleme\/#website"},"primaryImageOfPage":{"@id":"https:\/\/charente.catholique.fr\/grand-angouleme\/actualites\/homelie-du-p-denis-trinez-pour-le-jeudi-saint-2023\/#primaryimage"},"image":{"@id":"https:\/\/charente.catholique.fr\/grand-angouleme\/actualites\/homelie-du-p-denis-trinez-pour-le-jeudi-saint-2023\/#primaryimage"},"thumbnailUrl":"https:\/\/charente.catholique.fr\/grand-angouleme\/wp-content\/uploads\/sites\/2\/2023\/04\/lavement-des-pieds.jpg","datePublished":"2023-04-07T05:35:14+00:00","dateModified":"2023-04-11T13:18:30+00:00","breadcrumb":{"@id":"https:\/\/charente.catholique.fr\/grand-angouleme\/actualites\/homelie-du-p-denis-trinez-pour-le-jeudi-saint-2023\/#breadcrumb"},"inLanguage":"fr-FR","potentialAction":[{"@type":"ReadAction","target":["https:\/\/charente.catholique.fr\/grand-angouleme\/actualites\/homelie-du-p-denis-trinez-pour-le-jeudi-saint-2023\/"]}]},{"@type":"ImageObject","inLanguage":"fr-FR","@id":"https:\/\/charente.catholique.fr\/grand-angouleme\/actualites\/homelie-du-p-denis-trinez-pour-le-jeudi-saint-2023\/#primaryimage","url":"https:\/\/charente.catholique.fr\/grand-angouleme\/wp-content\/uploads\/sites\/2\/2023\/04\/lavement-des-pieds.jpg","contentUrl":"https:\/\/charente.catholique.fr\/grand-angouleme\/wp-content\/uploads\/sites\/2\/2023\/04\/lavement-des-pieds.jpg","width":1500,"height":750},{"@type":"BreadcrumbList","@id":"https:\/\/charente.catholique.fr\/grand-angouleme\/actualites\/homelie-du-p-denis-trinez-pour-le-jeudi-saint-2023\/#breadcrumb","itemListElement":[{"@type":"ListItem","position":1,"name":"Accueil","item":"https:\/\/charente.catholique.fr\/grand-angouleme\/"},{"@type":"ListItem","position":2,"name":"Hom\u00e9lie du P. Denis Trinez pour le jeudi Saint 2023"}]},{"@type":"WebSite","@id":"https:\/\/charente.catholique.fr\/grand-angouleme\/#website","url":"https:\/\/charente.catholique.fr\/grand-angouleme\/","name":"Doyenn\u00e9 Grand Angoul\u00eame - Dioc\u00e8se d'Angoul\u00eame","description":"Dioc\u00e8se d&#039;Angoul\u00eame","publisher":{"@id":"https:\/\/charente.catholique.fr\/grand-angouleme\/#organization"},"potentialAction":[{"@type":"SearchAction","target":{"@type":"EntryPoint","urlTemplate":"https:\/\/charente.catholique.fr\/grand-angouleme\/?s={search_term_string}"},"query-input":{"@type":"PropertyValueSpecification","valueRequired":true,"valueName":"search_term_string"}}],"inLanguage":"fr-FR"},{"@type":"Organization","@id":"https:\/\/charente.catholique.fr\/grand-angouleme\/#organization","name":"Association Dioc\u00e9saine d'Angoul\u00eame","url":"https:\/\/charente.catholique.fr\/grand-angouleme\/","logo":{"@type":"ImageObject","inLanguage":"fr-FR","@id":"https:\/\/charente.catholique.fr\/grand-angouleme\/#\/schema\/logo\/image\/","url":"https:\/\/charente.catholique.fr\/grand-angouleme\/wp-content\/uploads\/sites\/2\/2020\/10\/logos.png","contentUrl":"https:\/\/charente.catholique.fr\/grand-angouleme\/wp-content\/uploads\/sites\/2\/2020\/10\/logos.png","width":600,"height":257,"caption":"Association Dioc\u00e9saine d'Angoul\u00eame"},"image":{"@id":"https:\/\/charente.catholique.fr\/grand-angouleme\/#\/schema\/logo\/image\/"},"sameAs":["https:\/\/www.facebook.com\/EgliseCatholiqueCharente","https:\/\/x.com\/diocesecharente","https:\/\/www.instagram.com\/eglisecharente","https:\/\/www.youtube.com\/channel\/UCByyFWApZbw3gDTiADoiAaQ"]},{"@type":"Person","@id":"https:\/\/charente.catholique.fr\/grand-angouleme\/#\/schema\/person\/898f693d8a5f95b1bf02828f73967b47","name":"Janine Laborde","image":{"@type":"ImageObject","inLanguage":"fr-FR","@id":"https:\/\/charente.catholique.fr\/grand-angouleme\/#\/schema\/person\/image\/","url":"https:\/\/secure.gravatar.com\/avatar\/a8f3185ff2f6cee7d79c60e904004ccb6107bdc3e38d176acfc1ee42b62a994e?s=96&d=mm&r=g","contentUrl":"https:\/\/secure.gravatar.com\/avatar\/a8f3185ff2f6cee7d79c60e904004ccb6107bdc3e38d176acfc1ee42b62a994e?s=96&d=mm&r=g","caption":"Janine Laborde"},"url":"https:\/\/charente.catholique.fr\/grand-angouleme\/author\/janinelaborde\/"}]}},"_links":{"self":[{"href":"https:\/\/charente.catholique.fr\/grand-angouleme\/wp-json\/wp\/v2\/posts\/20537","targetHints":{"allow":["GET"]}}],"collection":[{"href":"https:\/\/charente.catholique.fr\/grand-angouleme\/wp-json\/wp\/v2\/posts"}],"about":[{"href":"https:\/\/charente.catholique.fr\/grand-angouleme\/wp-json\/wp\/v2\/types\/post"}],"author":[{"embeddable":true,"href":"https:\/\/charente.catholique.fr\/grand-angouleme\/wp-json\/wp\/v2\/users\/22"}],"replies":[{"embeddable":true,"href":"https:\/\/charente.catholique.fr\/grand-angouleme\/wp-json\/wp\/v2\/comments?post=20537"}],"version-history":[{"count":10,"href":"https:\/\/charente.catholique.fr\/grand-angouleme\/wp-json\/wp\/v2\/posts\/20537\/revisions"}],"predecessor-version":[{"id":20748,"href":"https:\/\/charente.catholique.fr\/grand-angouleme\/wp-json\/wp\/v2\/posts\/20537\/revisions\/20748"}],"wp:featuredmedia":[{"embeddable":true,"href":"https:\/\/charente.catholique.fr\/grand-angouleme\/wp-json\/wp\/v2\/media\/20554"}],"wp:attachment":[{"href":"https:\/\/charente.catholique.fr\/grand-angouleme\/wp-json\/wp\/v2\/media?parent=20537"}],"wp:term":[{"taxonomy":"category","embeddable":true,"href":"https:\/\/charente.catholique.fr\/grand-angouleme\/wp-json\/wp\/v2\/categories?post=20537"},{"taxonomy":"post_tag","embeddable":true,"href":"https:\/\/charente.catholique.fr\/grand-angouleme\/wp-json\/wp\/v2\/tags?post=20537"}],"curies":[{"name":"wp","href":"https:\/\/api.w.org\/{rel}","templated":true}]}}