{"id":20463,"date":"2023-04-02T04:36:21","date_gmt":"2023-04-02T02:36:21","guid":{"rendered":"https:\/\/charente.catholique.fr\/grand-angouleme\/?p=20463"},"modified":"2023-04-02T10:44:26","modified_gmt":"2023-04-02T08:44:26","slug":"petite-homelie-du-p-denis-trinez-pour-le-dimanche-des-rameaux-et-de-la-passion","status":"publish","type":"post","link":"https:\/\/charente.catholique.fr\/grand-angouleme\/actualites\/petite-homelie-du-p-denis-trinez-pour-le-dimanche-des-rameaux-et-de-la-passion\/","title":{"rendered":"Petite hom\u00e9lie du P. Denis Trinez pour le dimanche des Rameaux et de la Passion"},"content":{"rendered":"\n<h4 class=\"wp-block-heading\"><a href=\"https:\/\/www.aelf.org\/\">Textes du jour<\/a><\/h4>\n\n\n\n<h4 class=\"wp-block-heading\">Petite hom\u00e9lie du P\u00e8re Denis <\/h4>\n\n\n\n<figure class=\"wp-block-embed is-type-video is-provider-youtube wp-block-embed-youtube wp-embed-aspect-4-3 wp-has-aspect-ratio\"><div class=\"wp-block-embed__wrapper\">\n<iframe loading=\"lazy\" title=\"petite hom\u00e9lie du p\u00e8re Denis Trinez pour la messe des Rameaux et de la Passion de l&#039;ann\u00e9e A\" width=\"500\" height=\"375\" src=\"https:\/\/www.youtube.com\/embed\/dyaAF50MSFg?feature=oembed\" frameborder=\"0\" allow=\"accelerometer; autoplay; clipboard-write; encrypted-media; gyroscope; picture-in-picture; web-share\" referrerpolicy=\"strict-origin-when-cross-origin\" allowfullscreen><\/iframe>\n<\/div><\/figure>\n\n\n\n<h4 class=\"wp-block-heading\">Pri\u00e8re universelle <\/h4>\n\n\n\n<ul class=\"wp-block-list\">\n<li>&#8220;B\u00e9ni soit Celui qui vient au nom du Seigneur&#8221;. \u00c0  l&#8217;aube de la Semaine Sainte, prions le Christ pour notre \u00c9glise appel\u00e9e \u00e0  t\u00e9moigner de J\u00e9sus,  porteur de Vie.<\/li>\n\n\n\n<li>&#8220;Voici ton roi qui vient vers toi plein de douceur&#8221;. Avec le pape Fran\u00e7ois prions pour tous les peuples de la terre, appel\u00e9s \u00e0  d\u00e9poser les armes et \u00e0  pratiquer peu \u00e0  peu la non violence pour que la paix l&#8217;emporte.<\/li>\n\n\n\n<li>&#8220;Le Seigneur mon Dieu m&#8217;a donn\u00e9  une parole, m&#8217;a ouvert l&#8217;oreille&#8221;. Alors que l&#8217;\u00e9puisement nous gagne, prions pour que tu nous redonnes de l&#8217;\u00e9lan et soutiens celles et ceux qui donnent de leur temps gratuitement pour les personnes seules, d\u00e9laiss\u00e9es, exclues ou en grande souffrance.<\/li>\n\n\n\n<li>&#8220;Et le voile se d\u00e9chira&#8221; et r\u00e9v\u00e8le J\u00e9sus prenant la condition de serviteur jusque dans la mort. Seigneur accompagne et soutiens nos engagements dans le service de nos s\u0153urs et fr\u00e8res pour d\u00e9couvrir et vivre avec eux la beaut\u00e9 de la solidarit\u00e9  et de la fraternit\u00e9. <\/li>\n<\/ul>\n","protected":false},"excerpt":{"rendered":"<p>Textes du jour Petite hom\u00e9lie du P\u00e8re Denis Pri\u00e8re universelle<\/p>\n","protected":false},"author":22,"featured_media":20464,"comment_status":"open","ping_status":"open","sticky":false,"template":"","format":"standard","meta":{"_acf_changed":false,"paroisse":["0"],"service":["0"],"footnotes":""},"categories":[1],"tags":[],"class_list":["post-20463","post","type-post","status-publish","format-standard","has-post-thumbnail","hentry","category-actualites"],"acf":[],"yoast_head":"<!-- This site is optimized with the Yoast SEO plugin v27.1.1 - https:\/\/yoast.com\/product\/yoast-seo-wordpress\/ -->\n<title>Petite hom\u00e9lie du P. Denis Trinez pour le dimanche des Rameaux et de la Passion - Doyenn\u00e9 Grand Angoul\u00eame<\/title>\n<meta name=\"robots\" content=\"index, follow, max-snippet:-1, max-image-preview:large, max-video-preview:-1\" \/>\n<link rel=\"canonical\" href=\"https:\/\/charente.catholique.fr\/grand-angouleme\/actualites\/petite-homelie-du-p-denis-trinez-pour-le-dimanche-des-rameaux-et-de-la-passion\/\" \/>\n<meta property=\"og:locale\" content=\"fr_FR\" \/>\n<meta property=\"og:type\" content=\"article\" \/>\n<meta property=\"og:title\" content=\"Petite hom\u00e9lie du P. Denis Trinez pour le dimanche des Rameaux et de la Passion - Doyenn\u00e9 Grand Angoul\u00eame\" \/>\n<meta property=\"og:description\" content=\"Textes du jour Petite hom\u00e9lie du P\u00e8re Denis Pri\u00e8re universelle\" \/>\n<meta property=\"og:url\" content=\"https:\/\/charente.catholique.fr\/grand-angouleme\/actualites\/petite-homelie-du-p-denis-trinez-pour-le-dimanche-des-rameaux-et-de-la-passion\/\" \/>\n<meta property=\"og:site_name\" content=\"Doyenn\u00e9 Grand Angoul\u00eame\" \/>\n<meta property=\"article:publisher\" content=\"https:\/\/www.facebook.com\/EgliseCatholiqueCharente\" \/>\n<meta property=\"article:published_time\" content=\"2023-04-02T02:36:21+00:00\" \/>\n<meta property=\"article:modified_time\" content=\"2023-04-02T08:44:26+00:00\" \/>\n<meta property=\"og:image\" content=\"https:\/\/charente.catholique.fr\/grand-angouleme\/wp-content\/uploads\/sites\/2\/2023\/04\/quest-ce-que-le-dimanche-des-rameaux.jpg\" \/>\n\t<meta property=\"og:image:width\" content=\"1200\" \/>\n\t<meta property=\"og:image:height\" content=\"630\" \/>\n\t<meta property=\"og:image:type\" content=\"image\/jpeg\" \/>\n<meta name=\"author\" content=\"Janine Laborde\" \/>\n<meta name=\"twitter:card\" content=\"summary_large_image\" \/>\n<meta name=\"twitter:creator\" content=\"@diocesecharente\" \/>\n<meta name=\"twitter:site\" content=\"@diocesecharente\" \/>\n<meta name=\"twitter:label1\" content=\"\u00c9crit par\" \/>\n\t<meta name=\"twitter:data1\" content=\"Janine Laborde\" \/>\n\t<meta name=\"twitter:label2\" content=\"Dur\u00e9e de lecture estim\u00e9e\" \/>\n\t<meta name=\"twitter:data2\" content=\"1 minute\" \/>\n<script type=\"application\/ld+json\" class=\"yoast-schema-graph\">{\"@context\":\"https:\/\/schema.org\",\"@graph\":[{\"@type\":\"Article\",\"@id\":\"https:\/\/charente.catholique.fr\/grand-angouleme\/actualites\/petite-homelie-du-p-denis-trinez-pour-le-dimanche-des-rameaux-et-de-la-passion\/#article\",\"isPartOf\":{\"@id\":\"https:\/\/charente.catholique.fr\/grand-angouleme\/actualites\/petite-homelie-du-p-denis-trinez-pour-le-dimanche-des-rameaux-et-de-la-passion\/\"},\"author\":{\"name\":\"Janine Laborde\",\"@id\":\"https:\/\/charente.catholique.fr\/grand-angouleme\/#\/schema\/person\/898f693d8a5f95b1bf02828f73967b47\"},\"headline\":\"Petite hom\u00e9lie du P. Denis Trinez pour le dimanche des Rameaux et de la Passion\",\"datePublished\":\"2023-04-02T02:36:21+00:00\",\"dateModified\":\"2023-04-02T08:44:26+00:00\",\"mainEntityOfPage\":{\"@id\":\"https:\/\/charente.catholique.fr\/grand-angouleme\/actualites\/petite-homelie-du-p-denis-trinez-pour-le-dimanche-des-rameaux-et-de-la-passion\/\"},\"wordCount\":213,\"commentCount\":0,\"publisher\":{\"@id\":\"https:\/\/charente.catholique.fr\/grand-angouleme\/#organization\"},\"image\":{\"@id\":\"https:\/\/charente.catholique.fr\/grand-angouleme\/actualites\/petite-homelie-du-p-denis-trinez-pour-le-dimanche-des-rameaux-et-de-la-passion\/#primaryimage\"},\"thumbnailUrl\":\"https:\/\/charente.catholique.fr\/grand-angouleme\/wp-content\/uploads\/sites\/2\/2023\/04\/quest-ce-que-le-dimanche-des-rameaux.jpg\",\"articleSection\":[\"Actualit\u00e9s\"],\"inLanguage\":\"fr-FR\",\"potentialAction\":[{\"@type\":\"CommentAction\",\"name\":\"Comment\",\"target\":[\"https:\/\/charente.catholique.fr\/grand-angouleme\/actualites\/petite-homelie-du-p-denis-trinez-pour-le-dimanche-des-rameaux-et-de-la-passion\/#respond\"]}]},{\"@type\":\"WebPage\",\"@id\":\"https:\/\/charente.catholique.fr\/grand-angouleme\/actualites\/petite-homelie-du-p-denis-trinez-pour-le-dimanche-des-rameaux-et-de-la-passion\/\",\"url\":\"https:\/\/charente.catholique.fr\/grand-angouleme\/actualites\/petite-homelie-du-p-denis-trinez-pour-le-dimanche-des-rameaux-et-de-la-passion\/\",\"name\":\"Petite hom\u00e9lie du P. Denis Trinez pour le dimanche des Rameaux et de la Passion - Doyenn\u00e9 Grand Angoul\u00eame\",\"isPartOf\":{\"@id\":\"https:\/\/charente.catholique.fr\/grand-angouleme\/#website\"},\"primaryImageOfPage\":{\"@id\":\"https:\/\/charente.catholique.fr\/grand-angouleme\/actualites\/petite-homelie-du-p-denis-trinez-pour-le-dimanche-des-rameaux-et-de-la-passion\/#primaryimage\"},\"image\":{\"@id\":\"https:\/\/charente.catholique.fr\/grand-angouleme\/actualites\/petite-homelie-du-p-denis-trinez-pour-le-dimanche-des-rameaux-et-de-la-passion\/#primaryimage\"},\"thumbnailUrl\":\"https:\/\/charente.catholique.fr\/grand-angouleme\/wp-content\/uploads\/sites\/2\/2023\/04\/quest-ce-que-le-dimanche-des-rameaux.jpg\",\"datePublished\":\"2023-04-02T02:36:21+00:00\",\"dateModified\":\"2023-04-02T08:44:26+00:00\",\"breadcrumb\":{\"@id\":\"https:\/\/charente.catholique.fr\/grand-angouleme\/actualites\/petite-homelie-du-p-denis-trinez-pour-le-dimanche-des-rameaux-et-de-la-passion\/#breadcrumb\"},\"inLanguage\":\"fr-FR\",\"potentialAction\":[{\"@type\":\"ReadAction\",\"target\":[\"https:\/\/charente.catholique.fr\/grand-angouleme\/actualites\/petite-homelie-du-p-denis-trinez-pour-le-dimanche-des-rameaux-et-de-la-passion\/\"]}]},{\"@type\":\"ImageObject\",\"inLanguage\":\"fr-FR\",\"@id\":\"https:\/\/charente.catholique.fr\/grand-angouleme\/actualites\/petite-homelie-du-p-denis-trinez-pour-le-dimanche-des-rameaux-et-de-la-passion\/#primaryimage\",\"url\":\"https:\/\/charente.catholique.fr\/grand-angouleme\/wp-content\/uploads\/sites\/2\/2023\/04\/quest-ce-que-le-dimanche-des-rameaux.jpg\",\"contentUrl\":\"https:\/\/charente.catholique.fr\/grand-angouleme\/wp-content\/uploads\/sites\/2\/2023\/04\/quest-ce-que-le-dimanche-des-rameaux.jpg\",\"width\":1200,\"height\":630},{\"@type\":\"BreadcrumbList\",\"@id\":\"https:\/\/charente.catholique.fr\/grand-angouleme\/actualites\/petite-homelie-du-p-denis-trinez-pour-le-dimanche-des-rameaux-et-de-la-passion\/#breadcrumb\",\"itemListElement\":[{\"@type\":\"ListItem\",\"position\":1,\"name\":\"Accueil\",\"item\":\"https:\/\/charente.catholique.fr\/grand-angouleme\/\"},{\"@type\":\"ListItem\",\"position\":2,\"name\":\"Petite hom\u00e9lie du P. Denis Trinez pour le dimanche des Rameaux et de la Passion\"}]},{\"@type\":\"WebSite\",\"@id\":\"https:\/\/charente.catholique.fr\/grand-angouleme\/#website\",\"url\":\"https:\/\/charente.catholique.fr\/grand-angouleme\/\",\"name\":\"Doyenn\u00e9 Grand Angoul\u00eame - Dioc\u00e8se d'Angoul\u00eame\",\"description\":\"Dioc\u00e8se d&#039;Angoul\u00eame\",\"publisher\":{\"@id\":\"https:\/\/charente.catholique.fr\/grand-angouleme\/#organization\"},\"potentialAction\":[{\"@type\":\"SearchAction\",\"target\":{\"@type\":\"EntryPoint\",\"urlTemplate\":\"https:\/\/charente.catholique.fr\/grand-angouleme\/?s={search_term_string}\"},\"query-input\":{\"@type\":\"PropertyValueSpecification\",\"valueRequired\":true,\"valueName\":\"search_term_string\"}}],\"inLanguage\":\"fr-FR\"},{\"@type\":\"Organization\",\"@id\":\"https:\/\/charente.catholique.fr\/grand-angouleme\/#organization\",\"name\":\"Association Dioc\u00e9saine d'Angoul\u00eame\",\"url\":\"https:\/\/charente.catholique.fr\/grand-angouleme\/\",\"logo\":{\"@type\":\"ImageObject\",\"inLanguage\":\"fr-FR\",\"@id\":\"https:\/\/charente.catholique.fr\/grand-angouleme\/#\/schema\/logo\/image\/\",\"url\":\"https:\/\/charente.catholique.fr\/grand-angouleme\/wp-content\/uploads\/sites\/2\/2020\/10\/logos.png\",\"contentUrl\":\"https:\/\/charente.catholique.fr\/grand-angouleme\/wp-content\/uploads\/sites\/2\/2020\/10\/logos.png\",\"width\":600,\"height\":257,\"caption\":\"Association Dioc\u00e9saine d'Angoul\u00eame\"},\"image\":{\"@id\":\"https:\/\/charente.catholique.fr\/grand-angouleme\/#\/schema\/logo\/image\/\"},\"sameAs\":[\"https:\/\/www.facebook.com\/EgliseCatholiqueCharente\",\"https:\/\/x.com\/diocesecharente\",\"https:\/\/www.instagram.com\/eglisecharente\",\"https:\/\/www.youtube.com\/channel\/UCByyFWApZbw3gDTiADoiAaQ\"]},{\"@type\":\"Person\",\"@id\":\"https:\/\/charente.catholique.fr\/grand-angouleme\/#\/schema\/person\/898f693d8a5f95b1bf02828f73967b47\",\"name\":\"Janine Laborde\",\"image\":{\"@type\":\"ImageObject\",\"inLanguage\":\"fr-FR\",\"@id\":\"https:\/\/charente.catholique.fr\/grand-angouleme\/#\/schema\/person\/image\/\",\"url\":\"https:\/\/secure.gravatar.com\/avatar\/a8f3185ff2f6cee7d79c60e904004ccb6107bdc3e38d176acfc1ee42b62a994e?s=96&d=mm&r=g\",\"contentUrl\":\"https:\/\/secure.gravatar.com\/avatar\/a8f3185ff2f6cee7d79c60e904004ccb6107bdc3e38d176acfc1ee42b62a994e?s=96&d=mm&r=g\",\"caption\":\"Janine Laborde\"},\"url\":\"https:\/\/charente.catholique.fr\/grand-angouleme\/author\/janinelaborde\/\"}]}<\/script>\n<!-- \/ Yoast SEO plugin. -->","yoast_head_json":{"title":"Petite hom\u00e9lie du P. Denis Trinez pour le dimanche des Rameaux et de la Passion - Doyenn\u00e9 Grand Angoul\u00eame","robots":{"index":"index","follow":"follow","max-snippet":"max-snippet:-1","max-image-preview":"max-image-preview:large","max-video-preview":"max-video-preview:-1"},"canonical":"https:\/\/charente.catholique.fr\/grand-angouleme\/actualites\/petite-homelie-du-p-denis-trinez-pour-le-dimanche-des-rameaux-et-de-la-passion\/","og_locale":"fr_FR","og_type":"article","og_title":"Petite hom\u00e9lie du P. Denis Trinez pour le dimanche des Rameaux et de la Passion - Doyenn\u00e9 Grand Angoul\u00eame","og_description":"Textes du jour Petite hom\u00e9lie du P\u00e8re Denis Pri\u00e8re universelle","og_url":"https:\/\/charente.catholique.fr\/grand-angouleme\/actualites\/petite-homelie-du-p-denis-trinez-pour-le-dimanche-des-rameaux-et-de-la-passion\/","og_site_name":"Doyenn\u00e9 Grand Angoul\u00eame","article_publisher":"https:\/\/www.facebook.com\/EgliseCatholiqueCharente","article_published_time":"2023-04-02T02:36:21+00:00","article_modified_time":"2023-04-02T08:44:26+00:00","og_image":[{"width":1200,"height":630,"url":"https:\/\/charente.catholique.fr\/grand-angouleme\/wp-content\/uploads\/sites\/2\/2023\/04\/quest-ce-que-le-dimanche-des-rameaux.jpg","type":"image\/jpeg"}],"author":"Janine Laborde","twitter_card":"summary_large_image","twitter_creator":"@diocesecharente","twitter_site":"@diocesecharente","twitter_misc":{"\u00c9crit par":"Janine Laborde","Dur\u00e9e de lecture estim\u00e9e":"1 minute"},"schema":{"@context":"https:\/\/schema.org","@graph":[{"@type":"Article","@id":"https:\/\/charente.catholique.fr\/grand-angouleme\/actualites\/petite-homelie-du-p-denis-trinez-pour-le-dimanche-des-rameaux-et-de-la-passion\/#article","isPartOf":{"@id":"https:\/\/charente.catholique.fr\/grand-angouleme\/actualites\/petite-homelie-du-p-denis-trinez-pour-le-dimanche-des-rameaux-et-de-la-passion\/"},"author":{"name":"Janine Laborde","@id":"https:\/\/charente.catholique.fr\/grand-angouleme\/#\/schema\/person\/898f693d8a5f95b1bf02828f73967b47"},"headline":"Petite hom\u00e9lie du P. Denis Trinez pour le dimanche des Rameaux et de la Passion","datePublished":"2023-04-02T02:36:21+00:00","dateModified":"2023-04-02T08:44:26+00:00","mainEntityOfPage":{"@id":"https:\/\/charente.catholique.fr\/grand-angouleme\/actualites\/petite-homelie-du-p-denis-trinez-pour-le-dimanche-des-rameaux-et-de-la-passion\/"},"wordCount":213,"commentCount":0,"publisher":{"@id":"https:\/\/charente.catholique.fr\/grand-angouleme\/#organization"},"image":{"@id":"https:\/\/charente.catholique.fr\/grand-angouleme\/actualites\/petite-homelie-du-p-denis-trinez-pour-le-dimanche-des-rameaux-et-de-la-passion\/#primaryimage"},"thumbnailUrl":"https:\/\/charente.catholique.fr\/grand-angouleme\/wp-content\/uploads\/sites\/2\/2023\/04\/quest-ce-que-le-dimanche-des-rameaux.jpg","articleSection":["Actualit\u00e9s"],"inLanguage":"fr-FR","potentialAction":[{"@type":"CommentAction","name":"Comment","target":["https:\/\/charente.catholique.fr\/grand-angouleme\/actualites\/petite-homelie-du-p-denis-trinez-pour-le-dimanche-des-rameaux-et-de-la-passion\/#respond"]}]},{"@type":"WebPage","@id":"https:\/\/charente.catholique.fr\/grand-angouleme\/actualites\/petite-homelie-du-p-denis-trinez-pour-le-dimanche-des-rameaux-et-de-la-passion\/","url":"https:\/\/charente.catholique.fr\/grand-angouleme\/actualites\/petite-homelie-du-p-denis-trinez-pour-le-dimanche-des-rameaux-et-de-la-passion\/","name":"Petite hom\u00e9lie du P. Denis Trinez pour le dimanche des Rameaux et de la Passion - Doyenn\u00e9 Grand Angoul\u00eame","isPartOf":{"@id":"https:\/\/charente.catholique.fr\/grand-angouleme\/#website"},"primaryImageOfPage":{"@id":"https:\/\/charente.catholique.fr\/grand-angouleme\/actualites\/petite-homelie-du-p-denis-trinez-pour-le-dimanche-des-rameaux-et-de-la-passion\/#primaryimage"},"image":{"@id":"https:\/\/charente.catholique.fr\/grand-angouleme\/actualites\/petite-homelie-du-p-denis-trinez-pour-le-dimanche-des-rameaux-et-de-la-passion\/#primaryimage"},"thumbnailUrl":"https:\/\/charente.catholique.fr\/grand-angouleme\/wp-content\/uploads\/sites\/2\/2023\/04\/quest-ce-que-le-dimanche-des-rameaux.jpg","datePublished":"2023-04-02T02:36:21+00:00","dateModified":"2023-04-02T08:44:26+00:00","breadcrumb":{"@id":"https:\/\/charente.catholique.fr\/grand-angouleme\/actualites\/petite-homelie-du-p-denis-trinez-pour-le-dimanche-des-rameaux-et-de-la-passion\/#breadcrumb"},"inLanguage":"fr-FR","potentialAction":[{"@type":"ReadAction","target":["https:\/\/charente.catholique.fr\/grand-angouleme\/actualites\/petite-homelie-du-p-denis-trinez-pour-le-dimanche-des-rameaux-et-de-la-passion\/"]}]},{"@type":"ImageObject","inLanguage":"fr-FR","@id":"https:\/\/charente.catholique.fr\/grand-angouleme\/actualites\/petite-homelie-du-p-denis-trinez-pour-le-dimanche-des-rameaux-et-de-la-passion\/#primaryimage","url":"https:\/\/charente.catholique.fr\/grand-angouleme\/wp-content\/uploads\/sites\/2\/2023\/04\/quest-ce-que-le-dimanche-des-rameaux.jpg","contentUrl":"https:\/\/charente.catholique.fr\/grand-angouleme\/wp-content\/uploads\/sites\/2\/2023\/04\/quest-ce-que-le-dimanche-des-rameaux.jpg","width":1200,"height":630},{"@type":"BreadcrumbList","@id":"https:\/\/charente.catholique.fr\/grand-angouleme\/actualites\/petite-homelie-du-p-denis-trinez-pour-le-dimanche-des-rameaux-et-de-la-passion\/#breadcrumb","itemListElement":[{"@type":"ListItem","position":1,"name":"Accueil","item":"https:\/\/charente.catholique.fr\/grand-angouleme\/"},{"@type":"ListItem","position":2,"name":"Petite hom\u00e9lie du P. Denis Trinez pour le dimanche des Rameaux et de la Passion"}]},{"@type":"WebSite","@id":"https:\/\/charente.catholique.fr\/grand-angouleme\/#website","url":"https:\/\/charente.catholique.fr\/grand-angouleme\/","name":"Doyenn\u00e9 Grand Angoul\u00eame - Dioc\u00e8se d'Angoul\u00eame","description":"Dioc\u00e8se d&#039;Angoul\u00eame","publisher":{"@id":"https:\/\/charente.catholique.fr\/grand-angouleme\/#organization"},"potentialAction":[{"@type":"SearchAction","target":{"@type":"EntryPoint","urlTemplate":"https:\/\/charente.catholique.fr\/grand-angouleme\/?s={search_term_string}"},"query-input":{"@type":"PropertyValueSpecification","valueRequired":true,"valueName":"search_term_string"}}],"inLanguage":"fr-FR"},{"@type":"Organization","@id":"https:\/\/charente.catholique.fr\/grand-angouleme\/#organization","name":"Association Dioc\u00e9saine d'Angoul\u00eame","url":"https:\/\/charente.catholique.fr\/grand-angouleme\/","logo":{"@type":"ImageObject","inLanguage":"fr-FR","@id":"https:\/\/charente.catholique.fr\/grand-angouleme\/#\/schema\/logo\/image\/","url":"https:\/\/charente.catholique.fr\/grand-angouleme\/wp-content\/uploads\/sites\/2\/2020\/10\/logos.png","contentUrl":"https:\/\/charente.catholique.fr\/grand-angouleme\/wp-content\/uploads\/sites\/2\/2020\/10\/logos.png","width":600,"height":257,"caption":"Association Dioc\u00e9saine d'Angoul\u00eame"},"image":{"@id":"https:\/\/charente.catholique.fr\/grand-angouleme\/#\/schema\/logo\/image\/"},"sameAs":["https:\/\/www.facebook.com\/EgliseCatholiqueCharente","https:\/\/x.com\/diocesecharente","https:\/\/www.instagram.com\/eglisecharente","https:\/\/www.youtube.com\/channel\/UCByyFWApZbw3gDTiADoiAaQ"]},{"@type":"Person","@id":"https:\/\/charente.catholique.fr\/grand-angouleme\/#\/schema\/person\/898f693d8a5f95b1bf02828f73967b47","name":"Janine Laborde","image":{"@type":"ImageObject","inLanguage":"fr-FR","@id":"https:\/\/charente.catholique.fr\/grand-angouleme\/#\/schema\/person\/image\/","url":"https:\/\/secure.gravatar.com\/avatar\/a8f3185ff2f6cee7d79c60e904004ccb6107bdc3e38d176acfc1ee42b62a994e?s=96&d=mm&r=g","contentUrl":"https:\/\/secure.gravatar.com\/avatar\/a8f3185ff2f6cee7d79c60e904004ccb6107bdc3e38d176acfc1ee42b62a994e?s=96&d=mm&r=g","caption":"Janine Laborde"},"url":"https:\/\/charente.catholique.fr\/grand-angouleme\/author\/janinelaborde\/"}]}},"_links":{"self":[{"href":"https:\/\/charente.catholique.fr\/grand-angouleme\/wp-json\/wp\/v2\/posts\/20463","targetHints":{"allow":["GET"]}}],"collection":[{"href":"https:\/\/charente.catholique.fr\/grand-angouleme\/wp-json\/wp\/v2\/posts"}],"about":[{"href":"https:\/\/charente.catholique.fr\/grand-angouleme\/wp-json\/wp\/v2\/types\/post"}],"author":[{"embeddable":true,"href":"https:\/\/charente.catholique.fr\/grand-angouleme\/wp-json\/wp\/v2\/users\/22"}],"replies":[{"embeddable":true,"href":"https:\/\/charente.catholique.fr\/grand-angouleme\/wp-json\/wp\/v2\/comments?post=20463"}],"version-history":[{"count":3,"href":"https:\/\/charente.catholique.fr\/grand-angouleme\/wp-json\/wp\/v2\/posts\/20463\/revisions"}],"predecessor-version":[{"id":20467,"href":"https:\/\/charente.catholique.fr\/grand-angouleme\/wp-json\/wp\/v2\/posts\/20463\/revisions\/20467"}],"wp:featuredmedia":[{"embeddable":true,"href":"https:\/\/charente.catholique.fr\/grand-angouleme\/wp-json\/wp\/v2\/media\/20464"}],"wp:attachment":[{"href":"https:\/\/charente.catholique.fr\/grand-angouleme\/wp-json\/wp\/v2\/media?parent=20463"}],"wp:term":[{"taxonomy":"category","embeddable":true,"href":"https:\/\/charente.catholique.fr\/grand-angouleme\/wp-json\/wp\/v2\/categories?post=20463"},{"taxonomy":"post_tag","embeddable":true,"href":"https:\/\/charente.catholique.fr\/grand-angouleme\/wp-json\/wp\/v2\/tags?post=20463"}],"curies":[{"name":"wp","href":"https:\/\/api.w.org\/{rel}","templated":true}]}}