{"id":20378,"date":"2023-03-22T16:22:28","date_gmt":"2023-03-22T15:22:28","guid":{"rendered":"https:\/\/charente.catholique.fr\/grand-angouleme\/?p=20378"},"modified":"2023-03-28T12:12:05","modified_gmt":"2023-03-28T10:12:05","slug":"entree-en-ramadan-de-la-communaute-musulmane","status":"publish","type":"post","link":"https:\/\/charente.catholique.fr\/grand-angouleme\/actualites\/entree-en-ramadan-de-la-communaute-musulmane\/","title":{"rendered":"Entr\u00e9e en Ramadan de la communaut\u00e9 musulmane"},"content":{"rendered":"\n<p>A l&#8217;occasion de l&#8217;entr\u00e9e en Ramadan, <strong>voici la lettre adress\u00e9e \u00e0  Kader Bouazza<\/strong>, pr\u00e9sident du conseil du culte musulman de Charente, \u00e0 toute la communaut\u00e9 musulmane par le P\u00e8re Denis.<\/p>\n\n\n\n<p class=\"has-medium-font-size\"><br>Bien cher ami Kader et toute la communaut\u00e9 musulmane d\u2019Angoul\u00eame,<\/p>\n\n\n\n<p class=\"has-medium-font-size\">Aujourd\u2019hui commence le Ramadan.<\/p>\n\n\n\n<p class=\"has-medium-font-size\">Alors que nous vivons notre 4\u00e8me semaine de Car\u00eame c\u2019est un moment bien favorable pour venir vers toi et souhaiter par ton interm\u00e9diaire \u00e0 toute ta communaut\u00e9 un bon et pr\u00e9cieux temps de Ramadan&nbsp;:<\/p>\n\n\n\n<p class=\"has-medium-font-size\">\u2013 moment de ressourcement spirituel et de pri\u00e8re sinc\u00e8re&nbsp;;<\/p>\n\n\n\n<p class=\"has-medium-font-size\">\u2013 moment de rencontre fraternelle et d\u2019\u00e9changes&nbsp;;<\/p>\n\n\n\n<p class=\"has-medium-font-size\">\u2013 moment de je\u00fbne et de partage notamment avec les plus n\u00e9cessiteux.<\/p>\n\n\n\n<p class=\"has-medium-font-size\">Apr\u00e8s plus d\u2019une ann\u00e9e de guerre en Ukraine, la rencontre et l\u2019union des croyants dans la pri\u00e8re et pour la paix est une urgence absolue.&nbsp;<\/p>\n\n\n\n<p class=\"has-medium-font-size\">Puissions-nous cher Kader inventer, comme par le pass\u00e9,&nbsp;de beaux moments de rencontre et de r\u00e9flexion commune entre nos communaut\u00e9s voisines.<\/p>\n\n\n\n<p class=\"has-medium-font-size\">Le temps pass\u00e9 la semaine derni\u00e8re \u00e0 la mosqu\u00e9e en compagnie de notre \u00e9v\u00eaque, a \u00e9t\u00e9 un temps de gr\u00e2ce, de joie et de si belle fraternit\u00e9. Merci encore pour le merveilleux accueil que vous nous avez r\u00e9serv\u00e9.&nbsp;<\/p>\n\n\n\n<p class=\"has-medium-font-size\">Oui cher Kader, continuons, comme par le pass\u00e9, \u00e0 avancer ensemble, \u00e0 poursuivre ces moments privil\u00e9gi\u00e9s d\u2019\u00e9changes et aussi \u00e0 r\u00e9aliser des activit\u00e9s concr\u00e8tes afin de parfaire notre connaissance mutuelle et d\u2019am\u00e9liorer sans cesse la compr\u00e9hension entre nous.<\/p>\n\n\n\n<p class=\"has-medium-font-size\">Merci \u00e0 toi de bien vouloir transmettre \u00e0 la communaut\u00e9 musulmane nos remerciements les plus chaleureux pour toutes les marques d\u2019ouverture et de disponibilit\u00e9. Il est heureux que les musulmans et les chr\u00e9tiens continuent \u00e0 \u0153uvrer pour le bien de tous.&nbsp;<\/p>\n\n\n\n<p class=\"has-medium-font-size\">Cependant, nous sommes bien conscients que nous ne pourrons y arriver seuls. Nous devons laisser une place au Tr\u00e8s Haut, Souverain Dieu de l\u2019univers pour b\u00e2tir cette maison&nbsp;commune o\u00f9 il fait bon vivre ensemble.<\/p>\n\n\n\n<p class=\"has-medium-font-size\">\u0152uvrons donc toujours de concert pour la paix ici et partout ailleurs.<\/p>\n\n\n\n<p class=\"has-medium-font-size\"><em><strong>Que Dieu te b\u00e9nisse ainsi que toutes les familles de ta communaut\u00e9 pendant ce temps&nbsp;<\/strong><\/em><em><strong>b\u00e9ni de Ramadan.<\/strong><\/em><\/p>\n\n\n\n<p class=\"has-medium-font-size\"><em><strong>En c<\/strong><\/em><em><strong>ommunion dans la pri\u00e8re et l\u2019amiti\u00e9.<\/strong><\/em><\/p>\n\n\n\n<p class=\"has-medium-font-size\"><em>Denis<\/em><\/p>\n","protected":false},"excerpt":{"rendered":"<p>A l&#8217;occasion de l&#8217;entr\u00e9e en Ramadan, voici la lettre adress\u00e9e \u00e0 Kader Bouazza, pr\u00e9sident du conseil du culte musulman de Charente, \u00e0 toute la communaut\u00e9 musulmane par le P\u00e8re Denis. Bien cher ami Kader et toute la communaut\u00e9 musulmane d\u2019Angoul\u00eame, Aujourd\u2019hui commence le Ramadan. Alors que nous vivons notre 4\u00e8me semaine de Car\u00eame c\u2019est un [&hellip;]<\/p>\n","protected":false},"author":22,"featured_media":20382,"comment_status":"open","ping_status":"open","sticky":false,"template":"","format":"standard","meta":{"_acf_changed":false,"paroisse":["0"],"service":["0"],"footnotes":""},"categories":[1],"tags":[],"class_list":["post-20378","post","type-post","status-publish","format-standard","has-post-thumbnail","hentry","category-actualites"],"acf":[],"yoast_head":"<!-- This site is optimized with the Yoast SEO plugin v27.1.1 - https:\/\/yoast.com\/product\/yoast-seo-wordpress\/ -->\n<title>Entr\u00e9e en Ramadan de la communaut\u00e9 musulmane - Doyenn\u00e9 Grand Angoul\u00eame<\/title>\n<meta name=\"robots\" content=\"index, follow, max-snippet:-1, max-image-preview:large, max-video-preview:-1\" \/>\n<link rel=\"canonical\" href=\"https:\/\/charente.catholique.fr\/grand-angouleme\/actualites\/entree-en-ramadan-de-la-communaute-musulmane\/\" \/>\n<meta property=\"og:locale\" content=\"fr_FR\" \/>\n<meta property=\"og:type\" content=\"article\" \/>\n<meta property=\"og:title\" content=\"Entr\u00e9e en Ramadan de la communaut\u00e9 musulmane - Doyenn\u00e9 Grand Angoul\u00eame\" \/>\n<meta property=\"og:description\" content=\"A l&#8217;occasion de l&#8217;entr\u00e9e en Ramadan, voici la lettre adress\u00e9e \u00e0 Kader Bouazza, pr\u00e9sident du conseil du culte musulman de Charente, \u00e0 toute la communaut\u00e9 musulmane par le P\u00e8re Denis. Bien cher ami Kader et toute la communaut\u00e9 musulmane d\u2019Angoul\u00eame, Aujourd\u2019hui commence le Ramadan. Alors que nous vivons notre 4\u00e8me semaine de Car\u00eame c\u2019est un [&hellip;]\" \/>\n<meta property=\"og:url\" content=\"https:\/\/charente.catholique.fr\/grand-angouleme\/actualites\/entree-en-ramadan-de-la-communaute-musulmane\/\" \/>\n<meta property=\"og:site_name\" content=\"Doyenn\u00e9 Grand Angoul\u00eame\" \/>\n<meta property=\"article:publisher\" content=\"https:\/\/www.facebook.com\/EgliseCatholiqueCharente\" \/>\n<meta property=\"article:published_time\" content=\"2023-03-22T15:22:28+00:00\" \/>\n<meta property=\"article:modified_time\" content=\"2023-03-28T10:12:05+00:00\" \/>\n<meta property=\"og:image\" content=\"https:\/\/charente.catholique.fr\/grand-angouleme\/wp-content\/uploads\/sites\/2\/2023\/03\/20230322_165303.jpg\" \/>\n\t<meta property=\"og:image:width\" content=\"648\" \/>\n\t<meta property=\"og:image:height\" content=\"360\" \/>\n\t<meta property=\"og:image:type\" content=\"image\/jpeg\" \/>\n<meta name=\"author\" content=\"Janine Laborde\" \/>\n<meta name=\"twitter:card\" content=\"summary_large_image\" \/>\n<meta name=\"twitter:creator\" content=\"@diocesecharente\" \/>\n<meta name=\"twitter:site\" content=\"@diocesecharente\" \/>\n<meta name=\"twitter:label1\" content=\"\u00c9crit par\" \/>\n\t<meta name=\"twitter:data1\" content=\"Janine Laborde\" \/>\n\t<meta name=\"twitter:label2\" content=\"Dur\u00e9e de lecture estim\u00e9e\" \/>\n\t<meta name=\"twitter:data2\" content=\"2 minutes\" \/>\n<script type=\"application\/ld+json\" class=\"yoast-schema-graph\">{\"@context\":\"https:\/\/schema.org\",\"@graph\":[{\"@type\":\"Article\",\"@id\":\"https:\/\/charente.catholique.fr\/grand-angouleme\/actualites\/entree-en-ramadan-de-la-communaute-musulmane\/#article\",\"isPartOf\":{\"@id\":\"https:\/\/charente.catholique.fr\/grand-angouleme\/actualites\/entree-en-ramadan-de-la-communaute-musulmane\/\"},\"author\":{\"name\":\"Janine Laborde\",\"@id\":\"https:\/\/charente.catholique.fr\/grand-angouleme\/#\/schema\/person\/898f693d8a5f95b1bf02828f73967b47\"},\"headline\":\"Entr\u00e9e en Ramadan de la communaut\u00e9 musulmane\",\"datePublished\":\"2023-03-22T15:22:28+00:00\",\"dateModified\":\"2023-03-28T10:12:05+00:00\",\"mainEntityOfPage\":{\"@id\":\"https:\/\/charente.catholique.fr\/grand-angouleme\/actualites\/entree-en-ramadan-de-la-communaute-musulmane\/\"},\"wordCount\":395,\"commentCount\":0,\"publisher\":{\"@id\":\"https:\/\/charente.catholique.fr\/grand-angouleme\/#organization\"},\"image\":{\"@id\":\"https:\/\/charente.catholique.fr\/grand-angouleme\/actualites\/entree-en-ramadan-de-la-communaute-musulmane\/#primaryimage\"},\"thumbnailUrl\":\"https:\/\/charente.catholique.fr\/grand-angouleme\/wp-content\/uploads\/sites\/2\/2023\/03\/20230322_165303.jpg\",\"articleSection\":[\"Actualit\u00e9s\"],\"inLanguage\":\"fr-FR\",\"potentialAction\":[{\"@type\":\"CommentAction\",\"name\":\"Comment\",\"target\":[\"https:\/\/charente.catholique.fr\/grand-angouleme\/actualites\/entree-en-ramadan-de-la-communaute-musulmane\/#respond\"]}]},{\"@type\":\"WebPage\",\"@id\":\"https:\/\/charente.catholique.fr\/grand-angouleme\/actualites\/entree-en-ramadan-de-la-communaute-musulmane\/\",\"url\":\"https:\/\/charente.catholique.fr\/grand-angouleme\/actualites\/entree-en-ramadan-de-la-communaute-musulmane\/\",\"name\":\"Entr\u00e9e en Ramadan de la communaut\u00e9 musulmane - Doyenn\u00e9 Grand Angoul\u00eame\",\"isPartOf\":{\"@id\":\"https:\/\/charente.catholique.fr\/grand-angouleme\/#website\"},\"primaryImageOfPage\":{\"@id\":\"https:\/\/charente.catholique.fr\/grand-angouleme\/actualites\/entree-en-ramadan-de-la-communaute-musulmane\/#primaryimage\"},\"image\":{\"@id\":\"https:\/\/charente.catholique.fr\/grand-angouleme\/actualites\/entree-en-ramadan-de-la-communaute-musulmane\/#primaryimage\"},\"thumbnailUrl\":\"https:\/\/charente.catholique.fr\/grand-angouleme\/wp-content\/uploads\/sites\/2\/2023\/03\/20230322_165303.jpg\",\"datePublished\":\"2023-03-22T15:22:28+00:00\",\"dateModified\":\"2023-03-28T10:12:05+00:00\",\"breadcrumb\":{\"@id\":\"https:\/\/charente.catholique.fr\/grand-angouleme\/actualites\/entree-en-ramadan-de-la-communaute-musulmane\/#breadcrumb\"},\"inLanguage\":\"fr-FR\",\"potentialAction\":[{\"@type\":\"ReadAction\",\"target\":[\"https:\/\/charente.catholique.fr\/grand-angouleme\/actualites\/entree-en-ramadan-de-la-communaute-musulmane\/\"]}]},{\"@type\":\"ImageObject\",\"inLanguage\":\"fr-FR\",\"@id\":\"https:\/\/charente.catholique.fr\/grand-angouleme\/actualites\/entree-en-ramadan-de-la-communaute-musulmane\/#primaryimage\",\"url\":\"https:\/\/charente.catholique.fr\/grand-angouleme\/wp-content\/uploads\/sites\/2\/2023\/03\/20230322_165303.jpg\",\"contentUrl\":\"https:\/\/charente.catholique.fr\/grand-angouleme\/wp-content\/uploads\/sites\/2\/2023\/03\/20230322_165303.jpg\",\"width\":648,\"height\":360},{\"@type\":\"BreadcrumbList\",\"@id\":\"https:\/\/charente.catholique.fr\/grand-angouleme\/actualites\/entree-en-ramadan-de-la-communaute-musulmane\/#breadcrumb\",\"itemListElement\":[{\"@type\":\"ListItem\",\"position\":1,\"name\":\"Accueil\",\"item\":\"https:\/\/charente.catholique.fr\/grand-angouleme\/\"},{\"@type\":\"ListItem\",\"position\":2,\"name\":\"Entr\u00e9e en Ramadan de la communaut\u00e9 musulmane\"}]},{\"@type\":\"WebSite\",\"@id\":\"https:\/\/charente.catholique.fr\/grand-angouleme\/#website\",\"url\":\"https:\/\/charente.catholique.fr\/grand-angouleme\/\",\"name\":\"Doyenn\u00e9 Grand Angoul\u00eame - Dioc\u00e8se d'Angoul\u00eame\",\"description\":\"Dioc\u00e8se d&#039;Angoul\u00eame\",\"publisher\":{\"@id\":\"https:\/\/charente.catholique.fr\/grand-angouleme\/#organization\"},\"potentialAction\":[{\"@type\":\"SearchAction\",\"target\":{\"@type\":\"EntryPoint\",\"urlTemplate\":\"https:\/\/charente.catholique.fr\/grand-angouleme\/?s={search_term_string}\"},\"query-input\":{\"@type\":\"PropertyValueSpecification\",\"valueRequired\":true,\"valueName\":\"search_term_string\"}}],\"inLanguage\":\"fr-FR\"},{\"@type\":\"Organization\",\"@id\":\"https:\/\/charente.catholique.fr\/grand-angouleme\/#organization\",\"name\":\"Association Dioc\u00e9saine d'Angoul\u00eame\",\"url\":\"https:\/\/charente.catholique.fr\/grand-angouleme\/\",\"logo\":{\"@type\":\"ImageObject\",\"inLanguage\":\"fr-FR\",\"@id\":\"https:\/\/charente.catholique.fr\/grand-angouleme\/#\/schema\/logo\/image\/\",\"url\":\"https:\/\/charente.catholique.fr\/grand-angouleme\/wp-content\/uploads\/sites\/2\/2020\/10\/logos.png\",\"contentUrl\":\"https:\/\/charente.catholique.fr\/grand-angouleme\/wp-content\/uploads\/sites\/2\/2020\/10\/logos.png\",\"width\":600,\"height\":257,\"caption\":\"Association Dioc\u00e9saine d'Angoul\u00eame\"},\"image\":{\"@id\":\"https:\/\/charente.catholique.fr\/grand-angouleme\/#\/schema\/logo\/image\/\"},\"sameAs\":[\"https:\/\/www.facebook.com\/EgliseCatholiqueCharente\",\"https:\/\/x.com\/diocesecharente\",\"https:\/\/www.instagram.com\/eglisecharente\",\"https:\/\/www.youtube.com\/channel\/UCByyFWApZbw3gDTiADoiAaQ\"]},{\"@type\":\"Person\",\"@id\":\"https:\/\/charente.catholique.fr\/grand-angouleme\/#\/schema\/person\/898f693d8a5f95b1bf02828f73967b47\",\"name\":\"Janine Laborde\",\"image\":{\"@type\":\"ImageObject\",\"inLanguage\":\"fr-FR\",\"@id\":\"https:\/\/charente.catholique.fr\/grand-angouleme\/#\/schema\/person\/image\/\",\"url\":\"https:\/\/secure.gravatar.com\/avatar\/a8f3185ff2f6cee7d79c60e904004ccb6107bdc3e38d176acfc1ee42b62a994e?s=96&d=mm&r=g\",\"contentUrl\":\"https:\/\/secure.gravatar.com\/avatar\/a8f3185ff2f6cee7d79c60e904004ccb6107bdc3e38d176acfc1ee42b62a994e?s=96&d=mm&r=g\",\"caption\":\"Janine Laborde\"},\"url\":\"https:\/\/charente.catholique.fr\/grand-angouleme\/author\/janinelaborde\/\"}]}<\/script>\n<!-- \/ Yoast SEO plugin. -->","yoast_head_json":{"title":"Entr\u00e9e en Ramadan de la communaut\u00e9 musulmane - Doyenn\u00e9 Grand Angoul\u00eame","robots":{"index":"index","follow":"follow","max-snippet":"max-snippet:-1","max-image-preview":"max-image-preview:large","max-video-preview":"max-video-preview:-1"},"canonical":"https:\/\/charente.catholique.fr\/grand-angouleme\/actualites\/entree-en-ramadan-de-la-communaute-musulmane\/","og_locale":"fr_FR","og_type":"article","og_title":"Entr\u00e9e en Ramadan de la communaut\u00e9 musulmane - Doyenn\u00e9 Grand Angoul\u00eame","og_description":"A l&#8217;occasion de l&#8217;entr\u00e9e en Ramadan, voici la lettre adress\u00e9e \u00e0 Kader Bouazza, pr\u00e9sident du conseil du culte musulman de Charente, \u00e0 toute la communaut\u00e9 musulmane par le P\u00e8re Denis. Bien cher ami Kader et toute la communaut\u00e9 musulmane d\u2019Angoul\u00eame, Aujourd\u2019hui commence le Ramadan. Alors que nous vivons notre 4\u00e8me semaine de Car\u00eame c\u2019est un [&hellip;]","og_url":"https:\/\/charente.catholique.fr\/grand-angouleme\/actualites\/entree-en-ramadan-de-la-communaute-musulmane\/","og_site_name":"Doyenn\u00e9 Grand Angoul\u00eame","article_publisher":"https:\/\/www.facebook.com\/EgliseCatholiqueCharente","article_published_time":"2023-03-22T15:22:28+00:00","article_modified_time":"2023-03-28T10:12:05+00:00","og_image":[{"width":648,"height":360,"url":"https:\/\/charente.catholique.fr\/grand-angouleme\/wp-content\/uploads\/sites\/2\/2023\/03\/20230322_165303.jpg","type":"image\/jpeg"}],"author":"Janine Laborde","twitter_card":"summary_large_image","twitter_creator":"@diocesecharente","twitter_site":"@diocesecharente","twitter_misc":{"\u00c9crit par":"Janine Laborde","Dur\u00e9e de lecture estim\u00e9e":"2 minutes"},"schema":{"@context":"https:\/\/schema.org","@graph":[{"@type":"Article","@id":"https:\/\/charente.catholique.fr\/grand-angouleme\/actualites\/entree-en-ramadan-de-la-communaute-musulmane\/#article","isPartOf":{"@id":"https:\/\/charente.catholique.fr\/grand-angouleme\/actualites\/entree-en-ramadan-de-la-communaute-musulmane\/"},"author":{"name":"Janine Laborde","@id":"https:\/\/charente.catholique.fr\/grand-angouleme\/#\/schema\/person\/898f693d8a5f95b1bf02828f73967b47"},"headline":"Entr\u00e9e en Ramadan de la communaut\u00e9 musulmane","datePublished":"2023-03-22T15:22:28+00:00","dateModified":"2023-03-28T10:12:05+00:00","mainEntityOfPage":{"@id":"https:\/\/charente.catholique.fr\/grand-angouleme\/actualites\/entree-en-ramadan-de-la-communaute-musulmane\/"},"wordCount":395,"commentCount":0,"publisher":{"@id":"https:\/\/charente.catholique.fr\/grand-angouleme\/#organization"},"image":{"@id":"https:\/\/charente.catholique.fr\/grand-angouleme\/actualites\/entree-en-ramadan-de-la-communaute-musulmane\/#primaryimage"},"thumbnailUrl":"https:\/\/charente.catholique.fr\/grand-angouleme\/wp-content\/uploads\/sites\/2\/2023\/03\/20230322_165303.jpg","articleSection":["Actualit\u00e9s"],"inLanguage":"fr-FR","potentialAction":[{"@type":"CommentAction","name":"Comment","target":["https:\/\/charente.catholique.fr\/grand-angouleme\/actualites\/entree-en-ramadan-de-la-communaute-musulmane\/#respond"]}]},{"@type":"WebPage","@id":"https:\/\/charente.catholique.fr\/grand-angouleme\/actualites\/entree-en-ramadan-de-la-communaute-musulmane\/","url":"https:\/\/charente.catholique.fr\/grand-angouleme\/actualites\/entree-en-ramadan-de-la-communaute-musulmane\/","name":"Entr\u00e9e en Ramadan de la communaut\u00e9 musulmane - Doyenn\u00e9 Grand Angoul\u00eame","isPartOf":{"@id":"https:\/\/charente.catholique.fr\/grand-angouleme\/#website"},"primaryImageOfPage":{"@id":"https:\/\/charente.catholique.fr\/grand-angouleme\/actualites\/entree-en-ramadan-de-la-communaute-musulmane\/#primaryimage"},"image":{"@id":"https:\/\/charente.catholique.fr\/grand-angouleme\/actualites\/entree-en-ramadan-de-la-communaute-musulmane\/#primaryimage"},"thumbnailUrl":"https:\/\/charente.catholique.fr\/grand-angouleme\/wp-content\/uploads\/sites\/2\/2023\/03\/20230322_165303.jpg","datePublished":"2023-03-22T15:22:28+00:00","dateModified":"2023-03-28T10:12:05+00:00","breadcrumb":{"@id":"https:\/\/charente.catholique.fr\/grand-angouleme\/actualites\/entree-en-ramadan-de-la-communaute-musulmane\/#breadcrumb"},"inLanguage":"fr-FR","potentialAction":[{"@type":"ReadAction","target":["https:\/\/charente.catholique.fr\/grand-angouleme\/actualites\/entree-en-ramadan-de-la-communaute-musulmane\/"]}]},{"@type":"ImageObject","inLanguage":"fr-FR","@id":"https:\/\/charente.catholique.fr\/grand-angouleme\/actualites\/entree-en-ramadan-de-la-communaute-musulmane\/#primaryimage","url":"https:\/\/charente.catholique.fr\/grand-angouleme\/wp-content\/uploads\/sites\/2\/2023\/03\/20230322_165303.jpg","contentUrl":"https:\/\/charente.catholique.fr\/grand-angouleme\/wp-content\/uploads\/sites\/2\/2023\/03\/20230322_165303.jpg","width":648,"height":360},{"@type":"BreadcrumbList","@id":"https:\/\/charente.catholique.fr\/grand-angouleme\/actualites\/entree-en-ramadan-de-la-communaute-musulmane\/#breadcrumb","itemListElement":[{"@type":"ListItem","position":1,"name":"Accueil","item":"https:\/\/charente.catholique.fr\/grand-angouleme\/"},{"@type":"ListItem","position":2,"name":"Entr\u00e9e en Ramadan de la communaut\u00e9 musulmane"}]},{"@type":"WebSite","@id":"https:\/\/charente.catholique.fr\/grand-angouleme\/#website","url":"https:\/\/charente.catholique.fr\/grand-angouleme\/","name":"Doyenn\u00e9 Grand Angoul\u00eame - Dioc\u00e8se d'Angoul\u00eame","description":"Dioc\u00e8se d&#039;Angoul\u00eame","publisher":{"@id":"https:\/\/charente.catholique.fr\/grand-angouleme\/#organization"},"potentialAction":[{"@type":"SearchAction","target":{"@type":"EntryPoint","urlTemplate":"https:\/\/charente.catholique.fr\/grand-angouleme\/?s={search_term_string}"},"query-input":{"@type":"PropertyValueSpecification","valueRequired":true,"valueName":"search_term_string"}}],"inLanguage":"fr-FR"},{"@type":"Organization","@id":"https:\/\/charente.catholique.fr\/grand-angouleme\/#organization","name":"Association Dioc\u00e9saine d'Angoul\u00eame","url":"https:\/\/charente.catholique.fr\/grand-angouleme\/","logo":{"@type":"ImageObject","inLanguage":"fr-FR","@id":"https:\/\/charente.catholique.fr\/grand-angouleme\/#\/schema\/logo\/image\/","url":"https:\/\/charente.catholique.fr\/grand-angouleme\/wp-content\/uploads\/sites\/2\/2020\/10\/logos.png","contentUrl":"https:\/\/charente.catholique.fr\/grand-angouleme\/wp-content\/uploads\/sites\/2\/2020\/10\/logos.png","width":600,"height":257,"caption":"Association Dioc\u00e9saine d'Angoul\u00eame"},"image":{"@id":"https:\/\/charente.catholique.fr\/grand-angouleme\/#\/schema\/logo\/image\/"},"sameAs":["https:\/\/www.facebook.com\/EgliseCatholiqueCharente","https:\/\/x.com\/diocesecharente","https:\/\/www.instagram.com\/eglisecharente","https:\/\/www.youtube.com\/channel\/UCByyFWApZbw3gDTiADoiAaQ"]},{"@type":"Person","@id":"https:\/\/charente.catholique.fr\/grand-angouleme\/#\/schema\/person\/898f693d8a5f95b1bf02828f73967b47","name":"Janine Laborde","image":{"@type":"ImageObject","inLanguage":"fr-FR","@id":"https:\/\/charente.catholique.fr\/grand-angouleme\/#\/schema\/person\/image\/","url":"https:\/\/secure.gravatar.com\/avatar\/a8f3185ff2f6cee7d79c60e904004ccb6107bdc3e38d176acfc1ee42b62a994e?s=96&d=mm&r=g","contentUrl":"https:\/\/secure.gravatar.com\/avatar\/a8f3185ff2f6cee7d79c60e904004ccb6107bdc3e38d176acfc1ee42b62a994e?s=96&d=mm&r=g","caption":"Janine Laborde"},"url":"https:\/\/charente.catholique.fr\/grand-angouleme\/author\/janinelaborde\/"}]}},"_links":{"self":[{"href":"https:\/\/charente.catholique.fr\/grand-angouleme\/wp-json\/wp\/v2\/posts\/20378","targetHints":{"allow":["GET"]}}],"collection":[{"href":"https:\/\/charente.catholique.fr\/grand-angouleme\/wp-json\/wp\/v2\/posts"}],"about":[{"href":"https:\/\/charente.catholique.fr\/grand-angouleme\/wp-json\/wp\/v2\/types\/post"}],"author":[{"embeddable":true,"href":"https:\/\/charente.catholique.fr\/grand-angouleme\/wp-json\/wp\/v2\/users\/22"}],"replies":[{"embeddable":true,"href":"https:\/\/charente.catholique.fr\/grand-angouleme\/wp-json\/wp\/v2\/comments?post=20378"}],"version-history":[{"count":6,"href":"https:\/\/charente.catholique.fr\/grand-angouleme\/wp-json\/wp\/v2\/posts\/20378\/revisions"}],"predecessor-version":[{"id":20387,"href":"https:\/\/charente.catholique.fr\/grand-angouleme\/wp-json\/wp\/v2\/posts\/20378\/revisions\/20387"}],"wp:featuredmedia":[{"embeddable":true,"href":"https:\/\/charente.catholique.fr\/grand-angouleme\/wp-json\/wp\/v2\/media\/20382"}],"wp:attachment":[{"href":"https:\/\/charente.catholique.fr\/grand-angouleme\/wp-json\/wp\/v2\/media?parent=20378"}],"wp:term":[{"taxonomy":"category","embeddable":true,"href":"https:\/\/charente.catholique.fr\/grand-angouleme\/wp-json\/wp\/v2\/categories?post=20378"},{"taxonomy":"post_tag","embeddable":true,"href":"https:\/\/charente.catholique.fr\/grand-angouleme\/wp-json\/wp\/v2\/tags?post=20378"}],"curies":[{"name":"wp","href":"https:\/\/api.w.org\/{rel}","templated":true}]}}