{"id":20058,"date":"2023-02-23T10:42:26","date_gmt":"2023-02-23T09:42:26","guid":{"rendered":"https:\/\/charente.catholique.fr\/grand-angouleme\/?p=20058"},"modified":"2023-03-04T05:51:10","modified_gmt":"2023-03-04T04:51:10","slug":"homelie-du-p-denis-trinez-pour-le-mercredi-des-cendres","status":"publish","type":"post","link":"https:\/\/charente.catholique.fr\/grand-angouleme\/actualites\/homelie-du-p-denis-trinez-pour-le-mercredi-des-cendres\/","title":{"rendered":"Hom\u00e9lie du P. Denis Trinez pour le Mercredi des Cendres"},"content":{"rendered":"\n<h4 class=\"wp-block-heading\">Accueil<\/h4>\n\n\n\n<p><strong> Aujourd&#8217;hui, j&#8217;entre en car\u00eame,<\/strong><\/p>\n\n\n\n<p>&nbsp;&nbsp;&nbsp;       j&#8217;ouvre ma porte, je refuse de rester fig\u00e9 dans mes positions, mes dogmes ou&nbsp;mes certitudes absolues.<\/p>\n\n\n\n<p><strong>&nbsp;Aujourd&#8217;hui, j&#8217;entre en car\u00eame,<\/strong><\/p>\n\n\n\n<p>&nbsp;&nbsp;&nbsp;&nbsp; alors je change de cap. Je mets le cap sur Dieu en me laissant d\u00e9ranger par les coutumes des autres, leurs habitudes, leurs langues.<\/p>\n\n\n\n<p><strong>&nbsp;Aujourd&#8217;hui, j&#8217;entre en car\u00eame,<\/strong><\/p>\n\n\n\n<p><strong>&nbsp;&nbsp;&nbsp;&nbsp; <\/strong>je me laisse surprendre par un autre rythme de l&#8217;autre qui me dit un autre temps.&nbsp;&nbsp;&nbsp;&nbsp;<\/p>\n\n\n\n<p><strong>&nbsp;Aujourd&#8217;hui, j&#8217;entre en car\u00eame,<\/strong><\/p>\n\n\n\n<p><strong>&nbsp;&nbsp;&nbsp;&nbsp; <\/strong>je me mets \u00e0 l&#8217;\u00e9coute et au partage de la Parole, celle qui, au milieu des&nbsp;&nbsp; bavardages me touche au c\u0153ur et m&#8217;apprend \u00e0 bouger, \u00e0 me d\u00e9placer, \u00e0 vivre de l&#8217;amour et de la paix&nbsp;.<\/p>\n\n\n\n<p><strong> Aujourd&#8217;hui, j&#8217;entre en car\u00eame,<\/strong><\/p>\n\n\n\n<p><strong>&nbsp;&nbsp;&nbsp;<\/strong>&nbsp; je contemple la r\u00e9ussite de Dieu, celle qui accepte la blessure, qui<strong> <\/strong>ne profite pas de l&#8217;\u00e9chec du faible ou de la sueur du plus humble.<\/p>\n\n\n\n<p><strong>Aujourd&#8217;hui, j&#8217;entre en car\u00eame,<\/strong><\/p>\n\n\n\n<p>&nbsp;&nbsp;&nbsp;&nbsp; je contemple l&#8217;amour de Dieu. Pas un amour&nbsp; int\u00e9ress\u00e9&nbsp; et qui tient compte de l&#8217;apparence physique, de la couleur de la peau, ou de la religion. Mais un amour gratuit qui m&#8217;apprend \u00e0 lire, \u00e0 regarder, \u00e0 parler, \u00e0 partager, \u00e0 rencontrer autrement.<\/p>\n\n\n\n<p class=\"has-text-align-right\"> <br><strong>&nbsp;&nbsp;&nbsp;&nbsp;&nbsp;&nbsp;&nbsp;&nbsp;&nbsp;&nbsp;&nbsp;&nbsp;&nbsp;&nbsp;&nbsp;&nbsp;&nbsp;&nbsp;&nbsp;&nbsp;&nbsp;&nbsp;&nbsp;&nbsp;&nbsp;&nbsp;&nbsp;&nbsp;&nbsp;&nbsp;&nbsp;&nbsp;&nbsp;&nbsp;&nbsp;&nbsp;&nbsp;&nbsp;&nbsp;&nbsp;&nbsp;&nbsp;&nbsp;&nbsp;&nbsp;&nbsp;&nbsp;&nbsp;&nbsp;&nbsp;&nbsp;&nbsp;&nbsp;&nbsp;&nbsp;&nbsp;&nbsp;&nbsp;&nbsp;&nbsp;&nbsp;&nbsp;&nbsp;&nbsp;&nbsp;&nbsp;&nbsp;&nbsp;&nbsp;&nbsp;&nbsp;&nbsp;&nbsp;&nbsp;&nbsp;&nbsp; &nbsp;&nbsp;D&#8217;apr\u00e8s&nbsp; Robert Riber<\/strong><\/p>\n\n\n\n<h4 class=\"wp-block-heading\">Lectures du jour<\/h4>\n\n\n\n<ul class=\"wp-block-list\">\n<li><strong>Lecture<\/strong> du livre du proph\u00e8te Jo\u00ebl (2, 12-18) \u00ab D\u00e9chirez vos c\u0153urs et non pas vos v\u00eatements \u00bb <\/li>\n\n\n\n<li><strong> Lecture<\/strong> de la 2\u00e8me lettre de saint Paul ap\u00f4tre aux Corinthiens (2 Co 5, 20 \u2013 6, 2)\u00ab Laissez-vous r\u00e9concilier avec Dieu. Voici maintenant le moment favorable \u00bb <\/li>\n\n\n\n<li><strong>\u00c9vangile de J\u00e9sus Christ <\/strong>selon saint Matthieu (17,1-9) \u00ab&nbsp;Son visage devint brillant com me le soleil&nbsp;\u00bb<\/li>\n<\/ul>\n\n\n\n<p class=\"has-text-align-right\"><\/p>\n\n\n\n<h4 class=\"wp-block-heading\">Hom\u00e9lie du P. Denis <\/h4>\n\n\n\n<figure class=\"wp-block-embed is-type-video is-provider-youtube wp-block-embed-youtube wp-embed-aspect-4-3 wp-has-aspect-ratio\"><div class=\"wp-block-embed__wrapper\">\n<iframe loading=\"lazy\" title=\"hom\u00e9lie du p\u00e8re Denis Trinez pour le Mercredi des Cendres\" width=\"500\" height=\"375\" src=\"https:\/\/www.youtube.com\/embed\/r229ByXofyA?feature=oembed\" frameborder=\"0\" allow=\"accelerometer; autoplay; clipboard-write; encrypted-media; gyroscope; picture-in-picture; web-share\" referrerpolicy=\"strict-origin-when-cross-origin\" allowfullscreen><\/iframe>\n<\/div><\/figure>\n\n\n\n<h4 class=\"wp-block-heading\">Pri\u00e8re universelle<\/h4>\n\n\n\n<p> Aujourd&#8217;hui, Seigneur, nous entrons en car\u00eame, comme&nbsp; Pierre, Jacques et Jean. Tu nous am\u00e8nes \u00e0 l&#8217;\u00e9cart, non pas de nos fr\u00e8res et s\u0153urs mais \u00e0 l&#8217;\u00e9cart de tout ce qui nous est superflu. Apprends-nous \u00e0 ne pas aller \u00e0 l&#8217;\u00e9cart tout seul mais bien avec d&#8217;autres pour \u00e9couter et partager en profondeur Ta Parole.<\/p>\n\n\n\n<p>Seigneur il est bon que nous soyons ici pour cet entr\u00e9e en car\u00eame. Donne nous l&#8217;\u00e9lan n\u00e9cessaire pour faire route avec tout ceux et celles qui ont besoin de paix, d&#8217;esp\u00e9rance, et de joie.<\/p>\n\n\n\n<p>Seigneur J\u00e9sus, Toi seul reste avec nous pour faire route ensemble. Qu&#8217; avec nos fr\u00e8res ordonn\u00e9s pr\u00eatres et diacres nous sachions continuer&nbsp;&nbsp; dans une dynamique fraternelle pour avancer vers une \u00e9glise accueillante, \u00e0 l&#8217;\u00e9coute, inventive, o\u00f9 chacune et chacun trouve une place paisible qui leur permettra de d\u00e9ployer leurs talents.<\/p>\n","protected":false},"excerpt":{"rendered":"<p>Accueil Aujourd&#8217;hui, j&#8217;entre en car\u00eame, &nbsp;&nbsp;&nbsp; j&#8217;ouvre ma porte, je refuse de rester fig\u00e9 dans mes positions, mes dogmes ou&nbsp;mes certitudes absolues. &nbsp;Aujourd&#8217;hui, j&#8217;entre en car\u00eame, &nbsp;&nbsp;&nbsp;&nbsp; alors je change de cap. Je mets le cap sur Dieu en me laissant d\u00e9ranger par les coutumes des autres, leurs habitudes, leurs langues. &nbsp;Aujourd&#8217;hui, j&#8217;entre en car\u00eame, [&hellip;]<\/p>\n","protected":false},"author":22,"featured_media":20059,"comment_status":"open","ping_status":"open","sticky":false,"template":"","format":"standard","meta":{"_acf_changed":false,"paroisse":["0"],"service":["0"],"footnotes":""},"categories":[1],"tags":[],"class_list":["post-20058","post","type-post","status-publish","format-standard","has-post-thumbnail","hentry","category-actualites"],"acf":[],"yoast_head":"<!-- This site is optimized with the Yoast SEO plugin v27.1.1 - https:\/\/yoast.com\/product\/yoast-seo-wordpress\/ -->\n<title>Hom\u00e9lie du P. Denis Trinez pour le Mercredi des Cendres - Doyenn\u00e9 Grand Angoul\u00eame<\/title>\n<meta name=\"robots\" content=\"index, follow, max-snippet:-1, max-image-preview:large, max-video-preview:-1\" \/>\n<link rel=\"canonical\" href=\"https:\/\/charente.catholique.fr\/grand-angouleme\/actualites\/homelie-du-p-denis-trinez-pour-le-mercredi-des-cendres\/\" \/>\n<meta property=\"og:locale\" content=\"fr_FR\" \/>\n<meta property=\"og:type\" content=\"article\" \/>\n<meta property=\"og:title\" content=\"Hom\u00e9lie du P. Denis Trinez pour le Mercredi des Cendres - Doyenn\u00e9 Grand Angoul\u00eame\" \/>\n<meta property=\"og:description\" content=\"Accueil Aujourd&#8217;hui, j&#8217;entre en car\u00eame, &nbsp;&nbsp;&nbsp; j&#8217;ouvre ma porte, je refuse de rester fig\u00e9 dans mes positions, mes dogmes ou&nbsp;mes certitudes absolues. &nbsp;Aujourd&#8217;hui, j&#8217;entre en car\u00eame, &nbsp;&nbsp;&nbsp;&nbsp; alors je change de cap. Je mets le cap sur Dieu en me laissant d\u00e9ranger par les coutumes des autres, leurs habitudes, leurs langues. &nbsp;Aujourd&#8217;hui, j&#8217;entre en car\u00eame, [&hellip;]\" \/>\n<meta property=\"og:url\" content=\"https:\/\/charente.catholique.fr\/grand-angouleme\/actualites\/homelie-du-p-denis-trinez-pour-le-mercredi-des-cendres\/\" \/>\n<meta property=\"og:site_name\" content=\"Doyenn\u00e9 Grand Angoul\u00eame\" \/>\n<meta property=\"article:publisher\" content=\"https:\/\/www.facebook.com\/EgliseCatholiqueCharente\" \/>\n<meta property=\"article:published_time\" content=\"2023-02-23T09:42:26+00:00\" \/>\n<meta property=\"article:modified_time\" content=\"2023-03-04T04:51:10+00:00\" \/>\n<meta property=\"og:image\" content=\"https:\/\/charente.catholique.fr\/grand-angouleme\/wp-content\/uploads\/sites\/2\/2023\/02\/adt09_0005053_md1-1480x630-1.jpg\" \/>\n\t<meta property=\"og:image:width\" content=\"1480\" \/>\n\t<meta property=\"og:image:height\" content=\"630\" \/>\n\t<meta property=\"og:image:type\" content=\"image\/jpeg\" \/>\n<meta name=\"author\" content=\"Janine Laborde\" \/>\n<meta name=\"twitter:card\" content=\"summary_large_image\" \/>\n<meta name=\"twitter:creator\" content=\"@diocesecharente\" \/>\n<meta name=\"twitter:site\" content=\"@diocesecharente\" \/>\n<meta name=\"twitter:label1\" content=\"\u00c9crit par\" \/>\n\t<meta name=\"twitter:data1\" content=\"Janine Laborde\" \/>\n\t<meta name=\"twitter:label2\" content=\"Dur\u00e9e de lecture estim\u00e9e\" \/>\n\t<meta name=\"twitter:data2\" content=\"3 minutes\" \/>\n<script type=\"application\/ld+json\" class=\"yoast-schema-graph\">{\"@context\":\"https:\/\/schema.org\",\"@graph\":[{\"@type\":\"Article\",\"@id\":\"https:\/\/charente.catholique.fr\/grand-angouleme\/actualites\/homelie-du-p-denis-trinez-pour-le-mercredi-des-cendres\/#article\",\"isPartOf\":{\"@id\":\"https:\/\/charente.catholique.fr\/grand-angouleme\/actualites\/homelie-du-p-denis-trinez-pour-le-mercredi-des-cendres\/\"},\"author\":{\"name\":\"Janine Laborde\",\"@id\":\"https:\/\/charente.catholique.fr\/grand-angouleme\/#\/schema\/person\/898f693d8a5f95b1bf02828f73967b47\"},\"headline\":\"Hom\u00e9lie du P. Denis Trinez pour le Mercredi des Cendres\",\"datePublished\":\"2023-02-23T09:42:26+00:00\",\"dateModified\":\"2023-03-04T04:51:10+00:00\",\"mainEntityOfPage\":{\"@id\":\"https:\/\/charente.catholique.fr\/grand-angouleme\/actualites\/homelie-du-p-denis-trinez-pour-le-mercredi-des-cendres\/\"},\"wordCount\":576,\"commentCount\":0,\"publisher\":{\"@id\":\"https:\/\/charente.catholique.fr\/grand-angouleme\/#organization\"},\"image\":{\"@id\":\"https:\/\/charente.catholique.fr\/grand-angouleme\/actualites\/homelie-du-p-denis-trinez-pour-le-mercredi-des-cendres\/#primaryimage\"},\"thumbnailUrl\":\"https:\/\/charente.catholique.fr\/grand-angouleme\/wp-content\/uploads\/sites\/2\/2023\/02\/adt09_0005053_md1-1480x630-1.jpg\",\"articleSection\":[\"Actualit\u00e9s\"],\"inLanguage\":\"fr-FR\",\"potentialAction\":[{\"@type\":\"CommentAction\",\"name\":\"Comment\",\"target\":[\"https:\/\/charente.catholique.fr\/grand-angouleme\/actualites\/homelie-du-p-denis-trinez-pour-le-mercredi-des-cendres\/#respond\"]}]},{\"@type\":\"WebPage\",\"@id\":\"https:\/\/charente.catholique.fr\/grand-angouleme\/actualites\/homelie-du-p-denis-trinez-pour-le-mercredi-des-cendres\/\",\"url\":\"https:\/\/charente.catholique.fr\/grand-angouleme\/actualites\/homelie-du-p-denis-trinez-pour-le-mercredi-des-cendres\/\",\"name\":\"Hom\u00e9lie du P. Denis Trinez pour le Mercredi des Cendres - Doyenn\u00e9 Grand Angoul\u00eame\",\"isPartOf\":{\"@id\":\"https:\/\/charente.catholique.fr\/grand-angouleme\/#website\"},\"primaryImageOfPage\":{\"@id\":\"https:\/\/charente.catholique.fr\/grand-angouleme\/actualites\/homelie-du-p-denis-trinez-pour-le-mercredi-des-cendres\/#primaryimage\"},\"image\":{\"@id\":\"https:\/\/charente.catholique.fr\/grand-angouleme\/actualites\/homelie-du-p-denis-trinez-pour-le-mercredi-des-cendres\/#primaryimage\"},\"thumbnailUrl\":\"https:\/\/charente.catholique.fr\/grand-angouleme\/wp-content\/uploads\/sites\/2\/2023\/02\/adt09_0005053_md1-1480x630-1.jpg\",\"datePublished\":\"2023-02-23T09:42:26+00:00\",\"dateModified\":\"2023-03-04T04:51:10+00:00\",\"breadcrumb\":{\"@id\":\"https:\/\/charente.catholique.fr\/grand-angouleme\/actualites\/homelie-du-p-denis-trinez-pour-le-mercredi-des-cendres\/#breadcrumb\"},\"inLanguage\":\"fr-FR\",\"potentialAction\":[{\"@type\":\"ReadAction\",\"target\":[\"https:\/\/charente.catholique.fr\/grand-angouleme\/actualites\/homelie-du-p-denis-trinez-pour-le-mercredi-des-cendres\/\"]}]},{\"@type\":\"ImageObject\",\"inLanguage\":\"fr-FR\",\"@id\":\"https:\/\/charente.catholique.fr\/grand-angouleme\/actualites\/homelie-du-p-denis-trinez-pour-le-mercredi-des-cendres\/#primaryimage\",\"url\":\"https:\/\/charente.catholique.fr\/grand-angouleme\/wp-content\/uploads\/sites\/2\/2023\/02\/adt09_0005053_md1-1480x630-1.jpg\",\"contentUrl\":\"https:\/\/charente.catholique.fr\/grand-angouleme\/wp-content\/uploads\/sites\/2\/2023\/02\/adt09_0005053_md1-1480x630-1.jpg\",\"width\":1480,\"height\":630},{\"@type\":\"BreadcrumbList\",\"@id\":\"https:\/\/charente.catholique.fr\/grand-angouleme\/actualites\/homelie-du-p-denis-trinez-pour-le-mercredi-des-cendres\/#breadcrumb\",\"itemListElement\":[{\"@type\":\"ListItem\",\"position\":1,\"name\":\"Accueil\",\"item\":\"https:\/\/charente.catholique.fr\/grand-angouleme\/\"},{\"@type\":\"ListItem\",\"position\":2,\"name\":\"Hom\u00e9lie du P. Denis Trinez pour le Mercredi des Cendres\"}]},{\"@type\":\"WebSite\",\"@id\":\"https:\/\/charente.catholique.fr\/grand-angouleme\/#website\",\"url\":\"https:\/\/charente.catholique.fr\/grand-angouleme\/\",\"name\":\"Doyenn\u00e9 Grand Angoul\u00eame - Dioc\u00e8se d'Angoul\u00eame\",\"description\":\"Dioc\u00e8se d&#039;Angoul\u00eame\",\"publisher\":{\"@id\":\"https:\/\/charente.catholique.fr\/grand-angouleme\/#organization\"},\"potentialAction\":[{\"@type\":\"SearchAction\",\"target\":{\"@type\":\"EntryPoint\",\"urlTemplate\":\"https:\/\/charente.catholique.fr\/grand-angouleme\/?s={search_term_string}\"},\"query-input\":{\"@type\":\"PropertyValueSpecification\",\"valueRequired\":true,\"valueName\":\"search_term_string\"}}],\"inLanguage\":\"fr-FR\"},{\"@type\":\"Organization\",\"@id\":\"https:\/\/charente.catholique.fr\/grand-angouleme\/#organization\",\"name\":\"Association Dioc\u00e9saine d'Angoul\u00eame\",\"url\":\"https:\/\/charente.catholique.fr\/grand-angouleme\/\",\"logo\":{\"@type\":\"ImageObject\",\"inLanguage\":\"fr-FR\",\"@id\":\"https:\/\/charente.catholique.fr\/grand-angouleme\/#\/schema\/logo\/image\/\",\"url\":\"https:\/\/charente.catholique.fr\/grand-angouleme\/wp-content\/uploads\/sites\/2\/2020\/10\/logos.png\",\"contentUrl\":\"https:\/\/charente.catholique.fr\/grand-angouleme\/wp-content\/uploads\/sites\/2\/2020\/10\/logos.png\",\"width\":600,\"height\":257,\"caption\":\"Association Dioc\u00e9saine d'Angoul\u00eame\"},\"image\":{\"@id\":\"https:\/\/charente.catholique.fr\/grand-angouleme\/#\/schema\/logo\/image\/\"},\"sameAs\":[\"https:\/\/www.facebook.com\/EgliseCatholiqueCharente\",\"https:\/\/x.com\/diocesecharente\",\"https:\/\/www.instagram.com\/eglisecharente\",\"https:\/\/www.youtube.com\/channel\/UCByyFWApZbw3gDTiADoiAaQ\"]},{\"@type\":\"Person\",\"@id\":\"https:\/\/charente.catholique.fr\/grand-angouleme\/#\/schema\/person\/898f693d8a5f95b1bf02828f73967b47\",\"name\":\"Janine Laborde\",\"image\":{\"@type\":\"ImageObject\",\"inLanguage\":\"fr-FR\",\"@id\":\"https:\/\/charente.catholique.fr\/grand-angouleme\/#\/schema\/person\/image\/\",\"url\":\"https:\/\/secure.gravatar.com\/avatar\/a8f3185ff2f6cee7d79c60e904004ccb6107bdc3e38d176acfc1ee42b62a994e?s=96&d=mm&r=g\",\"contentUrl\":\"https:\/\/secure.gravatar.com\/avatar\/a8f3185ff2f6cee7d79c60e904004ccb6107bdc3e38d176acfc1ee42b62a994e?s=96&d=mm&r=g\",\"caption\":\"Janine Laborde\"},\"url\":\"https:\/\/charente.catholique.fr\/grand-angouleme\/author\/janinelaborde\/\"}]}<\/script>\n<!-- \/ Yoast SEO plugin. -->","yoast_head_json":{"title":"Hom\u00e9lie du P. Denis Trinez pour le Mercredi des Cendres - Doyenn\u00e9 Grand Angoul\u00eame","robots":{"index":"index","follow":"follow","max-snippet":"max-snippet:-1","max-image-preview":"max-image-preview:large","max-video-preview":"max-video-preview:-1"},"canonical":"https:\/\/charente.catholique.fr\/grand-angouleme\/actualites\/homelie-du-p-denis-trinez-pour-le-mercredi-des-cendres\/","og_locale":"fr_FR","og_type":"article","og_title":"Hom\u00e9lie du P. Denis Trinez pour le Mercredi des Cendres - Doyenn\u00e9 Grand Angoul\u00eame","og_description":"Accueil Aujourd&#8217;hui, j&#8217;entre en car\u00eame, &nbsp;&nbsp;&nbsp; j&#8217;ouvre ma porte, je refuse de rester fig\u00e9 dans mes positions, mes dogmes ou&nbsp;mes certitudes absolues. &nbsp;Aujourd&#8217;hui, j&#8217;entre en car\u00eame, &nbsp;&nbsp;&nbsp;&nbsp; alors je change de cap. Je mets le cap sur Dieu en me laissant d\u00e9ranger par les coutumes des autres, leurs habitudes, leurs langues. &nbsp;Aujourd&#8217;hui, j&#8217;entre en car\u00eame, [&hellip;]","og_url":"https:\/\/charente.catholique.fr\/grand-angouleme\/actualites\/homelie-du-p-denis-trinez-pour-le-mercredi-des-cendres\/","og_site_name":"Doyenn\u00e9 Grand Angoul\u00eame","article_publisher":"https:\/\/www.facebook.com\/EgliseCatholiqueCharente","article_published_time":"2023-02-23T09:42:26+00:00","article_modified_time":"2023-03-04T04:51:10+00:00","og_image":[{"width":1480,"height":630,"url":"https:\/\/charente.catholique.fr\/grand-angouleme\/wp-content\/uploads\/sites\/2\/2023\/02\/adt09_0005053_md1-1480x630-1.jpg","type":"image\/jpeg"}],"author":"Janine Laborde","twitter_card":"summary_large_image","twitter_creator":"@diocesecharente","twitter_site":"@diocesecharente","twitter_misc":{"\u00c9crit par":"Janine Laborde","Dur\u00e9e de lecture estim\u00e9e":"3 minutes"},"schema":{"@context":"https:\/\/schema.org","@graph":[{"@type":"Article","@id":"https:\/\/charente.catholique.fr\/grand-angouleme\/actualites\/homelie-du-p-denis-trinez-pour-le-mercredi-des-cendres\/#article","isPartOf":{"@id":"https:\/\/charente.catholique.fr\/grand-angouleme\/actualites\/homelie-du-p-denis-trinez-pour-le-mercredi-des-cendres\/"},"author":{"name":"Janine Laborde","@id":"https:\/\/charente.catholique.fr\/grand-angouleme\/#\/schema\/person\/898f693d8a5f95b1bf02828f73967b47"},"headline":"Hom\u00e9lie du P. Denis Trinez pour le Mercredi des Cendres","datePublished":"2023-02-23T09:42:26+00:00","dateModified":"2023-03-04T04:51:10+00:00","mainEntityOfPage":{"@id":"https:\/\/charente.catholique.fr\/grand-angouleme\/actualites\/homelie-du-p-denis-trinez-pour-le-mercredi-des-cendres\/"},"wordCount":576,"commentCount":0,"publisher":{"@id":"https:\/\/charente.catholique.fr\/grand-angouleme\/#organization"},"image":{"@id":"https:\/\/charente.catholique.fr\/grand-angouleme\/actualites\/homelie-du-p-denis-trinez-pour-le-mercredi-des-cendres\/#primaryimage"},"thumbnailUrl":"https:\/\/charente.catholique.fr\/grand-angouleme\/wp-content\/uploads\/sites\/2\/2023\/02\/adt09_0005053_md1-1480x630-1.jpg","articleSection":["Actualit\u00e9s"],"inLanguage":"fr-FR","potentialAction":[{"@type":"CommentAction","name":"Comment","target":["https:\/\/charente.catholique.fr\/grand-angouleme\/actualites\/homelie-du-p-denis-trinez-pour-le-mercredi-des-cendres\/#respond"]}]},{"@type":"WebPage","@id":"https:\/\/charente.catholique.fr\/grand-angouleme\/actualites\/homelie-du-p-denis-trinez-pour-le-mercredi-des-cendres\/","url":"https:\/\/charente.catholique.fr\/grand-angouleme\/actualites\/homelie-du-p-denis-trinez-pour-le-mercredi-des-cendres\/","name":"Hom\u00e9lie du P. Denis Trinez pour le Mercredi des Cendres - Doyenn\u00e9 Grand Angoul\u00eame","isPartOf":{"@id":"https:\/\/charente.catholique.fr\/grand-angouleme\/#website"},"primaryImageOfPage":{"@id":"https:\/\/charente.catholique.fr\/grand-angouleme\/actualites\/homelie-du-p-denis-trinez-pour-le-mercredi-des-cendres\/#primaryimage"},"image":{"@id":"https:\/\/charente.catholique.fr\/grand-angouleme\/actualites\/homelie-du-p-denis-trinez-pour-le-mercredi-des-cendres\/#primaryimage"},"thumbnailUrl":"https:\/\/charente.catholique.fr\/grand-angouleme\/wp-content\/uploads\/sites\/2\/2023\/02\/adt09_0005053_md1-1480x630-1.jpg","datePublished":"2023-02-23T09:42:26+00:00","dateModified":"2023-03-04T04:51:10+00:00","breadcrumb":{"@id":"https:\/\/charente.catholique.fr\/grand-angouleme\/actualites\/homelie-du-p-denis-trinez-pour-le-mercredi-des-cendres\/#breadcrumb"},"inLanguage":"fr-FR","potentialAction":[{"@type":"ReadAction","target":["https:\/\/charente.catholique.fr\/grand-angouleme\/actualites\/homelie-du-p-denis-trinez-pour-le-mercredi-des-cendres\/"]}]},{"@type":"ImageObject","inLanguage":"fr-FR","@id":"https:\/\/charente.catholique.fr\/grand-angouleme\/actualites\/homelie-du-p-denis-trinez-pour-le-mercredi-des-cendres\/#primaryimage","url":"https:\/\/charente.catholique.fr\/grand-angouleme\/wp-content\/uploads\/sites\/2\/2023\/02\/adt09_0005053_md1-1480x630-1.jpg","contentUrl":"https:\/\/charente.catholique.fr\/grand-angouleme\/wp-content\/uploads\/sites\/2\/2023\/02\/adt09_0005053_md1-1480x630-1.jpg","width":1480,"height":630},{"@type":"BreadcrumbList","@id":"https:\/\/charente.catholique.fr\/grand-angouleme\/actualites\/homelie-du-p-denis-trinez-pour-le-mercredi-des-cendres\/#breadcrumb","itemListElement":[{"@type":"ListItem","position":1,"name":"Accueil","item":"https:\/\/charente.catholique.fr\/grand-angouleme\/"},{"@type":"ListItem","position":2,"name":"Hom\u00e9lie du P. Denis Trinez pour le Mercredi des Cendres"}]},{"@type":"WebSite","@id":"https:\/\/charente.catholique.fr\/grand-angouleme\/#website","url":"https:\/\/charente.catholique.fr\/grand-angouleme\/","name":"Doyenn\u00e9 Grand Angoul\u00eame - Dioc\u00e8se d'Angoul\u00eame","description":"Dioc\u00e8se d&#039;Angoul\u00eame","publisher":{"@id":"https:\/\/charente.catholique.fr\/grand-angouleme\/#organization"},"potentialAction":[{"@type":"SearchAction","target":{"@type":"EntryPoint","urlTemplate":"https:\/\/charente.catholique.fr\/grand-angouleme\/?s={search_term_string}"},"query-input":{"@type":"PropertyValueSpecification","valueRequired":true,"valueName":"search_term_string"}}],"inLanguage":"fr-FR"},{"@type":"Organization","@id":"https:\/\/charente.catholique.fr\/grand-angouleme\/#organization","name":"Association Dioc\u00e9saine d'Angoul\u00eame","url":"https:\/\/charente.catholique.fr\/grand-angouleme\/","logo":{"@type":"ImageObject","inLanguage":"fr-FR","@id":"https:\/\/charente.catholique.fr\/grand-angouleme\/#\/schema\/logo\/image\/","url":"https:\/\/charente.catholique.fr\/grand-angouleme\/wp-content\/uploads\/sites\/2\/2020\/10\/logos.png","contentUrl":"https:\/\/charente.catholique.fr\/grand-angouleme\/wp-content\/uploads\/sites\/2\/2020\/10\/logos.png","width":600,"height":257,"caption":"Association Dioc\u00e9saine d'Angoul\u00eame"},"image":{"@id":"https:\/\/charente.catholique.fr\/grand-angouleme\/#\/schema\/logo\/image\/"},"sameAs":["https:\/\/www.facebook.com\/EgliseCatholiqueCharente","https:\/\/x.com\/diocesecharente","https:\/\/www.instagram.com\/eglisecharente","https:\/\/www.youtube.com\/channel\/UCByyFWApZbw3gDTiADoiAaQ"]},{"@type":"Person","@id":"https:\/\/charente.catholique.fr\/grand-angouleme\/#\/schema\/person\/898f693d8a5f95b1bf02828f73967b47","name":"Janine Laborde","image":{"@type":"ImageObject","inLanguage":"fr-FR","@id":"https:\/\/charente.catholique.fr\/grand-angouleme\/#\/schema\/person\/image\/","url":"https:\/\/secure.gravatar.com\/avatar\/a8f3185ff2f6cee7d79c60e904004ccb6107bdc3e38d176acfc1ee42b62a994e?s=96&d=mm&r=g","contentUrl":"https:\/\/secure.gravatar.com\/avatar\/a8f3185ff2f6cee7d79c60e904004ccb6107bdc3e38d176acfc1ee42b62a994e?s=96&d=mm&r=g","caption":"Janine Laborde"},"url":"https:\/\/charente.catholique.fr\/grand-angouleme\/author\/janinelaborde\/"}]}},"_links":{"self":[{"href":"https:\/\/charente.catholique.fr\/grand-angouleme\/wp-json\/wp\/v2\/posts\/20058","targetHints":{"allow":["GET"]}}],"collection":[{"href":"https:\/\/charente.catholique.fr\/grand-angouleme\/wp-json\/wp\/v2\/posts"}],"about":[{"href":"https:\/\/charente.catholique.fr\/grand-angouleme\/wp-json\/wp\/v2\/types\/post"}],"author":[{"embeddable":true,"href":"https:\/\/charente.catholique.fr\/grand-angouleme\/wp-json\/wp\/v2\/users\/22"}],"replies":[{"embeddable":true,"href":"https:\/\/charente.catholique.fr\/grand-angouleme\/wp-json\/wp\/v2\/comments?post=20058"}],"version-history":[{"count":10,"href":"https:\/\/charente.catholique.fr\/grand-angouleme\/wp-json\/wp\/v2\/posts\/20058\/revisions"}],"predecessor-version":[{"id":20086,"href":"https:\/\/charente.catholique.fr\/grand-angouleme\/wp-json\/wp\/v2\/posts\/20058\/revisions\/20086"}],"wp:featuredmedia":[{"embeddable":true,"href":"https:\/\/charente.catholique.fr\/grand-angouleme\/wp-json\/wp\/v2\/media\/20059"}],"wp:attachment":[{"href":"https:\/\/charente.catholique.fr\/grand-angouleme\/wp-json\/wp\/v2\/media?parent=20058"}],"wp:term":[{"taxonomy":"category","embeddable":true,"href":"https:\/\/charente.catholique.fr\/grand-angouleme\/wp-json\/wp\/v2\/categories?post=20058"},{"taxonomy":"post_tag","embeddable":true,"href":"https:\/\/charente.catholique.fr\/grand-angouleme\/wp-json\/wp\/v2\/tags?post=20058"}],"curies":[{"name":"wp","href":"https:\/\/api.w.org\/{rel}","templated":true}]}}