{"id":20014,"date":"2023-02-19T07:34:07","date_gmt":"2023-02-19T06:34:07","guid":{"rendered":"https:\/\/charente.catholique.fr\/grand-angouleme\/?p=20014"},"modified":"2023-03-07T14:33:21","modified_gmt":"2023-03-07T13:33:21","slug":"homelie-du-7eme-dimanche-temps-ordinaire-a","status":"publish","type":"post","link":"https:\/\/charente.catholique.fr\/grand-angouleme\/actualites\/homelie-du-7eme-dimanche-temps-ordinaire-a\/","title":{"rendered":"Homelie du 7eme Dimanche Temps Ordinaire A"},"content":{"rendered":"\n<p>Dimanche dernier, J\u00e9sus se pr\u00e9sentait \u00e0 nous comme le nouveau ma\u00eetre qui a autorit\u00e9 et que nous devons d\u00e9sormais \u00e9couter. Une expression \u00e9tait revenue de nombreuses fois dans l\u2019Evangile&nbsp;: \u00ab&nbsp;<em>Il vous a \u00e9t\u00e9 dit&nbsp;\u2026 Et moi je vous dis.<\/em>&nbsp;\u00bb La m\u00eame expression revient par deux fois dans l\u2019\u00e9vangile de ce jour, avec une finale qui indique bien la mission de J\u00e9sus aupr\u00e8s de nous. Cette mission est de r\u00e9v\u00e9ler le c\u0153ur du P\u00e8re, et de nous conduire \u00e0 agir comme lui : \u00ab&nbsp;Vous donc, vous serez parfaits comme votre P\u00e8re c\u00e9leste est parfait. <strong>\u00bb<\/strong><\/p>\n\n\n\n<p><strong>&nbsp;&nbsp;&nbsp;&nbsp;&nbsp;&nbsp;&nbsp;&nbsp;&nbsp;&nbsp;&nbsp; <\/strong>En effet, J\u00e9sus nous invite \u00e0 regarder vers la saintet\u00e9 de Dieu, pour b\u00e2tir notre propre saintet\u00e9. Il nous parle du c\u0153ur plein de bont\u00e9 de Dieu, qui ne fait pas de diff\u00e9rence entre les hommes&nbsp;: \u00ab&nbsp;<em>il fait lever son soleil sur les m\u00e9chants et sur les bons, il fait tomber la pluie sur les justes et sur les injustes.&nbsp;\u00bb <\/em>Le psaume 102 de ce jour a aussi magnifi\u00e9 le c\u0153ur de notre Dieu.Le psalmiste reconnait les bienfaits de Dieu dans sa vie. Dieu est celui-l\u00e0 qui te pardonne toutes tes offenses, c\u2019est lui qui te gu\u00e9rit de toute maladie, il r\u00e9clame ta vie \u00e0 la tombe et te couronne d\u2019amour et de tendresse. Le Seigneur est tendresse et piti\u00e9, lent \u00e0 la col\u00e8re et plein d\u2019amour ; il n\u2019agit pas envers nous selon nos fautes, ne nous rend pas selon nos offenses. Il pr\u00e9sente Dieu comme un bon P\u00e8re.<\/p>\n\n\n\n<p>Ces qualit\u00e9s de Dieu, si on peut dire, voil\u00e0 ce que J\u00e9sus nous demande d\u2019imiter. C\u2019est un appel \u00e0 lever les yeux vers le P\u00e8re, et \u00e0 nous d\u00e9tourner de la sagesse du monde que saint Paul qualifie de folie devant Dieu. La sagesse du monde est faite de haine, de vengeance, de rancune, d\u2019injustice et surtout de violence. Du temps de Mo\u00efse, les gens exag\u00e9raient dans la pratique de la justice. Si on crevait l\u2019\u0153il de quelqu\u2019un, il cherchait \u00e0 enlever les deux yeux, et m\u00eame la m\u00e2choire. Mo\u00efse en disant \u00ab&nbsp;\u0153il pour \u0153il, dent pour dent, \u00bb voulait d\u00e9j\u00e0 am\u00e9liorer cette justice afin qu\u2019elle soit proportionnelle. Avec le Christ qui vient parfaire la loi, il nous demande de faire un peu plus, afin d\u2019\u00eatre vraiment les fils de notre P\u00e8re qui est aux cieux.<\/p>\n\n\n\n<p>Si nous agissons comme les gens du monde, nous n\u2019avons aucun m\u00e9rite. Le Christ nous demande d\u2019opposer \u00e0 la haine l\u2019amour, \u00e0 la rancune et \u00e0 la vengeance le pardon, \u00e0 l\u2019injustice la justice, \u00e0 la m\u00e9chancet\u00e9 la bienveillance, \u00e0 la violence la non-violence. Telle est le programme de notre vie chr\u00e9tienne que le Seigneur nous propose ce dimanche. Il y a des raisons plus l\u00e9gitimes \u00e0 l\u2019accomplir&nbsp;: D\u2019abord, les bienfaits de Dieu pour nous attendent la r\u00e9ciproque aupr\u00e8s du prochain. Ensuite, nous avons d\u00e9j\u00e0 \u00e9t\u00e9 pardonn\u00e9s par le Seigneur, et notre pardon doit aussi \u00eatre donn\u00e9. Enfin, Saint Paul nous a dit que nous sommes le sanctuaire de Dieu. A ce titre, nous devons nous efforcer de vivre dans la saintet\u00e9, comme Dieu.<\/p>\n\n\n\n<p>Mais il ne faut pas se faire illusion. Ce n\u2019est pas facile d\u2019agir comme Dieu.&nbsp; Nous avons une tendance naturelle \u00e0 ha\u00efr nos ennemis, \u00e0 chercher \u00e0 nous venger, \u00e0 garder de la rancune, et m\u00eame \u00e0 supprimer de notre vie, les personnes que nous ne voulons plus voir. Au fait, nous tombons chaque fois dans le pi\u00e8ge de ce que R\u00e9n\u00e9 Girard appelle la violence mim\u00e9tique. Nous imitons l\u2019autre dans sa violence et personne ne veut c\u00e9der.<\/p>\n\n\n\n<p>Le Christ nous propose un autre chemin, celui de l\u2019amour vrai et sinc\u00e8re. C\u2019est le chemin qu\u2019il a lui-m\u00eame emprunter. Il est cette brebis qu\u2019on a men\u00e9 \u00e0 l\u2019abattoir de la croix, et qui n\u2019a rien dit, alors qu\u2019une seule parole a renvers\u00e9 tous les soldats au jardin des Oliviers. Il a accept\u00e9 de tout pardonner alors qu\u2019il&nbsp;\u00e9tait encore sur la croix.<\/p>\n\n\n\n<p>C\u2019est le chemin de saintet\u00e9 qu\u2019il nous trace. Pour \u00eatre saint, il faut croire que cela est possible.&nbsp; Ce n\u2019est pas \u00ab&nbsp;<em>l\u2019id\u00e9e des fakirs et des moines<\/em>&nbsp;\u00bb, comme il ressort des <em>mains sales<\/em> de Jean Paul Sartre. Il faut aussi le d\u00e9sirer, en prenant tous les moyens. Enfin, il faudrait surtout demander cette gr\u00e2ce \u00e0 Dieu, comme la petite Th\u00e9r\u00e8se de l\u2019Enfant J\u00e9sus qui priait J\u00e9sus de l\u2019\u00e9lever vers la perfection, parce que consciente de ces limites&nbsp;:<\/p>\n\n\n\n<p>&nbsp;\u00ab&nbsp;<em>Moi, je voudrais trouver un ascenseur pour m&#8217;\u00e9lever jusqu&#8217;\u00e0 J\u00e9sus, car je suis trop petite pour monter le rude escalier de la perfection \u2026<\/em>&nbsp;&nbsp; <em>L\u2019ascenseur qui doit m&#8217;\u00e9lever jusqu&#8217;au ciel, ce sont vos Bras, \u00f4 J\u00e9sus&nbsp;! Pour cela, je n&#8217;ai pas besoin de grandir, au contraire, il faut que je reste petite, que je le devienne de plus en plus. \u00d4 mon Dieu, Vous avez d\u00e9pass\u00e9 mon attente&nbsp;! Je veux \u00ab&nbsp;chanter vos Mis\u00e9ricordes&nbsp;\u00bb !&nbsp;<\/em><a href=\"http:\/\/www.psaumes.site-catholique.fr\/index.php?post\/Psaume-89\"><em>(Psaumes 88, 2)<\/em><\/a><em>. Ainsi soit-il.&nbsp;\u00bb<\/em><\/p>\n","protected":false},"excerpt":{"rendered":"<p>Dimanche dernier, J\u00e9sus se pr\u00e9sentait \u00e0 nous comme le nouveau ma\u00eetre qui a autorit\u00e9 et que nous devons d\u00e9sormais \u00e9couter. Une expression \u00e9tait revenue de nombreuses fois dans l\u2019Evangile&nbsp;: \u00ab&nbsp;Il vous a \u00e9t\u00e9 dit&nbsp;\u2026 Et moi je vous dis.&nbsp;\u00bb La m\u00eame expression revient par deux fois dans l\u2019\u00e9vangile de ce jour, avec une finale qui [&hellip;]<\/p>\n","protected":false},"author":13,"featured_media":7787,"comment_status":"open","ping_status":"open","sticky":false,"template":"","format":"standard","meta":{"_acf_changed":false,"paroisse":["4"],"service":["0"],"footnotes":""},"categories":[1],"tags":[],"class_list":["post-20014","post","type-post","status-publish","format-standard","has-post-thumbnail","hentry","category-actualites"],"acf":[],"yoast_head":"<!-- This site is optimized with the Yoast SEO plugin v27.1.1 - https:\/\/yoast.com\/product\/yoast-seo-wordpress\/ -->\n<title>Homelie du 7eme Dimanche Temps Ordinaire A - Doyenn\u00e9 Grand Angoul\u00eame<\/title>\n<meta name=\"robots\" content=\"index, follow, max-snippet:-1, max-image-preview:large, max-video-preview:-1\" \/>\n<link rel=\"canonical\" href=\"https:\/\/charente.catholique.fr\/grand-angouleme\/actualites\/homelie-du-7eme-dimanche-temps-ordinaire-a\/\" \/>\n<meta property=\"og:locale\" content=\"fr_FR\" \/>\n<meta property=\"og:type\" content=\"article\" \/>\n<meta property=\"og:title\" content=\"Homelie du 7eme Dimanche Temps Ordinaire A - Doyenn\u00e9 Grand Angoul\u00eame\" \/>\n<meta property=\"og:description\" content=\"Dimanche dernier, J\u00e9sus se pr\u00e9sentait \u00e0 nous comme le nouveau ma\u00eetre qui a autorit\u00e9 et que nous devons d\u00e9sormais \u00e9couter. Une expression \u00e9tait revenue de nombreuses fois dans l\u2019Evangile&nbsp;: \u00ab&nbsp;Il vous a \u00e9t\u00e9 dit&nbsp;\u2026 Et moi je vous dis.&nbsp;\u00bb La m\u00eame expression revient par deux fois dans l\u2019\u00e9vangile de ce jour, avec une finale qui [&hellip;]\" \/>\n<meta property=\"og:url\" content=\"https:\/\/charente.catholique.fr\/grand-angouleme\/actualites\/homelie-du-7eme-dimanche-temps-ordinaire-a\/\" \/>\n<meta property=\"og:site_name\" content=\"Doyenn\u00e9 Grand Angoul\u00eame\" \/>\n<meta property=\"article:publisher\" content=\"https:\/\/www.facebook.com\/EgliseCatholiqueCharente\" \/>\n<meta property=\"article:published_time\" content=\"2023-02-19T06:34:07+00:00\" \/>\n<meta property=\"article:modified_time\" content=\"2023-03-07T13:33:21+00:00\" \/>\n<meta property=\"og:image\" content=\"https:\/\/charente.catholique.fr\/grand-angouleme\/wp-content\/uploads\/sites\/2\/2021\/11\/homelie.id_61004.png\" \/>\n\t<meta property=\"og:image:width\" content=\"810\" \/>\n\t<meta property=\"og:image:height\" content=\"450\" \/>\n\t<meta property=\"og:image:type\" content=\"image\/png\" \/>\n<meta name=\"author\" content=\"Marie-No\u00eblle Bouteloup\" \/>\n<meta name=\"twitter:card\" content=\"summary_large_image\" \/>\n<meta name=\"twitter:creator\" content=\"@diocesecharente\" \/>\n<meta name=\"twitter:site\" content=\"@diocesecharente\" \/>\n<meta name=\"twitter:label1\" content=\"\u00c9crit par\" \/>\n\t<meta name=\"twitter:data1\" content=\"Marie-No\u00eblle Bouteloup\" \/>\n\t<meta name=\"twitter:label2\" content=\"Dur\u00e9e de lecture estim\u00e9e\" \/>\n\t<meta name=\"twitter:data2\" content=\"5 minutes\" \/>\n<script type=\"application\/ld+json\" class=\"yoast-schema-graph\">{\"@context\":\"https:\/\/schema.org\",\"@graph\":[{\"@type\":\"Article\",\"@id\":\"https:\/\/charente.catholique.fr\/grand-angouleme\/actualites\/homelie-du-7eme-dimanche-temps-ordinaire-a\/#article\",\"isPartOf\":{\"@id\":\"https:\/\/charente.catholique.fr\/grand-angouleme\/actualites\/homelie-du-7eme-dimanche-temps-ordinaire-a\/\"},\"author\":{\"name\":\"Marie-No\u00eblle Bouteloup\",\"@id\":\"https:\/\/charente.catholique.fr\/grand-angouleme\/#\/schema\/person\/0bb2e75c546661bf0827c8b4d5d2bcfb\"},\"headline\":\"Homelie du 7eme Dimanche Temps Ordinaire A\",\"datePublished\":\"2023-02-19T06:34:07+00:00\",\"dateModified\":\"2023-03-07T13:33:21+00:00\",\"mainEntityOfPage\":{\"@id\":\"https:\/\/charente.catholique.fr\/grand-angouleme\/actualites\/homelie-du-7eme-dimanche-temps-ordinaire-a\/\"},\"wordCount\":917,\"commentCount\":0,\"publisher\":{\"@id\":\"https:\/\/charente.catholique.fr\/grand-angouleme\/#organization\"},\"image\":{\"@id\":\"https:\/\/charente.catholique.fr\/grand-angouleme\/actualites\/homelie-du-7eme-dimanche-temps-ordinaire-a\/#primaryimage\"},\"thumbnailUrl\":\"https:\/\/charente.catholique.fr\/grand-angouleme\/wp-content\/uploads\/sites\/2\/2021\/11\/homelie.id_61004.png\",\"articleSection\":[\"Actualit\u00e9s\"],\"inLanguage\":\"fr-FR\",\"potentialAction\":[{\"@type\":\"CommentAction\",\"name\":\"Comment\",\"target\":[\"https:\/\/charente.catholique.fr\/grand-angouleme\/actualites\/homelie-du-7eme-dimanche-temps-ordinaire-a\/#respond\"]}]},{\"@type\":\"WebPage\",\"@id\":\"https:\/\/charente.catholique.fr\/grand-angouleme\/actualites\/homelie-du-7eme-dimanche-temps-ordinaire-a\/\",\"url\":\"https:\/\/charente.catholique.fr\/grand-angouleme\/actualites\/homelie-du-7eme-dimanche-temps-ordinaire-a\/\",\"name\":\"Homelie du 7eme Dimanche Temps Ordinaire A - Doyenn\u00e9 Grand Angoul\u00eame\",\"isPartOf\":{\"@id\":\"https:\/\/charente.catholique.fr\/grand-angouleme\/#website\"},\"primaryImageOfPage\":{\"@id\":\"https:\/\/charente.catholique.fr\/grand-angouleme\/actualites\/homelie-du-7eme-dimanche-temps-ordinaire-a\/#primaryimage\"},\"image\":{\"@id\":\"https:\/\/charente.catholique.fr\/grand-angouleme\/actualites\/homelie-du-7eme-dimanche-temps-ordinaire-a\/#primaryimage\"},\"thumbnailUrl\":\"https:\/\/charente.catholique.fr\/grand-angouleme\/wp-content\/uploads\/sites\/2\/2021\/11\/homelie.id_61004.png\",\"datePublished\":\"2023-02-19T06:34:07+00:00\",\"dateModified\":\"2023-03-07T13:33:21+00:00\",\"breadcrumb\":{\"@id\":\"https:\/\/charente.catholique.fr\/grand-angouleme\/actualites\/homelie-du-7eme-dimanche-temps-ordinaire-a\/#breadcrumb\"},\"inLanguage\":\"fr-FR\",\"potentialAction\":[{\"@type\":\"ReadAction\",\"target\":[\"https:\/\/charente.catholique.fr\/grand-angouleme\/actualites\/homelie-du-7eme-dimanche-temps-ordinaire-a\/\"]}]},{\"@type\":\"ImageObject\",\"inLanguage\":\"fr-FR\",\"@id\":\"https:\/\/charente.catholique.fr\/grand-angouleme\/actualites\/homelie-du-7eme-dimanche-temps-ordinaire-a\/#primaryimage\",\"url\":\"https:\/\/charente.catholique.fr\/grand-angouleme\/wp-content\/uploads\/sites\/2\/2021\/11\/homelie.id_61004.png\",\"contentUrl\":\"https:\/\/charente.catholique.fr\/grand-angouleme\/wp-content\/uploads\/sites\/2\/2021\/11\/homelie.id_61004.png\",\"width\":810,\"height\":450},{\"@type\":\"BreadcrumbList\",\"@id\":\"https:\/\/charente.catholique.fr\/grand-angouleme\/actualites\/homelie-du-7eme-dimanche-temps-ordinaire-a\/#breadcrumb\",\"itemListElement\":[{\"@type\":\"ListItem\",\"position\":1,\"name\":\"Accueil\",\"item\":\"https:\/\/charente.catholique.fr\/grand-angouleme\/\"},{\"@type\":\"ListItem\",\"position\":2,\"name\":\"Homelie du 7eme Dimanche Temps Ordinaire A\"}]},{\"@type\":\"WebSite\",\"@id\":\"https:\/\/charente.catholique.fr\/grand-angouleme\/#website\",\"url\":\"https:\/\/charente.catholique.fr\/grand-angouleme\/\",\"name\":\"Doyenn\u00e9 Grand Angoul\u00eame - Dioc\u00e8se d'Angoul\u00eame\",\"description\":\"Dioc\u00e8se d&#039;Angoul\u00eame\",\"publisher\":{\"@id\":\"https:\/\/charente.catholique.fr\/grand-angouleme\/#organization\"},\"potentialAction\":[{\"@type\":\"SearchAction\",\"target\":{\"@type\":\"EntryPoint\",\"urlTemplate\":\"https:\/\/charente.catholique.fr\/grand-angouleme\/?s={search_term_string}\"},\"query-input\":{\"@type\":\"PropertyValueSpecification\",\"valueRequired\":true,\"valueName\":\"search_term_string\"}}],\"inLanguage\":\"fr-FR\"},{\"@type\":\"Organization\",\"@id\":\"https:\/\/charente.catholique.fr\/grand-angouleme\/#organization\",\"name\":\"Association Dioc\u00e9saine d'Angoul\u00eame\",\"url\":\"https:\/\/charente.catholique.fr\/grand-angouleme\/\",\"logo\":{\"@type\":\"ImageObject\",\"inLanguage\":\"fr-FR\",\"@id\":\"https:\/\/charente.catholique.fr\/grand-angouleme\/#\/schema\/logo\/image\/\",\"url\":\"https:\/\/charente.catholique.fr\/grand-angouleme\/wp-content\/uploads\/sites\/2\/2020\/10\/logos.png\",\"contentUrl\":\"https:\/\/charente.catholique.fr\/grand-angouleme\/wp-content\/uploads\/sites\/2\/2020\/10\/logos.png\",\"width\":600,\"height\":257,\"caption\":\"Association Dioc\u00e9saine d'Angoul\u00eame\"},\"image\":{\"@id\":\"https:\/\/charente.catholique.fr\/grand-angouleme\/#\/schema\/logo\/image\/\"},\"sameAs\":[\"https:\/\/www.facebook.com\/EgliseCatholiqueCharente\",\"https:\/\/x.com\/diocesecharente\",\"https:\/\/www.instagram.com\/eglisecharente\",\"https:\/\/www.youtube.com\/channel\/UCByyFWApZbw3gDTiADoiAaQ\"]},{\"@type\":\"Person\",\"@id\":\"https:\/\/charente.catholique.fr\/grand-angouleme\/#\/schema\/person\/0bb2e75c546661bf0827c8b4d5d2bcfb\",\"name\":\"Marie-No\u00eblle Bouteloup\",\"image\":{\"@type\":\"ImageObject\",\"inLanguage\":\"fr-FR\",\"@id\":\"https:\/\/charente.catholique.fr\/grand-angouleme\/#\/schema\/person\/image\/\",\"url\":\"https:\/\/secure.gravatar.com\/avatar\/8b68422c19e9566364992377448eef55989ea1caaedc20a57fe2961c16ed8312?s=96&d=mm&r=g\",\"contentUrl\":\"https:\/\/secure.gravatar.com\/avatar\/8b68422c19e9566364992377448eef55989ea1caaedc20a57fe2961c16ed8312?s=96&d=mm&r=g\",\"caption\":\"Marie-No\u00eblle Bouteloup\"},\"url\":\"https:\/\/charente.catholique.fr\/grand-angouleme\/author\/mnbouteloup\/\"}]}<\/script>\n<!-- \/ Yoast SEO plugin. -->","yoast_head_json":{"title":"Homelie du 7eme Dimanche Temps Ordinaire A - Doyenn\u00e9 Grand Angoul\u00eame","robots":{"index":"index","follow":"follow","max-snippet":"max-snippet:-1","max-image-preview":"max-image-preview:large","max-video-preview":"max-video-preview:-1"},"canonical":"https:\/\/charente.catholique.fr\/grand-angouleme\/actualites\/homelie-du-7eme-dimanche-temps-ordinaire-a\/","og_locale":"fr_FR","og_type":"article","og_title":"Homelie du 7eme Dimanche Temps Ordinaire A - Doyenn\u00e9 Grand Angoul\u00eame","og_description":"Dimanche dernier, J\u00e9sus se pr\u00e9sentait \u00e0 nous comme le nouveau ma\u00eetre qui a autorit\u00e9 et que nous devons d\u00e9sormais \u00e9couter. Une expression \u00e9tait revenue de nombreuses fois dans l\u2019Evangile&nbsp;: \u00ab&nbsp;Il vous a \u00e9t\u00e9 dit&nbsp;\u2026 Et moi je vous dis.&nbsp;\u00bb La m\u00eame expression revient par deux fois dans l\u2019\u00e9vangile de ce jour, avec une finale qui [&hellip;]","og_url":"https:\/\/charente.catholique.fr\/grand-angouleme\/actualites\/homelie-du-7eme-dimanche-temps-ordinaire-a\/","og_site_name":"Doyenn\u00e9 Grand Angoul\u00eame","article_publisher":"https:\/\/www.facebook.com\/EgliseCatholiqueCharente","article_published_time":"2023-02-19T06:34:07+00:00","article_modified_time":"2023-03-07T13:33:21+00:00","og_image":[{"width":810,"height":450,"url":"https:\/\/charente.catholique.fr\/grand-angouleme\/wp-content\/uploads\/sites\/2\/2021\/11\/homelie.id_61004.png","type":"image\/png"}],"author":"Marie-No\u00eblle Bouteloup","twitter_card":"summary_large_image","twitter_creator":"@diocesecharente","twitter_site":"@diocesecharente","twitter_misc":{"\u00c9crit par":"Marie-No\u00eblle Bouteloup","Dur\u00e9e de lecture estim\u00e9e":"5 minutes"},"schema":{"@context":"https:\/\/schema.org","@graph":[{"@type":"Article","@id":"https:\/\/charente.catholique.fr\/grand-angouleme\/actualites\/homelie-du-7eme-dimanche-temps-ordinaire-a\/#article","isPartOf":{"@id":"https:\/\/charente.catholique.fr\/grand-angouleme\/actualites\/homelie-du-7eme-dimanche-temps-ordinaire-a\/"},"author":{"name":"Marie-No\u00eblle Bouteloup","@id":"https:\/\/charente.catholique.fr\/grand-angouleme\/#\/schema\/person\/0bb2e75c546661bf0827c8b4d5d2bcfb"},"headline":"Homelie du 7eme Dimanche Temps Ordinaire A","datePublished":"2023-02-19T06:34:07+00:00","dateModified":"2023-03-07T13:33:21+00:00","mainEntityOfPage":{"@id":"https:\/\/charente.catholique.fr\/grand-angouleme\/actualites\/homelie-du-7eme-dimanche-temps-ordinaire-a\/"},"wordCount":917,"commentCount":0,"publisher":{"@id":"https:\/\/charente.catholique.fr\/grand-angouleme\/#organization"},"image":{"@id":"https:\/\/charente.catholique.fr\/grand-angouleme\/actualites\/homelie-du-7eme-dimanche-temps-ordinaire-a\/#primaryimage"},"thumbnailUrl":"https:\/\/charente.catholique.fr\/grand-angouleme\/wp-content\/uploads\/sites\/2\/2021\/11\/homelie.id_61004.png","articleSection":["Actualit\u00e9s"],"inLanguage":"fr-FR","potentialAction":[{"@type":"CommentAction","name":"Comment","target":["https:\/\/charente.catholique.fr\/grand-angouleme\/actualites\/homelie-du-7eme-dimanche-temps-ordinaire-a\/#respond"]}]},{"@type":"WebPage","@id":"https:\/\/charente.catholique.fr\/grand-angouleme\/actualites\/homelie-du-7eme-dimanche-temps-ordinaire-a\/","url":"https:\/\/charente.catholique.fr\/grand-angouleme\/actualites\/homelie-du-7eme-dimanche-temps-ordinaire-a\/","name":"Homelie du 7eme Dimanche Temps Ordinaire A - Doyenn\u00e9 Grand Angoul\u00eame","isPartOf":{"@id":"https:\/\/charente.catholique.fr\/grand-angouleme\/#website"},"primaryImageOfPage":{"@id":"https:\/\/charente.catholique.fr\/grand-angouleme\/actualites\/homelie-du-7eme-dimanche-temps-ordinaire-a\/#primaryimage"},"image":{"@id":"https:\/\/charente.catholique.fr\/grand-angouleme\/actualites\/homelie-du-7eme-dimanche-temps-ordinaire-a\/#primaryimage"},"thumbnailUrl":"https:\/\/charente.catholique.fr\/grand-angouleme\/wp-content\/uploads\/sites\/2\/2021\/11\/homelie.id_61004.png","datePublished":"2023-02-19T06:34:07+00:00","dateModified":"2023-03-07T13:33:21+00:00","breadcrumb":{"@id":"https:\/\/charente.catholique.fr\/grand-angouleme\/actualites\/homelie-du-7eme-dimanche-temps-ordinaire-a\/#breadcrumb"},"inLanguage":"fr-FR","potentialAction":[{"@type":"ReadAction","target":["https:\/\/charente.catholique.fr\/grand-angouleme\/actualites\/homelie-du-7eme-dimanche-temps-ordinaire-a\/"]}]},{"@type":"ImageObject","inLanguage":"fr-FR","@id":"https:\/\/charente.catholique.fr\/grand-angouleme\/actualites\/homelie-du-7eme-dimanche-temps-ordinaire-a\/#primaryimage","url":"https:\/\/charente.catholique.fr\/grand-angouleme\/wp-content\/uploads\/sites\/2\/2021\/11\/homelie.id_61004.png","contentUrl":"https:\/\/charente.catholique.fr\/grand-angouleme\/wp-content\/uploads\/sites\/2\/2021\/11\/homelie.id_61004.png","width":810,"height":450},{"@type":"BreadcrumbList","@id":"https:\/\/charente.catholique.fr\/grand-angouleme\/actualites\/homelie-du-7eme-dimanche-temps-ordinaire-a\/#breadcrumb","itemListElement":[{"@type":"ListItem","position":1,"name":"Accueil","item":"https:\/\/charente.catholique.fr\/grand-angouleme\/"},{"@type":"ListItem","position":2,"name":"Homelie du 7eme Dimanche Temps Ordinaire A"}]},{"@type":"WebSite","@id":"https:\/\/charente.catholique.fr\/grand-angouleme\/#website","url":"https:\/\/charente.catholique.fr\/grand-angouleme\/","name":"Doyenn\u00e9 Grand Angoul\u00eame - Dioc\u00e8se d'Angoul\u00eame","description":"Dioc\u00e8se d&#039;Angoul\u00eame","publisher":{"@id":"https:\/\/charente.catholique.fr\/grand-angouleme\/#organization"},"potentialAction":[{"@type":"SearchAction","target":{"@type":"EntryPoint","urlTemplate":"https:\/\/charente.catholique.fr\/grand-angouleme\/?s={search_term_string}"},"query-input":{"@type":"PropertyValueSpecification","valueRequired":true,"valueName":"search_term_string"}}],"inLanguage":"fr-FR"},{"@type":"Organization","@id":"https:\/\/charente.catholique.fr\/grand-angouleme\/#organization","name":"Association Dioc\u00e9saine d'Angoul\u00eame","url":"https:\/\/charente.catholique.fr\/grand-angouleme\/","logo":{"@type":"ImageObject","inLanguage":"fr-FR","@id":"https:\/\/charente.catholique.fr\/grand-angouleme\/#\/schema\/logo\/image\/","url":"https:\/\/charente.catholique.fr\/grand-angouleme\/wp-content\/uploads\/sites\/2\/2020\/10\/logos.png","contentUrl":"https:\/\/charente.catholique.fr\/grand-angouleme\/wp-content\/uploads\/sites\/2\/2020\/10\/logos.png","width":600,"height":257,"caption":"Association Dioc\u00e9saine d'Angoul\u00eame"},"image":{"@id":"https:\/\/charente.catholique.fr\/grand-angouleme\/#\/schema\/logo\/image\/"},"sameAs":["https:\/\/www.facebook.com\/EgliseCatholiqueCharente","https:\/\/x.com\/diocesecharente","https:\/\/www.instagram.com\/eglisecharente","https:\/\/www.youtube.com\/channel\/UCByyFWApZbw3gDTiADoiAaQ"]},{"@type":"Person","@id":"https:\/\/charente.catholique.fr\/grand-angouleme\/#\/schema\/person\/0bb2e75c546661bf0827c8b4d5d2bcfb","name":"Marie-No\u00eblle Bouteloup","image":{"@type":"ImageObject","inLanguage":"fr-FR","@id":"https:\/\/charente.catholique.fr\/grand-angouleme\/#\/schema\/person\/image\/","url":"https:\/\/secure.gravatar.com\/avatar\/8b68422c19e9566364992377448eef55989ea1caaedc20a57fe2961c16ed8312?s=96&d=mm&r=g","contentUrl":"https:\/\/secure.gravatar.com\/avatar\/8b68422c19e9566364992377448eef55989ea1caaedc20a57fe2961c16ed8312?s=96&d=mm&r=g","caption":"Marie-No\u00eblle Bouteloup"},"url":"https:\/\/charente.catholique.fr\/grand-angouleme\/author\/mnbouteloup\/"}]}},"_links":{"self":[{"href":"https:\/\/charente.catholique.fr\/grand-angouleme\/wp-json\/wp\/v2\/posts\/20014","targetHints":{"allow":["GET"]}}],"collection":[{"href":"https:\/\/charente.catholique.fr\/grand-angouleme\/wp-json\/wp\/v2\/posts"}],"about":[{"href":"https:\/\/charente.catholique.fr\/grand-angouleme\/wp-json\/wp\/v2\/types\/post"}],"author":[{"embeddable":true,"href":"https:\/\/charente.catholique.fr\/grand-angouleme\/wp-json\/wp\/v2\/users\/13"}],"replies":[{"embeddable":true,"href":"https:\/\/charente.catholique.fr\/grand-angouleme\/wp-json\/wp\/v2\/comments?post=20014"}],"version-history":[{"count":2,"href":"https:\/\/charente.catholique.fr\/grand-angouleme\/wp-json\/wp\/v2\/posts\/20014\/revisions"}],"predecessor-version":[{"id":20016,"href":"https:\/\/charente.catholique.fr\/grand-angouleme\/wp-json\/wp\/v2\/posts\/20014\/revisions\/20016"}],"wp:featuredmedia":[{"embeddable":true,"href":"https:\/\/charente.catholique.fr\/grand-angouleme\/wp-json\/wp\/v2\/media\/7787"}],"wp:attachment":[{"href":"https:\/\/charente.catholique.fr\/grand-angouleme\/wp-json\/wp\/v2\/media?parent=20014"}],"wp:term":[{"taxonomy":"category","embeddable":true,"href":"https:\/\/charente.catholique.fr\/grand-angouleme\/wp-json\/wp\/v2\/categories?post=20014"},{"taxonomy":"post_tag","embeddable":true,"href":"https:\/\/charente.catholique.fr\/grand-angouleme\/wp-json\/wp\/v2\/tags?post=20014"}],"curies":[{"name":"wp","href":"https:\/\/api.w.org\/{rel}","templated":true}]}}