{"id":19573,"date":"2023-01-16T13:39:32","date_gmt":"2023-01-16T12:39:32","guid":{"rendered":"https:\/\/charente.catholique.fr\/grand-angouleme\/?p=19573"},"modified":"2023-01-16T13:41:00","modified_gmt":"2023-01-16T12:41:00","slug":"homelie-de-jacques-bonnet-diacre-permanent-pour-le-2eme-dimanche-de-lannee-a","status":"publish","type":"post","link":"https:\/\/charente.catholique.fr\/grand-angouleme\/actualites\/homelie-de-jacques-bonnet-diacre-permanent-pour-le-2eme-dimanche-de-lannee-a\/","title":{"rendered":"Hom\u00e9lie de Jacques Bonnet, diacre permanent, pour le 2\u00e8me dimanche de l&#8217;ann\u00e9e A"},"content":{"rendered":"\n<h4 class=\"wp-block-heading\">Accueil <\/h4>\n\n\n\n<p>L&#8217;\u00c9vangile sugg\u00e8re aujourd&#8217;hui qu&#8217;il y a deux mani\u00e8res de voir : <br>&#8211; une premi\u00e8re mani\u00e8re plate et ordinaire<br>&#8211; une autre mani\u00e8re plus profonde, celle de Jean Baptiste.<\/p>\n\n\n\n<p>C&#8217;est une question  finalement de regard, un regard \u00e9clair\u00e9 de l&#8217;int\u00e9rieur, un &#8220;conna\u00eetre&#8221; en la personne de J\u00e9sus qui vient vers lui. Jean le Baptiste voit &#8220;l&#8217;Agneau de Dieu&#8221;, Sauveur du monde, \u00e9ternel.<\/p>\n\n\n\n<p>&#8220;Voyant J\u00e9sus venir \u00e0 lui&#8221; : nous sommes appel\u00e9s \u00e0 le voir venir \u00e0 nous. Aiguisons notre regard, entrons dans le sens de  notre bapt\u00eame, laissons-nous orienter par l&#8217;Esprit pour que nous puissions dire avec Jean Baptiste : &#8220;J&#8217;ai vu et je rends t\u00e9moignage&#8221;.<\/p>\n\n\n\n<h4 class=\"wp-block-heading\"><a href=\"https:\/\/www.aelf.org\/2023-01-15\/romain\/messe\">Lectures du jour<\/a><\/h4>\n\n\n\n<h4 class=\"wp-block-heading\">Hom\u00e9lie de Jacques Bonnet<\/h4>\n\n\n\n<figure class=\"wp-block-embed aligncenter is-type-video is-provider-youtube wp-block-embed-youtube wp-embed-aspect-4-3 wp-has-aspect-ratio\"><div class=\"wp-block-embed__wrapper\">\n<iframe loading=\"lazy\" title=\"hom\u00e9lie de Jacques Bonnet, diacre permanent, pour le 2\u00e8me dimanche de l&#039;ann\u00e9e A\" width=\"500\" height=\"375\" src=\"https:\/\/www.youtube.com\/embed\/XkN5_GaQ74Y?feature=oembed\" frameborder=\"0\" allow=\"accelerometer; autoplay; clipboard-write; encrypted-media; gyroscope; picture-in-picture; web-share\" referrerpolicy=\"strict-origin-when-cross-origin\" allowfullscreen><\/iframe>\n<\/div><\/figure>\n\n\n\n<h4 class=\"wp-block-heading\">Pri\u00e8re universelle<\/h4>\n\n\n\n<p>Toute l&#8217;incarnation de Dieu, en J\u00e9sus qui prend notre humanit\u00e9, se d\u00e9ploie dans les textes de ce jour, en particulier l&#8217;\u00c9vangile, sous l&#8217;action de l&#8217;Esprit nous invitent \u00e0 r\u00e9veiller notre bapt\u00eame.<\/p>\n\n\n\n<p class=\"has-text-align-center\"><strong>Sur les chemins de notre vie<\/strong>, <strong>sois la lumi\u00e8re, Seigneur<\/strong>.<\/p>\n\n\n\n<ul class=\"wp-block-list\">\n<li>Seigneur, sous l&#8217;action de l&#8217;Esprit, nous pouvons dire avec Jean Baptiste :<br>&#8211; J&#8217;ai vu et je rends t\u00e9moignage<br>&#8211; J\u00e9sus, Tu es le Fils de Dieu<\/li>\n\n\n\n<li>Seigneur, Toi qui es pr\u00e9sent en tout homme, en toute nation, conduits par ton Esprit, tu nous demandes d&#8217;\u00eatre ouverts, accueillants vis \u00e0 vis de l&#8217;autre diff\u00e9rent<\/li>\n\n\n\n<li>Seigneur, Tu nous dis que nous avons du prix \u00e0 tes yeux, anim\u00e9s par ton Esprit lib\u00e8re-nous de nos peurs et rends-nous libres. Que nous soyons des artisans de paix.<\/li>\n\n\n\n<li>Seigneur que ton Esprit ceux et celles qui souffrent, sont malades en particulier dans notre communaut\u00e9 : Mr et Mme Martinez, Marie-H\u00e9l\u00e8ne Dubois, Yvette Desmares.<\/li>\n<\/ul>\n","protected":false},"excerpt":{"rendered":"<p>Accueil L&#8217;\u00c9vangile sugg\u00e8re aujourd&#8217;hui qu&#8217;il y a deux mani\u00e8res de voir : &#8211; une premi\u00e8re mani\u00e8re plate et ordinaire&#8211; une autre mani\u00e8re plus profonde, celle de Jean Baptiste. C&#8217;est une question finalement de regard, un regard \u00e9clair\u00e9 de l&#8217;int\u00e9rieur, un &#8220;conna\u00eetre&#8221; en la personne de J\u00e9sus qui vient vers lui. Jean le Baptiste voit &#8220;l&#8217;Agneau [&hellip;]<\/p>\n","protected":false},"author":22,"featured_media":19581,"comment_status":"open","ping_status":"open","sticky":false,"template":"","format":"standard","meta":{"_acf_changed":false,"paroisse":["0"],"service":["0"],"footnotes":""},"categories":[1],"tags":[],"class_list":["post-19573","post","type-post","status-publish","format-standard","has-post-thumbnail","hentry","category-actualites"],"acf":[],"yoast_head":"<!-- This site is optimized with the Yoast SEO plugin v27.1.1 - https:\/\/yoast.com\/product\/yoast-seo-wordpress\/ -->\n<title>Hom\u00e9lie de Jacques Bonnet, diacre permanent, pour le 2\u00e8me dimanche de l&#039;ann\u00e9e A - Doyenn\u00e9 Grand Angoul\u00eame<\/title>\n<meta name=\"robots\" content=\"index, follow, max-snippet:-1, max-image-preview:large, max-video-preview:-1\" \/>\n<link rel=\"canonical\" href=\"https:\/\/charente.catholique.fr\/grand-angouleme\/actualites\/homelie-de-jacques-bonnet-diacre-permanent-pour-le-2eme-dimanche-de-lannee-a\/\" \/>\n<meta property=\"og:locale\" content=\"fr_FR\" \/>\n<meta property=\"og:type\" content=\"article\" \/>\n<meta property=\"og:title\" content=\"Hom\u00e9lie de Jacques Bonnet, diacre permanent, pour le 2\u00e8me dimanche de l&#039;ann\u00e9e A - Doyenn\u00e9 Grand Angoul\u00eame\" \/>\n<meta property=\"og:description\" content=\"Accueil L&#8217;\u00c9vangile sugg\u00e8re aujourd&#8217;hui qu&#8217;il y a deux mani\u00e8res de voir : &#8211; une premi\u00e8re mani\u00e8re plate et ordinaire&#8211; une autre mani\u00e8re plus profonde, celle de Jean Baptiste. C&#8217;est une question finalement de regard, un regard \u00e9clair\u00e9 de l&#8217;int\u00e9rieur, un &#8220;conna\u00eetre&#8221; en la personne de J\u00e9sus qui vient vers lui. Jean le Baptiste voit &#8220;l&#8217;Agneau [&hellip;]\" \/>\n<meta property=\"og:url\" content=\"https:\/\/charente.catholique.fr\/grand-angouleme\/actualites\/homelie-de-jacques-bonnet-diacre-permanent-pour-le-2eme-dimanche-de-lannee-a\/\" \/>\n<meta property=\"og:site_name\" content=\"Doyenn\u00e9 Grand Angoul\u00eame\" \/>\n<meta property=\"article:publisher\" content=\"https:\/\/www.facebook.com\/EgliseCatholiqueCharente\" \/>\n<meta property=\"article:published_time\" content=\"2023-01-16T12:39:32+00:00\" \/>\n<meta property=\"article:modified_time\" content=\"2023-01-16T12:41:00+00:00\" \/>\n<meta property=\"og:image\" content=\"https:\/\/charente.catholique.fr\/grand-angouleme\/wp-content\/uploads\/sites\/2\/2023\/01\/20230116_133837.jpg\" \/>\n\t<meta property=\"og:image:width\" content=\"444\" \/>\n\t<meta property=\"og:image:height\" content=\"158\" \/>\n\t<meta property=\"og:image:type\" content=\"image\/jpeg\" \/>\n<meta name=\"author\" content=\"Janine Laborde\" \/>\n<meta name=\"twitter:card\" content=\"summary_large_image\" \/>\n<meta name=\"twitter:creator\" content=\"@diocesecharente\" \/>\n<meta name=\"twitter:site\" content=\"@diocesecharente\" \/>\n<meta name=\"twitter:label1\" content=\"\u00c9crit par\" \/>\n\t<meta name=\"twitter:data1\" content=\"Janine Laborde\" \/>\n\t<meta name=\"twitter:label2\" content=\"Dur\u00e9e de lecture estim\u00e9e\" \/>\n\t<meta name=\"twitter:data2\" content=\"2 minutes\" \/>\n<script type=\"application\/ld+json\" class=\"yoast-schema-graph\">{\"@context\":\"https:\/\/schema.org\",\"@graph\":[{\"@type\":\"Article\",\"@id\":\"https:\/\/charente.catholique.fr\/grand-angouleme\/actualites\/homelie-de-jacques-bonnet-diacre-permanent-pour-le-2eme-dimanche-de-lannee-a\/#article\",\"isPartOf\":{\"@id\":\"https:\/\/charente.catholique.fr\/grand-angouleme\/actualites\/homelie-de-jacques-bonnet-diacre-permanent-pour-le-2eme-dimanche-de-lannee-a\/\"},\"author\":{\"name\":\"Janine Laborde\",\"@id\":\"https:\/\/charente.catholique.fr\/grand-angouleme\/#\/schema\/person\/898f693d8a5f95b1bf02828f73967b47\"},\"headline\":\"Hom\u00e9lie de Jacques Bonnet, diacre permanent, pour le 2\u00e8me dimanche de l&#8217;ann\u00e9e A\",\"datePublished\":\"2023-01-16T12:39:32+00:00\",\"dateModified\":\"2023-01-16T12:41:00+00:00\",\"mainEntityOfPage\":{\"@id\":\"https:\/\/charente.catholique.fr\/grand-angouleme\/actualites\/homelie-de-jacques-bonnet-diacre-permanent-pour-le-2eme-dimanche-de-lannee-a\/\"},\"wordCount\":318,\"commentCount\":0,\"publisher\":{\"@id\":\"https:\/\/charente.catholique.fr\/grand-angouleme\/#organization\"},\"image\":{\"@id\":\"https:\/\/charente.catholique.fr\/grand-angouleme\/actualites\/homelie-de-jacques-bonnet-diacre-permanent-pour-le-2eme-dimanche-de-lannee-a\/#primaryimage\"},\"thumbnailUrl\":\"https:\/\/charente.catholique.fr\/grand-angouleme\/wp-content\/uploads\/sites\/2\/2023\/01\/20230116_133837.jpg\",\"articleSection\":[\"Actualit\u00e9s\"],\"inLanguage\":\"fr-FR\",\"potentialAction\":[{\"@type\":\"CommentAction\",\"name\":\"Comment\",\"target\":[\"https:\/\/charente.catholique.fr\/grand-angouleme\/actualites\/homelie-de-jacques-bonnet-diacre-permanent-pour-le-2eme-dimanche-de-lannee-a\/#respond\"]}]},{\"@type\":\"WebPage\",\"@id\":\"https:\/\/charente.catholique.fr\/grand-angouleme\/actualites\/homelie-de-jacques-bonnet-diacre-permanent-pour-le-2eme-dimanche-de-lannee-a\/\",\"url\":\"https:\/\/charente.catholique.fr\/grand-angouleme\/actualites\/homelie-de-jacques-bonnet-diacre-permanent-pour-le-2eme-dimanche-de-lannee-a\/\",\"name\":\"Hom\u00e9lie de Jacques Bonnet, diacre permanent, pour le 2\u00e8me dimanche de l'ann\u00e9e A - Doyenn\u00e9 Grand Angoul\u00eame\",\"isPartOf\":{\"@id\":\"https:\/\/charente.catholique.fr\/grand-angouleme\/#website\"},\"primaryImageOfPage\":{\"@id\":\"https:\/\/charente.catholique.fr\/grand-angouleme\/actualites\/homelie-de-jacques-bonnet-diacre-permanent-pour-le-2eme-dimanche-de-lannee-a\/#primaryimage\"},\"image\":{\"@id\":\"https:\/\/charente.catholique.fr\/grand-angouleme\/actualites\/homelie-de-jacques-bonnet-diacre-permanent-pour-le-2eme-dimanche-de-lannee-a\/#primaryimage\"},\"thumbnailUrl\":\"https:\/\/charente.catholique.fr\/grand-angouleme\/wp-content\/uploads\/sites\/2\/2023\/01\/20230116_133837.jpg\",\"datePublished\":\"2023-01-16T12:39:32+00:00\",\"dateModified\":\"2023-01-16T12:41:00+00:00\",\"breadcrumb\":{\"@id\":\"https:\/\/charente.catholique.fr\/grand-angouleme\/actualites\/homelie-de-jacques-bonnet-diacre-permanent-pour-le-2eme-dimanche-de-lannee-a\/#breadcrumb\"},\"inLanguage\":\"fr-FR\",\"potentialAction\":[{\"@type\":\"ReadAction\",\"target\":[\"https:\/\/charente.catholique.fr\/grand-angouleme\/actualites\/homelie-de-jacques-bonnet-diacre-permanent-pour-le-2eme-dimanche-de-lannee-a\/\"]}]},{\"@type\":\"ImageObject\",\"inLanguage\":\"fr-FR\",\"@id\":\"https:\/\/charente.catholique.fr\/grand-angouleme\/actualites\/homelie-de-jacques-bonnet-diacre-permanent-pour-le-2eme-dimanche-de-lannee-a\/#primaryimage\",\"url\":\"https:\/\/charente.catholique.fr\/grand-angouleme\/wp-content\/uploads\/sites\/2\/2023\/01\/20230116_133837.jpg\",\"contentUrl\":\"https:\/\/charente.catholique.fr\/grand-angouleme\/wp-content\/uploads\/sites\/2\/2023\/01\/20230116_133837.jpg\",\"width\":444,\"height\":158},{\"@type\":\"BreadcrumbList\",\"@id\":\"https:\/\/charente.catholique.fr\/grand-angouleme\/actualites\/homelie-de-jacques-bonnet-diacre-permanent-pour-le-2eme-dimanche-de-lannee-a\/#breadcrumb\",\"itemListElement\":[{\"@type\":\"ListItem\",\"position\":1,\"name\":\"Accueil\",\"item\":\"https:\/\/charente.catholique.fr\/grand-angouleme\/\"},{\"@type\":\"ListItem\",\"position\":2,\"name\":\"Hom\u00e9lie de Jacques Bonnet, diacre permanent, pour le 2\u00e8me dimanche de l&#8217;ann\u00e9e A\"}]},{\"@type\":\"WebSite\",\"@id\":\"https:\/\/charente.catholique.fr\/grand-angouleme\/#website\",\"url\":\"https:\/\/charente.catholique.fr\/grand-angouleme\/\",\"name\":\"Doyenn\u00e9 Grand Angoul\u00eame - Dioc\u00e8se d'Angoul\u00eame\",\"description\":\"Dioc\u00e8se d&#039;Angoul\u00eame\",\"publisher\":{\"@id\":\"https:\/\/charente.catholique.fr\/grand-angouleme\/#organization\"},\"potentialAction\":[{\"@type\":\"SearchAction\",\"target\":{\"@type\":\"EntryPoint\",\"urlTemplate\":\"https:\/\/charente.catholique.fr\/grand-angouleme\/?s={search_term_string}\"},\"query-input\":{\"@type\":\"PropertyValueSpecification\",\"valueRequired\":true,\"valueName\":\"search_term_string\"}}],\"inLanguage\":\"fr-FR\"},{\"@type\":\"Organization\",\"@id\":\"https:\/\/charente.catholique.fr\/grand-angouleme\/#organization\",\"name\":\"Association Dioc\u00e9saine d'Angoul\u00eame\",\"url\":\"https:\/\/charente.catholique.fr\/grand-angouleme\/\",\"logo\":{\"@type\":\"ImageObject\",\"inLanguage\":\"fr-FR\",\"@id\":\"https:\/\/charente.catholique.fr\/grand-angouleme\/#\/schema\/logo\/image\/\",\"url\":\"https:\/\/charente.catholique.fr\/grand-angouleme\/wp-content\/uploads\/sites\/2\/2020\/10\/logos.png\",\"contentUrl\":\"https:\/\/charente.catholique.fr\/grand-angouleme\/wp-content\/uploads\/sites\/2\/2020\/10\/logos.png\",\"width\":600,\"height\":257,\"caption\":\"Association Dioc\u00e9saine d'Angoul\u00eame\"},\"image\":{\"@id\":\"https:\/\/charente.catholique.fr\/grand-angouleme\/#\/schema\/logo\/image\/\"},\"sameAs\":[\"https:\/\/www.facebook.com\/EgliseCatholiqueCharente\",\"https:\/\/x.com\/diocesecharente\",\"https:\/\/www.instagram.com\/eglisecharente\",\"https:\/\/www.youtube.com\/channel\/UCByyFWApZbw3gDTiADoiAaQ\"]},{\"@type\":\"Person\",\"@id\":\"https:\/\/charente.catholique.fr\/grand-angouleme\/#\/schema\/person\/898f693d8a5f95b1bf02828f73967b47\",\"name\":\"Janine Laborde\",\"image\":{\"@type\":\"ImageObject\",\"inLanguage\":\"fr-FR\",\"@id\":\"https:\/\/charente.catholique.fr\/grand-angouleme\/#\/schema\/person\/image\/\",\"url\":\"https:\/\/secure.gravatar.com\/avatar\/a8f3185ff2f6cee7d79c60e904004ccb6107bdc3e38d176acfc1ee42b62a994e?s=96&d=mm&r=g\",\"contentUrl\":\"https:\/\/secure.gravatar.com\/avatar\/a8f3185ff2f6cee7d79c60e904004ccb6107bdc3e38d176acfc1ee42b62a994e?s=96&d=mm&r=g\",\"caption\":\"Janine Laborde\"},\"url\":\"https:\/\/charente.catholique.fr\/grand-angouleme\/author\/janinelaborde\/\"}]}<\/script>\n<!-- \/ Yoast SEO plugin. -->","yoast_head_json":{"title":"Hom\u00e9lie de Jacques Bonnet, diacre permanent, pour le 2\u00e8me dimanche de l'ann\u00e9e A - Doyenn\u00e9 Grand Angoul\u00eame","robots":{"index":"index","follow":"follow","max-snippet":"max-snippet:-1","max-image-preview":"max-image-preview:large","max-video-preview":"max-video-preview:-1"},"canonical":"https:\/\/charente.catholique.fr\/grand-angouleme\/actualites\/homelie-de-jacques-bonnet-diacre-permanent-pour-le-2eme-dimanche-de-lannee-a\/","og_locale":"fr_FR","og_type":"article","og_title":"Hom\u00e9lie de Jacques Bonnet, diacre permanent, pour le 2\u00e8me dimanche de l'ann\u00e9e A - Doyenn\u00e9 Grand Angoul\u00eame","og_description":"Accueil L&#8217;\u00c9vangile sugg\u00e8re aujourd&#8217;hui qu&#8217;il y a deux mani\u00e8res de voir : &#8211; une premi\u00e8re mani\u00e8re plate et ordinaire&#8211; une autre mani\u00e8re plus profonde, celle de Jean Baptiste. C&#8217;est une question finalement de regard, un regard \u00e9clair\u00e9 de l&#8217;int\u00e9rieur, un &#8220;conna\u00eetre&#8221; en la personne de J\u00e9sus qui vient vers lui. Jean le Baptiste voit &#8220;l&#8217;Agneau [&hellip;]","og_url":"https:\/\/charente.catholique.fr\/grand-angouleme\/actualites\/homelie-de-jacques-bonnet-diacre-permanent-pour-le-2eme-dimanche-de-lannee-a\/","og_site_name":"Doyenn\u00e9 Grand Angoul\u00eame","article_publisher":"https:\/\/www.facebook.com\/EgliseCatholiqueCharente","article_published_time":"2023-01-16T12:39:32+00:00","article_modified_time":"2023-01-16T12:41:00+00:00","og_image":[{"width":444,"height":158,"url":"https:\/\/charente.catholique.fr\/grand-angouleme\/wp-content\/uploads\/sites\/2\/2023\/01\/20230116_133837.jpg","type":"image\/jpeg"}],"author":"Janine Laborde","twitter_card":"summary_large_image","twitter_creator":"@diocesecharente","twitter_site":"@diocesecharente","twitter_misc":{"\u00c9crit par":"Janine Laborde","Dur\u00e9e de lecture estim\u00e9e":"2 minutes"},"schema":{"@context":"https:\/\/schema.org","@graph":[{"@type":"Article","@id":"https:\/\/charente.catholique.fr\/grand-angouleme\/actualites\/homelie-de-jacques-bonnet-diacre-permanent-pour-le-2eme-dimanche-de-lannee-a\/#article","isPartOf":{"@id":"https:\/\/charente.catholique.fr\/grand-angouleme\/actualites\/homelie-de-jacques-bonnet-diacre-permanent-pour-le-2eme-dimanche-de-lannee-a\/"},"author":{"name":"Janine Laborde","@id":"https:\/\/charente.catholique.fr\/grand-angouleme\/#\/schema\/person\/898f693d8a5f95b1bf02828f73967b47"},"headline":"Hom\u00e9lie de Jacques Bonnet, diacre permanent, pour le 2\u00e8me dimanche de l&#8217;ann\u00e9e A","datePublished":"2023-01-16T12:39:32+00:00","dateModified":"2023-01-16T12:41:00+00:00","mainEntityOfPage":{"@id":"https:\/\/charente.catholique.fr\/grand-angouleme\/actualites\/homelie-de-jacques-bonnet-diacre-permanent-pour-le-2eme-dimanche-de-lannee-a\/"},"wordCount":318,"commentCount":0,"publisher":{"@id":"https:\/\/charente.catholique.fr\/grand-angouleme\/#organization"},"image":{"@id":"https:\/\/charente.catholique.fr\/grand-angouleme\/actualites\/homelie-de-jacques-bonnet-diacre-permanent-pour-le-2eme-dimanche-de-lannee-a\/#primaryimage"},"thumbnailUrl":"https:\/\/charente.catholique.fr\/grand-angouleme\/wp-content\/uploads\/sites\/2\/2023\/01\/20230116_133837.jpg","articleSection":["Actualit\u00e9s"],"inLanguage":"fr-FR","potentialAction":[{"@type":"CommentAction","name":"Comment","target":["https:\/\/charente.catholique.fr\/grand-angouleme\/actualites\/homelie-de-jacques-bonnet-diacre-permanent-pour-le-2eme-dimanche-de-lannee-a\/#respond"]}]},{"@type":"WebPage","@id":"https:\/\/charente.catholique.fr\/grand-angouleme\/actualites\/homelie-de-jacques-bonnet-diacre-permanent-pour-le-2eme-dimanche-de-lannee-a\/","url":"https:\/\/charente.catholique.fr\/grand-angouleme\/actualites\/homelie-de-jacques-bonnet-diacre-permanent-pour-le-2eme-dimanche-de-lannee-a\/","name":"Hom\u00e9lie de Jacques Bonnet, diacre permanent, pour le 2\u00e8me dimanche de l'ann\u00e9e A - Doyenn\u00e9 Grand Angoul\u00eame","isPartOf":{"@id":"https:\/\/charente.catholique.fr\/grand-angouleme\/#website"},"primaryImageOfPage":{"@id":"https:\/\/charente.catholique.fr\/grand-angouleme\/actualites\/homelie-de-jacques-bonnet-diacre-permanent-pour-le-2eme-dimanche-de-lannee-a\/#primaryimage"},"image":{"@id":"https:\/\/charente.catholique.fr\/grand-angouleme\/actualites\/homelie-de-jacques-bonnet-diacre-permanent-pour-le-2eme-dimanche-de-lannee-a\/#primaryimage"},"thumbnailUrl":"https:\/\/charente.catholique.fr\/grand-angouleme\/wp-content\/uploads\/sites\/2\/2023\/01\/20230116_133837.jpg","datePublished":"2023-01-16T12:39:32+00:00","dateModified":"2023-01-16T12:41:00+00:00","breadcrumb":{"@id":"https:\/\/charente.catholique.fr\/grand-angouleme\/actualites\/homelie-de-jacques-bonnet-diacre-permanent-pour-le-2eme-dimanche-de-lannee-a\/#breadcrumb"},"inLanguage":"fr-FR","potentialAction":[{"@type":"ReadAction","target":["https:\/\/charente.catholique.fr\/grand-angouleme\/actualites\/homelie-de-jacques-bonnet-diacre-permanent-pour-le-2eme-dimanche-de-lannee-a\/"]}]},{"@type":"ImageObject","inLanguage":"fr-FR","@id":"https:\/\/charente.catholique.fr\/grand-angouleme\/actualites\/homelie-de-jacques-bonnet-diacre-permanent-pour-le-2eme-dimanche-de-lannee-a\/#primaryimage","url":"https:\/\/charente.catholique.fr\/grand-angouleme\/wp-content\/uploads\/sites\/2\/2023\/01\/20230116_133837.jpg","contentUrl":"https:\/\/charente.catholique.fr\/grand-angouleme\/wp-content\/uploads\/sites\/2\/2023\/01\/20230116_133837.jpg","width":444,"height":158},{"@type":"BreadcrumbList","@id":"https:\/\/charente.catholique.fr\/grand-angouleme\/actualites\/homelie-de-jacques-bonnet-diacre-permanent-pour-le-2eme-dimanche-de-lannee-a\/#breadcrumb","itemListElement":[{"@type":"ListItem","position":1,"name":"Accueil","item":"https:\/\/charente.catholique.fr\/grand-angouleme\/"},{"@type":"ListItem","position":2,"name":"Hom\u00e9lie de Jacques Bonnet, diacre permanent, pour le 2\u00e8me dimanche de l&#8217;ann\u00e9e A"}]},{"@type":"WebSite","@id":"https:\/\/charente.catholique.fr\/grand-angouleme\/#website","url":"https:\/\/charente.catholique.fr\/grand-angouleme\/","name":"Doyenn\u00e9 Grand Angoul\u00eame - Dioc\u00e8se d'Angoul\u00eame","description":"Dioc\u00e8se d&#039;Angoul\u00eame","publisher":{"@id":"https:\/\/charente.catholique.fr\/grand-angouleme\/#organization"},"potentialAction":[{"@type":"SearchAction","target":{"@type":"EntryPoint","urlTemplate":"https:\/\/charente.catholique.fr\/grand-angouleme\/?s={search_term_string}"},"query-input":{"@type":"PropertyValueSpecification","valueRequired":true,"valueName":"search_term_string"}}],"inLanguage":"fr-FR"},{"@type":"Organization","@id":"https:\/\/charente.catholique.fr\/grand-angouleme\/#organization","name":"Association Dioc\u00e9saine d'Angoul\u00eame","url":"https:\/\/charente.catholique.fr\/grand-angouleme\/","logo":{"@type":"ImageObject","inLanguage":"fr-FR","@id":"https:\/\/charente.catholique.fr\/grand-angouleme\/#\/schema\/logo\/image\/","url":"https:\/\/charente.catholique.fr\/grand-angouleme\/wp-content\/uploads\/sites\/2\/2020\/10\/logos.png","contentUrl":"https:\/\/charente.catholique.fr\/grand-angouleme\/wp-content\/uploads\/sites\/2\/2020\/10\/logos.png","width":600,"height":257,"caption":"Association Dioc\u00e9saine d'Angoul\u00eame"},"image":{"@id":"https:\/\/charente.catholique.fr\/grand-angouleme\/#\/schema\/logo\/image\/"},"sameAs":["https:\/\/www.facebook.com\/EgliseCatholiqueCharente","https:\/\/x.com\/diocesecharente","https:\/\/www.instagram.com\/eglisecharente","https:\/\/www.youtube.com\/channel\/UCByyFWApZbw3gDTiADoiAaQ"]},{"@type":"Person","@id":"https:\/\/charente.catholique.fr\/grand-angouleme\/#\/schema\/person\/898f693d8a5f95b1bf02828f73967b47","name":"Janine Laborde","image":{"@type":"ImageObject","inLanguage":"fr-FR","@id":"https:\/\/charente.catholique.fr\/grand-angouleme\/#\/schema\/person\/image\/","url":"https:\/\/secure.gravatar.com\/avatar\/a8f3185ff2f6cee7d79c60e904004ccb6107bdc3e38d176acfc1ee42b62a994e?s=96&d=mm&r=g","contentUrl":"https:\/\/secure.gravatar.com\/avatar\/a8f3185ff2f6cee7d79c60e904004ccb6107bdc3e38d176acfc1ee42b62a994e?s=96&d=mm&r=g","caption":"Janine Laborde"},"url":"https:\/\/charente.catholique.fr\/grand-angouleme\/author\/janinelaborde\/"}]}},"_links":{"self":[{"href":"https:\/\/charente.catholique.fr\/grand-angouleme\/wp-json\/wp\/v2\/posts\/19573","targetHints":{"allow":["GET"]}}],"collection":[{"href":"https:\/\/charente.catholique.fr\/grand-angouleme\/wp-json\/wp\/v2\/posts"}],"about":[{"href":"https:\/\/charente.catholique.fr\/grand-angouleme\/wp-json\/wp\/v2\/types\/post"}],"author":[{"embeddable":true,"href":"https:\/\/charente.catholique.fr\/grand-angouleme\/wp-json\/wp\/v2\/users\/22"}],"replies":[{"embeddable":true,"href":"https:\/\/charente.catholique.fr\/grand-angouleme\/wp-json\/wp\/v2\/comments?post=19573"}],"version-history":[{"count":2,"href":"https:\/\/charente.catholique.fr\/grand-angouleme\/wp-json\/wp\/v2\/posts\/19573\/revisions"}],"predecessor-version":[{"id":19583,"href":"https:\/\/charente.catholique.fr\/grand-angouleme\/wp-json\/wp\/v2\/posts\/19573\/revisions\/19583"}],"wp:featuredmedia":[{"embeddable":true,"href":"https:\/\/charente.catholique.fr\/grand-angouleme\/wp-json\/wp\/v2\/media\/19581"}],"wp:attachment":[{"href":"https:\/\/charente.catholique.fr\/grand-angouleme\/wp-json\/wp\/v2\/media?parent=19573"}],"wp:term":[{"taxonomy":"category","embeddable":true,"href":"https:\/\/charente.catholique.fr\/grand-angouleme\/wp-json\/wp\/v2\/categories?post=19573"},{"taxonomy":"post_tag","embeddable":true,"href":"https:\/\/charente.catholique.fr\/grand-angouleme\/wp-json\/wp\/v2\/tags?post=19573"}],"curies":[{"name":"wp","href":"https:\/\/api.w.org\/{rel}","templated":true}]}}