{"id":19542,"date":"2023-01-08T15:22:09","date_gmt":"2023-01-08T14:22:09","guid":{"rendered":"https:\/\/charente.catholique.fr\/grand-angouleme\/?p=19542"},"modified":"2023-01-09T08:50:16","modified_gmt":"2023-01-09T07:50:16","slug":"homelie-du-p-denis-trinez-pour-la-fete-de-lepiphanie-a","status":"publish","type":"post","link":"https:\/\/charente.catholique.fr\/grand-angouleme\/actualites\/homelie-du-p-denis-trinez-pour-la-fete-de-lepiphanie-a\/","title":{"rendered":"Hom\u00e9lie du P. Denis Trinez pour la f\u00eate de l&#8217;\u00c9piphanie A"},"content":{"rendered":"\n<h4 class=\"wp-block-heading\">Accueil <\/h4>\n\n\n\n<p>\u00ab&nbsp;Debout J\u00e9rusalem, resplendis&nbsp;\u00bb!&nbsp; le proph\u00e8te Isa\u00efe&nbsp; invite le peuple \u00e0 sortir des t\u00e9n\u00e8bres pour se tourner vers la lumi\u00e8re, aurore de temps nouveaux, promesse de joie et d\u2019abondance.<\/p>\n\n\n\n<p>En ce jour de l\u2019Epiphanie, nous cheminons avec les mages venus de pays lointains. Les yeux fix\u00e9s sur le ciel , ils se laissent guider par l\u2019\u00e9toile qui les conduira jusqu\u2019\u00e0 l\u2019enfant de la cr\u00e8che . Cet enfant dont la venue va ouvrir une \u00e8re nouvelle et apporter le salut \u00e0 la terre enti\u00e8re. &nbsp;<\/p>\n\n\n\n<p>Aujourd\u2019hui, nous avons la joie d\u2019accueillir un groupe de jeunes qui s\u2019engagent sur un chemin nouveau en se pr\u00e9parant au bapt\u00eame. Nous les entendrons frapper \u00e0 notre porte et, apr\u00e8s avoir \u00e9t\u00e9 accueillis, ils nous diront quelle \u00e9toile les a guid\u00e9s. Quittant Bethl\u00e9em, les mages sont repartis par un autre chemin. Merci \u00e0 ces jeunes qui ouvrent de nouveaux chemins. Avec eux,&nbsp;&nbsp; retrouvons la force vivifiante de notre bapt\u00eame et osons nous aventurer sur ce chemin de lumi\u00e8re qui peut rendre heureux.<\/p>\n\n\n\n<h4 class=\"wp-block-heading\">Hom\u00e9lie du P\u00e8re Denis <\/h4>\n\n\n\n<figure class=\"wp-block-embed is-type-video is-provider-youtube wp-block-embed-youtube wp-embed-aspect-4-3 wp-has-aspect-ratio\"><div class=\"wp-block-embed__wrapper\">\n<iframe loading=\"lazy\" title=\"hom\u00e9lie du p\u00e8re Denis Trinez pour la f\u00eate de l&#039;Epiphanie\" width=\"500\" height=\"375\" src=\"https:\/\/www.youtube.com\/embed\/1uK3L0VY96g?feature=oembed\" frameborder=\"0\" allow=\"accelerometer; autoplay; clipboard-write; encrypted-media; gyroscope; picture-in-picture; web-share\" referrerpolicy=\"strict-origin-when-cross-origin\" allowfullscreen><\/iframe>\n<\/div><\/figure>\n\n\n\n<h4 class=\"wp-block-heading\">Pri\u00e8re universelle \u00c9PIPHANIE &nbsp;2023<\/h4>\n\n\n\n<p>    *Avec l&#8217;or dont chacun de nous se croit riche, apprends- nous Seigneur&nbsp; \u00e0 rester humble et ajust\u00e9 \u00e0 toi pour apporter Ta Paix.<\/p>\n\n\n\n<p>&nbsp;&nbsp; *Avec l&#8217;encens, dont nous enfumons parfois trop nos \u00e9glises&nbsp;!&nbsp;Fais nous d\u00e9sirer, Seigneur, l&#8217;ouverture vers&nbsp; nos s\u0153urs et fr\u00e8res qui ne te connaissent ou ne te reconnaissent pas.<\/p>\n\n\n\n<p>&nbsp;&nbsp;&nbsp; *Avec la myrrhe, Seigneur, donne l&#8217;\u00e9lan n\u00e9cessaire aux jeunes qui&nbsp;aujourd&#8217;hui, se pr\u00e9sentent \u00e0 Toi comme ils sont, pour commencer leur chemin vers Toi et oser te suivre sans cesse avec v\u00e9rit\u00e9 et en&nbsp;fraternit\u00e9 avec ceux qu&#8217;ils rencontreront dans leur vie au quotidien.<\/p>\n","protected":false},"excerpt":{"rendered":"<p>Accueil \u00ab&nbsp;Debout J\u00e9rusalem, resplendis&nbsp;\u00bb!&nbsp; le proph\u00e8te Isa\u00efe&nbsp; invite le peuple \u00e0 sortir des t\u00e9n\u00e8bres pour se tourner vers la lumi\u00e8re, aurore de temps nouveaux, promesse de joie et d\u2019abondance. En ce jour de l\u2019Epiphanie, nous cheminons avec les mages venus de pays lointains. Les yeux fix\u00e9s sur le ciel , ils se laissent guider par [&hellip;]<\/p>\n","protected":false},"author":22,"featured_media":19544,"comment_status":"open","ping_status":"open","sticky":false,"template":"","format":"standard","meta":{"_acf_changed":false,"paroisse":["0"],"service":["0"],"footnotes":""},"categories":[1],"tags":[],"class_list":["post-19542","post","type-post","status-publish","format-standard","has-post-thumbnail","hentry","category-actualites"],"acf":[],"yoast_head":"<!-- This site is optimized with the Yoast SEO plugin v27.1.1 - https:\/\/yoast.com\/product\/yoast-seo-wordpress\/ -->\n<title>Hom\u00e9lie du P. Denis Trinez pour la f\u00eate de l&#039;\u00c9piphanie A - Doyenn\u00e9 Grand Angoul\u00eame<\/title>\n<meta name=\"robots\" content=\"index, follow, max-snippet:-1, max-image-preview:large, max-video-preview:-1\" \/>\n<link rel=\"canonical\" href=\"https:\/\/charente.catholique.fr\/grand-angouleme\/actualites\/homelie-du-p-denis-trinez-pour-la-fete-de-lepiphanie-a\/\" \/>\n<meta property=\"og:locale\" content=\"fr_FR\" \/>\n<meta property=\"og:type\" content=\"article\" \/>\n<meta property=\"og:title\" content=\"Hom\u00e9lie du P. Denis Trinez pour la f\u00eate de l&#039;\u00c9piphanie A - Doyenn\u00e9 Grand Angoul\u00eame\" \/>\n<meta property=\"og:description\" content=\"Accueil \u00ab&nbsp;Debout J\u00e9rusalem, resplendis&nbsp;\u00bb!&nbsp; le proph\u00e8te Isa\u00efe&nbsp; invite le peuple \u00e0 sortir des t\u00e9n\u00e8bres pour se tourner vers la lumi\u00e8re, aurore de temps nouveaux, promesse de joie et d\u2019abondance. En ce jour de l\u2019Epiphanie, nous cheminons avec les mages venus de pays lointains. Les yeux fix\u00e9s sur le ciel , ils se laissent guider par [&hellip;]\" \/>\n<meta property=\"og:url\" content=\"https:\/\/charente.catholique.fr\/grand-angouleme\/actualites\/homelie-du-p-denis-trinez-pour-la-fete-de-lepiphanie-a\/\" \/>\n<meta property=\"og:site_name\" content=\"Doyenn\u00e9 Grand Angoul\u00eame\" \/>\n<meta property=\"article:publisher\" content=\"https:\/\/www.facebook.com\/EgliseCatholiqueCharente\" \/>\n<meta property=\"article:published_time\" content=\"2023-01-08T14:22:09+00:00\" \/>\n<meta property=\"article:modified_time\" content=\"2023-01-09T07:50:16+00:00\" \/>\n<meta property=\"og:image\" content=\"https:\/\/charente.catholique.fr\/grand-angouleme\/wp-content\/uploads\/sites\/2\/2023\/01\/20230108_152607.jpg\" \/>\n\t<meta property=\"og:image:width\" content=\"583\" \/>\n\t<meta property=\"og:image:height\" content=\"284\" \/>\n\t<meta property=\"og:image:type\" content=\"image\/jpeg\" \/>\n<meta name=\"author\" content=\"Janine Laborde\" \/>\n<meta name=\"twitter:card\" content=\"summary_large_image\" \/>\n<meta name=\"twitter:creator\" content=\"@diocesecharente\" \/>\n<meta name=\"twitter:site\" content=\"@diocesecharente\" \/>\n<meta name=\"twitter:label1\" content=\"\u00c9crit par\" \/>\n\t<meta name=\"twitter:data1\" content=\"Janine Laborde\" \/>\n\t<meta name=\"twitter:label2\" content=\"Dur\u00e9e de lecture estim\u00e9e\" \/>\n\t<meta name=\"twitter:data2\" content=\"2 minutes\" \/>\n<script type=\"application\/ld+json\" class=\"yoast-schema-graph\">{\"@context\":\"https:\/\/schema.org\",\"@graph\":[{\"@type\":\"Article\",\"@id\":\"https:\/\/charente.catholique.fr\/grand-angouleme\/actualites\/homelie-du-p-denis-trinez-pour-la-fete-de-lepiphanie-a\/#article\",\"isPartOf\":{\"@id\":\"https:\/\/charente.catholique.fr\/grand-angouleme\/actualites\/homelie-du-p-denis-trinez-pour-la-fete-de-lepiphanie-a\/\"},\"author\":{\"name\":\"Janine Laborde\",\"@id\":\"https:\/\/charente.catholique.fr\/grand-angouleme\/#\/schema\/person\/898f693d8a5f95b1bf02828f73967b47\"},\"headline\":\"Hom\u00e9lie du P. Denis Trinez pour la f\u00eate de l&#8217;\u00c9piphanie A\",\"datePublished\":\"2023-01-08T14:22:09+00:00\",\"dateModified\":\"2023-01-09T07:50:16+00:00\",\"mainEntityOfPage\":{\"@id\":\"https:\/\/charente.catholique.fr\/grand-angouleme\/actualites\/homelie-du-p-denis-trinez-pour-la-fete-de-lepiphanie-a\/\"},\"wordCount\":336,\"commentCount\":0,\"publisher\":{\"@id\":\"https:\/\/charente.catholique.fr\/grand-angouleme\/#organization\"},\"image\":{\"@id\":\"https:\/\/charente.catholique.fr\/grand-angouleme\/actualites\/homelie-du-p-denis-trinez-pour-la-fete-de-lepiphanie-a\/#primaryimage\"},\"thumbnailUrl\":\"https:\/\/charente.catholique.fr\/grand-angouleme\/wp-content\/uploads\/sites\/2\/2023\/01\/20230108_152607.jpg\",\"articleSection\":[\"Actualit\u00e9s\"],\"inLanguage\":\"fr-FR\",\"potentialAction\":[{\"@type\":\"CommentAction\",\"name\":\"Comment\",\"target\":[\"https:\/\/charente.catholique.fr\/grand-angouleme\/actualites\/homelie-du-p-denis-trinez-pour-la-fete-de-lepiphanie-a\/#respond\"]}]},{\"@type\":\"WebPage\",\"@id\":\"https:\/\/charente.catholique.fr\/grand-angouleme\/actualites\/homelie-du-p-denis-trinez-pour-la-fete-de-lepiphanie-a\/\",\"url\":\"https:\/\/charente.catholique.fr\/grand-angouleme\/actualites\/homelie-du-p-denis-trinez-pour-la-fete-de-lepiphanie-a\/\",\"name\":\"Hom\u00e9lie du P. Denis Trinez pour la f\u00eate de l'\u00c9piphanie A - Doyenn\u00e9 Grand Angoul\u00eame\",\"isPartOf\":{\"@id\":\"https:\/\/charente.catholique.fr\/grand-angouleme\/#website\"},\"primaryImageOfPage\":{\"@id\":\"https:\/\/charente.catholique.fr\/grand-angouleme\/actualites\/homelie-du-p-denis-trinez-pour-la-fete-de-lepiphanie-a\/#primaryimage\"},\"image\":{\"@id\":\"https:\/\/charente.catholique.fr\/grand-angouleme\/actualites\/homelie-du-p-denis-trinez-pour-la-fete-de-lepiphanie-a\/#primaryimage\"},\"thumbnailUrl\":\"https:\/\/charente.catholique.fr\/grand-angouleme\/wp-content\/uploads\/sites\/2\/2023\/01\/20230108_152607.jpg\",\"datePublished\":\"2023-01-08T14:22:09+00:00\",\"dateModified\":\"2023-01-09T07:50:16+00:00\",\"breadcrumb\":{\"@id\":\"https:\/\/charente.catholique.fr\/grand-angouleme\/actualites\/homelie-du-p-denis-trinez-pour-la-fete-de-lepiphanie-a\/#breadcrumb\"},\"inLanguage\":\"fr-FR\",\"potentialAction\":[{\"@type\":\"ReadAction\",\"target\":[\"https:\/\/charente.catholique.fr\/grand-angouleme\/actualites\/homelie-du-p-denis-trinez-pour-la-fete-de-lepiphanie-a\/\"]}]},{\"@type\":\"ImageObject\",\"inLanguage\":\"fr-FR\",\"@id\":\"https:\/\/charente.catholique.fr\/grand-angouleme\/actualites\/homelie-du-p-denis-trinez-pour-la-fete-de-lepiphanie-a\/#primaryimage\",\"url\":\"https:\/\/charente.catholique.fr\/grand-angouleme\/wp-content\/uploads\/sites\/2\/2023\/01\/20230108_152607.jpg\",\"contentUrl\":\"https:\/\/charente.catholique.fr\/grand-angouleme\/wp-content\/uploads\/sites\/2\/2023\/01\/20230108_152607.jpg\",\"width\":583,\"height\":284},{\"@type\":\"BreadcrumbList\",\"@id\":\"https:\/\/charente.catholique.fr\/grand-angouleme\/actualites\/homelie-du-p-denis-trinez-pour-la-fete-de-lepiphanie-a\/#breadcrumb\",\"itemListElement\":[{\"@type\":\"ListItem\",\"position\":1,\"name\":\"Accueil\",\"item\":\"https:\/\/charente.catholique.fr\/grand-angouleme\/\"},{\"@type\":\"ListItem\",\"position\":2,\"name\":\"Hom\u00e9lie du P. Denis Trinez pour la f\u00eate de l&#8217;\u00c9piphanie A\"}]},{\"@type\":\"WebSite\",\"@id\":\"https:\/\/charente.catholique.fr\/grand-angouleme\/#website\",\"url\":\"https:\/\/charente.catholique.fr\/grand-angouleme\/\",\"name\":\"Doyenn\u00e9 Grand Angoul\u00eame - Dioc\u00e8se d'Angoul\u00eame\",\"description\":\"Dioc\u00e8se d&#039;Angoul\u00eame\",\"publisher\":{\"@id\":\"https:\/\/charente.catholique.fr\/grand-angouleme\/#organization\"},\"potentialAction\":[{\"@type\":\"SearchAction\",\"target\":{\"@type\":\"EntryPoint\",\"urlTemplate\":\"https:\/\/charente.catholique.fr\/grand-angouleme\/?s={search_term_string}\"},\"query-input\":{\"@type\":\"PropertyValueSpecification\",\"valueRequired\":true,\"valueName\":\"search_term_string\"}}],\"inLanguage\":\"fr-FR\"},{\"@type\":\"Organization\",\"@id\":\"https:\/\/charente.catholique.fr\/grand-angouleme\/#organization\",\"name\":\"Association Dioc\u00e9saine d'Angoul\u00eame\",\"url\":\"https:\/\/charente.catholique.fr\/grand-angouleme\/\",\"logo\":{\"@type\":\"ImageObject\",\"inLanguage\":\"fr-FR\",\"@id\":\"https:\/\/charente.catholique.fr\/grand-angouleme\/#\/schema\/logo\/image\/\",\"url\":\"https:\/\/charente.catholique.fr\/grand-angouleme\/wp-content\/uploads\/sites\/2\/2020\/10\/logos.png\",\"contentUrl\":\"https:\/\/charente.catholique.fr\/grand-angouleme\/wp-content\/uploads\/sites\/2\/2020\/10\/logos.png\",\"width\":600,\"height\":257,\"caption\":\"Association Dioc\u00e9saine d'Angoul\u00eame\"},\"image\":{\"@id\":\"https:\/\/charente.catholique.fr\/grand-angouleme\/#\/schema\/logo\/image\/\"},\"sameAs\":[\"https:\/\/www.facebook.com\/EgliseCatholiqueCharente\",\"https:\/\/x.com\/diocesecharente\",\"https:\/\/www.instagram.com\/eglisecharente\",\"https:\/\/www.youtube.com\/channel\/UCByyFWApZbw3gDTiADoiAaQ\"]},{\"@type\":\"Person\",\"@id\":\"https:\/\/charente.catholique.fr\/grand-angouleme\/#\/schema\/person\/898f693d8a5f95b1bf02828f73967b47\",\"name\":\"Janine Laborde\",\"image\":{\"@type\":\"ImageObject\",\"inLanguage\":\"fr-FR\",\"@id\":\"https:\/\/charente.catholique.fr\/grand-angouleme\/#\/schema\/person\/image\/\",\"url\":\"https:\/\/secure.gravatar.com\/avatar\/a8f3185ff2f6cee7d79c60e904004ccb6107bdc3e38d176acfc1ee42b62a994e?s=96&d=mm&r=g\",\"contentUrl\":\"https:\/\/secure.gravatar.com\/avatar\/a8f3185ff2f6cee7d79c60e904004ccb6107bdc3e38d176acfc1ee42b62a994e?s=96&d=mm&r=g\",\"caption\":\"Janine Laborde\"},\"url\":\"https:\/\/charente.catholique.fr\/grand-angouleme\/author\/janinelaborde\/\"}]}<\/script>\n<!-- \/ Yoast SEO plugin. -->","yoast_head_json":{"title":"Hom\u00e9lie du P. Denis Trinez pour la f\u00eate de l'\u00c9piphanie A - Doyenn\u00e9 Grand Angoul\u00eame","robots":{"index":"index","follow":"follow","max-snippet":"max-snippet:-1","max-image-preview":"max-image-preview:large","max-video-preview":"max-video-preview:-1"},"canonical":"https:\/\/charente.catholique.fr\/grand-angouleme\/actualites\/homelie-du-p-denis-trinez-pour-la-fete-de-lepiphanie-a\/","og_locale":"fr_FR","og_type":"article","og_title":"Hom\u00e9lie du P. Denis Trinez pour la f\u00eate de l'\u00c9piphanie A - Doyenn\u00e9 Grand Angoul\u00eame","og_description":"Accueil \u00ab&nbsp;Debout J\u00e9rusalem, resplendis&nbsp;\u00bb!&nbsp; le proph\u00e8te Isa\u00efe&nbsp; invite le peuple \u00e0 sortir des t\u00e9n\u00e8bres pour se tourner vers la lumi\u00e8re, aurore de temps nouveaux, promesse de joie et d\u2019abondance. En ce jour de l\u2019Epiphanie, nous cheminons avec les mages venus de pays lointains. Les yeux fix\u00e9s sur le ciel , ils se laissent guider par [&hellip;]","og_url":"https:\/\/charente.catholique.fr\/grand-angouleme\/actualites\/homelie-du-p-denis-trinez-pour-la-fete-de-lepiphanie-a\/","og_site_name":"Doyenn\u00e9 Grand Angoul\u00eame","article_publisher":"https:\/\/www.facebook.com\/EgliseCatholiqueCharente","article_published_time":"2023-01-08T14:22:09+00:00","article_modified_time":"2023-01-09T07:50:16+00:00","og_image":[{"width":583,"height":284,"url":"https:\/\/charente.catholique.fr\/grand-angouleme\/wp-content\/uploads\/sites\/2\/2023\/01\/20230108_152607.jpg","type":"image\/jpeg"}],"author":"Janine Laborde","twitter_card":"summary_large_image","twitter_creator":"@diocesecharente","twitter_site":"@diocesecharente","twitter_misc":{"\u00c9crit par":"Janine Laborde","Dur\u00e9e de lecture estim\u00e9e":"2 minutes"},"schema":{"@context":"https:\/\/schema.org","@graph":[{"@type":"Article","@id":"https:\/\/charente.catholique.fr\/grand-angouleme\/actualites\/homelie-du-p-denis-trinez-pour-la-fete-de-lepiphanie-a\/#article","isPartOf":{"@id":"https:\/\/charente.catholique.fr\/grand-angouleme\/actualites\/homelie-du-p-denis-trinez-pour-la-fete-de-lepiphanie-a\/"},"author":{"name":"Janine Laborde","@id":"https:\/\/charente.catholique.fr\/grand-angouleme\/#\/schema\/person\/898f693d8a5f95b1bf02828f73967b47"},"headline":"Hom\u00e9lie du P. Denis Trinez pour la f\u00eate de l&#8217;\u00c9piphanie A","datePublished":"2023-01-08T14:22:09+00:00","dateModified":"2023-01-09T07:50:16+00:00","mainEntityOfPage":{"@id":"https:\/\/charente.catholique.fr\/grand-angouleme\/actualites\/homelie-du-p-denis-trinez-pour-la-fete-de-lepiphanie-a\/"},"wordCount":336,"commentCount":0,"publisher":{"@id":"https:\/\/charente.catholique.fr\/grand-angouleme\/#organization"},"image":{"@id":"https:\/\/charente.catholique.fr\/grand-angouleme\/actualites\/homelie-du-p-denis-trinez-pour-la-fete-de-lepiphanie-a\/#primaryimage"},"thumbnailUrl":"https:\/\/charente.catholique.fr\/grand-angouleme\/wp-content\/uploads\/sites\/2\/2023\/01\/20230108_152607.jpg","articleSection":["Actualit\u00e9s"],"inLanguage":"fr-FR","potentialAction":[{"@type":"CommentAction","name":"Comment","target":["https:\/\/charente.catholique.fr\/grand-angouleme\/actualites\/homelie-du-p-denis-trinez-pour-la-fete-de-lepiphanie-a\/#respond"]}]},{"@type":"WebPage","@id":"https:\/\/charente.catholique.fr\/grand-angouleme\/actualites\/homelie-du-p-denis-trinez-pour-la-fete-de-lepiphanie-a\/","url":"https:\/\/charente.catholique.fr\/grand-angouleme\/actualites\/homelie-du-p-denis-trinez-pour-la-fete-de-lepiphanie-a\/","name":"Hom\u00e9lie du P. Denis Trinez pour la f\u00eate de l'\u00c9piphanie A - Doyenn\u00e9 Grand Angoul\u00eame","isPartOf":{"@id":"https:\/\/charente.catholique.fr\/grand-angouleme\/#website"},"primaryImageOfPage":{"@id":"https:\/\/charente.catholique.fr\/grand-angouleme\/actualites\/homelie-du-p-denis-trinez-pour-la-fete-de-lepiphanie-a\/#primaryimage"},"image":{"@id":"https:\/\/charente.catholique.fr\/grand-angouleme\/actualites\/homelie-du-p-denis-trinez-pour-la-fete-de-lepiphanie-a\/#primaryimage"},"thumbnailUrl":"https:\/\/charente.catholique.fr\/grand-angouleme\/wp-content\/uploads\/sites\/2\/2023\/01\/20230108_152607.jpg","datePublished":"2023-01-08T14:22:09+00:00","dateModified":"2023-01-09T07:50:16+00:00","breadcrumb":{"@id":"https:\/\/charente.catholique.fr\/grand-angouleme\/actualites\/homelie-du-p-denis-trinez-pour-la-fete-de-lepiphanie-a\/#breadcrumb"},"inLanguage":"fr-FR","potentialAction":[{"@type":"ReadAction","target":["https:\/\/charente.catholique.fr\/grand-angouleme\/actualites\/homelie-du-p-denis-trinez-pour-la-fete-de-lepiphanie-a\/"]}]},{"@type":"ImageObject","inLanguage":"fr-FR","@id":"https:\/\/charente.catholique.fr\/grand-angouleme\/actualites\/homelie-du-p-denis-trinez-pour-la-fete-de-lepiphanie-a\/#primaryimage","url":"https:\/\/charente.catholique.fr\/grand-angouleme\/wp-content\/uploads\/sites\/2\/2023\/01\/20230108_152607.jpg","contentUrl":"https:\/\/charente.catholique.fr\/grand-angouleme\/wp-content\/uploads\/sites\/2\/2023\/01\/20230108_152607.jpg","width":583,"height":284},{"@type":"BreadcrumbList","@id":"https:\/\/charente.catholique.fr\/grand-angouleme\/actualites\/homelie-du-p-denis-trinez-pour-la-fete-de-lepiphanie-a\/#breadcrumb","itemListElement":[{"@type":"ListItem","position":1,"name":"Accueil","item":"https:\/\/charente.catholique.fr\/grand-angouleme\/"},{"@type":"ListItem","position":2,"name":"Hom\u00e9lie du P. Denis Trinez pour la f\u00eate de l&#8217;\u00c9piphanie A"}]},{"@type":"WebSite","@id":"https:\/\/charente.catholique.fr\/grand-angouleme\/#website","url":"https:\/\/charente.catholique.fr\/grand-angouleme\/","name":"Doyenn\u00e9 Grand Angoul\u00eame - Dioc\u00e8se d'Angoul\u00eame","description":"Dioc\u00e8se d&#039;Angoul\u00eame","publisher":{"@id":"https:\/\/charente.catholique.fr\/grand-angouleme\/#organization"},"potentialAction":[{"@type":"SearchAction","target":{"@type":"EntryPoint","urlTemplate":"https:\/\/charente.catholique.fr\/grand-angouleme\/?s={search_term_string}"},"query-input":{"@type":"PropertyValueSpecification","valueRequired":true,"valueName":"search_term_string"}}],"inLanguage":"fr-FR"},{"@type":"Organization","@id":"https:\/\/charente.catholique.fr\/grand-angouleme\/#organization","name":"Association Dioc\u00e9saine d'Angoul\u00eame","url":"https:\/\/charente.catholique.fr\/grand-angouleme\/","logo":{"@type":"ImageObject","inLanguage":"fr-FR","@id":"https:\/\/charente.catholique.fr\/grand-angouleme\/#\/schema\/logo\/image\/","url":"https:\/\/charente.catholique.fr\/grand-angouleme\/wp-content\/uploads\/sites\/2\/2020\/10\/logos.png","contentUrl":"https:\/\/charente.catholique.fr\/grand-angouleme\/wp-content\/uploads\/sites\/2\/2020\/10\/logos.png","width":600,"height":257,"caption":"Association Dioc\u00e9saine d'Angoul\u00eame"},"image":{"@id":"https:\/\/charente.catholique.fr\/grand-angouleme\/#\/schema\/logo\/image\/"},"sameAs":["https:\/\/www.facebook.com\/EgliseCatholiqueCharente","https:\/\/x.com\/diocesecharente","https:\/\/www.instagram.com\/eglisecharente","https:\/\/www.youtube.com\/channel\/UCByyFWApZbw3gDTiADoiAaQ"]},{"@type":"Person","@id":"https:\/\/charente.catholique.fr\/grand-angouleme\/#\/schema\/person\/898f693d8a5f95b1bf02828f73967b47","name":"Janine Laborde","image":{"@type":"ImageObject","inLanguage":"fr-FR","@id":"https:\/\/charente.catholique.fr\/grand-angouleme\/#\/schema\/person\/image\/","url":"https:\/\/secure.gravatar.com\/avatar\/a8f3185ff2f6cee7d79c60e904004ccb6107bdc3e38d176acfc1ee42b62a994e?s=96&d=mm&r=g","contentUrl":"https:\/\/secure.gravatar.com\/avatar\/a8f3185ff2f6cee7d79c60e904004ccb6107bdc3e38d176acfc1ee42b62a994e?s=96&d=mm&r=g","caption":"Janine Laborde"},"url":"https:\/\/charente.catholique.fr\/grand-angouleme\/author\/janinelaborde\/"}]}},"_links":{"self":[{"href":"https:\/\/charente.catholique.fr\/grand-angouleme\/wp-json\/wp\/v2\/posts\/19542","targetHints":{"allow":["GET"]}}],"collection":[{"href":"https:\/\/charente.catholique.fr\/grand-angouleme\/wp-json\/wp\/v2\/posts"}],"about":[{"href":"https:\/\/charente.catholique.fr\/grand-angouleme\/wp-json\/wp\/v2\/types\/post"}],"author":[{"embeddable":true,"href":"https:\/\/charente.catholique.fr\/grand-angouleme\/wp-json\/wp\/v2\/users\/22"}],"replies":[{"embeddable":true,"href":"https:\/\/charente.catholique.fr\/grand-angouleme\/wp-json\/wp\/v2\/comments?post=19542"}],"version-history":[{"count":8,"href":"https:\/\/charente.catholique.fr\/grand-angouleme\/wp-json\/wp\/v2\/posts\/19542\/revisions"}],"predecessor-version":[{"id":19553,"href":"https:\/\/charente.catholique.fr\/grand-angouleme\/wp-json\/wp\/v2\/posts\/19542\/revisions\/19553"}],"wp:featuredmedia":[{"embeddable":true,"href":"https:\/\/charente.catholique.fr\/grand-angouleme\/wp-json\/wp\/v2\/media\/19544"}],"wp:attachment":[{"href":"https:\/\/charente.catholique.fr\/grand-angouleme\/wp-json\/wp\/v2\/media?parent=19542"}],"wp:term":[{"taxonomy":"category","embeddable":true,"href":"https:\/\/charente.catholique.fr\/grand-angouleme\/wp-json\/wp\/v2\/categories?post=19542"},{"taxonomy":"post_tag","embeddable":true,"href":"https:\/\/charente.catholique.fr\/grand-angouleme\/wp-json\/wp\/v2\/tags?post=19542"}],"curies":[{"name":"wp","href":"https:\/\/api.w.org\/{rel}","templated":true}]}}