{"id":19414,"date":"2023-01-01T20:57:57","date_gmt":"2023-01-01T19:57:57","guid":{"rendered":"https:\/\/charente.catholique.fr\/grand-angouleme\/?p=19414"},"modified":"2023-01-02T07:02:27","modified_gmt":"2023-01-02T06:02:27","slug":"homelie-du-p-denis-trinez-pour-la-fete-de-sainte-marie-mere-de-dieu","status":"publish","type":"post","link":"https:\/\/charente.catholique.fr\/grand-angouleme\/actualites\/homelie-du-p-denis-trinez-pour-la-fete-de-sainte-marie-mere-de-dieu\/","title":{"rendered":"Hom\u00e9lie du P. Denis Trinez pour la f\u00eate de Sainte Marie, m\u00e8re de Dieu"},"content":{"rendered":"\n<h4 class=\"wp-block-heading\">Mot d&#8217;accueil<\/h4>\n\n\n\n<p>\u00ab&nbsp;Que le Seigneur te b\u00e9nisse et te garde qu&#8217;Il tourne vers toi son visage, qu&#8217;Il t&#8217;apporte la Paix&nbsp;\u00bb.<\/p>\n\n\n\n<p>En ce 1er jour de l&#8217;ann\u00e9e qu&#8217;elles sont belles ces&nbsp; affirmations&nbsp;! Dieu tourne son visage vers chacun de nous et apporte la paix&nbsp;! Il nous b\u00e9nit et nous garde&nbsp;!&nbsp; Nous devenons fille et fils de Dieu, fr\u00e8re du Christ, nous sommes h\u00e9ritiers&nbsp;!<\/p>\n\n\n\n<p>P\u00e8re bien aim\u00e9, nous te remercions de ton adoption.<\/p>\n\n\n\n<p>Soyons ce visage du Seigneur qui se tourne pour apporter la paix&nbsp;.<\/p>\n\n\n\n<p>La paix n&#8217;est elle pas le moyen de servir la vie humaine&nbsp; et donc de servir Dieu&nbsp;?.<\/p>\n\n\n\n<p>Depuis la naissance de l&#8217;Enfant, Marie garde tout cela dans son c\u0153ur comme chaque m\u00e8re apr\u00e8s un accouchement, c&#8217;est tellement merveilleux de regarder l&#8217;enfant qui est l\u00e0, que l&#8217;on reste sans voix, sans parole comme celui qui vient de na\u00eetre.<\/p>\n\n\n\n<p>Nous avons aussi besoin de silence pour regarder l&#8217;Enfant de la cr\u00e8che, comprendre la petitesse de Dieu fait homme qui d\u00e9monte nos orgueils, d\u00e9range nos fastes et nos conforts, remplit de tendresse nos c\u0153urs parfois insensibles.<\/p>\n\n\n\n<p>En gardant le silence de Marie nous nous d\u00e9lestons des banalit\u00e9s de la consommation, des \u00e9tourdissements de la publicit\u00e9, du d\u00e9ferlement de paroles vides et des bruits multiples.<\/p>\n\n\n\n<p>Marie M\u00e8re de Dieu nous te f\u00eatons aujourd&#8217;hui en m\u00eame temps que la journ\u00e9e mondiale pour la paix, apprends nous \u00e0&nbsp; rien garder pour nous ni col\u00e8re, ni difficult\u00e9s, ni souci, \u00e0 ne rien retenir de renferm\u00e9 dans la solitude ou noy\u00e9 dans l&#8217;amertume.<\/p>\n\n\n\n<p>Apprends nous \u00e0 apporter tout \u00e0 Dieu&nbsp;! A contempler le visage du Seigneur dans chaque s\u0153ur et fr\u00e8re en humanit\u00e9 qui nous apporte la paix .<\/p>\n\n\n\n<p>&nbsp;S\u0153urs et fr\u00e8res savez vous la nouveaut\u00e9&nbsp; de cette nouvelle ann\u00e9e&nbsp;? c&#8217;est que l&#8217;Homme n&#8217;est plus seul&nbsp;!<\/p>\n\n\n\n<h4 class=\"wp-block-heading\"><a href=\"https:\/\/www.aelf.org\/2023-01-01\/romain\/messe\">Lectures du jour<\/a><\/h4>\n\n\n\n<h4 class=\"wp-block-heading\">Hom\u00e9lie du P\u00e8re Denis <\/h4>\n\n\n\n<figure class=\"wp-block-embed is-type-video is-provider-youtube wp-block-embed-youtube wp-embed-aspect-4-3 wp-has-aspect-ratio\"><div class=\"wp-block-embed__wrapper\">\n<iframe loading=\"lazy\" title=\"hom\u00e9lie du p\u00e8re Denis Trinez pour la f\u00eate de Sainte Marie M\u00e8re de Dieu\" width=\"500\" height=\"375\" src=\"https:\/\/www.youtube.com\/embed\/ay8VsL86Td0?feature=oembed\" frameborder=\"0\" allow=\"accelerometer; autoplay; clipboard-write; encrypted-media; gyroscope; picture-in-picture; web-share\" referrerpolicy=\"strict-origin-when-cross-origin\" allowfullscreen><\/iframe>\n<\/div><\/figure>\n\n\n\n<h4 class=\"wp-block-heading\">Pri\u00e8res universelles <\/h4>\n\n\n\n<p><strong>La paix elle aura nos visages<\/strong><\/p>\n\n\n\n<p>Seigneur J\u00e9sus que ton esprit de paix se refl\u00e8te sur nos visages et nous aide \u00e0 \u00eatre des artisans de paix dans nos familles, dans nos communaut\u00e9s et dans toutes nos rencontres. <strong>Ensemble prions<\/strong><\/p>\n\n\n\n<p>Seigneur J\u00e9sus, gr\u00e2ce au \u00ab&nbsp;OUI&nbsp;\u00bb de Marie, tu es devenu notre fr\u00e8re, aide-nous \u00e0 nous aimer les uns les autres&nbsp;! Que les personnes malades, handicap\u00e9es, seules puissent d\u00e9couvrir ton visage \u00e0 travers les soignants et les gens qui leur rendent visites&nbsp;! Apporte leur ta paix<strong><em>, <\/em><\/strong>malgr\u00e9 toutes les difficult\u00e9s&nbsp;! <strong>Ensemble prions<\/strong><\/p>\n\n\n\n<p>En ce dimanche 1<sup>er <\/sup>janvier, journ\u00e9e mondiale de la paix, Seigneur J\u00e9sus, \u00e9claire tous les responsables politiques de chaque pays pour qu\u2019ils prennent des d\u00e9cisions sages, respectueuses de l\u2019homme et de la plan\u00e8te et apporte ta paix \u00e0 tous les hommes, et surtout \u00e0 ceux qui vivent dans des pays endeuill\u00e9s par la violence ou la guerre. <strong>Ensemble prions<\/strong><\/p>\n\n\n\n<p>En cette nouvelle ann\u00e9e qui commence, que ton esprit d\u2019amour Seigneur J\u00e9sus, remplisse nos c\u0153urs d\u2019esp\u00e9rance, de joie et de paix. <strong>Ensemble prions<\/strong><\/p>\n","protected":false},"excerpt":{"rendered":"<p>Mot d&#8217;accueil \u00ab&nbsp;Que le Seigneur te b\u00e9nisse et te garde qu&#8217;Il tourne vers toi son visage, qu&#8217;Il t&#8217;apporte la Paix&nbsp;\u00bb. En ce 1er jour de l&#8217;ann\u00e9e qu&#8217;elles sont belles ces&nbsp; affirmations&nbsp;! Dieu tourne son visage vers chacun de nous et apporte la paix&nbsp;! Il nous b\u00e9nit et nous garde&nbsp;!&nbsp; Nous devenons fille et fils de [&hellip;]<\/p>\n","protected":false},"author":22,"featured_media":19415,"comment_status":"open","ping_status":"open","sticky":false,"template":"","format":"standard","meta":{"_acf_changed":false,"paroisse":["0"],"service":["0"],"footnotes":""},"categories":[1],"tags":[],"class_list":["post-19414","post","type-post","status-publish","format-standard","has-post-thumbnail","hentry","category-actualites"],"acf":[],"yoast_head":"<!-- This site is optimized with the Yoast SEO plugin v27.1.1 - https:\/\/yoast.com\/product\/yoast-seo-wordpress\/ -->\n<title>Hom\u00e9lie du P. Denis Trinez pour la f\u00eate de Sainte Marie, m\u00e8re de Dieu - Doyenn\u00e9 Grand Angoul\u00eame<\/title>\n<meta name=\"robots\" content=\"index, follow, max-snippet:-1, max-image-preview:large, max-video-preview:-1\" \/>\n<link rel=\"canonical\" href=\"https:\/\/charente.catholique.fr\/grand-angouleme\/actualites\/homelie-du-p-denis-trinez-pour-la-fete-de-sainte-marie-mere-de-dieu\/\" \/>\n<meta property=\"og:locale\" content=\"fr_FR\" \/>\n<meta property=\"og:type\" content=\"article\" \/>\n<meta property=\"og:title\" content=\"Hom\u00e9lie du P. Denis Trinez pour la f\u00eate de Sainte Marie, m\u00e8re de Dieu - Doyenn\u00e9 Grand Angoul\u00eame\" \/>\n<meta property=\"og:description\" content=\"Mot d&#8217;accueil \u00ab&nbsp;Que le Seigneur te b\u00e9nisse et te garde qu&#8217;Il tourne vers toi son visage, qu&#8217;Il t&#8217;apporte la Paix&nbsp;\u00bb. En ce 1er jour de l&#8217;ann\u00e9e qu&#8217;elles sont belles ces&nbsp; affirmations&nbsp;! Dieu tourne son visage vers chacun de nous et apporte la paix&nbsp;! Il nous b\u00e9nit et nous garde&nbsp;!&nbsp; Nous devenons fille et fils de [&hellip;]\" \/>\n<meta property=\"og:url\" content=\"https:\/\/charente.catholique.fr\/grand-angouleme\/actualites\/homelie-du-p-denis-trinez-pour-la-fete-de-sainte-marie-mere-de-dieu\/\" \/>\n<meta property=\"og:site_name\" content=\"Doyenn\u00e9 Grand Angoul\u00eame\" \/>\n<meta property=\"article:publisher\" content=\"https:\/\/www.facebook.com\/EgliseCatholiqueCharente\" \/>\n<meta property=\"article:published_time\" content=\"2023-01-01T19:57:57+00:00\" \/>\n<meta property=\"article:modified_time\" content=\"2023-01-02T06:02:27+00:00\" \/>\n<meta property=\"og:image\" content=\"https:\/\/charente.catholique.fr\/grand-angouleme\/wp-content\/uploads\/sites\/2\/2023\/01\/20230101_205001.jpg\" \/>\n\t<meta property=\"og:image:width\" content=\"618\" \/>\n\t<meta property=\"og:image:height\" content=\"243\" \/>\n\t<meta property=\"og:image:type\" content=\"image\/jpeg\" \/>\n<meta name=\"author\" content=\"Janine Laborde\" \/>\n<meta name=\"twitter:card\" content=\"summary_large_image\" \/>\n<meta name=\"twitter:creator\" content=\"@diocesecharente\" \/>\n<meta name=\"twitter:site\" content=\"@diocesecharente\" \/>\n<meta name=\"twitter:label1\" content=\"\u00c9crit par\" \/>\n\t<meta name=\"twitter:data1\" content=\"Janine Laborde\" \/>\n\t<meta name=\"twitter:label2\" content=\"Dur\u00e9e de lecture estim\u00e9e\" \/>\n\t<meta name=\"twitter:data2\" content=\"3 minutes\" \/>\n<script type=\"application\/ld+json\" class=\"yoast-schema-graph\">{\"@context\":\"https:\/\/schema.org\",\"@graph\":[{\"@type\":\"Article\",\"@id\":\"https:\/\/charente.catholique.fr\/grand-angouleme\/actualites\/homelie-du-p-denis-trinez-pour-la-fete-de-sainte-marie-mere-de-dieu\/#article\",\"isPartOf\":{\"@id\":\"https:\/\/charente.catholique.fr\/grand-angouleme\/actualites\/homelie-du-p-denis-trinez-pour-la-fete-de-sainte-marie-mere-de-dieu\/\"},\"author\":{\"name\":\"Janine Laborde\",\"@id\":\"https:\/\/charente.catholique.fr\/grand-angouleme\/#\/schema\/person\/898f693d8a5f95b1bf02828f73967b47\"},\"headline\":\"Hom\u00e9lie du P. Denis Trinez pour la f\u00eate de Sainte Marie, m\u00e8re de Dieu\",\"datePublished\":\"2023-01-01T19:57:57+00:00\",\"dateModified\":\"2023-01-02T06:02:27+00:00\",\"mainEntityOfPage\":{\"@id\":\"https:\/\/charente.catholique.fr\/grand-angouleme\/actualites\/homelie-du-p-denis-trinez-pour-la-fete-de-sainte-marie-mere-de-dieu\/\"},\"wordCount\":578,\"commentCount\":0,\"publisher\":{\"@id\":\"https:\/\/charente.catholique.fr\/grand-angouleme\/#organization\"},\"image\":{\"@id\":\"https:\/\/charente.catholique.fr\/grand-angouleme\/actualites\/homelie-du-p-denis-trinez-pour-la-fete-de-sainte-marie-mere-de-dieu\/#primaryimage\"},\"thumbnailUrl\":\"https:\/\/charente.catholique.fr\/grand-angouleme\/wp-content\/uploads\/sites\/2\/2023\/01\/20230101_205001.jpg\",\"articleSection\":[\"Actualit\u00e9s\"],\"inLanguage\":\"fr-FR\",\"potentialAction\":[{\"@type\":\"CommentAction\",\"name\":\"Comment\",\"target\":[\"https:\/\/charente.catholique.fr\/grand-angouleme\/actualites\/homelie-du-p-denis-trinez-pour-la-fete-de-sainte-marie-mere-de-dieu\/#respond\"]}]},{\"@type\":\"WebPage\",\"@id\":\"https:\/\/charente.catholique.fr\/grand-angouleme\/actualites\/homelie-du-p-denis-trinez-pour-la-fete-de-sainte-marie-mere-de-dieu\/\",\"url\":\"https:\/\/charente.catholique.fr\/grand-angouleme\/actualites\/homelie-du-p-denis-trinez-pour-la-fete-de-sainte-marie-mere-de-dieu\/\",\"name\":\"Hom\u00e9lie du P. Denis Trinez pour la f\u00eate de Sainte Marie, m\u00e8re de Dieu - Doyenn\u00e9 Grand Angoul\u00eame\",\"isPartOf\":{\"@id\":\"https:\/\/charente.catholique.fr\/grand-angouleme\/#website\"},\"primaryImageOfPage\":{\"@id\":\"https:\/\/charente.catholique.fr\/grand-angouleme\/actualites\/homelie-du-p-denis-trinez-pour-la-fete-de-sainte-marie-mere-de-dieu\/#primaryimage\"},\"image\":{\"@id\":\"https:\/\/charente.catholique.fr\/grand-angouleme\/actualites\/homelie-du-p-denis-trinez-pour-la-fete-de-sainte-marie-mere-de-dieu\/#primaryimage\"},\"thumbnailUrl\":\"https:\/\/charente.catholique.fr\/grand-angouleme\/wp-content\/uploads\/sites\/2\/2023\/01\/20230101_205001.jpg\",\"datePublished\":\"2023-01-01T19:57:57+00:00\",\"dateModified\":\"2023-01-02T06:02:27+00:00\",\"breadcrumb\":{\"@id\":\"https:\/\/charente.catholique.fr\/grand-angouleme\/actualites\/homelie-du-p-denis-trinez-pour-la-fete-de-sainte-marie-mere-de-dieu\/#breadcrumb\"},\"inLanguage\":\"fr-FR\",\"potentialAction\":[{\"@type\":\"ReadAction\",\"target\":[\"https:\/\/charente.catholique.fr\/grand-angouleme\/actualites\/homelie-du-p-denis-trinez-pour-la-fete-de-sainte-marie-mere-de-dieu\/\"]}]},{\"@type\":\"ImageObject\",\"inLanguage\":\"fr-FR\",\"@id\":\"https:\/\/charente.catholique.fr\/grand-angouleme\/actualites\/homelie-du-p-denis-trinez-pour-la-fete-de-sainte-marie-mere-de-dieu\/#primaryimage\",\"url\":\"https:\/\/charente.catholique.fr\/grand-angouleme\/wp-content\/uploads\/sites\/2\/2023\/01\/20230101_205001.jpg\",\"contentUrl\":\"https:\/\/charente.catholique.fr\/grand-angouleme\/wp-content\/uploads\/sites\/2\/2023\/01\/20230101_205001.jpg\",\"width\":618,\"height\":243},{\"@type\":\"BreadcrumbList\",\"@id\":\"https:\/\/charente.catholique.fr\/grand-angouleme\/actualites\/homelie-du-p-denis-trinez-pour-la-fete-de-sainte-marie-mere-de-dieu\/#breadcrumb\",\"itemListElement\":[{\"@type\":\"ListItem\",\"position\":1,\"name\":\"Accueil\",\"item\":\"https:\/\/charente.catholique.fr\/grand-angouleme\/\"},{\"@type\":\"ListItem\",\"position\":2,\"name\":\"Hom\u00e9lie du P. Denis Trinez pour la f\u00eate de Sainte Marie, m\u00e8re de Dieu\"}]},{\"@type\":\"WebSite\",\"@id\":\"https:\/\/charente.catholique.fr\/grand-angouleme\/#website\",\"url\":\"https:\/\/charente.catholique.fr\/grand-angouleme\/\",\"name\":\"Doyenn\u00e9 Grand Angoul\u00eame - Dioc\u00e8se d'Angoul\u00eame\",\"description\":\"Dioc\u00e8se d&#039;Angoul\u00eame\",\"publisher\":{\"@id\":\"https:\/\/charente.catholique.fr\/grand-angouleme\/#organization\"},\"potentialAction\":[{\"@type\":\"SearchAction\",\"target\":{\"@type\":\"EntryPoint\",\"urlTemplate\":\"https:\/\/charente.catholique.fr\/grand-angouleme\/?s={search_term_string}\"},\"query-input\":{\"@type\":\"PropertyValueSpecification\",\"valueRequired\":true,\"valueName\":\"search_term_string\"}}],\"inLanguage\":\"fr-FR\"},{\"@type\":\"Organization\",\"@id\":\"https:\/\/charente.catholique.fr\/grand-angouleme\/#organization\",\"name\":\"Association Dioc\u00e9saine d'Angoul\u00eame\",\"url\":\"https:\/\/charente.catholique.fr\/grand-angouleme\/\",\"logo\":{\"@type\":\"ImageObject\",\"inLanguage\":\"fr-FR\",\"@id\":\"https:\/\/charente.catholique.fr\/grand-angouleme\/#\/schema\/logo\/image\/\",\"url\":\"https:\/\/charente.catholique.fr\/grand-angouleme\/wp-content\/uploads\/sites\/2\/2020\/10\/logos.png\",\"contentUrl\":\"https:\/\/charente.catholique.fr\/grand-angouleme\/wp-content\/uploads\/sites\/2\/2020\/10\/logos.png\",\"width\":600,\"height\":257,\"caption\":\"Association Dioc\u00e9saine d'Angoul\u00eame\"},\"image\":{\"@id\":\"https:\/\/charente.catholique.fr\/grand-angouleme\/#\/schema\/logo\/image\/\"},\"sameAs\":[\"https:\/\/www.facebook.com\/EgliseCatholiqueCharente\",\"https:\/\/x.com\/diocesecharente\",\"https:\/\/www.instagram.com\/eglisecharente\",\"https:\/\/www.youtube.com\/channel\/UCByyFWApZbw3gDTiADoiAaQ\"]},{\"@type\":\"Person\",\"@id\":\"https:\/\/charente.catholique.fr\/grand-angouleme\/#\/schema\/person\/898f693d8a5f95b1bf02828f73967b47\",\"name\":\"Janine Laborde\",\"image\":{\"@type\":\"ImageObject\",\"inLanguage\":\"fr-FR\",\"@id\":\"https:\/\/charente.catholique.fr\/grand-angouleme\/#\/schema\/person\/image\/\",\"url\":\"https:\/\/secure.gravatar.com\/avatar\/a8f3185ff2f6cee7d79c60e904004ccb6107bdc3e38d176acfc1ee42b62a994e?s=96&d=mm&r=g\",\"contentUrl\":\"https:\/\/secure.gravatar.com\/avatar\/a8f3185ff2f6cee7d79c60e904004ccb6107bdc3e38d176acfc1ee42b62a994e?s=96&d=mm&r=g\",\"caption\":\"Janine Laborde\"},\"url\":\"https:\/\/charente.catholique.fr\/grand-angouleme\/author\/janinelaborde\/\"}]}<\/script>\n<!-- \/ Yoast SEO plugin. -->","yoast_head_json":{"title":"Hom\u00e9lie du P. Denis Trinez pour la f\u00eate de Sainte Marie, m\u00e8re de Dieu - Doyenn\u00e9 Grand Angoul\u00eame","robots":{"index":"index","follow":"follow","max-snippet":"max-snippet:-1","max-image-preview":"max-image-preview:large","max-video-preview":"max-video-preview:-1"},"canonical":"https:\/\/charente.catholique.fr\/grand-angouleme\/actualites\/homelie-du-p-denis-trinez-pour-la-fete-de-sainte-marie-mere-de-dieu\/","og_locale":"fr_FR","og_type":"article","og_title":"Hom\u00e9lie du P. Denis Trinez pour la f\u00eate de Sainte Marie, m\u00e8re de Dieu - Doyenn\u00e9 Grand Angoul\u00eame","og_description":"Mot d&#8217;accueil \u00ab&nbsp;Que le Seigneur te b\u00e9nisse et te garde qu&#8217;Il tourne vers toi son visage, qu&#8217;Il t&#8217;apporte la Paix&nbsp;\u00bb. En ce 1er jour de l&#8217;ann\u00e9e qu&#8217;elles sont belles ces&nbsp; affirmations&nbsp;! Dieu tourne son visage vers chacun de nous et apporte la paix&nbsp;! Il nous b\u00e9nit et nous garde&nbsp;!&nbsp; Nous devenons fille et fils de [&hellip;]","og_url":"https:\/\/charente.catholique.fr\/grand-angouleme\/actualites\/homelie-du-p-denis-trinez-pour-la-fete-de-sainte-marie-mere-de-dieu\/","og_site_name":"Doyenn\u00e9 Grand Angoul\u00eame","article_publisher":"https:\/\/www.facebook.com\/EgliseCatholiqueCharente","article_published_time":"2023-01-01T19:57:57+00:00","article_modified_time":"2023-01-02T06:02:27+00:00","og_image":[{"width":618,"height":243,"url":"https:\/\/charente.catholique.fr\/grand-angouleme\/wp-content\/uploads\/sites\/2\/2023\/01\/20230101_205001.jpg","type":"image\/jpeg"}],"author":"Janine Laborde","twitter_card":"summary_large_image","twitter_creator":"@diocesecharente","twitter_site":"@diocesecharente","twitter_misc":{"\u00c9crit par":"Janine Laborde","Dur\u00e9e de lecture estim\u00e9e":"3 minutes"},"schema":{"@context":"https:\/\/schema.org","@graph":[{"@type":"Article","@id":"https:\/\/charente.catholique.fr\/grand-angouleme\/actualites\/homelie-du-p-denis-trinez-pour-la-fete-de-sainte-marie-mere-de-dieu\/#article","isPartOf":{"@id":"https:\/\/charente.catholique.fr\/grand-angouleme\/actualites\/homelie-du-p-denis-trinez-pour-la-fete-de-sainte-marie-mere-de-dieu\/"},"author":{"name":"Janine Laborde","@id":"https:\/\/charente.catholique.fr\/grand-angouleme\/#\/schema\/person\/898f693d8a5f95b1bf02828f73967b47"},"headline":"Hom\u00e9lie du P. Denis Trinez pour la f\u00eate de Sainte Marie, m\u00e8re de Dieu","datePublished":"2023-01-01T19:57:57+00:00","dateModified":"2023-01-02T06:02:27+00:00","mainEntityOfPage":{"@id":"https:\/\/charente.catholique.fr\/grand-angouleme\/actualites\/homelie-du-p-denis-trinez-pour-la-fete-de-sainte-marie-mere-de-dieu\/"},"wordCount":578,"commentCount":0,"publisher":{"@id":"https:\/\/charente.catholique.fr\/grand-angouleme\/#organization"},"image":{"@id":"https:\/\/charente.catholique.fr\/grand-angouleme\/actualites\/homelie-du-p-denis-trinez-pour-la-fete-de-sainte-marie-mere-de-dieu\/#primaryimage"},"thumbnailUrl":"https:\/\/charente.catholique.fr\/grand-angouleme\/wp-content\/uploads\/sites\/2\/2023\/01\/20230101_205001.jpg","articleSection":["Actualit\u00e9s"],"inLanguage":"fr-FR","potentialAction":[{"@type":"CommentAction","name":"Comment","target":["https:\/\/charente.catholique.fr\/grand-angouleme\/actualites\/homelie-du-p-denis-trinez-pour-la-fete-de-sainte-marie-mere-de-dieu\/#respond"]}]},{"@type":"WebPage","@id":"https:\/\/charente.catholique.fr\/grand-angouleme\/actualites\/homelie-du-p-denis-trinez-pour-la-fete-de-sainte-marie-mere-de-dieu\/","url":"https:\/\/charente.catholique.fr\/grand-angouleme\/actualites\/homelie-du-p-denis-trinez-pour-la-fete-de-sainte-marie-mere-de-dieu\/","name":"Hom\u00e9lie du P. Denis Trinez pour la f\u00eate de Sainte Marie, m\u00e8re de Dieu - Doyenn\u00e9 Grand Angoul\u00eame","isPartOf":{"@id":"https:\/\/charente.catholique.fr\/grand-angouleme\/#website"},"primaryImageOfPage":{"@id":"https:\/\/charente.catholique.fr\/grand-angouleme\/actualites\/homelie-du-p-denis-trinez-pour-la-fete-de-sainte-marie-mere-de-dieu\/#primaryimage"},"image":{"@id":"https:\/\/charente.catholique.fr\/grand-angouleme\/actualites\/homelie-du-p-denis-trinez-pour-la-fete-de-sainte-marie-mere-de-dieu\/#primaryimage"},"thumbnailUrl":"https:\/\/charente.catholique.fr\/grand-angouleme\/wp-content\/uploads\/sites\/2\/2023\/01\/20230101_205001.jpg","datePublished":"2023-01-01T19:57:57+00:00","dateModified":"2023-01-02T06:02:27+00:00","breadcrumb":{"@id":"https:\/\/charente.catholique.fr\/grand-angouleme\/actualites\/homelie-du-p-denis-trinez-pour-la-fete-de-sainte-marie-mere-de-dieu\/#breadcrumb"},"inLanguage":"fr-FR","potentialAction":[{"@type":"ReadAction","target":["https:\/\/charente.catholique.fr\/grand-angouleme\/actualites\/homelie-du-p-denis-trinez-pour-la-fete-de-sainte-marie-mere-de-dieu\/"]}]},{"@type":"ImageObject","inLanguage":"fr-FR","@id":"https:\/\/charente.catholique.fr\/grand-angouleme\/actualites\/homelie-du-p-denis-trinez-pour-la-fete-de-sainte-marie-mere-de-dieu\/#primaryimage","url":"https:\/\/charente.catholique.fr\/grand-angouleme\/wp-content\/uploads\/sites\/2\/2023\/01\/20230101_205001.jpg","contentUrl":"https:\/\/charente.catholique.fr\/grand-angouleme\/wp-content\/uploads\/sites\/2\/2023\/01\/20230101_205001.jpg","width":618,"height":243},{"@type":"BreadcrumbList","@id":"https:\/\/charente.catholique.fr\/grand-angouleme\/actualites\/homelie-du-p-denis-trinez-pour-la-fete-de-sainte-marie-mere-de-dieu\/#breadcrumb","itemListElement":[{"@type":"ListItem","position":1,"name":"Accueil","item":"https:\/\/charente.catholique.fr\/grand-angouleme\/"},{"@type":"ListItem","position":2,"name":"Hom\u00e9lie du P. Denis Trinez pour la f\u00eate de Sainte Marie, m\u00e8re de Dieu"}]},{"@type":"WebSite","@id":"https:\/\/charente.catholique.fr\/grand-angouleme\/#website","url":"https:\/\/charente.catholique.fr\/grand-angouleme\/","name":"Doyenn\u00e9 Grand Angoul\u00eame - Dioc\u00e8se d'Angoul\u00eame","description":"Dioc\u00e8se d&#039;Angoul\u00eame","publisher":{"@id":"https:\/\/charente.catholique.fr\/grand-angouleme\/#organization"},"potentialAction":[{"@type":"SearchAction","target":{"@type":"EntryPoint","urlTemplate":"https:\/\/charente.catholique.fr\/grand-angouleme\/?s={search_term_string}"},"query-input":{"@type":"PropertyValueSpecification","valueRequired":true,"valueName":"search_term_string"}}],"inLanguage":"fr-FR"},{"@type":"Organization","@id":"https:\/\/charente.catholique.fr\/grand-angouleme\/#organization","name":"Association Dioc\u00e9saine d'Angoul\u00eame","url":"https:\/\/charente.catholique.fr\/grand-angouleme\/","logo":{"@type":"ImageObject","inLanguage":"fr-FR","@id":"https:\/\/charente.catholique.fr\/grand-angouleme\/#\/schema\/logo\/image\/","url":"https:\/\/charente.catholique.fr\/grand-angouleme\/wp-content\/uploads\/sites\/2\/2020\/10\/logos.png","contentUrl":"https:\/\/charente.catholique.fr\/grand-angouleme\/wp-content\/uploads\/sites\/2\/2020\/10\/logos.png","width":600,"height":257,"caption":"Association Dioc\u00e9saine d'Angoul\u00eame"},"image":{"@id":"https:\/\/charente.catholique.fr\/grand-angouleme\/#\/schema\/logo\/image\/"},"sameAs":["https:\/\/www.facebook.com\/EgliseCatholiqueCharente","https:\/\/x.com\/diocesecharente","https:\/\/www.instagram.com\/eglisecharente","https:\/\/www.youtube.com\/channel\/UCByyFWApZbw3gDTiADoiAaQ"]},{"@type":"Person","@id":"https:\/\/charente.catholique.fr\/grand-angouleme\/#\/schema\/person\/898f693d8a5f95b1bf02828f73967b47","name":"Janine Laborde","image":{"@type":"ImageObject","inLanguage":"fr-FR","@id":"https:\/\/charente.catholique.fr\/grand-angouleme\/#\/schema\/person\/image\/","url":"https:\/\/secure.gravatar.com\/avatar\/a8f3185ff2f6cee7d79c60e904004ccb6107bdc3e38d176acfc1ee42b62a994e?s=96&d=mm&r=g","contentUrl":"https:\/\/secure.gravatar.com\/avatar\/a8f3185ff2f6cee7d79c60e904004ccb6107bdc3e38d176acfc1ee42b62a994e?s=96&d=mm&r=g","caption":"Janine Laborde"},"url":"https:\/\/charente.catholique.fr\/grand-angouleme\/author\/janinelaborde\/"}]}},"_links":{"self":[{"href":"https:\/\/charente.catholique.fr\/grand-angouleme\/wp-json\/wp\/v2\/posts\/19414","targetHints":{"allow":["GET"]}}],"collection":[{"href":"https:\/\/charente.catholique.fr\/grand-angouleme\/wp-json\/wp\/v2\/posts"}],"about":[{"href":"https:\/\/charente.catholique.fr\/grand-angouleme\/wp-json\/wp\/v2\/types\/post"}],"author":[{"embeddable":true,"href":"https:\/\/charente.catholique.fr\/grand-angouleme\/wp-json\/wp\/v2\/users\/22"}],"replies":[{"embeddable":true,"href":"https:\/\/charente.catholique.fr\/grand-angouleme\/wp-json\/wp\/v2\/comments?post=19414"}],"version-history":[{"count":10,"href":"https:\/\/charente.catholique.fr\/grand-angouleme\/wp-json\/wp\/v2\/posts\/19414\/revisions"}],"predecessor-version":[{"id":19429,"href":"https:\/\/charente.catholique.fr\/grand-angouleme\/wp-json\/wp\/v2\/posts\/19414\/revisions\/19429"}],"wp:featuredmedia":[{"embeddable":true,"href":"https:\/\/charente.catholique.fr\/grand-angouleme\/wp-json\/wp\/v2\/media\/19415"}],"wp:attachment":[{"href":"https:\/\/charente.catholique.fr\/grand-angouleme\/wp-json\/wp\/v2\/media?parent=19414"}],"wp:term":[{"taxonomy":"category","embeddable":true,"href":"https:\/\/charente.catholique.fr\/grand-angouleme\/wp-json\/wp\/v2\/categories?post=19414"},{"taxonomy":"post_tag","embeddable":true,"href":"https:\/\/charente.catholique.fr\/grand-angouleme\/wp-json\/wp\/v2\/tags?post=19414"}],"curies":[{"name":"wp","href":"https:\/\/api.w.org\/{rel}","templated":true}]}}