{"id":18975,"date":"2022-11-25T10:21:19","date_gmt":"2022-11-25T09:21:19","guid":{"rendered":"https:\/\/charente.catholique.fr\/grand-angouleme\/?p=18975"},"modified":"2022-11-25T10:21:20","modified_gmt":"2022-11-25T09:21:20","slug":"formation-proposee-aux-equipes-deuil","status":"publish","type":"post","link":"https:\/\/charente.catholique.fr\/grand-angouleme\/actualites\/formation-proposee-aux-equipes-deuil\/","title":{"rendered":"Formation propos\u00e9e aux \u00e9quipes deuil"},"content":{"rendered":"\n<p>Pour toutes les personnes qui d\u00e9butent dans le service accompagnement des obs\u00e8ques, pour toutes les personnes qui veulent revisiter leur mani\u00e8re de c\u00e9l\u00e9brer, se renouveler, partager sur toutes les questions que soul\u00e8vent les c\u00e9l\u00e9brations\u2026une matin\u00e9e de formation <strong>Niveau 1<\/strong> est propos\u00e9e<\/p>\n\n\n\n<p>&nbsp;&nbsp;&nbsp;&nbsp;&nbsp;&nbsp;&nbsp;&nbsp;&nbsp;&nbsp;&nbsp;&nbsp;&nbsp;&nbsp;&nbsp;&nbsp;&nbsp;&nbsp;&nbsp;&nbsp;&nbsp;&nbsp;&nbsp; <strong>Le jeudi 15 d\u00e9cembre 2022 de 9H15 \u00e0 12H15 \u00e0 la maison dioc\u00e9saine<\/strong><\/p>\n\n\n\n<p><em>Le th\u00e8me sera&nbsp;:<\/em> <em>l\u2019accueil des familles, le d\u00e9roulement d\u2019une c\u00e9l\u00e9bration d\u2019obs\u00e8ques.<\/em><\/p>\n\n\n\n<p><em>A partir de l\u2019exp\u00e9rience v\u00e9cue dans les diff\u00e9rentes \u00e9quipes, \u00e9laboration de rep\u00e8res, de points d\u2019appui\u2026<\/em><\/p>\n\n\n\n<p><em>Aide personnalis\u00e9e possible pour ceux qui d\u00e9marrent dans ce service. ..<\/em><\/p>\n\n\n\n<p><em>&nbsp;<\/em><strong>Merci de bien vouloir vous inscrire pour ce temps de&nbsp; formation aupr\u00e8s de&nbsp;:<\/strong><\/p>\n\n\n\n<p><strong>Monique Bourbon&nbsp;: 06 22 47 28 77&nbsp; &nbsp;monique.bourbon@wanadoo.fr<\/strong><\/p>\n\n\n\n<p>Dans le courant du premier trimestre 2023, &nbsp;deux autres formations&nbsp;seront propos\u00e9es:<\/p>\n\n\n\n<ul class=\"wp-block-list\"><li><strong>Niveau 2<\/strong> , partage autour des textes de la Parole, \u00e9laboration d\u2019un commentaire<\/li><li><strong>Niveau 3<\/strong>&nbsp;: partage autour des grandes questions autour de la mort&nbsp;: Vie \u00e9ternelle, pardon des p\u00e9ch\u00e9s, r\u00e9surrection de la chair et tout autre th\u00e8me que vous souhaiteriez aborder<\/li><\/ul>\n\n\n\n<p><strong>Tr\u00e8s fraternellement<\/strong><\/p>\n\n\n\n<p>Jacques Bonnet, Evelyne de la Tullaye, Monique Bourbon et Chantal Dezaunay<\/p>\n","protected":false},"excerpt":{"rendered":"<p>Pour toutes les personnes qui d\u00e9butent dans le service accompagnement des obs\u00e8ques, pour toutes les personnes qui veulent revisiter leur mani\u00e8re de c\u00e9l\u00e9brer, se renouveler, partager sur toutes les questions que soul\u00e8vent les c\u00e9l\u00e9brations\u2026une matin\u00e9e de formation Niveau 1 est propos\u00e9e &nbsp;&nbsp;&nbsp;&nbsp;&nbsp;&nbsp;&nbsp;&nbsp;&nbsp;&nbsp;&nbsp;&nbsp;&nbsp;&nbsp;&nbsp;&nbsp;&nbsp;&nbsp;&nbsp;&nbsp;&nbsp;&nbsp;&nbsp; Le jeudi 15 d\u00e9cembre 2022 de 9H15 \u00e0 12H15 \u00e0 la maison dioc\u00e9saine [&hellip;]<\/p>\n","protected":false},"author":13,"featured_media":18976,"comment_status":"open","ping_status":"open","sticky":false,"template":"","format":"standard","meta":{"_acf_changed":false,"paroisse":[""],"service":["0"],"footnotes":""},"categories":[1],"tags":[],"class_list":["post-18975","post","type-post","status-publish","format-standard","has-post-thumbnail","hentry","category-actualites","validated"],"acf":[],"yoast_head":"<!-- This site is optimized with the Yoast SEO plugin v27.1.1 - https:\/\/yoast.com\/product\/yoast-seo-wordpress\/ -->\n<title>Formation propos\u00e9e aux \u00e9quipes deuil - Doyenn\u00e9 Grand Angoul\u00eame<\/title>\n<meta name=\"robots\" content=\"index, follow, max-snippet:-1, max-image-preview:large, max-video-preview:-1\" \/>\n<link rel=\"canonical\" href=\"https:\/\/charente.catholique.fr\/grand-angouleme\/actualites\/formation-proposee-aux-equipes-deuil\/\" \/>\n<meta property=\"og:locale\" content=\"fr_FR\" \/>\n<meta property=\"og:type\" content=\"article\" \/>\n<meta property=\"og:title\" content=\"Formation propos\u00e9e aux \u00e9quipes deuil - Doyenn\u00e9 Grand Angoul\u00eame\" \/>\n<meta property=\"og:description\" content=\"Pour toutes les personnes qui d\u00e9butent dans le service accompagnement des obs\u00e8ques, pour toutes les personnes qui veulent revisiter leur mani\u00e8re de c\u00e9l\u00e9brer, se renouveler, partager sur toutes les questions que soul\u00e8vent les c\u00e9l\u00e9brations\u2026une matin\u00e9e de formation Niveau 1 est propos\u00e9e &nbsp;&nbsp;&nbsp;&nbsp;&nbsp;&nbsp;&nbsp;&nbsp;&nbsp;&nbsp;&nbsp;&nbsp;&nbsp;&nbsp;&nbsp;&nbsp;&nbsp;&nbsp;&nbsp;&nbsp;&nbsp;&nbsp;&nbsp; Le jeudi 15 d\u00e9cembre 2022 de 9H15 \u00e0 12H15 \u00e0 la maison dioc\u00e9saine [&hellip;]\" \/>\n<meta property=\"og:url\" content=\"https:\/\/charente.catholique.fr\/grand-angouleme\/actualites\/formation-proposee-aux-equipes-deuil\/\" \/>\n<meta property=\"og:site_name\" content=\"Doyenn\u00e9 Grand Angoul\u00eame\" \/>\n<meta property=\"article:publisher\" content=\"https:\/\/www.facebook.com\/EgliseCatholiqueCharente\" \/>\n<meta property=\"article:published_time\" content=\"2022-11-25T09:21:19+00:00\" \/>\n<meta property=\"article:modified_time\" content=\"2022-11-25T09:21:20+00:00\" \/>\n<meta property=\"og:image\" content=\"https:\/\/charente.catholique.fr\/grand-angouleme\/wp-content\/uploads\/sites\/2\/2022\/11\/tea-lights-g1e81f98bb_1920.jpg\" \/>\n\t<meta property=\"og:image:width\" content=\"1920\" \/>\n\t<meta property=\"og:image:height\" content=\"1088\" \/>\n\t<meta property=\"og:image:type\" content=\"image\/jpeg\" \/>\n<meta name=\"author\" content=\"Marie-No\u00eblle Bouteloup\" \/>\n<meta name=\"twitter:card\" content=\"summary_large_image\" \/>\n<meta name=\"twitter:creator\" content=\"@diocesecharente\" \/>\n<meta name=\"twitter:site\" content=\"@diocesecharente\" \/>\n<meta name=\"twitter:label1\" content=\"\u00c9crit par\" \/>\n\t<meta name=\"twitter:data1\" content=\"Marie-No\u00eblle Bouteloup\" \/>\n\t<meta name=\"twitter:label2\" content=\"Dur\u00e9e de lecture estim\u00e9e\" \/>\n\t<meta name=\"twitter:data2\" content=\"1 minute\" \/>\n<script type=\"application\/ld+json\" class=\"yoast-schema-graph\">{\"@context\":\"https:\/\/schema.org\",\"@graph\":[{\"@type\":\"Article\",\"@id\":\"https:\/\/charente.catholique.fr\/grand-angouleme\/actualites\/formation-proposee-aux-equipes-deuil\/#article\",\"isPartOf\":{\"@id\":\"https:\/\/charente.catholique.fr\/grand-angouleme\/actualites\/formation-proposee-aux-equipes-deuil\/\"},\"author\":{\"name\":\"Marie-No\u00eblle Bouteloup\",\"@id\":\"https:\/\/charente.catholique.fr\/grand-angouleme\/#\/schema\/person\/0bb2e75c546661bf0827c8b4d5d2bcfb\"},\"headline\":\"Formation propos\u00e9e aux \u00e9quipes deuil\",\"datePublished\":\"2022-11-25T09:21:19+00:00\",\"dateModified\":\"2022-11-25T09:21:20+00:00\",\"mainEntityOfPage\":{\"@id\":\"https:\/\/charente.catholique.fr\/grand-angouleme\/actualites\/formation-proposee-aux-equipes-deuil\/\"},\"wordCount\":243,\"commentCount\":0,\"publisher\":{\"@id\":\"https:\/\/charente.catholique.fr\/grand-angouleme\/#organization\"},\"image\":{\"@id\":\"https:\/\/charente.catholique.fr\/grand-angouleme\/actualites\/formation-proposee-aux-equipes-deuil\/#primaryimage\"},\"thumbnailUrl\":\"https:\/\/charente.catholique.fr\/grand-angouleme\/wp-content\/uploads\/sites\/2\/2022\/11\/tea-lights-g1e81f98bb_1920.jpg\",\"articleSection\":[\"Actualit\u00e9s\"],\"inLanguage\":\"fr-FR\",\"potentialAction\":[{\"@type\":\"CommentAction\",\"name\":\"Comment\",\"target\":[\"https:\/\/charente.catholique.fr\/grand-angouleme\/actualites\/formation-proposee-aux-equipes-deuil\/#respond\"]}]},{\"@type\":\"WebPage\",\"@id\":\"https:\/\/charente.catholique.fr\/grand-angouleme\/actualites\/formation-proposee-aux-equipes-deuil\/\",\"url\":\"https:\/\/charente.catholique.fr\/grand-angouleme\/actualites\/formation-proposee-aux-equipes-deuil\/\",\"name\":\"Formation propos\u00e9e aux \u00e9quipes deuil - Doyenn\u00e9 Grand Angoul\u00eame\",\"isPartOf\":{\"@id\":\"https:\/\/charente.catholique.fr\/grand-angouleme\/#website\"},\"primaryImageOfPage\":{\"@id\":\"https:\/\/charente.catholique.fr\/grand-angouleme\/actualites\/formation-proposee-aux-equipes-deuil\/#primaryimage\"},\"image\":{\"@id\":\"https:\/\/charente.catholique.fr\/grand-angouleme\/actualites\/formation-proposee-aux-equipes-deuil\/#primaryimage\"},\"thumbnailUrl\":\"https:\/\/charente.catholique.fr\/grand-angouleme\/wp-content\/uploads\/sites\/2\/2022\/11\/tea-lights-g1e81f98bb_1920.jpg\",\"datePublished\":\"2022-11-25T09:21:19+00:00\",\"dateModified\":\"2022-11-25T09:21:20+00:00\",\"breadcrumb\":{\"@id\":\"https:\/\/charente.catholique.fr\/grand-angouleme\/actualites\/formation-proposee-aux-equipes-deuil\/#breadcrumb\"},\"inLanguage\":\"fr-FR\",\"potentialAction\":[{\"@type\":\"ReadAction\",\"target\":[\"https:\/\/charente.catholique.fr\/grand-angouleme\/actualites\/formation-proposee-aux-equipes-deuil\/\"]}]},{\"@type\":\"ImageObject\",\"inLanguage\":\"fr-FR\",\"@id\":\"https:\/\/charente.catholique.fr\/grand-angouleme\/actualites\/formation-proposee-aux-equipes-deuil\/#primaryimage\",\"url\":\"https:\/\/charente.catholique.fr\/grand-angouleme\/wp-content\/uploads\/sites\/2\/2022\/11\/tea-lights-g1e81f98bb_1920.jpg\",\"contentUrl\":\"https:\/\/charente.catholique.fr\/grand-angouleme\/wp-content\/uploads\/sites\/2\/2022\/11\/tea-lights-g1e81f98bb_1920.jpg\",\"width\":1920,\"height\":1088},{\"@type\":\"BreadcrumbList\",\"@id\":\"https:\/\/charente.catholique.fr\/grand-angouleme\/actualites\/formation-proposee-aux-equipes-deuil\/#breadcrumb\",\"itemListElement\":[{\"@type\":\"ListItem\",\"position\":1,\"name\":\"Accueil\",\"item\":\"https:\/\/charente.catholique.fr\/grand-angouleme\/\"},{\"@type\":\"ListItem\",\"position\":2,\"name\":\"Formation propos\u00e9e aux \u00e9quipes deuil\"}]},{\"@type\":\"WebSite\",\"@id\":\"https:\/\/charente.catholique.fr\/grand-angouleme\/#website\",\"url\":\"https:\/\/charente.catholique.fr\/grand-angouleme\/\",\"name\":\"Doyenn\u00e9 Grand Angoul\u00eame - Dioc\u00e8se d'Angoul\u00eame\",\"description\":\"Dioc\u00e8se d&#039;Angoul\u00eame\",\"publisher\":{\"@id\":\"https:\/\/charente.catholique.fr\/grand-angouleme\/#organization\"},\"potentialAction\":[{\"@type\":\"SearchAction\",\"target\":{\"@type\":\"EntryPoint\",\"urlTemplate\":\"https:\/\/charente.catholique.fr\/grand-angouleme\/?s={search_term_string}\"},\"query-input\":{\"@type\":\"PropertyValueSpecification\",\"valueRequired\":true,\"valueName\":\"search_term_string\"}}],\"inLanguage\":\"fr-FR\"},{\"@type\":\"Organization\",\"@id\":\"https:\/\/charente.catholique.fr\/grand-angouleme\/#organization\",\"name\":\"Association Dioc\u00e9saine d'Angoul\u00eame\",\"url\":\"https:\/\/charente.catholique.fr\/grand-angouleme\/\",\"logo\":{\"@type\":\"ImageObject\",\"inLanguage\":\"fr-FR\",\"@id\":\"https:\/\/charente.catholique.fr\/grand-angouleme\/#\/schema\/logo\/image\/\",\"url\":\"https:\/\/charente.catholique.fr\/grand-angouleme\/wp-content\/uploads\/sites\/2\/2020\/10\/logos.png\",\"contentUrl\":\"https:\/\/charente.catholique.fr\/grand-angouleme\/wp-content\/uploads\/sites\/2\/2020\/10\/logos.png\",\"width\":600,\"height\":257,\"caption\":\"Association Dioc\u00e9saine d'Angoul\u00eame\"},\"image\":{\"@id\":\"https:\/\/charente.catholique.fr\/grand-angouleme\/#\/schema\/logo\/image\/\"},\"sameAs\":[\"https:\/\/www.facebook.com\/EgliseCatholiqueCharente\",\"https:\/\/x.com\/diocesecharente\",\"https:\/\/www.instagram.com\/eglisecharente\",\"https:\/\/www.youtube.com\/channel\/UCByyFWApZbw3gDTiADoiAaQ\"]},{\"@type\":\"Person\",\"@id\":\"https:\/\/charente.catholique.fr\/grand-angouleme\/#\/schema\/person\/0bb2e75c546661bf0827c8b4d5d2bcfb\",\"name\":\"Marie-No\u00eblle Bouteloup\",\"image\":{\"@type\":\"ImageObject\",\"inLanguage\":\"fr-FR\",\"@id\":\"https:\/\/charente.catholique.fr\/grand-angouleme\/#\/schema\/person\/image\/\",\"url\":\"https:\/\/secure.gravatar.com\/avatar\/8b68422c19e9566364992377448eef55989ea1caaedc20a57fe2961c16ed8312?s=96&d=mm&r=g\",\"contentUrl\":\"https:\/\/secure.gravatar.com\/avatar\/8b68422c19e9566364992377448eef55989ea1caaedc20a57fe2961c16ed8312?s=96&d=mm&r=g\",\"caption\":\"Marie-No\u00eblle Bouteloup\"},\"url\":\"https:\/\/charente.catholique.fr\/grand-angouleme\/author\/mnbouteloup\/\"}]}<\/script>\n<!-- \/ Yoast SEO plugin. -->","yoast_head_json":{"title":"Formation propos\u00e9e aux \u00e9quipes deuil - Doyenn\u00e9 Grand Angoul\u00eame","robots":{"index":"index","follow":"follow","max-snippet":"max-snippet:-1","max-image-preview":"max-image-preview:large","max-video-preview":"max-video-preview:-1"},"canonical":"https:\/\/charente.catholique.fr\/grand-angouleme\/actualites\/formation-proposee-aux-equipes-deuil\/","og_locale":"fr_FR","og_type":"article","og_title":"Formation propos\u00e9e aux \u00e9quipes deuil - Doyenn\u00e9 Grand Angoul\u00eame","og_description":"Pour toutes les personnes qui d\u00e9butent dans le service accompagnement des obs\u00e8ques, pour toutes les personnes qui veulent revisiter leur mani\u00e8re de c\u00e9l\u00e9brer, se renouveler, partager sur toutes les questions que soul\u00e8vent les c\u00e9l\u00e9brations\u2026une matin\u00e9e de formation Niveau 1 est propos\u00e9e &nbsp;&nbsp;&nbsp;&nbsp;&nbsp;&nbsp;&nbsp;&nbsp;&nbsp;&nbsp;&nbsp;&nbsp;&nbsp;&nbsp;&nbsp;&nbsp;&nbsp;&nbsp;&nbsp;&nbsp;&nbsp;&nbsp;&nbsp; Le jeudi 15 d\u00e9cembre 2022 de 9H15 \u00e0 12H15 \u00e0 la maison dioc\u00e9saine [&hellip;]","og_url":"https:\/\/charente.catholique.fr\/grand-angouleme\/actualites\/formation-proposee-aux-equipes-deuil\/","og_site_name":"Doyenn\u00e9 Grand Angoul\u00eame","article_publisher":"https:\/\/www.facebook.com\/EgliseCatholiqueCharente","article_published_time":"2022-11-25T09:21:19+00:00","article_modified_time":"2022-11-25T09:21:20+00:00","og_image":[{"width":1920,"height":1088,"url":"https:\/\/charente.catholique.fr\/grand-angouleme\/wp-content\/uploads\/sites\/2\/2022\/11\/tea-lights-g1e81f98bb_1920.jpg","type":"image\/jpeg"}],"author":"Marie-No\u00eblle Bouteloup","twitter_card":"summary_large_image","twitter_creator":"@diocesecharente","twitter_site":"@diocesecharente","twitter_misc":{"\u00c9crit par":"Marie-No\u00eblle Bouteloup","Dur\u00e9e de lecture estim\u00e9e":"1 minute"},"schema":{"@context":"https:\/\/schema.org","@graph":[{"@type":"Article","@id":"https:\/\/charente.catholique.fr\/grand-angouleme\/actualites\/formation-proposee-aux-equipes-deuil\/#article","isPartOf":{"@id":"https:\/\/charente.catholique.fr\/grand-angouleme\/actualites\/formation-proposee-aux-equipes-deuil\/"},"author":{"name":"Marie-No\u00eblle Bouteloup","@id":"https:\/\/charente.catholique.fr\/grand-angouleme\/#\/schema\/person\/0bb2e75c546661bf0827c8b4d5d2bcfb"},"headline":"Formation propos\u00e9e aux \u00e9quipes deuil","datePublished":"2022-11-25T09:21:19+00:00","dateModified":"2022-11-25T09:21:20+00:00","mainEntityOfPage":{"@id":"https:\/\/charente.catholique.fr\/grand-angouleme\/actualites\/formation-proposee-aux-equipes-deuil\/"},"wordCount":243,"commentCount":0,"publisher":{"@id":"https:\/\/charente.catholique.fr\/grand-angouleme\/#organization"},"image":{"@id":"https:\/\/charente.catholique.fr\/grand-angouleme\/actualites\/formation-proposee-aux-equipes-deuil\/#primaryimage"},"thumbnailUrl":"https:\/\/charente.catholique.fr\/grand-angouleme\/wp-content\/uploads\/sites\/2\/2022\/11\/tea-lights-g1e81f98bb_1920.jpg","articleSection":["Actualit\u00e9s"],"inLanguage":"fr-FR","potentialAction":[{"@type":"CommentAction","name":"Comment","target":["https:\/\/charente.catholique.fr\/grand-angouleme\/actualites\/formation-proposee-aux-equipes-deuil\/#respond"]}]},{"@type":"WebPage","@id":"https:\/\/charente.catholique.fr\/grand-angouleme\/actualites\/formation-proposee-aux-equipes-deuil\/","url":"https:\/\/charente.catholique.fr\/grand-angouleme\/actualites\/formation-proposee-aux-equipes-deuil\/","name":"Formation propos\u00e9e aux \u00e9quipes deuil - Doyenn\u00e9 Grand Angoul\u00eame","isPartOf":{"@id":"https:\/\/charente.catholique.fr\/grand-angouleme\/#website"},"primaryImageOfPage":{"@id":"https:\/\/charente.catholique.fr\/grand-angouleme\/actualites\/formation-proposee-aux-equipes-deuil\/#primaryimage"},"image":{"@id":"https:\/\/charente.catholique.fr\/grand-angouleme\/actualites\/formation-proposee-aux-equipes-deuil\/#primaryimage"},"thumbnailUrl":"https:\/\/charente.catholique.fr\/grand-angouleme\/wp-content\/uploads\/sites\/2\/2022\/11\/tea-lights-g1e81f98bb_1920.jpg","datePublished":"2022-11-25T09:21:19+00:00","dateModified":"2022-11-25T09:21:20+00:00","breadcrumb":{"@id":"https:\/\/charente.catholique.fr\/grand-angouleme\/actualites\/formation-proposee-aux-equipes-deuil\/#breadcrumb"},"inLanguage":"fr-FR","potentialAction":[{"@type":"ReadAction","target":["https:\/\/charente.catholique.fr\/grand-angouleme\/actualites\/formation-proposee-aux-equipes-deuil\/"]}]},{"@type":"ImageObject","inLanguage":"fr-FR","@id":"https:\/\/charente.catholique.fr\/grand-angouleme\/actualites\/formation-proposee-aux-equipes-deuil\/#primaryimage","url":"https:\/\/charente.catholique.fr\/grand-angouleme\/wp-content\/uploads\/sites\/2\/2022\/11\/tea-lights-g1e81f98bb_1920.jpg","contentUrl":"https:\/\/charente.catholique.fr\/grand-angouleme\/wp-content\/uploads\/sites\/2\/2022\/11\/tea-lights-g1e81f98bb_1920.jpg","width":1920,"height":1088},{"@type":"BreadcrumbList","@id":"https:\/\/charente.catholique.fr\/grand-angouleme\/actualites\/formation-proposee-aux-equipes-deuil\/#breadcrumb","itemListElement":[{"@type":"ListItem","position":1,"name":"Accueil","item":"https:\/\/charente.catholique.fr\/grand-angouleme\/"},{"@type":"ListItem","position":2,"name":"Formation propos\u00e9e aux \u00e9quipes deuil"}]},{"@type":"WebSite","@id":"https:\/\/charente.catholique.fr\/grand-angouleme\/#website","url":"https:\/\/charente.catholique.fr\/grand-angouleme\/","name":"Doyenn\u00e9 Grand Angoul\u00eame - Dioc\u00e8se d'Angoul\u00eame","description":"Dioc\u00e8se d&#039;Angoul\u00eame","publisher":{"@id":"https:\/\/charente.catholique.fr\/grand-angouleme\/#organization"},"potentialAction":[{"@type":"SearchAction","target":{"@type":"EntryPoint","urlTemplate":"https:\/\/charente.catholique.fr\/grand-angouleme\/?s={search_term_string}"},"query-input":{"@type":"PropertyValueSpecification","valueRequired":true,"valueName":"search_term_string"}}],"inLanguage":"fr-FR"},{"@type":"Organization","@id":"https:\/\/charente.catholique.fr\/grand-angouleme\/#organization","name":"Association Dioc\u00e9saine d'Angoul\u00eame","url":"https:\/\/charente.catholique.fr\/grand-angouleme\/","logo":{"@type":"ImageObject","inLanguage":"fr-FR","@id":"https:\/\/charente.catholique.fr\/grand-angouleme\/#\/schema\/logo\/image\/","url":"https:\/\/charente.catholique.fr\/grand-angouleme\/wp-content\/uploads\/sites\/2\/2020\/10\/logos.png","contentUrl":"https:\/\/charente.catholique.fr\/grand-angouleme\/wp-content\/uploads\/sites\/2\/2020\/10\/logos.png","width":600,"height":257,"caption":"Association Dioc\u00e9saine d'Angoul\u00eame"},"image":{"@id":"https:\/\/charente.catholique.fr\/grand-angouleme\/#\/schema\/logo\/image\/"},"sameAs":["https:\/\/www.facebook.com\/EgliseCatholiqueCharente","https:\/\/x.com\/diocesecharente","https:\/\/www.instagram.com\/eglisecharente","https:\/\/www.youtube.com\/channel\/UCByyFWApZbw3gDTiADoiAaQ"]},{"@type":"Person","@id":"https:\/\/charente.catholique.fr\/grand-angouleme\/#\/schema\/person\/0bb2e75c546661bf0827c8b4d5d2bcfb","name":"Marie-No\u00eblle Bouteloup","image":{"@type":"ImageObject","inLanguage":"fr-FR","@id":"https:\/\/charente.catholique.fr\/grand-angouleme\/#\/schema\/person\/image\/","url":"https:\/\/secure.gravatar.com\/avatar\/8b68422c19e9566364992377448eef55989ea1caaedc20a57fe2961c16ed8312?s=96&d=mm&r=g","contentUrl":"https:\/\/secure.gravatar.com\/avatar\/8b68422c19e9566364992377448eef55989ea1caaedc20a57fe2961c16ed8312?s=96&d=mm&r=g","caption":"Marie-No\u00eblle Bouteloup"},"url":"https:\/\/charente.catholique.fr\/grand-angouleme\/author\/mnbouteloup\/"}]}},"_links":{"self":[{"href":"https:\/\/charente.catholique.fr\/grand-angouleme\/wp-json\/wp\/v2\/posts\/18975","targetHints":{"allow":["GET"]}}],"collection":[{"href":"https:\/\/charente.catholique.fr\/grand-angouleme\/wp-json\/wp\/v2\/posts"}],"about":[{"href":"https:\/\/charente.catholique.fr\/grand-angouleme\/wp-json\/wp\/v2\/types\/post"}],"author":[{"embeddable":true,"href":"https:\/\/charente.catholique.fr\/grand-angouleme\/wp-json\/wp\/v2\/users\/13"}],"replies":[{"embeddable":true,"href":"https:\/\/charente.catholique.fr\/grand-angouleme\/wp-json\/wp\/v2\/comments?post=18975"}],"version-history":[{"count":2,"href":"https:\/\/charente.catholique.fr\/grand-angouleme\/wp-json\/wp\/v2\/posts\/18975\/revisions"}],"predecessor-version":[{"id":18978,"href":"https:\/\/charente.catholique.fr\/grand-angouleme\/wp-json\/wp\/v2\/posts\/18975\/revisions\/18978"}],"wp:featuredmedia":[{"embeddable":true,"href":"https:\/\/charente.catholique.fr\/grand-angouleme\/wp-json\/wp\/v2\/media\/18976"}],"wp:attachment":[{"href":"https:\/\/charente.catholique.fr\/grand-angouleme\/wp-json\/wp\/v2\/media?parent=18975"}],"wp:term":[{"taxonomy":"category","embeddable":true,"href":"https:\/\/charente.catholique.fr\/grand-angouleme\/wp-json\/wp\/v2\/categories?post=18975"},{"taxonomy":"post_tag","embeddable":true,"href":"https:\/\/charente.catholique.fr\/grand-angouleme\/wp-json\/wp\/v2\/tags?post=18975"}],"curies":[{"name":"wp","href":"https:\/\/api.w.org\/{rel}","templated":true}]}}