{"id":18909,"date":"2022-11-20T19:42:29","date_gmt":"2022-11-20T18:42:29","guid":{"rendered":"https:\/\/charente.catholique.fr\/grand-angouleme\/?p=18909"},"modified":"2022-11-22T18:24:36","modified_gmt":"2022-11-22T17:24:36","slug":"2eme-rencontre-sur-les-abus-et-lemprise-en-eglise-avec-jean-louis-sous-psychanaliste","status":"publish","type":"post","link":"https:\/\/charente.catholique.fr\/grand-angouleme\/actualites\/2eme-rencontre-sur-les-abus-et-lemprise-en-eglise-avec-jean-louis-sous-psychanaliste\/","title":{"rendered":"2\u00e8me rencontre sur  &#8220;Abus et Emprise dans l&#8217;\u00c9glise &#8221; avec Jean-Louis Sous, psychanaliste"},"content":{"rendered":"\n<p>Jeudi 17 novembre \u00e0 la paroisse Saint Paul de Ma  Campagne  nous avons \u00e9chang\u00e9 avec Jean-Louis Sous, psychanaliste sur : <\/p>\n\n\n\n<p class=\"has-text-align-center has-medium-font-size\">&#8221; <strong>Abus et emprise<\/strong> <strong>dans l&#8217;\u00c9glise<\/strong> &#8220;<\/p>\n\n\n\n<p>\u00c9change tr\u00e8s fort et tr\u00e8s int\u00e9ressant en pr\u00e9sence de Mgr Herv\u00e9 Gosselin<\/p>\n\n\n\n<p>Vous pouvez \u00e9couter ou r\u00e9\u00e9couter cet \u00e9change en cliquant <a href=\"https:\/\/youtu.be\/pNy7bTxUvEo\">ici<\/a><\/p>\n\n\n\n<p><\/p>\n","protected":false},"excerpt":{"rendered":"<p>Jeudi 17 novembre \u00e0 la paroisse Saint Paul de Ma Campagne nous avons \u00e9chang\u00e9 avec Jean-Louis Sous, psychanaliste sur : &#8221; Abus et emprise dans l&#8217;\u00c9glise &#8220; \u00c9change tr\u00e8s fort et tr\u00e8s int\u00e9ressant en pr\u00e9sence de Mgr Herv\u00e9 Gosselin Vous pouvez \u00e9couter ou r\u00e9\u00e9couter cet \u00e9change en cliquant ici<\/p>\n","protected":false},"author":22,"featured_media":18900,"comment_status":"open","ping_status":"open","sticky":false,"template":"","format":"standard","meta":{"_acf_changed":false,"paroisse":["0"],"service":["0"],"footnotes":""},"categories":[1],"tags":[],"class_list":["post-18909","post","type-post","status-publish","format-standard","has-post-thumbnail","hentry","category-actualites"],"acf":[],"yoast_head":"<!-- This site is optimized with the Yoast SEO plugin v27.1.1 - https:\/\/yoast.com\/product\/yoast-seo-wordpress\/ -->\n<title>2\u00e8me rencontre sur &quot;Abus et Emprise dans l&#039;\u00c9glise &quot; avec Jean-Louis Sous, psychanaliste - Doyenn\u00e9 Grand Angoul\u00eame<\/title>\n<meta name=\"robots\" content=\"index, follow, max-snippet:-1, max-image-preview:large, max-video-preview:-1\" \/>\n<link rel=\"canonical\" href=\"https:\/\/charente.catholique.fr\/grand-angouleme\/actualites\/2eme-rencontre-sur-les-abus-et-lemprise-en-eglise-avec-jean-louis-sous-psychanaliste\/\" \/>\n<meta property=\"og:locale\" content=\"fr_FR\" \/>\n<meta property=\"og:type\" content=\"article\" \/>\n<meta property=\"og:title\" content=\"2\u00e8me rencontre sur &quot;Abus et Emprise dans l&#039;\u00c9glise &quot; avec Jean-Louis Sous, psychanaliste - Doyenn\u00e9 Grand Angoul\u00eame\" \/>\n<meta property=\"og:description\" content=\"Jeudi 17 novembre \u00e0 la paroisse Saint Paul de Ma Campagne nous avons \u00e9chang\u00e9 avec Jean-Louis Sous, psychanaliste sur : &#8221; Abus et emprise dans l&#8217;\u00c9glise &#8220; \u00c9change tr\u00e8s fort et tr\u00e8s int\u00e9ressant en pr\u00e9sence de Mgr Herv\u00e9 Gosselin Vous pouvez \u00e9couter ou r\u00e9\u00e9couter cet \u00e9change en cliquant ici\" \/>\n<meta property=\"og:url\" content=\"https:\/\/charente.catholique.fr\/grand-angouleme\/actualites\/2eme-rencontre-sur-les-abus-et-lemprise-en-eglise-avec-jean-louis-sous-psychanaliste\/\" \/>\n<meta property=\"og:site_name\" content=\"Doyenn\u00e9 Grand Angoul\u00eame\" \/>\n<meta property=\"article:publisher\" content=\"https:\/\/www.facebook.com\/EgliseCatholiqueCharente\" \/>\n<meta property=\"article:published_time\" content=\"2022-11-20T18:42:29+00:00\" \/>\n<meta property=\"article:modified_time\" content=\"2022-11-22T17:24:36+00:00\" \/>\n<meta property=\"og:image\" content=\"https:\/\/charente.catholique.fr\/grand-angouleme\/wp-content\/uploads\/sites\/2\/2022\/09\/desperate-g101f91dbd_1920-1.jpg\" \/>\n\t<meta property=\"og:image:width\" content=\"1920\" \/>\n\t<meta property=\"og:image:height\" content=\"1248\" \/>\n\t<meta property=\"og:image:type\" content=\"image\/jpeg\" \/>\n<meta name=\"author\" content=\"Janine Laborde\" \/>\n<meta name=\"twitter:card\" content=\"summary_large_image\" \/>\n<meta name=\"twitter:creator\" content=\"@diocesecharente\" \/>\n<meta name=\"twitter:site\" content=\"@diocesecharente\" \/>\n<meta name=\"twitter:label1\" content=\"\u00c9crit par\" \/>\n\t<meta name=\"twitter:data1\" content=\"Janine Laborde\" \/>\n\t<meta name=\"twitter:label2\" content=\"Dur\u00e9e de lecture estim\u00e9e\" \/>\n\t<meta name=\"twitter:data2\" content=\"1 minute\" \/>\n<script type=\"application\/ld+json\" class=\"yoast-schema-graph\">{\"@context\":\"https:\/\/schema.org\",\"@graph\":[{\"@type\":\"Article\",\"@id\":\"https:\/\/charente.catholique.fr\/grand-angouleme\/actualites\/2eme-rencontre-sur-les-abus-et-lemprise-en-eglise-avec-jean-louis-sous-psychanaliste\/#article\",\"isPartOf\":{\"@id\":\"https:\/\/charente.catholique.fr\/grand-angouleme\/actualites\/2eme-rencontre-sur-les-abus-et-lemprise-en-eglise-avec-jean-louis-sous-psychanaliste\/\"},\"author\":{\"name\":\"Janine Laborde\",\"@id\":\"https:\/\/charente.catholique.fr\/grand-angouleme\/#\/schema\/person\/898f693d8a5f95b1bf02828f73967b47\"},\"headline\":\"2\u00e8me rencontre sur &#8220;Abus et Emprise dans l&#8217;\u00c9glise &#8221; avec Jean-Louis Sous, psychanaliste\",\"datePublished\":\"2022-11-20T18:42:29+00:00\",\"dateModified\":\"2022-11-22T17:24:36+00:00\",\"mainEntityOfPage\":{\"@id\":\"https:\/\/charente.catholique.fr\/grand-angouleme\/actualites\/2eme-rencontre-sur-les-abus-et-lemprise-en-eglise-avec-jean-louis-sous-psychanaliste\/\"},\"wordCount\":63,\"commentCount\":0,\"publisher\":{\"@id\":\"https:\/\/charente.catholique.fr\/grand-angouleme\/#organization\"},\"image\":{\"@id\":\"https:\/\/charente.catholique.fr\/grand-angouleme\/actualites\/2eme-rencontre-sur-les-abus-et-lemprise-en-eglise-avec-jean-louis-sous-psychanaliste\/#primaryimage\"},\"thumbnailUrl\":\"https:\/\/charente.catholique.fr\/grand-angouleme\/wp-content\/uploads\/sites\/2\/2022\/09\/desperate-g101f91dbd_1920-1.jpg\",\"articleSection\":[\"Actualit\u00e9s\"],\"inLanguage\":\"fr-FR\",\"potentialAction\":[{\"@type\":\"CommentAction\",\"name\":\"Comment\",\"target\":[\"https:\/\/charente.catholique.fr\/grand-angouleme\/actualites\/2eme-rencontre-sur-les-abus-et-lemprise-en-eglise-avec-jean-louis-sous-psychanaliste\/#respond\"]}]},{\"@type\":\"WebPage\",\"@id\":\"https:\/\/charente.catholique.fr\/grand-angouleme\/actualites\/2eme-rencontre-sur-les-abus-et-lemprise-en-eglise-avec-jean-louis-sous-psychanaliste\/\",\"url\":\"https:\/\/charente.catholique.fr\/grand-angouleme\/actualites\/2eme-rencontre-sur-les-abus-et-lemprise-en-eglise-avec-jean-louis-sous-psychanaliste\/\",\"name\":\"2\u00e8me rencontre sur \\\"Abus et Emprise dans l'\u00c9glise \\\" avec Jean-Louis Sous, psychanaliste - Doyenn\u00e9 Grand Angoul\u00eame\",\"isPartOf\":{\"@id\":\"https:\/\/charente.catholique.fr\/grand-angouleme\/#website\"},\"primaryImageOfPage\":{\"@id\":\"https:\/\/charente.catholique.fr\/grand-angouleme\/actualites\/2eme-rencontre-sur-les-abus-et-lemprise-en-eglise-avec-jean-louis-sous-psychanaliste\/#primaryimage\"},\"image\":{\"@id\":\"https:\/\/charente.catholique.fr\/grand-angouleme\/actualites\/2eme-rencontre-sur-les-abus-et-lemprise-en-eglise-avec-jean-louis-sous-psychanaliste\/#primaryimage\"},\"thumbnailUrl\":\"https:\/\/charente.catholique.fr\/grand-angouleme\/wp-content\/uploads\/sites\/2\/2022\/09\/desperate-g101f91dbd_1920-1.jpg\",\"datePublished\":\"2022-11-20T18:42:29+00:00\",\"dateModified\":\"2022-11-22T17:24:36+00:00\",\"breadcrumb\":{\"@id\":\"https:\/\/charente.catholique.fr\/grand-angouleme\/actualites\/2eme-rencontre-sur-les-abus-et-lemprise-en-eglise-avec-jean-louis-sous-psychanaliste\/#breadcrumb\"},\"inLanguage\":\"fr-FR\",\"potentialAction\":[{\"@type\":\"ReadAction\",\"target\":[\"https:\/\/charente.catholique.fr\/grand-angouleme\/actualites\/2eme-rencontre-sur-les-abus-et-lemprise-en-eglise-avec-jean-louis-sous-psychanaliste\/\"]}]},{\"@type\":\"ImageObject\",\"inLanguage\":\"fr-FR\",\"@id\":\"https:\/\/charente.catholique.fr\/grand-angouleme\/actualites\/2eme-rencontre-sur-les-abus-et-lemprise-en-eglise-avec-jean-louis-sous-psychanaliste\/#primaryimage\",\"url\":\"https:\/\/charente.catholique.fr\/grand-angouleme\/wp-content\/uploads\/sites\/2\/2022\/09\/desperate-g101f91dbd_1920-1.jpg\",\"contentUrl\":\"https:\/\/charente.catholique.fr\/grand-angouleme\/wp-content\/uploads\/sites\/2\/2022\/09\/desperate-g101f91dbd_1920-1.jpg\",\"width\":1920,\"height\":1248},{\"@type\":\"BreadcrumbList\",\"@id\":\"https:\/\/charente.catholique.fr\/grand-angouleme\/actualites\/2eme-rencontre-sur-les-abus-et-lemprise-en-eglise-avec-jean-louis-sous-psychanaliste\/#breadcrumb\",\"itemListElement\":[{\"@type\":\"ListItem\",\"position\":1,\"name\":\"Accueil\",\"item\":\"https:\/\/charente.catholique.fr\/grand-angouleme\/\"},{\"@type\":\"ListItem\",\"position\":2,\"name\":\"2\u00e8me rencontre sur &#8220;Abus et Emprise dans l&#8217;\u00c9glise &#8221; avec Jean-Louis Sous, psychanaliste\"}]},{\"@type\":\"WebSite\",\"@id\":\"https:\/\/charente.catholique.fr\/grand-angouleme\/#website\",\"url\":\"https:\/\/charente.catholique.fr\/grand-angouleme\/\",\"name\":\"Doyenn\u00e9 Grand Angoul\u00eame - Dioc\u00e8se d'Angoul\u00eame\",\"description\":\"Dioc\u00e8se d&#039;Angoul\u00eame\",\"publisher\":{\"@id\":\"https:\/\/charente.catholique.fr\/grand-angouleme\/#organization\"},\"potentialAction\":[{\"@type\":\"SearchAction\",\"target\":{\"@type\":\"EntryPoint\",\"urlTemplate\":\"https:\/\/charente.catholique.fr\/grand-angouleme\/?s={search_term_string}\"},\"query-input\":{\"@type\":\"PropertyValueSpecification\",\"valueRequired\":true,\"valueName\":\"search_term_string\"}}],\"inLanguage\":\"fr-FR\"},{\"@type\":\"Organization\",\"@id\":\"https:\/\/charente.catholique.fr\/grand-angouleme\/#organization\",\"name\":\"Association Dioc\u00e9saine d'Angoul\u00eame\",\"url\":\"https:\/\/charente.catholique.fr\/grand-angouleme\/\",\"logo\":{\"@type\":\"ImageObject\",\"inLanguage\":\"fr-FR\",\"@id\":\"https:\/\/charente.catholique.fr\/grand-angouleme\/#\/schema\/logo\/image\/\",\"url\":\"https:\/\/charente.catholique.fr\/grand-angouleme\/wp-content\/uploads\/sites\/2\/2020\/10\/logos.png\",\"contentUrl\":\"https:\/\/charente.catholique.fr\/grand-angouleme\/wp-content\/uploads\/sites\/2\/2020\/10\/logos.png\",\"width\":600,\"height\":257,\"caption\":\"Association Dioc\u00e9saine d'Angoul\u00eame\"},\"image\":{\"@id\":\"https:\/\/charente.catholique.fr\/grand-angouleme\/#\/schema\/logo\/image\/\"},\"sameAs\":[\"https:\/\/www.facebook.com\/EgliseCatholiqueCharente\",\"https:\/\/x.com\/diocesecharente\",\"https:\/\/www.instagram.com\/eglisecharente\",\"https:\/\/www.youtube.com\/channel\/UCByyFWApZbw3gDTiADoiAaQ\"]},{\"@type\":\"Person\",\"@id\":\"https:\/\/charente.catholique.fr\/grand-angouleme\/#\/schema\/person\/898f693d8a5f95b1bf02828f73967b47\",\"name\":\"Janine Laborde\",\"image\":{\"@type\":\"ImageObject\",\"inLanguage\":\"fr-FR\",\"@id\":\"https:\/\/charente.catholique.fr\/grand-angouleme\/#\/schema\/person\/image\/\",\"url\":\"https:\/\/secure.gravatar.com\/avatar\/a8f3185ff2f6cee7d79c60e904004ccb6107bdc3e38d176acfc1ee42b62a994e?s=96&d=mm&r=g\",\"contentUrl\":\"https:\/\/secure.gravatar.com\/avatar\/a8f3185ff2f6cee7d79c60e904004ccb6107bdc3e38d176acfc1ee42b62a994e?s=96&d=mm&r=g\",\"caption\":\"Janine Laborde\"},\"url\":\"https:\/\/charente.catholique.fr\/grand-angouleme\/author\/janinelaborde\/\"}]}<\/script>\n<!-- \/ Yoast SEO plugin. -->","yoast_head_json":{"title":"2\u00e8me rencontre sur \"Abus et Emprise dans l'\u00c9glise \" avec Jean-Louis Sous, psychanaliste - Doyenn\u00e9 Grand Angoul\u00eame","robots":{"index":"index","follow":"follow","max-snippet":"max-snippet:-1","max-image-preview":"max-image-preview:large","max-video-preview":"max-video-preview:-1"},"canonical":"https:\/\/charente.catholique.fr\/grand-angouleme\/actualites\/2eme-rencontre-sur-les-abus-et-lemprise-en-eglise-avec-jean-louis-sous-psychanaliste\/","og_locale":"fr_FR","og_type":"article","og_title":"2\u00e8me rencontre sur \"Abus et Emprise dans l'\u00c9glise \" avec Jean-Louis Sous, psychanaliste - Doyenn\u00e9 Grand Angoul\u00eame","og_description":"Jeudi 17 novembre \u00e0 la paroisse Saint Paul de Ma Campagne nous avons \u00e9chang\u00e9 avec Jean-Louis Sous, psychanaliste sur : &#8221; Abus et emprise dans l&#8217;\u00c9glise &#8220; \u00c9change tr\u00e8s fort et tr\u00e8s int\u00e9ressant en pr\u00e9sence de Mgr Herv\u00e9 Gosselin Vous pouvez \u00e9couter ou r\u00e9\u00e9couter cet \u00e9change en cliquant ici","og_url":"https:\/\/charente.catholique.fr\/grand-angouleme\/actualites\/2eme-rencontre-sur-les-abus-et-lemprise-en-eglise-avec-jean-louis-sous-psychanaliste\/","og_site_name":"Doyenn\u00e9 Grand Angoul\u00eame","article_publisher":"https:\/\/www.facebook.com\/EgliseCatholiqueCharente","article_published_time":"2022-11-20T18:42:29+00:00","article_modified_time":"2022-11-22T17:24:36+00:00","og_image":[{"width":1920,"height":1248,"url":"https:\/\/charente.catholique.fr\/grand-angouleme\/wp-content\/uploads\/sites\/2\/2022\/09\/desperate-g101f91dbd_1920-1.jpg","type":"image\/jpeg"}],"author":"Janine Laborde","twitter_card":"summary_large_image","twitter_creator":"@diocesecharente","twitter_site":"@diocesecharente","twitter_misc":{"\u00c9crit par":"Janine Laborde","Dur\u00e9e de lecture estim\u00e9e":"1 minute"},"schema":{"@context":"https:\/\/schema.org","@graph":[{"@type":"Article","@id":"https:\/\/charente.catholique.fr\/grand-angouleme\/actualites\/2eme-rencontre-sur-les-abus-et-lemprise-en-eglise-avec-jean-louis-sous-psychanaliste\/#article","isPartOf":{"@id":"https:\/\/charente.catholique.fr\/grand-angouleme\/actualites\/2eme-rencontre-sur-les-abus-et-lemprise-en-eglise-avec-jean-louis-sous-psychanaliste\/"},"author":{"name":"Janine Laborde","@id":"https:\/\/charente.catholique.fr\/grand-angouleme\/#\/schema\/person\/898f693d8a5f95b1bf02828f73967b47"},"headline":"2\u00e8me rencontre sur &#8220;Abus et Emprise dans l&#8217;\u00c9glise &#8221; avec Jean-Louis Sous, psychanaliste","datePublished":"2022-11-20T18:42:29+00:00","dateModified":"2022-11-22T17:24:36+00:00","mainEntityOfPage":{"@id":"https:\/\/charente.catholique.fr\/grand-angouleme\/actualites\/2eme-rencontre-sur-les-abus-et-lemprise-en-eglise-avec-jean-louis-sous-psychanaliste\/"},"wordCount":63,"commentCount":0,"publisher":{"@id":"https:\/\/charente.catholique.fr\/grand-angouleme\/#organization"},"image":{"@id":"https:\/\/charente.catholique.fr\/grand-angouleme\/actualites\/2eme-rencontre-sur-les-abus-et-lemprise-en-eglise-avec-jean-louis-sous-psychanaliste\/#primaryimage"},"thumbnailUrl":"https:\/\/charente.catholique.fr\/grand-angouleme\/wp-content\/uploads\/sites\/2\/2022\/09\/desperate-g101f91dbd_1920-1.jpg","articleSection":["Actualit\u00e9s"],"inLanguage":"fr-FR","potentialAction":[{"@type":"CommentAction","name":"Comment","target":["https:\/\/charente.catholique.fr\/grand-angouleme\/actualites\/2eme-rencontre-sur-les-abus-et-lemprise-en-eglise-avec-jean-louis-sous-psychanaliste\/#respond"]}]},{"@type":"WebPage","@id":"https:\/\/charente.catholique.fr\/grand-angouleme\/actualites\/2eme-rencontre-sur-les-abus-et-lemprise-en-eglise-avec-jean-louis-sous-psychanaliste\/","url":"https:\/\/charente.catholique.fr\/grand-angouleme\/actualites\/2eme-rencontre-sur-les-abus-et-lemprise-en-eglise-avec-jean-louis-sous-psychanaliste\/","name":"2\u00e8me rencontre sur \"Abus et Emprise dans l'\u00c9glise \" avec Jean-Louis Sous, psychanaliste - Doyenn\u00e9 Grand Angoul\u00eame","isPartOf":{"@id":"https:\/\/charente.catholique.fr\/grand-angouleme\/#website"},"primaryImageOfPage":{"@id":"https:\/\/charente.catholique.fr\/grand-angouleme\/actualites\/2eme-rencontre-sur-les-abus-et-lemprise-en-eglise-avec-jean-louis-sous-psychanaliste\/#primaryimage"},"image":{"@id":"https:\/\/charente.catholique.fr\/grand-angouleme\/actualites\/2eme-rencontre-sur-les-abus-et-lemprise-en-eglise-avec-jean-louis-sous-psychanaliste\/#primaryimage"},"thumbnailUrl":"https:\/\/charente.catholique.fr\/grand-angouleme\/wp-content\/uploads\/sites\/2\/2022\/09\/desperate-g101f91dbd_1920-1.jpg","datePublished":"2022-11-20T18:42:29+00:00","dateModified":"2022-11-22T17:24:36+00:00","breadcrumb":{"@id":"https:\/\/charente.catholique.fr\/grand-angouleme\/actualites\/2eme-rencontre-sur-les-abus-et-lemprise-en-eglise-avec-jean-louis-sous-psychanaliste\/#breadcrumb"},"inLanguage":"fr-FR","potentialAction":[{"@type":"ReadAction","target":["https:\/\/charente.catholique.fr\/grand-angouleme\/actualites\/2eme-rencontre-sur-les-abus-et-lemprise-en-eglise-avec-jean-louis-sous-psychanaliste\/"]}]},{"@type":"ImageObject","inLanguage":"fr-FR","@id":"https:\/\/charente.catholique.fr\/grand-angouleme\/actualites\/2eme-rencontre-sur-les-abus-et-lemprise-en-eglise-avec-jean-louis-sous-psychanaliste\/#primaryimage","url":"https:\/\/charente.catholique.fr\/grand-angouleme\/wp-content\/uploads\/sites\/2\/2022\/09\/desperate-g101f91dbd_1920-1.jpg","contentUrl":"https:\/\/charente.catholique.fr\/grand-angouleme\/wp-content\/uploads\/sites\/2\/2022\/09\/desperate-g101f91dbd_1920-1.jpg","width":1920,"height":1248},{"@type":"BreadcrumbList","@id":"https:\/\/charente.catholique.fr\/grand-angouleme\/actualites\/2eme-rencontre-sur-les-abus-et-lemprise-en-eglise-avec-jean-louis-sous-psychanaliste\/#breadcrumb","itemListElement":[{"@type":"ListItem","position":1,"name":"Accueil","item":"https:\/\/charente.catholique.fr\/grand-angouleme\/"},{"@type":"ListItem","position":2,"name":"2\u00e8me rencontre sur &#8220;Abus et Emprise dans l&#8217;\u00c9glise &#8221; avec Jean-Louis Sous, psychanaliste"}]},{"@type":"WebSite","@id":"https:\/\/charente.catholique.fr\/grand-angouleme\/#website","url":"https:\/\/charente.catholique.fr\/grand-angouleme\/","name":"Doyenn\u00e9 Grand Angoul\u00eame - Dioc\u00e8se d'Angoul\u00eame","description":"Dioc\u00e8se d&#039;Angoul\u00eame","publisher":{"@id":"https:\/\/charente.catholique.fr\/grand-angouleme\/#organization"},"potentialAction":[{"@type":"SearchAction","target":{"@type":"EntryPoint","urlTemplate":"https:\/\/charente.catholique.fr\/grand-angouleme\/?s={search_term_string}"},"query-input":{"@type":"PropertyValueSpecification","valueRequired":true,"valueName":"search_term_string"}}],"inLanguage":"fr-FR"},{"@type":"Organization","@id":"https:\/\/charente.catholique.fr\/grand-angouleme\/#organization","name":"Association Dioc\u00e9saine d'Angoul\u00eame","url":"https:\/\/charente.catholique.fr\/grand-angouleme\/","logo":{"@type":"ImageObject","inLanguage":"fr-FR","@id":"https:\/\/charente.catholique.fr\/grand-angouleme\/#\/schema\/logo\/image\/","url":"https:\/\/charente.catholique.fr\/grand-angouleme\/wp-content\/uploads\/sites\/2\/2020\/10\/logos.png","contentUrl":"https:\/\/charente.catholique.fr\/grand-angouleme\/wp-content\/uploads\/sites\/2\/2020\/10\/logos.png","width":600,"height":257,"caption":"Association Dioc\u00e9saine d'Angoul\u00eame"},"image":{"@id":"https:\/\/charente.catholique.fr\/grand-angouleme\/#\/schema\/logo\/image\/"},"sameAs":["https:\/\/www.facebook.com\/EgliseCatholiqueCharente","https:\/\/x.com\/diocesecharente","https:\/\/www.instagram.com\/eglisecharente","https:\/\/www.youtube.com\/channel\/UCByyFWApZbw3gDTiADoiAaQ"]},{"@type":"Person","@id":"https:\/\/charente.catholique.fr\/grand-angouleme\/#\/schema\/person\/898f693d8a5f95b1bf02828f73967b47","name":"Janine Laborde","image":{"@type":"ImageObject","inLanguage":"fr-FR","@id":"https:\/\/charente.catholique.fr\/grand-angouleme\/#\/schema\/person\/image\/","url":"https:\/\/secure.gravatar.com\/avatar\/a8f3185ff2f6cee7d79c60e904004ccb6107bdc3e38d176acfc1ee42b62a994e?s=96&d=mm&r=g","contentUrl":"https:\/\/secure.gravatar.com\/avatar\/a8f3185ff2f6cee7d79c60e904004ccb6107bdc3e38d176acfc1ee42b62a994e?s=96&d=mm&r=g","caption":"Janine Laborde"},"url":"https:\/\/charente.catholique.fr\/grand-angouleme\/author\/janinelaborde\/"}]}},"_links":{"self":[{"href":"https:\/\/charente.catholique.fr\/grand-angouleme\/wp-json\/wp\/v2\/posts\/18909","targetHints":{"allow":["GET"]}}],"collection":[{"href":"https:\/\/charente.catholique.fr\/grand-angouleme\/wp-json\/wp\/v2\/posts"}],"about":[{"href":"https:\/\/charente.catholique.fr\/grand-angouleme\/wp-json\/wp\/v2\/types\/post"}],"author":[{"embeddable":true,"href":"https:\/\/charente.catholique.fr\/grand-angouleme\/wp-json\/wp\/v2\/users\/22"}],"replies":[{"embeddable":true,"href":"https:\/\/charente.catholique.fr\/grand-angouleme\/wp-json\/wp\/v2\/comments?post=18909"}],"version-history":[{"count":10,"href":"https:\/\/charente.catholique.fr\/grand-angouleme\/wp-json\/wp\/v2\/posts\/18909\/revisions"}],"predecessor-version":[{"id":18944,"href":"https:\/\/charente.catholique.fr\/grand-angouleme\/wp-json\/wp\/v2\/posts\/18909\/revisions\/18944"}],"wp:featuredmedia":[{"embeddable":true,"href":"https:\/\/charente.catholique.fr\/grand-angouleme\/wp-json\/wp\/v2\/media\/18900"}],"wp:attachment":[{"href":"https:\/\/charente.catholique.fr\/grand-angouleme\/wp-json\/wp\/v2\/media?parent=18909"}],"wp:term":[{"taxonomy":"category","embeddable":true,"href":"https:\/\/charente.catholique.fr\/grand-angouleme\/wp-json\/wp\/v2\/categories?post=18909"},{"taxonomy":"post_tag","embeddable":true,"href":"https:\/\/charente.catholique.fr\/grand-angouleme\/wp-json\/wp\/v2\/tags?post=18909"}],"curies":[{"name":"wp","href":"https:\/\/api.w.org\/{rel}","templated":true}]}}