{"id":18903,"date":"2022-11-20T12:23:00","date_gmt":"2022-11-20T11:23:00","guid":{"rendered":"https:\/\/charente.catholique.fr\/grand-angouleme\/?p=18903"},"modified":"2022-11-20T12:23:01","modified_gmt":"2022-11-20T11:23:01","slug":"homelie-du-34eme-dimanche-du-temps-ordinaire-c-solennite-du-christ-roi-de-lunivers","status":"publish","type":"post","link":"https:\/\/charente.catholique.fr\/grand-angouleme\/actualites\/homelie-du-34eme-dimanche-du-temps-ordinaire-c-solennite-du-christ-roi-de-lunivers\/","title":{"rendered":"Homelie du 34\u00e8me dimanche du Temps Ordinaire C-Solennit\u00e9 du Christ-Roi de l&#8217;univers"},"content":{"rendered":"\n<p>Chers fr\u00e8res et soeurs,<\/p>\n\n\n\n<p>Le dernier dimanche de l\u2019ann\u00e9e liturgique C que nous c\u00e9l\u00e9brons aujourd\u2019hui, nous invite aussi \u00e0 contempler le Christ-Roi de l\u2019univers, en nous unissant au Secours Catholique dans le soutien aux pauvres et aux n\u00e9cessiteux du monde entier. Nous avons premi\u00e8rement le devoir de f\u00eater cette fin d\u2019ann\u00e9e en \u00e9valuant notre vie spirituelle. Est-ce que nous avan\u00e7ons\u00a0? Est-que nous reculons\u00a0? Est-ce que nous faisons du surplace\u00a0? Notre objectif en tant que chr\u00e9tien est de parvenir \u00e0 la saintet\u00e9, qui sera pour nous comme un troph\u00e9e pour tous les efforts consentis \u00e0 la suite du Christ.<\/p>\n\n\n\n<p>En pla\u00e7ant par ailleurs les pauvres au c\u0153ur de la liturgie de ce jour, l\u2019image du Christ pauvre et d\u00e9pouill\u00e9 de tout sur la croix, nous indique le chemin. Il faut savoir accueillir la souffrance des pauvres, par amour du Christ, pour avoir acc\u00e8s \u00e0 son royaume. Car, le r\u00e8gne de Dieu que nous appelons chaque fois, nous engage aussi dans l\u2019av\u00e8nement d\u2019un monde plus juste, un monde dans lequel le bien commun profite \u00e0 tous les \u00eatres qui peuplent la terre. Tel n\u2019est malheureusement pas encore le cas.<\/p>\n\n\n\n<p>En second lieu, nous avons \u00e0 m\u00e9diter sur le Christ-roi de l\u2019Univers. Il est principalement question de pouvoir. Qui a le pouvoir sur l\u2019univers&nbsp;? Pour nous les chr\u00e9tiens, \u00e7a va de soi que c\u2019est le Christ. Et nous le traduisons \u00e0 travers des chansons&nbsp;: \u00ab&nbsp;<em>Parle commande, r\u00e8gne, nous sommes tous \u00e0 toi, J\u00e9sus \u00e9tend ton r\u00e8gne, de l\u2019univers, sois roi.<\/em>&nbsp;\u00bb&nbsp; Un autre beau chant&nbsp;: \u00ab&nbsp;<em>Il est l\u2019agneau et le pasteur, il est le roi, le serviteur<\/em>.&nbsp;\u00bb Un dernier chant en latin&nbsp;: \u00ab&nbsp;<em>Christus vincit, Christus regnat, Christus imperat<\/em>. \u00bb.<\/p>\n\n\n\n<p>Nous c\u00e9l\u00e9brons ainsi la royaut\u00e9 du Christ en nous appuyant sur les textes bibliques. Il est de la descendance de David, celui qui vient r\u00e9aliser la promesse de Dieu de rendre stable son tr\u00f4ne pour toujours. A sa naissance, les mages sont venus de l\u2019orient pour lui offrir de l\u2019encens pour attester de cette royaut\u00e9. Dans l\u2019\u00e9vangile de ce jour, nous avons \u00e9cout\u00e9 l\u2019un des brigands dans sa pri\u00e8re reconnaitre qu\u2019il est roi&nbsp;: \u00ab&nbsp;Souviens-toi de moi, J\u00e9sus, quand tu viendras inaugurer ton r\u00e8gne.&nbsp;\u00bb<\/p>\n\n\n\n<p>Enfin, pour nous parler du Christ-Roi de l\u2019univers, la liturgie nous pr\u00e9sente paradoxalement un homme en croix, et des personnes tout autour qui ont des attitudes diverses&nbsp;: La foule reste l\u00e0 \u00e0 regarder&nbsp;; les chefs de pr\u00eatres et les soldats s\u2019en moquent et c\u00e9l\u00e8brent leur victoire&nbsp;; un supplici\u00e9 crie et l\u2019injurie&nbsp;: \u00ab&nbsp;sauve-toi toi-m\u00eame et nous avec.&nbsp;\u00bb Aujourd\u2019hui encore devant la croix, nous nous comportons diff\u00e9remment&nbsp;:&nbsp; Certains sont indiff\u00e9rents. D\u2019autres par contre voient un objet \u00e0 \u00e9viter, ou \u00e0 combattre, en rejetant la souffrance et tous ceux qui souffrent. Beaucoup se font ennemis de la croix, en combattant la Seigneurie du Christ dans leur vie et dans le monde. &nbsp;Fort heureusement, il y a ceux qui, comme saint Paul, s\u2019attachent \u00e0 la croix&nbsp;: \u00ab&nbsp;<em>La croix du Christ est notre seule fiert\u00e9.<\/em>&nbsp;\u00bb ( Ga 6,14) L\u2019histoire du monde ne saurait s\u2019\u00e9crire sans la croix. Le Christ est l\u2019Alpha et l\u2019Omega. C\u2019est par lui que tout a \u00e9t\u00e9 fait. Il remettra dans les mains de son P\u00e8re toute la cr\u00e9ation restaur\u00e9e.&nbsp;<\/p>\n\n\n\n<p>Par ailleurs, Il ne suffit pas de proclamer qu\u2019il est le roi de l\u2019univers. Il faut encore qu\u2019il assume ce titre. Le christ assume ce titre par sa proximit\u00e9 \u00e0 Dieu son P\u00e8re qui l\u2019a oint. Il est le roi de justice qui s\u00e9parera \u00e0 la fin des temps les brebis des ch\u00e8vres. Comme un pasteur, il prot\u00e8ge son peuple. Il en prend soin et le nourrit du pain de sa parole, et de sa propre vie. Il se fait proche de chacun d\u2019entre nous et ne refuse pas son amiti\u00e9 \u00e0 toutes les personnes que la soci\u00e9t\u00e9 m\u00e9prise. Il r\u00e8gne par l\u2019amour, le pardon et le service.<\/p>\n\n\n\n<p>Nous c\u00e9l\u00e9brons un le roi d\u2019un univers beau que les hommes dans leur folie du pouvoir, ont d\u00e9figur\u00e9 par tant de calamit\u00e9s. Nous n\u2019avons m\u00eame pas \u00e0 le comparer aux rois et chef&#8217;s que nous connaissons. \u00ab\u00a0<em>Les chefs des peuples font sentir leur pouvoir<\/em>\u00a0\u00bb, disait J\u00e9sus pour s\u2019en soustraire, et nous pr\u00e9venir. On d\u00e9plore plusieurs choses chez ceux qui d\u00e9tiennent le pouvoir aujourd\u2019hui. Ils semblent s\u2019\u00eatre sont \u00e9vad\u00e9s de la condition des citoyens, surtout des plus pauvres et les opprim\u00e9s. La plus grande tristesse est qu\u2019ils ont trahit la confiance du peuple qui est devenu pour eux, juste un instrument de profit. Les chefs ne servent plus. Ils se servent, ou servent les int\u00e9r\u00eats de leurs parrains. Le pouvoir de ce monde est m\u00eame devenu complotiste contre Dieu: Il faut faire taire les clochers et fermer les Eglises. Nous devons alors beaucoup prier pour nos dirigeants politiques, afin qu\u2019ils retrouvent leur v\u00e9ritable mission qui est de prot\u00e9ger, nourrir et faire grandir. Comme nous, ils ont besoin de conversion pour que le Christ r\u00e8gne vraiment dans nos vies. Amen.<\/p>\n\n\n\n<p>Jacques Emmanuel NDONG EWANE<\/p>\n","protected":false},"excerpt":{"rendered":"<p>Chers fr\u00e8res et soeurs, Le dernier dimanche de l\u2019ann\u00e9e liturgique C que nous c\u00e9l\u00e9brons aujourd\u2019hui, nous invite aussi \u00e0 contempler le Christ-Roi de l\u2019univers, en nous unissant au Secours Catholique dans le soutien aux pauvres et aux n\u00e9cessiteux du monde entier. Nous avons premi\u00e8rement le devoir de f\u00eater cette fin d\u2019ann\u00e9e en \u00e9valuant notre vie [&hellip;]<\/p>\n","protected":false},"author":13,"featured_media":0,"comment_status":"open","ping_status":"open","sticky":false,"template":"","format":"standard","meta":{"_acf_changed":false,"paroisse":["4"],"service":["0"],"footnotes":""},"categories":[1],"tags":[],"class_list":["post-18903","post","type-post","status-publish","format-standard","hentry","category-actualites"],"acf":[],"yoast_head":"<!-- This site is optimized with the Yoast SEO plugin v27.1.1 - https:\/\/yoast.com\/product\/yoast-seo-wordpress\/ -->\n<title>Homelie du 34\u00e8me dimanche du Temps Ordinaire C-Solennit\u00e9 du Christ-Roi de l&#039;univers - Doyenn\u00e9 Grand Angoul\u00eame<\/title>\n<meta name=\"robots\" content=\"index, follow, max-snippet:-1, max-image-preview:large, max-video-preview:-1\" \/>\n<link rel=\"canonical\" href=\"https:\/\/charente.catholique.fr\/grand-angouleme\/actualites\/homelie-du-34eme-dimanche-du-temps-ordinaire-c-solennite-du-christ-roi-de-lunivers\/\" \/>\n<meta property=\"og:locale\" content=\"fr_FR\" \/>\n<meta property=\"og:type\" content=\"article\" \/>\n<meta property=\"og:title\" content=\"Homelie du 34\u00e8me dimanche du Temps Ordinaire C-Solennit\u00e9 du Christ-Roi de l&#039;univers - Doyenn\u00e9 Grand Angoul\u00eame\" \/>\n<meta property=\"og:description\" content=\"Chers fr\u00e8res et soeurs, Le dernier dimanche de l\u2019ann\u00e9e liturgique C que nous c\u00e9l\u00e9brons aujourd\u2019hui, nous invite aussi \u00e0 contempler le Christ-Roi de l\u2019univers, en nous unissant au Secours Catholique dans le soutien aux pauvres et aux n\u00e9cessiteux du monde entier. Nous avons premi\u00e8rement le devoir de f\u00eater cette fin d\u2019ann\u00e9e en \u00e9valuant notre vie [&hellip;]\" \/>\n<meta property=\"og:url\" content=\"https:\/\/charente.catholique.fr\/grand-angouleme\/actualites\/homelie-du-34eme-dimanche-du-temps-ordinaire-c-solennite-du-christ-roi-de-lunivers\/\" \/>\n<meta property=\"og:site_name\" content=\"Doyenn\u00e9 Grand Angoul\u00eame\" \/>\n<meta property=\"article:publisher\" content=\"https:\/\/www.facebook.com\/EgliseCatholiqueCharente\" \/>\n<meta property=\"article:published_time\" content=\"2022-11-20T11:23:00+00:00\" \/>\n<meta property=\"article:modified_time\" content=\"2022-11-20T11:23:01+00:00\" \/>\n<meta name=\"author\" content=\"Marie-No\u00eblle Bouteloup\" \/>\n<meta name=\"twitter:card\" content=\"summary_large_image\" \/>\n<meta name=\"twitter:creator\" content=\"@diocesecharente\" \/>\n<meta name=\"twitter:site\" content=\"@diocesecharente\" \/>\n<meta name=\"twitter:label1\" content=\"\u00c9crit par\" \/>\n\t<meta name=\"twitter:data1\" content=\"Marie-No\u00eblle Bouteloup\" \/>\n\t<meta name=\"twitter:label2\" content=\"Dur\u00e9e de lecture estim\u00e9e\" \/>\n\t<meta name=\"twitter:data2\" content=\"5 minutes\" \/>\n<script type=\"application\/ld+json\" class=\"yoast-schema-graph\">{\"@context\":\"https:\/\/schema.org\",\"@graph\":[{\"@type\":\"Article\",\"@id\":\"https:\/\/charente.catholique.fr\/grand-angouleme\/actualites\/homelie-du-34eme-dimanche-du-temps-ordinaire-c-solennite-du-christ-roi-de-lunivers\/#article\",\"isPartOf\":{\"@id\":\"https:\/\/charente.catholique.fr\/grand-angouleme\/actualites\/homelie-du-34eme-dimanche-du-temps-ordinaire-c-solennite-du-christ-roi-de-lunivers\/\"},\"author\":{\"name\":\"Marie-No\u00eblle Bouteloup\",\"@id\":\"https:\/\/charente.catholique.fr\/grand-angouleme\/#\/schema\/person\/0bb2e75c546661bf0827c8b4d5d2bcfb\"},\"headline\":\"Homelie du 34\u00e8me dimanche du Temps Ordinaire C-Solennit\u00e9 du Christ-Roi de l&#8217;univers\",\"datePublished\":\"2022-11-20T11:23:00+00:00\",\"dateModified\":\"2022-11-20T11:23:01+00:00\",\"mainEntityOfPage\":{\"@id\":\"https:\/\/charente.catholique.fr\/grand-angouleme\/actualites\/homelie-du-34eme-dimanche-du-temps-ordinaire-c-solennite-du-christ-roi-de-lunivers\/\"},\"wordCount\":942,\"commentCount\":0,\"publisher\":{\"@id\":\"https:\/\/charente.catholique.fr\/grand-angouleme\/#organization\"},\"articleSection\":[\"Actualit\u00e9s\"],\"inLanguage\":\"fr-FR\",\"potentialAction\":[{\"@type\":\"CommentAction\",\"name\":\"Comment\",\"target\":[\"https:\/\/charente.catholique.fr\/grand-angouleme\/actualites\/homelie-du-34eme-dimanche-du-temps-ordinaire-c-solennite-du-christ-roi-de-lunivers\/#respond\"]}]},{\"@type\":\"WebPage\",\"@id\":\"https:\/\/charente.catholique.fr\/grand-angouleme\/actualites\/homelie-du-34eme-dimanche-du-temps-ordinaire-c-solennite-du-christ-roi-de-lunivers\/\",\"url\":\"https:\/\/charente.catholique.fr\/grand-angouleme\/actualites\/homelie-du-34eme-dimanche-du-temps-ordinaire-c-solennite-du-christ-roi-de-lunivers\/\",\"name\":\"Homelie du 34\u00e8me dimanche du Temps Ordinaire C-Solennit\u00e9 du Christ-Roi de l'univers - Doyenn\u00e9 Grand Angoul\u00eame\",\"isPartOf\":{\"@id\":\"https:\/\/charente.catholique.fr\/grand-angouleme\/#website\"},\"datePublished\":\"2022-11-20T11:23:00+00:00\",\"dateModified\":\"2022-11-20T11:23:01+00:00\",\"breadcrumb\":{\"@id\":\"https:\/\/charente.catholique.fr\/grand-angouleme\/actualites\/homelie-du-34eme-dimanche-du-temps-ordinaire-c-solennite-du-christ-roi-de-lunivers\/#breadcrumb\"},\"inLanguage\":\"fr-FR\",\"potentialAction\":[{\"@type\":\"ReadAction\",\"target\":[\"https:\/\/charente.catholique.fr\/grand-angouleme\/actualites\/homelie-du-34eme-dimanche-du-temps-ordinaire-c-solennite-du-christ-roi-de-lunivers\/\"]}]},{\"@type\":\"BreadcrumbList\",\"@id\":\"https:\/\/charente.catholique.fr\/grand-angouleme\/actualites\/homelie-du-34eme-dimanche-du-temps-ordinaire-c-solennite-du-christ-roi-de-lunivers\/#breadcrumb\",\"itemListElement\":[{\"@type\":\"ListItem\",\"position\":1,\"name\":\"Accueil\",\"item\":\"https:\/\/charente.catholique.fr\/grand-angouleme\/\"},{\"@type\":\"ListItem\",\"position\":2,\"name\":\"Homelie du 34\u00e8me dimanche du Temps Ordinaire C-Solennit\u00e9 du Christ-Roi de l&#8217;univers\"}]},{\"@type\":\"WebSite\",\"@id\":\"https:\/\/charente.catholique.fr\/grand-angouleme\/#website\",\"url\":\"https:\/\/charente.catholique.fr\/grand-angouleme\/\",\"name\":\"Doyenn\u00e9 Grand Angoul\u00eame - Dioc\u00e8se d'Angoul\u00eame\",\"description\":\"Dioc\u00e8se d&#039;Angoul\u00eame\",\"publisher\":{\"@id\":\"https:\/\/charente.catholique.fr\/grand-angouleme\/#organization\"},\"potentialAction\":[{\"@type\":\"SearchAction\",\"target\":{\"@type\":\"EntryPoint\",\"urlTemplate\":\"https:\/\/charente.catholique.fr\/grand-angouleme\/?s={search_term_string}\"},\"query-input\":{\"@type\":\"PropertyValueSpecification\",\"valueRequired\":true,\"valueName\":\"search_term_string\"}}],\"inLanguage\":\"fr-FR\"},{\"@type\":\"Organization\",\"@id\":\"https:\/\/charente.catholique.fr\/grand-angouleme\/#organization\",\"name\":\"Association Dioc\u00e9saine d'Angoul\u00eame\",\"url\":\"https:\/\/charente.catholique.fr\/grand-angouleme\/\",\"logo\":{\"@type\":\"ImageObject\",\"inLanguage\":\"fr-FR\",\"@id\":\"https:\/\/charente.catholique.fr\/grand-angouleme\/#\/schema\/logo\/image\/\",\"url\":\"https:\/\/charente.catholique.fr\/grand-angouleme\/wp-content\/uploads\/sites\/2\/2020\/10\/logos.png\",\"contentUrl\":\"https:\/\/charente.catholique.fr\/grand-angouleme\/wp-content\/uploads\/sites\/2\/2020\/10\/logos.png\",\"width\":600,\"height\":257,\"caption\":\"Association Dioc\u00e9saine d'Angoul\u00eame\"},\"image\":{\"@id\":\"https:\/\/charente.catholique.fr\/grand-angouleme\/#\/schema\/logo\/image\/\"},\"sameAs\":[\"https:\/\/www.facebook.com\/EgliseCatholiqueCharente\",\"https:\/\/x.com\/diocesecharente\",\"https:\/\/www.instagram.com\/eglisecharente\",\"https:\/\/www.youtube.com\/channel\/UCByyFWApZbw3gDTiADoiAaQ\"]},{\"@type\":\"Person\",\"@id\":\"https:\/\/charente.catholique.fr\/grand-angouleme\/#\/schema\/person\/0bb2e75c546661bf0827c8b4d5d2bcfb\",\"name\":\"Marie-No\u00eblle Bouteloup\",\"image\":{\"@type\":\"ImageObject\",\"inLanguage\":\"fr-FR\",\"@id\":\"https:\/\/charente.catholique.fr\/grand-angouleme\/#\/schema\/person\/image\/\",\"url\":\"https:\/\/secure.gravatar.com\/avatar\/8b68422c19e9566364992377448eef55989ea1caaedc20a57fe2961c16ed8312?s=96&d=mm&r=g\",\"contentUrl\":\"https:\/\/secure.gravatar.com\/avatar\/8b68422c19e9566364992377448eef55989ea1caaedc20a57fe2961c16ed8312?s=96&d=mm&r=g\",\"caption\":\"Marie-No\u00eblle Bouteloup\"},\"url\":\"https:\/\/charente.catholique.fr\/grand-angouleme\/author\/mnbouteloup\/\"}]}<\/script>\n<!-- \/ Yoast SEO plugin. -->","yoast_head_json":{"title":"Homelie du 34\u00e8me dimanche du Temps Ordinaire C-Solennit\u00e9 du Christ-Roi de l'univers - Doyenn\u00e9 Grand Angoul\u00eame","robots":{"index":"index","follow":"follow","max-snippet":"max-snippet:-1","max-image-preview":"max-image-preview:large","max-video-preview":"max-video-preview:-1"},"canonical":"https:\/\/charente.catholique.fr\/grand-angouleme\/actualites\/homelie-du-34eme-dimanche-du-temps-ordinaire-c-solennite-du-christ-roi-de-lunivers\/","og_locale":"fr_FR","og_type":"article","og_title":"Homelie du 34\u00e8me dimanche du Temps Ordinaire C-Solennit\u00e9 du Christ-Roi de l'univers - Doyenn\u00e9 Grand Angoul\u00eame","og_description":"Chers fr\u00e8res et soeurs, Le dernier dimanche de l\u2019ann\u00e9e liturgique C que nous c\u00e9l\u00e9brons aujourd\u2019hui, nous invite aussi \u00e0 contempler le Christ-Roi de l\u2019univers, en nous unissant au Secours Catholique dans le soutien aux pauvres et aux n\u00e9cessiteux du monde entier. Nous avons premi\u00e8rement le devoir de f\u00eater cette fin d\u2019ann\u00e9e en \u00e9valuant notre vie [&hellip;]","og_url":"https:\/\/charente.catholique.fr\/grand-angouleme\/actualites\/homelie-du-34eme-dimanche-du-temps-ordinaire-c-solennite-du-christ-roi-de-lunivers\/","og_site_name":"Doyenn\u00e9 Grand Angoul\u00eame","article_publisher":"https:\/\/www.facebook.com\/EgliseCatholiqueCharente","article_published_time":"2022-11-20T11:23:00+00:00","article_modified_time":"2022-11-20T11:23:01+00:00","author":"Marie-No\u00eblle Bouteloup","twitter_card":"summary_large_image","twitter_creator":"@diocesecharente","twitter_site":"@diocesecharente","twitter_misc":{"\u00c9crit par":"Marie-No\u00eblle Bouteloup","Dur\u00e9e de lecture estim\u00e9e":"5 minutes"},"schema":{"@context":"https:\/\/schema.org","@graph":[{"@type":"Article","@id":"https:\/\/charente.catholique.fr\/grand-angouleme\/actualites\/homelie-du-34eme-dimanche-du-temps-ordinaire-c-solennite-du-christ-roi-de-lunivers\/#article","isPartOf":{"@id":"https:\/\/charente.catholique.fr\/grand-angouleme\/actualites\/homelie-du-34eme-dimanche-du-temps-ordinaire-c-solennite-du-christ-roi-de-lunivers\/"},"author":{"name":"Marie-No\u00eblle Bouteloup","@id":"https:\/\/charente.catholique.fr\/grand-angouleme\/#\/schema\/person\/0bb2e75c546661bf0827c8b4d5d2bcfb"},"headline":"Homelie du 34\u00e8me dimanche du Temps Ordinaire C-Solennit\u00e9 du Christ-Roi de l&#8217;univers","datePublished":"2022-11-20T11:23:00+00:00","dateModified":"2022-11-20T11:23:01+00:00","mainEntityOfPage":{"@id":"https:\/\/charente.catholique.fr\/grand-angouleme\/actualites\/homelie-du-34eme-dimanche-du-temps-ordinaire-c-solennite-du-christ-roi-de-lunivers\/"},"wordCount":942,"commentCount":0,"publisher":{"@id":"https:\/\/charente.catholique.fr\/grand-angouleme\/#organization"},"articleSection":["Actualit\u00e9s"],"inLanguage":"fr-FR","potentialAction":[{"@type":"CommentAction","name":"Comment","target":["https:\/\/charente.catholique.fr\/grand-angouleme\/actualites\/homelie-du-34eme-dimanche-du-temps-ordinaire-c-solennite-du-christ-roi-de-lunivers\/#respond"]}]},{"@type":"WebPage","@id":"https:\/\/charente.catholique.fr\/grand-angouleme\/actualites\/homelie-du-34eme-dimanche-du-temps-ordinaire-c-solennite-du-christ-roi-de-lunivers\/","url":"https:\/\/charente.catholique.fr\/grand-angouleme\/actualites\/homelie-du-34eme-dimanche-du-temps-ordinaire-c-solennite-du-christ-roi-de-lunivers\/","name":"Homelie du 34\u00e8me dimanche du Temps Ordinaire C-Solennit\u00e9 du Christ-Roi de l'univers - Doyenn\u00e9 Grand Angoul\u00eame","isPartOf":{"@id":"https:\/\/charente.catholique.fr\/grand-angouleme\/#website"},"datePublished":"2022-11-20T11:23:00+00:00","dateModified":"2022-11-20T11:23:01+00:00","breadcrumb":{"@id":"https:\/\/charente.catholique.fr\/grand-angouleme\/actualites\/homelie-du-34eme-dimanche-du-temps-ordinaire-c-solennite-du-christ-roi-de-lunivers\/#breadcrumb"},"inLanguage":"fr-FR","potentialAction":[{"@type":"ReadAction","target":["https:\/\/charente.catholique.fr\/grand-angouleme\/actualites\/homelie-du-34eme-dimanche-du-temps-ordinaire-c-solennite-du-christ-roi-de-lunivers\/"]}]},{"@type":"BreadcrumbList","@id":"https:\/\/charente.catholique.fr\/grand-angouleme\/actualites\/homelie-du-34eme-dimanche-du-temps-ordinaire-c-solennite-du-christ-roi-de-lunivers\/#breadcrumb","itemListElement":[{"@type":"ListItem","position":1,"name":"Accueil","item":"https:\/\/charente.catholique.fr\/grand-angouleme\/"},{"@type":"ListItem","position":2,"name":"Homelie du 34\u00e8me dimanche du Temps Ordinaire C-Solennit\u00e9 du Christ-Roi de l&#8217;univers"}]},{"@type":"WebSite","@id":"https:\/\/charente.catholique.fr\/grand-angouleme\/#website","url":"https:\/\/charente.catholique.fr\/grand-angouleme\/","name":"Doyenn\u00e9 Grand Angoul\u00eame - Dioc\u00e8se d'Angoul\u00eame","description":"Dioc\u00e8se d&#039;Angoul\u00eame","publisher":{"@id":"https:\/\/charente.catholique.fr\/grand-angouleme\/#organization"},"potentialAction":[{"@type":"SearchAction","target":{"@type":"EntryPoint","urlTemplate":"https:\/\/charente.catholique.fr\/grand-angouleme\/?s={search_term_string}"},"query-input":{"@type":"PropertyValueSpecification","valueRequired":true,"valueName":"search_term_string"}}],"inLanguage":"fr-FR"},{"@type":"Organization","@id":"https:\/\/charente.catholique.fr\/grand-angouleme\/#organization","name":"Association Dioc\u00e9saine d'Angoul\u00eame","url":"https:\/\/charente.catholique.fr\/grand-angouleme\/","logo":{"@type":"ImageObject","inLanguage":"fr-FR","@id":"https:\/\/charente.catholique.fr\/grand-angouleme\/#\/schema\/logo\/image\/","url":"https:\/\/charente.catholique.fr\/grand-angouleme\/wp-content\/uploads\/sites\/2\/2020\/10\/logos.png","contentUrl":"https:\/\/charente.catholique.fr\/grand-angouleme\/wp-content\/uploads\/sites\/2\/2020\/10\/logos.png","width":600,"height":257,"caption":"Association Dioc\u00e9saine d'Angoul\u00eame"},"image":{"@id":"https:\/\/charente.catholique.fr\/grand-angouleme\/#\/schema\/logo\/image\/"},"sameAs":["https:\/\/www.facebook.com\/EgliseCatholiqueCharente","https:\/\/x.com\/diocesecharente","https:\/\/www.instagram.com\/eglisecharente","https:\/\/www.youtube.com\/channel\/UCByyFWApZbw3gDTiADoiAaQ"]},{"@type":"Person","@id":"https:\/\/charente.catholique.fr\/grand-angouleme\/#\/schema\/person\/0bb2e75c546661bf0827c8b4d5d2bcfb","name":"Marie-No\u00eblle Bouteloup","image":{"@type":"ImageObject","inLanguage":"fr-FR","@id":"https:\/\/charente.catholique.fr\/grand-angouleme\/#\/schema\/person\/image\/","url":"https:\/\/secure.gravatar.com\/avatar\/8b68422c19e9566364992377448eef55989ea1caaedc20a57fe2961c16ed8312?s=96&d=mm&r=g","contentUrl":"https:\/\/secure.gravatar.com\/avatar\/8b68422c19e9566364992377448eef55989ea1caaedc20a57fe2961c16ed8312?s=96&d=mm&r=g","caption":"Marie-No\u00eblle Bouteloup"},"url":"https:\/\/charente.catholique.fr\/grand-angouleme\/author\/mnbouteloup\/"}]}},"_links":{"self":[{"href":"https:\/\/charente.catholique.fr\/grand-angouleme\/wp-json\/wp\/v2\/posts\/18903","targetHints":{"allow":["GET"]}}],"collection":[{"href":"https:\/\/charente.catholique.fr\/grand-angouleme\/wp-json\/wp\/v2\/posts"}],"about":[{"href":"https:\/\/charente.catholique.fr\/grand-angouleme\/wp-json\/wp\/v2\/types\/post"}],"author":[{"embeddable":true,"href":"https:\/\/charente.catholique.fr\/grand-angouleme\/wp-json\/wp\/v2\/users\/13"}],"replies":[{"embeddable":true,"href":"https:\/\/charente.catholique.fr\/grand-angouleme\/wp-json\/wp\/v2\/comments?post=18903"}],"version-history":[{"count":2,"href":"https:\/\/charente.catholique.fr\/grand-angouleme\/wp-json\/wp\/v2\/posts\/18903\/revisions"}],"predecessor-version":[{"id":18905,"href":"https:\/\/charente.catholique.fr\/grand-angouleme\/wp-json\/wp\/v2\/posts\/18903\/revisions\/18905"}],"wp:attachment":[{"href":"https:\/\/charente.catholique.fr\/grand-angouleme\/wp-json\/wp\/v2\/media?parent=18903"}],"wp:term":[{"taxonomy":"category","embeddable":true,"href":"https:\/\/charente.catholique.fr\/grand-angouleme\/wp-json\/wp\/v2\/categories?post=18903"},{"taxonomy":"post_tag","embeddable":true,"href":"https:\/\/charente.catholique.fr\/grand-angouleme\/wp-json\/wp\/v2\/tags?post=18903"}],"curies":[{"name":"wp","href":"https:\/\/api.w.org\/{rel}","templated":true}]}}