{"id":17448,"date":"2022-06-13T16:35:18","date_gmt":"2022-06-13T14:35:18","guid":{"rendered":"https:\/\/charente.catholique.fr\/grand-angouleme\/?p=17448"},"modified":"2022-08-16T14:04:19","modified_gmt":"2022-08-16T12:04:19","slug":"homelie-du-p-denis-trinez-pour-le-dimanche-de-la-sainte-trinite-c","status":"publish","type":"post","link":"https:\/\/charente.catholique.fr\/grand-angouleme\/actualites\/homelie-du-p-denis-trinez-pour-le-dimanche-de-la-sainte-trinite-c\/","title":{"rendered":"Hom\u00e9lie du P. Denis Trinez pour le dimanche de la Sainte Trinit\u00e9 (C)"},"content":{"rendered":"\n<h4 class=\"wp-block-heading\">ACCUEIL<\/h4>\n\n\n\n<div class=\"wp-block-media-text alignwide is-stacked-on-mobile\"><figure class=\"wp-block-media-text__media\"><img loading=\"lazy\" decoding=\"async\" width=\"718\" height=\"1080\" src=\"https:\/\/charente.catholique.fr\/grand-angouleme\/wp-content\/uploads\/sites\/2\/2022\/06\/Trinite-718x1080.jpg\" alt=\"\" class=\"wp-image-17451 size-full\" srcset=\"https:\/\/charente.catholique.fr\/grand-angouleme\/wp-content\/uploads\/sites\/2\/2022\/06\/Trinite-718x1080.jpg 718w, https:\/\/charente.catholique.fr\/grand-angouleme\/wp-content\/uploads\/sites\/2\/2022\/06\/Trinite-200x300.jpg 200w, https:\/\/charente.catholique.fr\/grand-angouleme\/wp-content\/uploads\/sites\/2\/2022\/06\/Trinite-768x1155.jpg 768w, https:\/\/charente.catholique.fr\/grand-angouleme\/wp-content\/uploads\/sites\/2\/2022\/06\/Trinite-1022x1536.jpg 1022w, https:\/\/charente.catholique.fr\/grand-angouleme\/wp-content\/uploads\/sites\/2\/2022\/06\/Trinite-1362x2048.jpg 1362w, https:\/\/charente.catholique.fr\/grand-angouleme\/wp-content\/uploads\/sites\/2\/2022\/06\/Trinite.jpg 1615w\" sizes=\"auto, (max-width: 718px) 100vw, 718px\" \/><\/figure><div class=\"wp-block-media-text__content\">\n<p class=\"has-medium-font-size\">La Pentec\u00f4te, don de l&#8217;Esprit a ouvert un chemin pour la compr\u00e9hension &#8220;des choses de Dieu&#8221; et aller au large.<br><br>Aujourd&#8217;hui, la f\u00eate de la Sainte Trinit\u00e9 nous fait entrer dans l&#8217;intimit\u00e9 de Dieu.<br><br>Ces 3 anneaux traduisent la relation compl\u00e9mentaire entre le P\u00e8re, le Fils et l&#8217;Esprit. Chacun plonge sa racine dans l&#8217;autre.<br><br>Dieu est  Amour et pas d&#8217;amour sans relation entre plusieurs, au moins trois.<br>Dieu est relation d&#8217;amour et de pardon gr\u00e2ce \u00e0 l&#8217;Esprit. L&#8217;incarnation de Dieu en J\u00e9sus nous r\u00e9v\u00e8le la Sagesse de Dieu qui cr\u00e9e le monde en puissance d\u2019existence.<br><br>L&#8217;Esprit nous aide, nous accompagne pour affronter &#8220;beaucoup de choses&#8221; que nous ne comprenons pas encore.<br><br>Entendons le pape Fran\u00e7ois nous dire : &#8221; l&#8217;Esprit nous guide \u00e0 l&#8217;int\u00e9rieur de la V\u00e9rit\u00e9 c&#8217;est \u00e0 dire une communion plus profonde avec J\u00e9sus en nous donnant l&#8217;intelligence des choses de Dieu.<\/p>\n<\/div><\/div>\n\n\n\n<div style=\"height:21px\" aria-hidden=\"true\" class=\"wp-block-spacer\"><\/div>\n\n\n\n<h4 class=\"wp-block-heading\">Textes du jour<\/h4>\n\n\n\n<p><strong><a href=\"https:\/\/www.aelf.org\/2022-06-12\/romain\/messe\">Sainte Trinit\u00e9 \u2014 Ann\u00e9e C<\/a><\/strong><\/p>\n\n\n\n<h4 class=\"wp-block-heading\">Hom\u00e9lie<\/h4>\n\n\n\n<p class=\"has-text-align-center has-medium-font-size\"><a href=\"https:\/\/www.youtube.com\/watch?v=rL_RTLRK9Dk\"><strong>\u00ab\u00a0Tout ce que<\/strong> <strong>poss\u00e8de le P\u00e8re est \u00e0 moi\u00a0; l\u2019Esprit re\u00e7oit ce qui vient de moi<\/strong> <strong>pour vous le faire conna\u00eetre\u00a0\u00bb<\/strong><\/a><\/p>\n\n\n\n<div class=\"wp-block-image\"><figure class=\"aligncenter size-full is-resized\"><img loading=\"lazy\" decoding=\"async\" src=\"https:\/\/charente.catholique.fr\/grand-angouleme\/wp-content\/uploads\/sites\/2\/2022\/06\/La-Sainte-Trinite.jpg\" alt=\"\" class=\"wp-image-17452\" width=\"816\" height=\"470\" srcset=\"https:\/\/charente.catholique.fr\/grand-angouleme\/wp-content\/uploads\/sites\/2\/2022\/06\/La-Sainte-Trinite.jpg 608w, https:\/\/charente.catholique.fr\/grand-angouleme\/wp-content\/uploads\/sites\/2\/2022\/06\/La-Sainte-Trinite-300x173.jpg 300w\" sizes=\"auto, (max-width: 816px) 100vw, 816px\" \/><\/figure><\/div>\n\n\n\n<h4 class=\"wp-block-heading\">Pri\u00e8re universelle<\/h4>\n\n\n\n<ul class=\"has-medium-font-size wp-block-list\"><li>Dieu, le P\u00e8re,  le Fils et l&#8217;Esprit, nous te prions pour que les hommes dans le monde sortent de la violence, des guerres et des pi\u00e8ges du pouvoir, qu&#8217;ils trouvent des chemins de solidarit\u00e9, de paix, de tendresse et d&#8217;amour pour entrer dans l&#8217;esp\u00e9rance d&#8217;un monde meilleur.<br><\/li><li>Dieu, nous te confions notre journ\u00e9e de demain. Fais nous d\u00e9couvrir que plus une communaut\u00e9 est capable d&#8217;accueil et d&#8217;ouverture plus elle est proche de l&#8217;\u00c9vangile et de Toi : le P\u00e8re, le Fils et l&#8217;Esprit.<br><\/li><li>Dieu, le P\u00e8re , le Fils et l&#8217;Esprit, nous te prions pour que dimanche nos votes soient en concordance avec l&#8217;\u00c9vangile et ajust\u00e9e \u00e0 ta Parole.<\/li><\/ul>\n","protected":false},"excerpt":{"rendered":"<p>ACCUEIL La Pentec\u00f4te, don de l&#8217;Esprit a ouvert un chemin pour la compr\u00e9hension &#8220;des choses de Dieu&#8221; et aller au large. Aujourd&#8217;hui, la f\u00eate de la Sainte Trinit\u00e9 nous fait entrer dans l&#8217;intimit\u00e9 de Dieu. Ces 3 anneaux traduisent la relation compl\u00e9mentaire entre le P\u00e8re, le Fils et l&#8217;Esprit. Chacun plonge sa racine dans l&#8217;autre. [&hellip;]<\/p>\n","protected":false},"author":22,"featured_media":17454,"comment_status":"open","ping_status":"open","sticky":false,"template":"","format":"standard","meta":{"_acf_changed":false,"paroisse":["0"],"service":["0"],"footnotes":""},"categories":[1],"tags":[],"class_list":["post-17448","post","type-post","status-publish","format-standard","has-post-thumbnail","hentry","category-actualites"],"acf":[],"yoast_head":"<!-- This site is optimized with the Yoast SEO plugin v27.1.1 - https:\/\/yoast.com\/product\/yoast-seo-wordpress\/ -->\n<title>Hom\u00e9lie du P. Denis Trinez pour le dimanche de la Sainte Trinit\u00e9 (C) - Doyenn\u00e9 Grand Angoul\u00eame<\/title>\n<meta name=\"robots\" content=\"index, follow, max-snippet:-1, max-image-preview:large, max-video-preview:-1\" \/>\n<link rel=\"canonical\" href=\"https:\/\/charente.catholique.fr\/grand-angouleme\/actualites\/homelie-du-p-denis-trinez-pour-le-dimanche-de-la-sainte-trinite-c\/\" \/>\n<meta property=\"og:locale\" content=\"fr_FR\" \/>\n<meta property=\"og:type\" content=\"article\" \/>\n<meta property=\"og:title\" content=\"Hom\u00e9lie du P. Denis Trinez pour le dimanche de la Sainte Trinit\u00e9 (C) - Doyenn\u00e9 Grand Angoul\u00eame\" \/>\n<meta property=\"og:description\" content=\"ACCUEIL La Pentec\u00f4te, don de l&#8217;Esprit a ouvert un chemin pour la compr\u00e9hension &#8220;des choses de Dieu&#8221; et aller au large. Aujourd&#8217;hui, la f\u00eate de la Sainte Trinit\u00e9 nous fait entrer dans l&#8217;intimit\u00e9 de Dieu. Ces 3 anneaux traduisent la relation compl\u00e9mentaire entre le P\u00e8re, le Fils et l&#8217;Esprit. Chacun plonge sa racine dans l&#8217;autre. [&hellip;]\" \/>\n<meta property=\"og:url\" content=\"https:\/\/charente.catholique.fr\/grand-angouleme\/actualites\/homelie-du-p-denis-trinez-pour-le-dimanche-de-la-sainte-trinite-c\/\" \/>\n<meta property=\"og:site_name\" content=\"Doyenn\u00e9 Grand Angoul\u00eame\" \/>\n<meta property=\"article:publisher\" content=\"https:\/\/www.facebook.com\/EgliseCatholiqueCharente\" \/>\n<meta property=\"article:published_time\" content=\"2022-06-13T14:35:18+00:00\" \/>\n<meta property=\"article:modified_time\" content=\"2022-08-16T12:04:19+00:00\" \/>\n<meta property=\"og:image\" content=\"https:\/\/charente.catholique.fr\/grand-angouleme\/wp-content\/uploads\/sites\/2\/2022\/06\/la-sainte-trinite-1.jpg\" \/>\n\t<meta property=\"og:image:width\" content=\"608\" \/>\n\t<meta property=\"og:image:height\" content=\"185\" \/>\n\t<meta property=\"og:image:type\" content=\"image\/jpeg\" \/>\n<meta name=\"author\" content=\"Janine Laborde\" \/>\n<meta name=\"twitter:card\" content=\"summary_large_image\" \/>\n<meta name=\"twitter:creator\" content=\"@diocesecharente\" \/>\n<meta name=\"twitter:site\" content=\"@diocesecharente\" \/>\n<meta name=\"twitter:label1\" content=\"\u00c9crit par\" \/>\n\t<meta name=\"twitter:data1\" content=\"Janine Laborde\" \/>\n\t<meta name=\"twitter:label2\" content=\"Dur\u00e9e de lecture estim\u00e9e\" \/>\n\t<meta name=\"twitter:data2\" content=\"2 minutes\" \/>\n<script type=\"application\/ld+json\" class=\"yoast-schema-graph\">{\"@context\":\"https:\/\/schema.org\",\"@graph\":[{\"@type\":\"Article\",\"@id\":\"https:\/\/charente.catholique.fr\/grand-angouleme\/actualites\/homelie-du-p-denis-trinez-pour-le-dimanche-de-la-sainte-trinite-c\/#article\",\"isPartOf\":{\"@id\":\"https:\/\/charente.catholique.fr\/grand-angouleme\/actualites\/homelie-du-p-denis-trinez-pour-le-dimanche-de-la-sainte-trinite-c\/\"},\"author\":{\"name\":\"Janine Laborde\",\"@id\":\"https:\/\/charente.catholique.fr\/grand-angouleme\/#\/schema\/person\/898f693d8a5f95b1bf02828f73967b47\"},\"headline\":\"Hom\u00e9lie du P. Denis Trinez pour le dimanche de la Sainte Trinit\u00e9 (C)\",\"datePublished\":\"2022-06-13T14:35:18+00:00\",\"dateModified\":\"2022-08-16T12:04:19+00:00\",\"mainEntityOfPage\":{\"@id\":\"https:\/\/charente.catholique.fr\/grand-angouleme\/actualites\/homelie-du-p-denis-trinez-pour-le-dimanche-de-la-sainte-trinite-c\/\"},\"wordCount\":345,\"commentCount\":0,\"publisher\":{\"@id\":\"https:\/\/charente.catholique.fr\/grand-angouleme\/#organization\"},\"image\":{\"@id\":\"https:\/\/charente.catholique.fr\/grand-angouleme\/actualites\/homelie-du-p-denis-trinez-pour-le-dimanche-de-la-sainte-trinite-c\/#primaryimage\"},\"thumbnailUrl\":\"https:\/\/charente.catholique.fr\/grand-angouleme\/wp-content\/uploads\/sites\/2\/2022\/06\/la-sainte-trinite-1.jpg\",\"articleSection\":[\"Actualit\u00e9s\"],\"inLanguage\":\"fr-FR\",\"potentialAction\":[{\"@type\":\"CommentAction\",\"name\":\"Comment\",\"target\":[\"https:\/\/charente.catholique.fr\/grand-angouleme\/actualites\/homelie-du-p-denis-trinez-pour-le-dimanche-de-la-sainte-trinite-c\/#respond\"]}]},{\"@type\":\"WebPage\",\"@id\":\"https:\/\/charente.catholique.fr\/grand-angouleme\/actualites\/homelie-du-p-denis-trinez-pour-le-dimanche-de-la-sainte-trinite-c\/\",\"url\":\"https:\/\/charente.catholique.fr\/grand-angouleme\/actualites\/homelie-du-p-denis-trinez-pour-le-dimanche-de-la-sainte-trinite-c\/\",\"name\":\"Hom\u00e9lie du P. Denis Trinez pour le dimanche de la Sainte Trinit\u00e9 (C) - Doyenn\u00e9 Grand Angoul\u00eame\",\"isPartOf\":{\"@id\":\"https:\/\/charente.catholique.fr\/grand-angouleme\/#website\"},\"primaryImageOfPage\":{\"@id\":\"https:\/\/charente.catholique.fr\/grand-angouleme\/actualites\/homelie-du-p-denis-trinez-pour-le-dimanche-de-la-sainte-trinite-c\/#primaryimage\"},\"image\":{\"@id\":\"https:\/\/charente.catholique.fr\/grand-angouleme\/actualites\/homelie-du-p-denis-trinez-pour-le-dimanche-de-la-sainte-trinite-c\/#primaryimage\"},\"thumbnailUrl\":\"https:\/\/charente.catholique.fr\/grand-angouleme\/wp-content\/uploads\/sites\/2\/2022\/06\/la-sainte-trinite-1.jpg\",\"datePublished\":\"2022-06-13T14:35:18+00:00\",\"dateModified\":\"2022-08-16T12:04:19+00:00\",\"breadcrumb\":{\"@id\":\"https:\/\/charente.catholique.fr\/grand-angouleme\/actualites\/homelie-du-p-denis-trinez-pour-le-dimanche-de-la-sainte-trinite-c\/#breadcrumb\"},\"inLanguage\":\"fr-FR\",\"potentialAction\":[{\"@type\":\"ReadAction\",\"target\":[\"https:\/\/charente.catholique.fr\/grand-angouleme\/actualites\/homelie-du-p-denis-trinez-pour-le-dimanche-de-la-sainte-trinite-c\/\"]}]},{\"@type\":\"ImageObject\",\"inLanguage\":\"fr-FR\",\"@id\":\"https:\/\/charente.catholique.fr\/grand-angouleme\/actualites\/homelie-du-p-denis-trinez-pour-le-dimanche-de-la-sainte-trinite-c\/#primaryimage\",\"url\":\"https:\/\/charente.catholique.fr\/grand-angouleme\/wp-content\/uploads\/sites\/2\/2022\/06\/la-sainte-trinite-1.jpg\",\"contentUrl\":\"https:\/\/charente.catholique.fr\/grand-angouleme\/wp-content\/uploads\/sites\/2\/2022\/06\/la-sainte-trinite-1.jpg\",\"width\":608,\"height\":185},{\"@type\":\"BreadcrumbList\",\"@id\":\"https:\/\/charente.catholique.fr\/grand-angouleme\/actualites\/homelie-du-p-denis-trinez-pour-le-dimanche-de-la-sainte-trinite-c\/#breadcrumb\",\"itemListElement\":[{\"@type\":\"ListItem\",\"position\":1,\"name\":\"Accueil\",\"item\":\"https:\/\/charente.catholique.fr\/grand-angouleme\/\"},{\"@type\":\"ListItem\",\"position\":2,\"name\":\"Hom\u00e9lie du P. Denis Trinez pour le dimanche de la Sainte Trinit\u00e9 (C)\"}]},{\"@type\":\"WebSite\",\"@id\":\"https:\/\/charente.catholique.fr\/grand-angouleme\/#website\",\"url\":\"https:\/\/charente.catholique.fr\/grand-angouleme\/\",\"name\":\"Doyenn\u00e9 Grand Angoul\u00eame - Dioc\u00e8se d'Angoul\u00eame\",\"description\":\"Dioc\u00e8se d&#039;Angoul\u00eame\",\"publisher\":{\"@id\":\"https:\/\/charente.catholique.fr\/grand-angouleme\/#organization\"},\"potentialAction\":[{\"@type\":\"SearchAction\",\"target\":{\"@type\":\"EntryPoint\",\"urlTemplate\":\"https:\/\/charente.catholique.fr\/grand-angouleme\/?s={search_term_string}\"},\"query-input\":{\"@type\":\"PropertyValueSpecification\",\"valueRequired\":true,\"valueName\":\"search_term_string\"}}],\"inLanguage\":\"fr-FR\"},{\"@type\":\"Organization\",\"@id\":\"https:\/\/charente.catholique.fr\/grand-angouleme\/#organization\",\"name\":\"Association Dioc\u00e9saine d'Angoul\u00eame\",\"url\":\"https:\/\/charente.catholique.fr\/grand-angouleme\/\",\"logo\":{\"@type\":\"ImageObject\",\"inLanguage\":\"fr-FR\",\"@id\":\"https:\/\/charente.catholique.fr\/grand-angouleme\/#\/schema\/logo\/image\/\",\"url\":\"https:\/\/charente.catholique.fr\/grand-angouleme\/wp-content\/uploads\/sites\/2\/2020\/10\/logos.png\",\"contentUrl\":\"https:\/\/charente.catholique.fr\/grand-angouleme\/wp-content\/uploads\/sites\/2\/2020\/10\/logos.png\",\"width\":600,\"height\":257,\"caption\":\"Association Dioc\u00e9saine d'Angoul\u00eame\"},\"image\":{\"@id\":\"https:\/\/charente.catholique.fr\/grand-angouleme\/#\/schema\/logo\/image\/\"},\"sameAs\":[\"https:\/\/www.facebook.com\/EgliseCatholiqueCharente\",\"https:\/\/x.com\/diocesecharente\",\"https:\/\/www.instagram.com\/eglisecharente\",\"https:\/\/www.youtube.com\/channel\/UCByyFWApZbw3gDTiADoiAaQ\"]},{\"@type\":\"Person\",\"@id\":\"https:\/\/charente.catholique.fr\/grand-angouleme\/#\/schema\/person\/898f693d8a5f95b1bf02828f73967b47\",\"name\":\"Janine Laborde\",\"image\":{\"@type\":\"ImageObject\",\"inLanguage\":\"fr-FR\",\"@id\":\"https:\/\/charente.catholique.fr\/grand-angouleme\/#\/schema\/person\/image\/\",\"url\":\"https:\/\/secure.gravatar.com\/avatar\/a8f3185ff2f6cee7d79c60e904004ccb6107bdc3e38d176acfc1ee42b62a994e?s=96&d=mm&r=g\",\"contentUrl\":\"https:\/\/secure.gravatar.com\/avatar\/a8f3185ff2f6cee7d79c60e904004ccb6107bdc3e38d176acfc1ee42b62a994e?s=96&d=mm&r=g\",\"caption\":\"Janine Laborde\"},\"url\":\"https:\/\/charente.catholique.fr\/grand-angouleme\/author\/janinelaborde\/\"}]}<\/script>\n<!-- \/ Yoast SEO plugin. -->","yoast_head_json":{"title":"Hom\u00e9lie du P. Denis Trinez pour le dimanche de la Sainte Trinit\u00e9 (C) - Doyenn\u00e9 Grand Angoul\u00eame","robots":{"index":"index","follow":"follow","max-snippet":"max-snippet:-1","max-image-preview":"max-image-preview:large","max-video-preview":"max-video-preview:-1"},"canonical":"https:\/\/charente.catholique.fr\/grand-angouleme\/actualites\/homelie-du-p-denis-trinez-pour-le-dimanche-de-la-sainte-trinite-c\/","og_locale":"fr_FR","og_type":"article","og_title":"Hom\u00e9lie du P. Denis Trinez pour le dimanche de la Sainte Trinit\u00e9 (C) - Doyenn\u00e9 Grand Angoul\u00eame","og_description":"ACCUEIL La Pentec\u00f4te, don de l&#8217;Esprit a ouvert un chemin pour la compr\u00e9hension &#8220;des choses de Dieu&#8221; et aller au large. Aujourd&#8217;hui, la f\u00eate de la Sainte Trinit\u00e9 nous fait entrer dans l&#8217;intimit\u00e9 de Dieu. Ces 3 anneaux traduisent la relation compl\u00e9mentaire entre le P\u00e8re, le Fils et l&#8217;Esprit. Chacun plonge sa racine dans l&#8217;autre. [&hellip;]","og_url":"https:\/\/charente.catholique.fr\/grand-angouleme\/actualites\/homelie-du-p-denis-trinez-pour-le-dimanche-de-la-sainte-trinite-c\/","og_site_name":"Doyenn\u00e9 Grand Angoul\u00eame","article_publisher":"https:\/\/www.facebook.com\/EgliseCatholiqueCharente","article_published_time":"2022-06-13T14:35:18+00:00","article_modified_time":"2022-08-16T12:04:19+00:00","og_image":[{"width":608,"height":185,"url":"https:\/\/charente.catholique.fr\/grand-angouleme\/wp-content\/uploads\/sites\/2\/2022\/06\/la-sainte-trinite-1.jpg","type":"image\/jpeg"}],"author":"Janine Laborde","twitter_card":"summary_large_image","twitter_creator":"@diocesecharente","twitter_site":"@diocesecharente","twitter_misc":{"\u00c9crit par":"Janine Laborde","Dur\u00e9e de lecture estim\u00e9e":"2 minutes"},"schema":{"@context":"https:\/\/schema.org","@graph":[{"@type":"Article","@id":"https:\/\/charente.catholique.fr\/grand-angouleme\/actualites\/homelie-du-p-denis-trinez-pour-le-dimanche-de-la-sainte-trinite-c\/#article","isPartOf":{"@id":"https:\/\/charente.catholique.fr\/grand-angouleme\/actualites\/homelie-du-p-denis-trinez-pour-le-dimanche-de-la-sainte-trinite-c\/"},"author":{"name":"Janine Laborde","@id":"https:\/\/charente.catholique.fr\/grand-angouleme\/#\/schema\/person\/898f693d8a5f95b1bf02828f73967b47"},"headline":"Hom\u00e9lie du P. Denis Trinez pour le dimanche de la Sainte Trinit\u00e9 (C)","datePublished":"2022-06-13T14:35:18+00:00","dateModified":"2022-08-16T12:04:19+00:00","mainEntityOfPage":{"@id":"https:\/\/charente.catholique.fr\/grand-angouleme\/actualites\/homelie-du-p-denis-trinez-pour-le-dimanche-de-la-sainte-trinite-c\/"},"wordCount":345,"commentCount":0,"publisher":{"@id":"https:\/\/charente.catholique.fr\/grand-angouleme\/#organization"},"image":{"@id":"https:\/\/charente.catholique.fr\/grand-angouleme\/actualites\/homelie-du-p-denis-trinez-pour-le-dimanche-de-la-sainte-trinite-c\/#primaryimage"},"thumbnailUrl":"https:\/\/charente.catholique.fr\/grand-angouleme\/wp-content\/uploads\/sites\/2\/2022\/06\/la-sainte-trinite-1.jpg","articleSection":["Actualit\u00e9s"],"inLanguage":"fr-FR","potentialAction":[{"@type":"CommentAction","name":"Comment","target":["https:\/\/charente.catholique.fr\/grand-angouleme\/actualites\/homelie-du-p-denis-trinez-pour-le-dimanche-de-la-sainte-trinite-c\/#respond"]}]},{"@type":"WebPage","@id":"https:\/\/charente.catholique.fr\/grand-angouleme\/actualites\/homelie-du-p-denis-trinez-pour-le-dimanche-de-la-sainte-trinite-c\/","url":"https:\/\/charente.catholique.fr\/grand-angouleme\/actualites\/homelie-du-p-denis-trinez-pour-le-dimanche-de-la-sainte-trinite-c\/","name":"Hom\u00e9lie du P. Denis Trinez pour le dimanche de la Sainte Trinit\u00e9 (C) - Doyenn\u00e9 Grand Angoul\u00eame","isPartOf":{"@id":"https:\/\/charente.catholique.fr\/grand-angouleme\/#website"},"primaryImageOfPage":{"@id":"https:\/\/charente.catholique.fr\/grand-angouleme\/actualites\/homelie-du-p-denis-trinez-pour-le-dimanche-de-la-sainte-trinite-c\/#primaryimage"},"image":{"@id":"https:\/\/charente.catholique.fr\/grand-angouleme\/actualites\/homelie-du-p-denis-trinez-pour-le-dimanche-de-la-sainte-trinite-c\/#primaryimage"},"thumbnailUrl":"https:\/\/charente.catholique.fr\/grand-angouleme\/wp-content\/uploads\/sites\/2\/2022\/06\/la-sainte-trinite-1.jpg","datePublished":"2022-06-13T14:35:18+00:00","dateModified":"2022-08-16T12:04:19+00:00","breadcrumb":{"@id":"https:\/\/charente.catholique.fr\/grand-angouleme\/actualites\/homelie-du-p-denis-trinez-pour-le-dimanche-de-la-sainte-trinite-c\/#breadcrumb"},"inLanguage":"fr-FR","potentialAction":[{"@type":"ReadAction","target":["https:\/\/charente.catholique.fr\/grand-angouleme\/actualites\/homelie-du-p-denis-trinez-pour-le-dimanche-de-la-sainte-trinite-c\/"]}]},{"@type":"ImageObject","inLanguage":"fr-FR","@id":"https:\/\/charente.catholique.fr\/grand-angouleme\/actualites\/homelie-du-p-denis-trinez-pour-le-dimanche-de-la-sainte-trinite-c\/#primaryimage","url":"https:\/\/charente.catholique.fr\/grand-angouleme\/wp-content\/uploads\/sites\/2\/2022\/06\/la-sainte-trinite-1.jpg","contentUrl":"https:\/\/charente.catholique.fr\/grand-angouleme\/wp-content\/uploads\/sites\/2\/2022\/06\/la-sainte-trinite-1.jpg","width":608,"height":185},{"@type":"BreadcrumbList","@id":"https:\/\/charente.catholique.fr\/grand-angouleme\/actualites\/homelie-du-p-denis-trinez-pour-le-dimanche-de-la-sainte-trinite-c\/#breadcrumb","itemListElement":[{"@type":"ListItem","position":1,"name":"Accueil","item":"https:\/\/charente.catholique.fr\/grand-angouleme\/"},{"@type":"ListItem","position":2,"name":"Hom\u00e9lie du P. Denis Trinez pour le dimanche de la Sainte Trinit\u00e9 (C)"}]},{"@type":"WebSite","@id":"https:\/\/charente.catholique.fr\/grand-angouleme\/#website","url":"https:\/\/charente.catholique.fr\/grand-angouleme\/","name":"Doyenn\u00e9 Grand Angoul\u00eame - Dioc\u00e8se d'Angoul\u00eame","description":"Dioc\u00e8se d&#039;Angoul\u00eame","publisher":{"@id":"https:\/\/charente.catholique.fr\/grand-angouleme\/#organization"},"potentialAction":[{"@type":"SearchAction","target":{"@type":"EntryPoint","urlTemplate":"https:\/\/charente.catholique.fr\/grand-angouleme\/?s={search_term_string}"},"query-input":{"@type":"PropertyValueSpecification","valueRequired":true,"valueName":"search_term_string"}}],"inLanguage":"fr-FR"},{"@type":"Organization","@id":"https:\/\/charente.catholique.fr\/grand-angouleme\/#organization","name":"Association Dioc\u00e9saine d'Angoul\u00eame","url":"https:\/\/charente.catholique.fr\/grand-angouleme\/","logo":{"@type":"ImageObject","inLanguage":"fr-FR","@id":"https:\/\/charente.catholique.fr\/grand-angouleme\/#\/schema\/logo\/image\/","url":"https:\/\/charente.catholique.fr\/grand-angouleme\/wp-content\/uploads\/sites\/2\/2020\/10\/logos.png","contentUrl":"https:\/\/charente.catholique.fr\/grand-angouleme\/wp-content\/uploads\/sites\/2\/2020\/10\/logos.png","width":600,"height":257,"caption":"Association Dioc\u00e9saine d'Angoul\u00eame"},"image":{"@id":"https:\/\/charente.catholique.fr\/grand-angouleme\/#\/schema\/logo\/image\/"},"sameAs":["https:\/\/www.facebook.com\/EgliseCatholiqueCharente","https:\/\/x.com\/diocesecharente","https:\/\/www.instagram.com\/eglisecharente","https:\/\/www.youtube.com\/channel\/UCByyFWApZbw3gDTiADoiAaQ"]},{"@type":"Person","@id":"https:\/\/charente.catholique.fr\/grand-angouleme\/#\/schema\/person\/898f693d8a5f95b1bf02828f73967b47","name":"Janine Laborde","image":{"@type":"ImageObject","inLanguage":"fr-FR","@id":"https:\/\/charente.catholique.fr\/grand-angouleme\/#\/schema\/person\/image\/","url":"https:\/\/secure.gravatar.com\/avatar\/a8f3185ff2f6cee7d79c60e904004ccb6107bdc3e38d176acfc1ee42b62a994e?s=96&d=mm&r=g","contentUrl":"https:\/\/secure.gravatar.com\/avatar\/a8f3185ff2f6cee7d79c60e904004ccb6107bdc3e38d176acfc1ee42b62a994e?s=96&d=mm&r=g","caption":"Janine Laborde"},"url":"https:\/\/charente.catholique.fr\/grand-angouleme\/author\/janinelaborde\/"}]}},"_links":{"self":[{"href":"https:\/\/charente.catholique.fr\/grand-angouleme\/wp-json\/wp\/v2\/posts\/17448","targetHints":{"allow":["GET"]}}],"collection":[{"href":"https:\/\/charente.catholique.fr\/grand-angouleme\/wp-json\/wp\/v2\/posts"}],"about":[{"href":"https:\/\/charente.catholique.fr\/grand-angouleme\/wp-json\/wp\/v2\/types\/post"}],"author":[{"embeddable":true,"href":"https:\/\/charente.catholique.fr\/grand-angouleme\/wp-json\/wp\/v2\/users\/22"}],"replies":[{"embeddable":true,"href":"https:\/\/charente.catholique.fr\/grand-angouleme\/wp-json\/wp\/v2\/comments?post=17448"}],"version-history":[{"count":7,"href":"https:\/\/charente.catholique.fr\/grand-angouleme\/wp-json\/wp\/v2\/posts\/17448\/revisions"}],"predecessor-version":[{"id":18026,"href":"https:\/\/charente.catholique.fr\/grand-angouleme\/wp-json\/wp\/v2\/posts\/17448\/revisions\/18026"}],"wp:featuredmedia":[{"embeddable":true,"href":"https:\/\/charente.catholique.fr\/grand-angouleme\/wp-json\/wp\/v2\/media\/17454"}],"wp:attachment":[{"href":"https:\/\/charente.catholique.fr\/grand-angouleme\/wp-json\/wp\/v2\/media?parent=17448"}],"wp:term":[{"taxonomy":"category","embeddable":true,"href":"https:\/\/charente.catholique.fr\/grand-angouleme\/wp-json\/wp\/v2\/categories?post=17448"},{"taxonomy":"post_tag","embeddable":true,"href":"https:\/\/charente.catholique.fr\/grand-angouleme\/wp-json\/wp\/v2\/tags?post=17448"}],"curies":[{"name":"wp","href":"https:\/\/api.w.org\/{rel}","templated":true}]}}