{"id":17252,"date":"2022-05-20T09:07:47","date_gmt":"2022-05-20T07:07:47","guid":{"rendered":"https:\/\/charente.catholique.fr\/grand-angouleme\/?p=17252"},"modified":"2022-05-31T09:22:55","modified_gmt":"2022-05-31T07:22:55","slug":"echos-de-lassemblee-paroissiale-a-saint-jean-baptiste","status":"publish","type":"post","link":"https:\/\/charente.catholique.fr\/grand-angouleme\/actualites\/echos-de-lassemblee-paroissiale-a-saint-jean-baptiste\/","title":{"rendered":"\u00c9chos de l&#8217;Assembl\u00e9e Paroissiale \u00e0 Saint Jean Baptiste 15\/05\/22"},"content":{"rendered":"\n<p><strong>SYNTH<\/strong><strong>\u00c8<\/strong><strong>SE DE L<\/strong><strong>\u2019<\/strong><strong>ASSEMBL<\/strong><strong>\u00c9<\/strong><strong>E PAROISSIALE DE ST JEAN BAPTISTE<\/strong><\/p>\n\n\n\n<p><strong>15 MAI 2022<\/strong><\/p>\n\n\n\n<p>L\u2019assembl\u00e9e s\u2019est d\u00e9roul\u00e9e au cours de la messe dominicale du 15 mai 2022. les participants se sont rassembl\u00e9s en 6&nbsp; groupes de 8 personnes environ.<\/p>\n\n\n\n<p>Les questions propos\u00e9es \u00e9taient r\u00e9parties sur les trois th\u00e8mes mis en \u00e9vidence dans le document de synth\u00e8se r\u00e9dig\u00e9&nbsp; suite \u00e0 la consultation dioc\u00e9saine :<\/p>\n\n\n\n<p><strong>\u00c9COUTER<\/strong><\/p>\n\n\n\n<p><strong>VIVRE LA CO RESPONSABILIT\u00c9<\/strong><\/p>\n\n\n\n<p><strong>S\u2019OUVRIR<\/strong><\/p>\n\n\n\n<p>Chaque groupe \u00e9tait invit\u00e9 \u00e0 choisir un de ces th\u00e8mes et engager une r\u00e9flexion en prenant appui sur les questions.<\/p>\n\n\n\n<p><strong>L<\/strong><strong>\u2019\u00c9<\/strong><strong>COUTE :<\/strong><\/p>\n\n\n\n<p><em>Quelles sont les r<\/em><em>\u00e9<\/em><em>alit<\/em><em>\u00e9<\/em><em>s humaines qu<\/em><em>\u2019<\/em><em>il nous semble urgent d<\/em><em>\u2019\u00e9<\/em><em>couter a <\/em><em>\u00e0 <\/em><em>tous les niveaux de la vie de l<\/em><em>\u2019<\/em><em>Eglise et comment faire pour entendre ces r<\/em><em>\u00e9<\/em><em>alit<\/em><em>\u00e9<\/em><em>s ?<\/em><\/p>\n\n\n\n<p>&nbsp;&nbsp;&nbsp;&nbsp;&nbsp;&nbsp;&nbsp;&nbsp;&nbsp;&nbsp; La r\u00e9flexion s\u2019est principalement orient\u00e9e sur le manque de pr\u00eatres et leurs multiples charges ce qui restreint leur disponibilit\u00e9 pour l\u2019\u00e9coute. Les grands mouvements d\u2019Eglise sont de moins en moins visibles, et de ce fait, o\u00f9 trouver des lieux d\u2019engagement et d\u2019ouverture ?<\/p>\n\n\n\n<p>&nbsp;&nbsp;&nbsp;&nbsp;&nbsp;&nbsp;&nbsp;&nbsp;&nbsp;&nbsp; Les enfants sont tr\u00e8s peu nombreux et leur absence au sein de notre paroisse doit nous interpeller. Cela&nbsp; nous engage \u00e0 r\u00e9fl\u00e9chir et \u00e0 entreprendre des actions envers eux.<\/p>\n\n\n\n<p>&nbsp;&nbsp;&nbsp;&nbsp;&nbsp;&nbsp;&nbsp;&nbsp;&nbsp;&nbsp; L\u2019Eglise a fait des progr\u00e8s en mati\u00e8re d\u2019\u00e9coute mais de gros efforts restent \u00e0 faire.<\/p>\n\n\n\n<p>&nbsp;&nbsp;&nbsp;&nbsp;&nbsp;&nbsp;&nbsp;&nbsp;&nbsp;&nbsp; Il est tr\u00e8s important de relier les r\u00e9alit\u00e9s de la vie \u00e0 notre vie en paroisse. Toutefois, les grands sujets \u00e0 propos des question \u00e9thiques qui agitent notre soci\u00e9t\u00e9 ne sont pas \u00e9voqu\u00e9s.<\/p>\n\n\n\n<p><strong>LA CO RESPONSABILIT<\/strong><strong>\u00c9 <\/strong><strong>:<\/strong><\/p>\n\n\n\n<p><em>&#8211; Nous sentons-nous tous responsables, chacun <\/em><em>\u00e0 <\/em><em>son niveau, dans nos communaut<\/em><em>\u00e9<\/em><em>s ?<\/em><\/p>\n\n\n\n<p><em>&#8211; Qu<\/em><em>\u2019<\/em><em>est-ce qui nous fait peur, nous freine, vis <\/em><em>\u00e0 <\/em><em>vis d<\/em><em>\u2019<\/em><em>un <\/em><em>\u00e9<\/em><em>ventuel engagement ?<\/em><\/p>\n\n\n\n<p><em>&#8211; Qu<\/em><em>\u2019<\/em><em>est-ce qui nous aiderait <\/em><em>\u00e0 <\/em><em>prendre une place dans la communaut<\/em><em>\u00e9 <\/em><em>(dur<\/em><em>\u00e9<\/em><em>e, lettre de mission) ?<\/em><\/p>\n\n\n\n<p>&nbsp;&nbsp;&nbsp;&nbsp;&nbsp;&nbsp;&nbsp;&nbsp;&nbsp;&nbsp; &nbsp;&nbsp;&nbsp;&nbsp;&nbsp;&nbsp;&nbsp;&nbsp;&nbsp;&nbsp; Chacun, \u00e0 son niveau peut oeuvrer \u00e0 la vie de la communaut\u00e9 en soignant l\u2019accueil , en veillant \u00e0 l\u2019affichage des informations, en diffusant et en partageant les nouvelles, en visitant les personnes isol\u00e9es\u2026 Il ne faut pas h\u00e9siter \u00e0 proposer de partager les \u00ab&nbsp;petites t\u00e2ches&nbsp;\u00bb, ce qui contribue \u00e0 renforcer la coh\u00e9sion de la communaut\u00e9.<\/p>\n\n\n\n<p>&nbsp;&nbsp;&nbsp;&nbsp;&nbsp;&nbsp;&nbsp;&nbsp;&nbsp;&nbsp; &nbsp;&nbsp;&nbsp;&nbsp;&nbsp;&nbsp;&nbsp;&nbsp;&nbsp;&nbsp; Des personnes qui souhaitent se sentir mieux reconnues nous rejoignent. cela nous engage \u00e0 les \u00e9couter, \u00e0 faire en sorte que l\u2019autre existe au sein de groupes de parole.<\/p>\n\n\n\n<p>&nbsp;&nbsp;&nbsp;&nbsp;&nbsp;&nbsp;&nbsp;&nbsp;&nbsp;&nbsp;&nbsp;&nbsp;&nbsp;&nbsp;&nbsp;&nbsp;&nbsp;&nbsp;&nbsp;&nbsp; Le d\u00e9sir de mettre en place de nouvelles formes de c\u00e9l\u00e9bration autres que l\u2019Eucharistie&nbsp; est exprim\u00e9. Par exemple , organiser une Liturgie de la Parole le samedi soir, qui serait suivie d\u2019un temps de fraternit\u00e9 et de convivialit\u00e9. Il appara\u00eet n\u00e9cessaire de rendre plus accessible le langage utilis\u00e9 au cours de la messe, et tout particuli\u00e8rement en pr\u00e9sence d\u2019enfants.<\/p>\n\n\n\n<p><strong>S<\/strong><strong>\u2019<\/strong><strong>OUVRIR :<\/strong><\/p>\n\n\n\n<p><em>&#8211; L<\/em><em>\u2019<\/em><em>Eglise donne souvent une image de <\/em><em>\u00ab&nbsp;<\/em><em>permis-d<\/em><em>\u00e9<\/em><em>fendu<\/em><em>&nbsp;\u00bb<\/em><em>. Comment chacun et ensemble, nous pouvons sortir de cette posture ?<\/em><\/p>\n\n\n\n<p><em>&#8211; Comment adopter un langage audible et compr<\/em><em>\u00e9<\/em><em>hensible ?<\/em><\/p>\n\n\n\n<p>&nbsp;&nbsp;&nbsp;&nbsp;&nbsp;&nbsp;&nbsp;&nbsp;&nbsp;&nbsp;&nbsp;&nbsp;&nbsp;&nbsp;&nbsp;&nbsp;&nbsp;&nbsp;&nbsp;&nbsp; Il est important d\u2019ouvrir davantage les c\u00e9l\u00e9brations aux enfants, d\u2019organiser des messes pour les familles.<\/p>\n\n\n\n<p>&nbsp;&nbsp;&nbsp;&nbsp;&nbsp;&nbsp;&nbsp;&nbsp;&nbsp;&nbsp;&nbsp;&nbsp;&nbsp;&nbsp;&nbsp;&nbsp;&nbsp;&nbsp;&nbsp;&nbsp; Le d\u00e9sir de r\u00e9fl\u00e9chir sur les questions de soci\u00e9t\u00e9 au sein de groupes \u00e9largis au niveau dioc\u00e9sain ainsi qu\u2019une participation renforc\u00e9e des baptis\u00e9s dans les prises de d\u00e9cision s\u2019expriment.<\/p>\n\n\n\n<p>&nbsp;&nbsp;&nbsp;&nbsp;&nbsp;&nbsp;&nbsp;&nbsp;&nbsp;&nbsp; &nbsp;&nbsp;&nbsp;&nbsp;&nbsp;&nbsp;&nbsp;&nbsp;&nbsp;&nbsp; L\u2019Eglise doit \u00e9voluer sur la place qu\u2019elle donne aux femmes (diaconat), aux divorc\u00e9s remari\u00e9s\u2026<\/p>\n\n\n\n<p>&nbsp;&nbsp;&nbsp;&nbsp;&nbsp;&nbsp;&nbsp;&nbsp;&nbsp;&nbsp;&nbsp;&nbsp;&nbsp;&nbsp;&nbsp;&nbsp;&nbsp;&nbsp;&nbsp;&nbsp; Il faut r\u00e9former le s\u00e9minaire, en \u00e9largissant la proposition de formation \u00e0 des personnes qui souhaitent s\u2019engager.<\/p>\n\n\n\n<p>&nbsp;&nbsp;&nbsp;&nbsp;&nbsp;&nbsp;&nbsp;&nbsp;&nbsp;&nbsp;&nbsp;&nbsp;&nbsp;&nbsp;&nbsp;&nbsp;&nbsp;&nbsp;&nbsp;&nbsp; En ce qui concerne les diverses consultations, il est indispensable&nbsp; que chacun puisse s\u2019exprimer sans attendre l\u2019autorisation de la hi\u00e9rarchie et que la parole soit prise en compte.<\/p>\n\n\n\n<p>&nbsp;&nbsp;&nbsp;&nbsp;&nbsp;&nbsp;&nbsp;&nbsp;&nbsp;&nbsp; &nbsp;&nbsp;&nbsp;&nbsp;&nbsp;&nbsp;&nbsp;&nbsp;&nbsp;&nbsp; Pour un fonctionnement plus ouvert de la paroisse , il est int\u00e9ressant de prendre&nbsp; exemple sur le pr\u00eatre mod\u00e9rateur. Certaines t\u00e2ches sont prises en charge par les la\u00efcs, ce qui ouvre \u00e0 la fraternit\u00e9 dans des petits groupes \u00e0 taille humaines, \u00e0 l\u2019image des premi\u00e8res communaut\u00e9s.<\/p>\n\n\n\n<p><strong>CONCLUSION :<\/strong><\/p>\n\n\n\n<p>&nbsp;&nbsp;&nbsp;&nbsp;&nbsp;&nbsp;&nbsp;&nbsp;&nbsp;&nbsp;&nbsp;&nbsp;&nbsp;&nbsp;&nbsp;&nbsp;&nbsp;&nbsp;&nbsp;&nbsp; A la lumi\u00e8re de ces diverses r\u00e9flexions, des pistes de travail se dessinent :<\/p>\n\n\n\n<p>Comment apprendre \u00e0 s\u2019ouvrir aux autres, \u00e0 les \u00e9couter r\u00e9ellement , \u00e0 faire en sorte que chacun se sente accueilli, sans se pr\u00e9senter comme une communaut\u00e9 ferm\u00e9e ?<\/p>\n\n\n\n<p>&nbsp;&nbsp;&nbsp;&nbsp;&nbsp;&nbsp;&nbsp;&nbsp;&nbsp;&nbsp;&nbsp;&nbsp;&nbsp;&nbsp;&nbsp;&nbsp;&nbsp;&nbsp;&nbsp;&nbsp; Il est n\u00e9cessaire de mettre en place un projet pastoral, en notant nos points forts, nos points faibles et en travaillant \u00e0 partir de ceux-ci .<\/p>\n\n\n\n<p>&nbsp;&nbsp;&nbsp;&nbsp;&nbsp;&nbsp;&nbsp;&nbsp;&nbsp;&nbsp; &nbsp;&nbsp;&nbsp;&nbsp;&nbsp;&nbsp;&nbsp;&nbsp;&nbsp;&nbsp; Quels r\u00eaves avons-nous pour notre Eglise ? La vie de celle-ci, malgr\u00e9 les apparences, \u00e9volue rapidement. Nous pouvons organiser des rencontres autour de sujets qui n\u2019auraient pu \u00eatre abord\u00e9s, il y a dix ans.<\/p>\n\n\n\n<p>Regardons du c\u00f4t\u00e9 de ce qui change et s\u2019ouvre davantage \u00e0 la diversit\u00e9.<\/p>\n","protected":false},"excerpt":{"rendered":"<p>SYNTH\u00c8SE DE L\u2019ASSEMBL\u00c9E PAROISSIALE DE ST JEAN BAPTISTE 15 MAI 2022 L\u2019assembl\u00e9e s\u2019est d\u00e9roul\u00e9e au cours de la messe dominicale du 15 mai 2022. les participants se sont rassembl\u00e9s en 6&nbsp; groupes de 8 personnes environ. Les questions propos\u00e9es \u00e9taient r\u00e9parties sur les trois th\u00e8mes mis en \u00e9vidence dans le document de synth\u00e8se r\u00e9dig\u00e9&nbsp; suite [&hellip;]<\/p>\n","protected":false},"author":22,"featured_media":16926,"comment_status":"open","ping_status":"open","sticky":false,"template":"","format":"standard","meta":{"_acf_changed":false,"paroisse":["0"],"service":["0"],"footnotes":""},"categories":[1],"tags":[],"class_list":["post-17252","post","type-post","status-publish","format-standard","has-post-thumbnail","hentry","category-actualites"],"acf":[],"yoast_head":"<!-- This site is optimized with the Yoast SEO plugin v27.1.1 - https:\/\/yoast.com\/product\/yoast-seo-wordpress\/ -->\n<title>\u00c9chos de l&#039;Assembl\u00e9e Paroissiale \u00e0 Saint Jean Baptiste 15\/05\/22 - Doyenn\u00e9 Grand Angoul\u00eame<\/title>\n<meta name=\"robots\" content=\"index, follow, max-snippet:-1, max-image-preview:large, max-video-preview:-1\" \/>\n<link rel=\"canonical\" href=\"https:\/\/charente.catholique.fr\/grand-angouleme\/actualites\/echos-de-lassemblee-paroissiale-a-saint-jean-baptiste\/\" \/>\n<meta property=\"og:locale\" content=\"fr_FR\" \/>\n<meta property=\"og:type\" content=\"article\" \/>\n<meta property=\"og:title\" content=\"\u00c9chos de l&#039;Assembl\u00e9e Paroissiale \u00e0 Saint Jean Baptiste 15\/05\/22 - Doyenn\u00e9 Grand Angoul\u00eame\" \/>\n<meta property=\"og:description\" content=\"SYNTH\u00c8SE DE L\u2019ASSEMBL\u00c9E PAROISSIALE DE ST JEAN BAPTISTE 15 MAI 2022 L\u2019assembl\u00e9e s\u2019est d\u00e9roul\u00e9e au cours de la messe dominicale du 15 mai 2022. les participants se sont rassembl\u00e9s en 6&nbsp; groupes de 8 personnes environ. Les questions propos\u00e9es \u00e9taient r\u00e9parties sur les trois th\u00e8mes mis en \u00e9vidence dans le document de synth\u00e8se r\u00e9dig\u00e9&nbsp; suite [&hellip;]\" \/>\n<meta property=\"og:url\" content=\"https:\/\/charente.catholique.fr\/grand-angouleme\/actualites\/echos-de-lassemblee-paroissiale-a-saint-jean-baptiste\/\" \/>\n<meta property=\"og:site_name\" content=\"Doyenn\u00e9 Grand Angoul\u00eame\" \/>\n<meta property=\"article:publisher\" content=\"https:\/\/www.facebook.com\/EgliseCatholiqueCharente\" \/>\n<meta property=\"article:published_time\" content=\"2022-05-20T07:07:47+00:00\" \/>\n<meta property=\"article:modified_time\" content=\"2022-05-31T07:22:55+00:00\" \/>\n<meta property=\"og:image\" content=\"https:\/\/charente.catholique.fr\/grand-angouleme\/wp-content\/uploads\/sites\/2\/2022\/05\/vitraux.jpg\" \/>\n\t<meta property=\"og:image:width\" content=\"1200\" \/>\n\t<meta property=\"og:image:height\" content=\"339\" \/>\n\t<meta property=\"og:image:type\" content=\"image\/jpeg\" \/>\n<meta name=\"author\" content=\"Janine Laborde\" \/>\n<meta name=\"twitter:card\" content=\"summary_large_image\" \/>\n<meta name=\"twitter:creator\" content=\"@diocesecharente\" \/>\n<meta name=\"twitter:site\" content=\"@diocesecharente\" \/>\n<meta name=\"twitter:label1\" content=\"\u00c9crit par\" \/>\n\t<meta name=\"twitter:data1\" content=\"Janine Laborde\" \/>\n\t<meta name=\"twitter:label2\" content=\"Dur\u00e9e de lecture estim\u00e9e\" \/>\n\t<meta name=\"twitter:data2\" content=\"4 minutes\" \/>\n<script type=\"application\/ld+json\" class=\"yoast-schema-graph\">{\"@context\":\"https:\/\/schema.org\",\"@graph\":[{\"@type\":\"Article\",\"@id\":\"https:\/\/charente.catholique.fr\/grand-angouleme\/actualites\/echos-de-lassemblee-paroissiale-a-saint-jean-baptiste\/#article\",\"isPartOf\":{\"@id\":\"https:\/\/charente.catholique.fr\/grand-angouleme\/actualites\/echos-de-lassemblee-paroissiale-a-saint-jean-baptiste\/\"},\"author\":{\"name\":\"Janine Laborde\",\"@id\":\"https:\/\/charente.catholique.fr\/grand-angouleme\/#\/schema\/person\/898f693d8a5f95b1bf02828f73967b47\"},\"headline\":\"\u00c9chos de l&#8217;Assembl\u00e9e Paroissiale \u00e0 Saint Jean Baptiste 15\/05\/22\",\"datePublished\":\"2022-05-20T07:07:47+00:00\",\"dateModified\":\"2022-05-31T07:22:55+00:00\",\"mainEntityOfPage\":{\"@id\":\"https:\/\/charente.catholique.fr\/grand-angouleme\/actualites\/echos-de-lassemblee-paroissiale-a-saint-jean-baptiste\/\"},\"wordCount\":1087,\"commentCount\":0,\"publisher\":{\"@id\":\"https:\/\/charente.catholique.fr\/grand-angouleme\/#organization\"},\"image\":{\"@id\":\"https:\/\/charente.catholique.fr\/grand-angouleme\/actualites\/echos-de-lassemblee-paroissiale-a-saint-jean-baptiste\/#primaryimage\"},\"thumbnailUrl\":\"https:\/\/charente.catholique.fr\/grand-angouleme\/wp-content\/uploads\/sites\/2\/2022\/05\/vitraux.jpg\",\"articleSection\":[\"Actualit\u00e9s\"],\"inLanguage\":\"fr-FR\",\"potentialAction\":[{\"@type\":\"CommentAction\",\"name\":\"Comment\",\"target\":[\"https:\/\/charente.catholique.fr\/grand-angouleme\/actualites\/echos-de-lassemblee-paroissiale-a-saint-jean-baptiste\/#respond\"]}]},{\"@type\":\"WebPage\",\"@id\":\"https:\/\/charente.catholique.fr\/grand-angouleme\/actualites\/echos-de-lassemblee-paroissiale-a-saint-jean-baptiste\/\",\"url\":\"https:\/\/charente.catholique.fr\/grand-angouleme\/actualites\/echos-de-lassemblee-paroissiale-a-saint-jean-baptiste\/\",\"name\":\"\u00c9chos de l'Assembl\u00e9e Paroissiale \u00e0 Saint Jean Baptiste 15\/05\/22 - Doyenn\u00e9 Grand Angoul\u00eame\",\"isPartOf\":{\"@id\":\"https:\/\/charente.catholique.fr\/grand-angouleme\/#website\"},\"primaryImageOfPage\":{\"@id\":\"https:\/\/charente.catholique.fr\/grand-angouleme\/actualites\/echos-de-lassemblee-paroissiale-a-saint-jean-baptiste\/#primaryimage\"},\"image\":{\"@id\":\"https:\/\/charente.catholique.fr\/grand-angouleme\/actualites\/echos-de-lassemblee-paroissiale-a-saint-jean-baptiste\/#primaryimage\"},\"thumbnailUrl\":\"https:\/\/charente.catholique.fr\/grand-angouleme\/wp-content\/uploads\/sites\/2\/2022\/05\/vitraux.jpg\",\"datePublished\":\"2022-05-20T07:07:47+00:00\",\"dateModified\":\"2022-05-31T07:22:55+00:00\",\"breadcrumb\":{\"@id\":\"https:\/\/charente.catholique.fr\/grand-angouleme\/actualites\/echos-de-lassemblee-paroissiale-a-saint-jean-baptiste\/#breadcrumb\"},\"inLanguage\":\"fr-FR\",\"potentialAction\":[{\"@type\":\"ReadAction\",\"target\":[\"https:\/\/charente.catholique.fr\/grand-angouleme\/actualites\/echos-de-lassemblee-paroissiale-a-saint-jean-baptiste\/\"]}]},{\"@type\":\"ImageObject\",\"inLanguage\":\"fr-FR\",\"@id\":\"https:\/\/charente.catholique.fr\/grand-angouleme\/actualites\/echos-de-lassemblee-paroissiale-a-saint-jean-baptiste\/#primaryimage\",\"url\":\"https:\/\/charente.catholique.fr\/grand-angouleme\/wp-content\/uploads\/sites\/2\/2022\/05\/vitraux.jpg\",\"contentUrl\":\"https:\/\/charente.catholique.fr\/grand-angouleme\/wp-content\/uploads\/sites\/2\/2022\/05\/vitraux.jpg\",\"width\":1200,\"height\":339},{\"@type\":\"BreadcrumbList\",\"@id\":\"https:\/\/charente.catholique.fr\/grand-angouleme\/actualites\/echos-de-lassemblee-paroissiale-a-saint-jean-baptiste\/#breadcrumb\",\"itemListElement\":[{\"@type\":\"ListItem\",\"position\":1,\"name\":\"Accueil\",\"item\":\"https:\/\/charente.catholique.fr\/grand-angouleme\/\"},{\"@type\":\"ListItem\",\"position\":2,\"name\":\"\u00c9chos de l&#8217;Assembl\u00e9e Paroissiale \u00e0 Saint Jean Baptiste 15\/05\/22\"}]},{\"@type\":\"WebSite\",\"@id\":\"https:\/\/charente.catholique.fr\/grand-angouleme\/#website\",\"url\":\"https:\/\/charente.catholique.fr\/grand-angouleme\/\",\"name\":\"Doyenn\u00e9 Grand Angoul\u00eame - Dioc\u00e8se d'Angoul\u00eame\",\"description\":\"Dioc\u00e8se d&#039;Angoul\u00eame\",\"publisher\":{\"@id\":\"https:\/\/charente.catholique.fr\/grand-angouleme\/#organization\"},\"potentialAction\":[{\"@type\":\"SearchAction\",\"target\":{\"@type\":\"EntryPoint\",\"urlTemplate\":\"https:\/\/charente.catholique.fr\/grand-angouleme\/?s={search_term_string}\"},\"query-input\":{\"@type\":\"PropertyValueSpecification\",\"valueRequired\":true,\"valueName\":\"search_term_string\"}}],\"inLanguage\":\"fr-FR\"},{\"@type\":\"Organization\",\"@id\":\"https:\/\/charente.catholique.fr\/grand-angouleme\/#organization\",\"name\":\"Association Dioc\u00e9saine d'Angoul\u00eame\",\"url\":\"https:\/\/charente.catholique.fr\/grand-angouleme\/\",\"logo\":{\"@type\":\"ImageObject\",\"inLanguage\":\"fr-FR\",\"@id\":\"https:\/\/charente.catholique.fr\/grand-angouleme\/#\/schema\/logo\/image\/\",\"url\":\"https:\/\/charente.catholique.fr\/grand-angouleme\/wp-content\/uploads\/sites\/2\/2020\/10\/logos.png\",\"contentUrl\":\"https:\/\/charente.catholique.fr\/grand-angouleme\/wp-content\/uploads\/sites\/2\/2020\/10\/logos.png\",\"width\":600,\"height\":257,\"caption\":\"Association Dioc\u00e9saine d'Angoul\u00eame\"},\"image\":{\"@id\":\"https:\/\/charente.catholique.fr\/grand-angouleme\/#\/schema\/logo\/image\/\"},\"sameAs\":[\"https:\/\/www.facebook.com\/EgliseCatholiqueCharente\",\"https:\/\/x.com\/diocesecharente\",\"https:\/\/www.instagram.com\/eglisecharente\",\"https:\/\/www.youtube.com\/channel\/UCByyFWApZbw3gDTiADoiAaQ\"]},{\"@type\":\"Person\",\"@id\":\"https:\/\/charente.catholique.fr\/grand-angouleme\/#\/schema\/person\/898f693d8a5f95b1bf02828f73967b47\",\"name\":\"Janine Laborde\",\"image\":{\"@type\":\"ImageObject\",\"inLanguage\":\"fr-FR\",\"@id\":\"https:\/\/charente.catholique.fr\/grand-angouleme\/#\/schema\/person\/image\/\",\"url\":\"https:\/\/secure.gravatar.com\/avatar\/a8f3185ff2f6cee7d79c60e904004ccb6107bdc3e38d176acfc1ee42b62a994e?s=96&d=mm&r=g\",\"contentUrl\":\"https:\/\/secure.gravatar.com\/avatar\/a8f3185ff2f6cee7d79c60e904004ccb6107bdc3e38d176acfc1ee42b62a994e?s=96&d=mm&r=g\",\"caption\":\"Janine Laborde\"},\"url\":\"https:\/\/charente.catholique.fr\/grand-angouleme\/author\/janinelaborde\/\"}]}<\/script>\n<!-- \/ Yoast SEO plugin. -->","yoast_head_json":{"title":"\u00c9chos de l'Assembl\u00e9e Paroissiale \u00e0 Saint Jean Baptiste 15\/05\/22 - Doyenn\u00e9 Grand Angoul\u00eame","robots":{"index":"index","follow":"follow","max-snippet":"max-snippet:-1","max-image-preview":"max-image-preview:large","max-video-preview":"max-video-preview:-1"},"canonical":"https:\/\/charente.catholique.fr\/grand-angouleme\/actualites\/echos-de-lassemblee-paroissiale-a-saint-jean-baptiste\/","og_locale":"fr_FR","og_type":"article","og_title":"\u00c9chos de l'Assembl\u00e9e Paroissiale \u00e0 Saint Jean Baptiste 15\/05\/22 - Doyenn\u00e9 Grand Angoul\u00eame","og_description":"SYNTH\u00c8SE DE L\u2019ASSEMBL\u00c9E PAROISSIALE DE ST JEAN BAPTISTE 15 MAI 2022 L\u2019assembl\u00e9e s\u2019est d\u00e9roul\u00e9e au cours de la messe dominicale du 15 mai 2022. les participants se sont rassembl\u00e9s en 6&nbsp; groupes de 8 personnes environ. Les questions propos\u00e9es \u00e9taient r\u00e9parties sur les trois th\u00e8mes mis en \u00e9vidence dans le document de synth\u00e8se r\u00e9dig\u00e9&nbsp; suite [&hellip;]","og_url":"https:\/\/charente.catholique.fr\/grand-angouleme\/actualites\/echos-de-lassemblee-paroissiale-a-saint-jean-baptiste\/","og_site_name":"Doyenn\u00e9 Grand Angoul\u00eame","article_publisher":"https:\/\/www.facebook.com\/EgliseCatholiqueCharente","article_published_time":"2022-05-20T07:07:47+00:00","article_modified_time":"2022-05-31T07:22:55+00:00","og_image":[{"width":1200,"height":339,"url":"https:\/\/charente.catholique.fr\/grand-angouleme\/wp-content\/uploads\/sites\/2\/2022\/05\/vitraux.jpg","type":"image\/jpeg"}],"author":"Janine Laborde","twitter_card":"summary_large_image","twitter_creator":"@diocesecharente","twitter_site":"@diocesecharente","twitter_misc":{"\u00c9crit par":"Janine Laborde","Dur\u00e9e de lecture estim\u00e9e":"4 minutes"},"schema":{"@context":"https:\/\/schema.org","@graph":[{"@type":"Article","@id":"https:\/\/charente.catholique.fr\/grand-angouleme\/actualites\/echos-de-lassemblee-paroissiale-a-saint-jean-baptiste\/#article","isPartOf":{"@id":"https:\/\/charente.catholique.fr\/grand-angouleme\/actualites\/echos-de-lassemblee-paroissiale-a-saint-jean-baptiste\/"},"author":{"name":"Janine Laborde","@id":"https:\/\/charente.catholique.fr\/grand-angouleme\/#\/schema\/person\/898f693d8a5f95b1bf02828f73967b47"},"headline":"\u00c9chos de l&#8217;Assembl\u00e9e Paroissiale \u00e0 Saint Jean Baptiste 15\/05\/22","datePublished":"2022-05-20T07:07:47+00:00","dateModified":"2022-05-31T07:22:55+00:00","mainEntityOfPage":{"@id":"https:\/\/charente.catholique.fr\/grand-angouleme\/actualites\/echos-de-lassemblee-paroissiale-a-saint-jean-baptiste\/"},"wordCount":1087,"commentCount":0,"publisher":{"@id":"https:\/\/charente.catholique.fr\/grand-angouleme\/#organization"},"image":{"@id":"https:\/\/charente.catholique.fr\/grand-angouleme\/actualites\/echos-de-lassemblee-paroissiale-a-saint-jean-baptiste\/#primaryimage"},"thumbnailUrl":"https:\/\/charente.catholique.fr\/grand-angouleme\/wp-content\/uploads\/sites\/2\/2022\/05\/vitraux.jpg","articleSection":["Actualit\u00e9s"],"inLanguage":"fr-FR","potentialAction":[{"@type":"CommentAction","name":"Comment","target":["https:\/\/charente.catholique.fr\/grand-angouleme\/actualites\/echos-de-lassemblee-paroissiale-a-saint-jean-baptiste\/#respond"]}]},{"@type":"WebPage","@id":"https:\/\/charente.catholique.fr\/grand-angouleme\/actualites\/echos-de-lassemblee-paroissiale-a-saint-jean-baptiste\/","url":"https:\/\/charente.catholique.fr\/grand-angouleme\/actualites\/echos-de-lassemblee-paroissiale-a-saint-jean-baptiste\/","name":"\u00c9chos de l'Assembl\u00e9e Paroissiale \u00e0 Saint Jean Baptiste 15\/05\/22 - Doyenn\u00e9 Grand Angoul\u00eame","isPartOf":{"@id":"https:\/\/charente.catholique.fr\/grand-angouleme\/#website"},"primaryImageOfPage":{"@id":"https:\/\/charente.catholique.fr\/grand-angouleme\/actualites\/echos-de-lassemblee-paroissiale-a-saint-jean-baptiste\/#primaryimage"},"image":{"@id":"https:\/\/charente.catholique.fr\/grand-angouleme\/actualites\/echos-de-lassemblee-paroissiale-a-saint-jean-baptiste\/#primaryimage"},"thumbnailUrl":"https:\/\/charente.catholique.fr\/grand-angouleme\/wp-content\/uploads\/sites\/2\/2022\/05\/vitraux.jpg","datePublished":"2022-05-20T07:07:47+00:00","dateModified":"2022-05-31T07:22:55+00:00","breadcrumb":{"@id":"https:\/\/charente.catholique.fr\/grand-angouleme\/actualites\/echos-de-lassemblee-paroissiale-a-saint-jean-baptiste\/#breadcrumb"},"inLanguage":"fr-FR","potentialAction":[{"@type":"ReadAction","target":["https:\/\/charente.catholique.fr\/grand-angouleme\/actualites\/echos-de-lassemblee-paroissiale-a-saint-jean-baptiste\/"]}]},{"@type":"ImageObject","inLanguage":"fr-FR","@id":"https:\/\/charente.catholique.fr\/grand-angouleme\/actualites\/echos-de-lassemblee-paroissiale-a-saint-jean-baptiste\/#primaryimage","url":"https:\/\/charente.catholique.fr\/grand-angouleme\/wp-content\/uploads\/sites\/2\/2022\/05\/vitraux.jpg","contentUrl":"https:\/\/charente.catholique.fr\/grand-angouleme\/wp-content\/uploads\/sites\/2\/2022\/05\/vitraux.jpg","width":1200,"height":339},{"@type":"BreadcrumbList","@id":"https:\/\/charente.catholique.fr\/grand-angouleme\/actualites\/echos-de-lassemblee-paroissiale-a-saint-jean-baptiste\/#breadcrumb","itemListElement":[{"@type":"ListItem","position":1,"name":"Accueil","item":"https:\/\/charente.catholique.fr\/grand-angouleme\/"},{"@type":"ListItem","position":2,"name":"\u00c9chos de l&#8217;Assembl\u00e9e Paroissiale \u00e0 Saint Jean Baptiste 15\/05\/22"}]},{"@type":"WebSite","@id":"https:\/\/charente.catholique.fr\/grand-angouleme\/#website","url":"https:\/\/charente.catholique.fr\/grand-angouleme\/","name":"Doyenn\u00e9 Grand Angoul\u00eame - Dioc\u00e8se d'Angoul\u00eame","description":"Dioc\u00e8se d&#039;Angoul\u00eame","publisher":{"@id":"https:\/\/charente.catholique.fr\/grand-angouleme\/#organization"},"potentialAction":[{"@type":"SearchAction","target":{"@type":"EntryPoint","urlTemplate":"https:\/\/charente.catholique.fr\/grand-angouleme\/?s={search_term_string}"},"query-input":{"@type":"PropertyValueSpecification","valueRequired":true,"valueName":"search_term_string"}}],"inLanguage":"fr-FR"},{"@type":"Organization","@id":"https:\/\/charente.catholique.fr\/grand-angouleme\/#organization","name":"Association Dioc\u00e9saine d'Angoul\u00eame","url":"https:\/\/charente.catholique.fr\/grand-angouleme\/","logo":{"@type":"ImageObject","inLanguage":"fr-FR","@id":"https:\/\/charente.catholique.fr\/grand-angouleme\/#\/schema\/logo\/image\/","url":"https:\/\/charente.catholique.fr\/grand-angouleme\/wp-content\/uploads\/sites\/2\/2020\/10\/logos.png","contentUrl":"https:\/\/charente.catholique.fr\/grand-angouleme\/wp-content\/uploads\/sites\/2\/2020\/10\/logos.png","width":600,"height":257,"caption":"Association Dioc\u00e9saine d'Angoul\u00eame"},"image":{"@id":"https:\/\/charente.catholique.fr\/grand-angouleme\/#\/schema\/logo\/image\/"},"sameAs":["https:\/\/www.facebook.com\/EgliseCatholiqueCharente","https:\/\/x.com\/diocesecharente","https:\/\/www.instagram.com\/eglisecharente","https:\/\/www.youtube.com\/channel\/UCByyFWApZbw3gDTiADoiAaQ"]},{"@type":"Person","@id":"https:\/\/charente.catholique.fr\/grand-angouleme\/#\/schema\/person\/898f693d8a5f95b1bf02828f73967b47","name":"Janine Laborde","image":{"@type":"ImageObject","inLanguage":"fr-FR","@id":"https:\/\/charente.catholique.fr\/grand-angouleme\/#\/schema\/person\/image\/","url":"https:\/\/secure.gravatar.com\/avatar\/a8f3185ff2f6cee7d79c60e904004ccb6107bdc3e38d176acfc1ee42b62a994e?s=96&d=mm&r=g","contentUrl":"https:\/\/secure.gravatar.com\/avatar\/a8f3185ff2f6cee7d79c60e904004ccb6107bdc3e38d176acfc1ee42b62a994e?s=96&d=mm&r=g","caption":"Janine Laborde"},"url":"https:\/\/charente.catholique.fr\/grand-angouleme\/author\/janinelaborde\/"}]}},"_links":{"self":[{"href":"https:\/\/charente.catholique.fr\/grand-angouleme\/wp-json\/wp\/v2\/posts\/17252","targetHints":{"allow":["GET"]}}],"collection":[{"href":"https:\/\/charente.catholique.fr\/grand-angouleme\/wp-json\/wp\/v2\/posts"}],"about":[{"href":"https:\/\/charente.catholique.fr\/grand-angouleme\/wp-json\/wp\/v2\/types\/post"}],"author":[{"embeddable":true,"href":"https:\/\/charente.catholique.fr\/grand-angouleme\/wp-json\/wp\/v2\/users\/22"}],"replies":[{"embeddable":true,"href":"https:\/\/charente.catholique.fr\/grand-angouleme\/wp-json\/wp\/v2\/comments?post=17252"}],"version-history":[{"count":5,"href":"https:\/\/charente.catholique.fr\/grand-angouleme\/wp-json\/wp\/v2\/posts\/17252\/revisions"}],"predecessor-version":[{"id":17261,"href":"https:\/\/charente.catholique.fr\/grand-angouleme\/wp-json\/wp\/v2\/posts\/17252\/revisions\/17261"}],"wp:featuredmedia":[{"embeddable":true,"href":"https:\/\/charente.catholique.fr\/grand-angouleme\/wp-json\/wp\/v2\/media\/16926"}],"wp:attachment":[{"href":"https:\/\/charente.catholique.fr\/grand-angouleme\/wp-json\/wp\/v2\/media?parent=17252"}],"wp:term":[{"taxonomy":"category","embeddable":true,"href":"https:\/\/charente.catholique.fr\/grand-angouleme\/wp-json\/wp\/v2\/categories?post=17252"},{"taxonomy":"post_tag","embeddable":true,"href":"https:\/\/charente.catholique.fr\/grand-angouleme\/wp-json\/wp\/v2\/tags?post=17252"}],"curies":[{"name":"wp","href":"https:\/\/api.w.org\/{rel}","templated":true}]}}