{"id":17161,"date":"2022-06-06T12:16:30","date_gmt":"2022-06-06T10:16:30","guid":{"rendered":"https:\/\/charente.catholique.fr\/grand-angouleme\/?p=17161"},"modified":"2022-06-08T10:44:16","modified_gmt":"2022-06-08T08:44:16","slug":"homelie-de-la-pentecote-c-par-le-p-denis-trinez","status":"publish","type":"post","link":"https:\/\/charente.catholique.fr\/grand-angouleme\/actualites\/homelie-de-la-pentecote-c-par-le-p-denis-trinez\/","title":{"rendered":"Hom\u00e9lie de la Pentec\u00f4te (c) par le  P. Denis Trinez"},"content":{"rendered":"\n<p>Belle f\u00eate de Pentec\u00f4te \u00e0 Ma Campagne avec les premi\u00e8res communions et c\u00e9l\u00e9bration de la Foi pour les plus grands.<\/p>\n\n\n\n<div style=\"height:30px\" aria-hidden=\"true\" class=\"wp-block-spacer\"><\/div>\n\n\n\n<div class=\"wp-block-image\"><figure class=\"alignleft size-full is-resized\"><img loading=\"lazy\" decoding=\"async\" src=\"https:\/\/charente.catholique.fr\/grand-angouleme\/wp-content\/uploads\/sites\/2\/2022\/06\/2022-06-05_PentecoteMC1-731x1080-1.jpg\" alt=\"\" class=\"wp-image-17330\" width=\"334\" height=\"494\" srcset=\"https:\/\/charente.catholique.fr\/grand-angouleme\/wp-content\/uploads\/sites\/2\/2022\/06\/2022-06-05_PentecoteMC1-731x1080-1.jpg 731w, https:\/\/charente.catholique.fr\/grand-angouleme\/wp-content\/uploads\/sites\/2\/2022\/06\/2022-06-05_PentecoteMC1-731x1080-1-203x300.jpg 203w\" sizes=\"auto, (max-width: 334px) 100vw, 334px\" \/><\/figure><\/div>\n\n\n\n<div class=\"wp-block-image\"><figure class=\"alignright size-large is-resized\"><img loading=\"lazy\" decoding=\"async\" src=\"https:\/\/charente.catholique.fr\/grand-angouleme\/wp-content\/uploads\/sites\/2\/2022\/06\/2022-04-05-Pentecote-MC-810x1080.jpg\" alt=\"\" class=\"wp-image-17331\" width=\"367\" height=\"489\" srcset=\"https:\/\/charente.catholique.fr\/grand-angouleme\/wp-content\/uploads\/sites\/2\/2022\/06\/2022-04-05-Pentecote-MC-810x1080.jpg 810w, https:\/\/charente.catholique.fr\/grand-angouleme\/wp-content\/uploads\/sites\/2\/2022\/06\/2022-04-05-Pentecote-MC-225x300.jpg 225w, https:\/\/charente.catholique.fr\/grand-angouleme\/wp-content\/uploads\/sites\/2\/2022\/06\/2022-04-05-Pentecote-MC-768x1024.jpg 768w, https:\/\/charente.catholique.fr\/grand-angouleme\/wp-content\/uploads\/sites\/2\/2022\/06\/2022-04-05-Pentecote-MC-1152x1536.jpg 1152w, https:\/\/charente.catholique.fr\/grand-angouleme\/wp-content\/uploads\/sites\/2\/2022\/06\/2022-04-05-Pentecote-MC-1536x2048.jpg 1536w, https:\/\/charente.catholique.fr\/grand-angouleme\/wp-content\/uploads\/sites\/2\/2022\/06\/2022-04-05-Pentecote-MC-scaled.jpg 1920w\" sizes=\"auto, (max-width: 367px) 100vw, 367px\" \/><\/figure><\/div>\n\n\n\n<p><\/p>\n\n\n\n<h4 class=\"has-text-align-center wp-block-heading\">Les textes du jour<\/h4>\n\n\n\n<p class=\"has-text-align-center\"><a href=\"https:\/\/www.aelf.org\/2022-06-05\/romain\/messe\" target=\"_blank\" rel=\"noreferrer noopener\">Pentec\u00f4te (C)<\/a><\/p>\n\n\n\n<p><\/p>\n\n\n\n<h4 class=\"has-text-align-center wp-block-heading\">Hom\u00e9lie<\/h4>\n\n\n\n<p class=\"has-text-align-center\"><a href=\"https:\/\/www.youtube.com\/watch?v=fwD5NMzvkGQ&amp;t=18s\" target=\"_blank\" rel=\"noreferrer noopener\">\u00ab&nbsp;L\u2019Esprit Saint vous enseignera tout&nbsp;\u00bb (Jn 14,&nbsp;15-16.23b-26)<\/a><\/p>\n\n\n\n<div style=\"height:27px\" aria-hidden=\"true\" class=\"wp-block-spacer\"><\/div>\n\n\n\n<h4 class=\"has-text-align-left wp-block-heading\">P.U<\/h4>\n\n\n\n<ul class=\"wp-block-list\"><li>Seigneur, \u00e0 travers nos diff\u00e9rentes rencontres de cat\u00e9, nous avons appris \u00e0 te conna\u00eetre. Aujourd\u2019hui, en communiant \u00e0 ton Corps et \u00e0 ton Sang pour la premi\u00e8re fois, nous devenons t\u00e9moin de ton Amour infini. Seigneur, nous te prions.<br><\/li><li>Seigneur, nous te confions nos parents, nos parrains et marraines, nos familles, ainsi que toutes les personnes qui nous ont accompagn\u00e9 jusqu\u2019\u00e0 notre premi\u00e8re communion. Que ton Esprit nous guide sur le chemin de notre Foi. Seigneur nous te prions.<br><\/li><li>Seigneur nous te prions pour que les chr\u00e9tiens se r\u00e9veillent et que l&#8217;Esprit Saint les envoie comme messagers de vie et de paix.<br><\/li><li>Que l&#8217;Esprit Saint encourage tous ceux qui se mettent en route et aussi qu&#8217;ils soient, par leurs vies, des signes de joie et proches de leurs fr\u00e8res malheureux.<br><\/li><li>Nous te prions Seigneur pour notre monde, que Dieu aime tendrement  ; que l&#8217;Esprit Saint, qui souffle o\u00f9 il veut, rejoigne chaque femme, chaque homme, et en particulier les gouvernants, pour les aider \u00e0 se rapprocher et \u00e0 discerner dans le dialogue ce qui est bon et don de vie pour tous.<\/li><\/ul>\n","protected":false},"excerpt":{"rendered":"<p>Belle f\u00eate de Pentec\u00f4te \u00e0 Ma Campagne avec les premi\u00e8res communions et c\u00e9l\u00e9bration de la Foi pour les plus grands. Les textes du jour Pentec\u00f4te (C) Hom\u00e9lie \u00ab&nbsp;L\u2019Esprit Saint vous enseignera tout&nbsp;\u00bb (Jn 14,&nbsp;15-16.23b-26) P.U Seigneur, \u00e0 travers nos diff\u00e9rentes rencontres de cat\u00e9, nous avons appris \u00e0 te conna\u00eetre. Aujourd\u2019hui, en communiant \u00e0 ton Corps [&hellip;]<\/p>\n","protected":false},"author":5,"featured_media":17339,"comment_status":"open","ping_status":"open","sticky":false,"template":"","format":"standard","meta":{"_acf_changed":false,"paroisse":["0"],"service":["0"],"footnotes":""},"categories":[1,20,5],"tags":[],"class_list":["post-17161","post","type-post","status-publish","format-standard","has-post-thumbnail","hentry","category-actualites","category-homelies-2","category-ma-campagne-saint-jean-baptiste"],"acf":[],"yoast_head":"<!-- This site is optimized with the Yoast SEO plugin v27.1.1 - https:\/\/yoast.com\/product\/yoast-seo-wordpress\/ -->\n<title>Hom\u00e9lie de la Pentec\u00f4te (c) par le P. Denis Trinez - Doyenn\u00e9 Grand Angoul\u00eame<\/title>\n<meta name=\"robots\" content=\"index, follow, max-snippet:-1, max-image-preview:large, max-video-preview:-1\" \/>\n<link rel=\"canonical\" href=\"https:\/\/charente.catholique.fr\/grand-angouleme\/actualites\/homelie-de-la-pentecote-c-par-le-p-denis-trinez\/\" \/>\n<meta property=\"og:locale\" content=\"fr_FR\" \/>\n<meta property=\"og:type\" content=\"article\" \/>\n<meta property=\"og:title\" content=\"Hom\u00e9lie de la Pentec\u00f4te (c) par le P. Denis Trinez - Doyenn\u00e9 Grand Angoul\u00eame\" \/>\n<meta property=\"og:description\" content=\"Belle f\u00eate de Pentec\u00f4te \u00e0 Ma Campagne avec les premi\u00e8res communions et c\u00e9l\u00e9bration de la Foi pour les plus grands. Les textes du jour Pentec\u00f4te (C) Hom\u00e9lie \u00ab&nbsp;L\u2019Esprit Saint vous enseignera tout&nbsp;\u00bb (Jn 14,&nbsp;15-16.23b-26) P.U Seigneur, \u00e0 travers nos diff\u00e9rentes rencontres de cat\u00e9, nous avons appris \u00e0 te conna\u00eetre. Aujourd\u2019hui, en communiant \u00e0 ton Corps [&hellip;]\" \/>\n<meta property=\"og:url\" content=\"https:\/\/charente.catholique.fr\/grand-angouleme\/actualites\/homelie-de-la-pentecote-c-par-le-p-denis-trinez\/\" \/>\n<meta property=\"og:site_name\" content=\"Doyenn\u00e9 Grand Angoul\u00eame\" \/>\n<meta property=\"article:publisher\" content=\"https:\/\/www.facebook.com\/EgliseCatholiqueCharente\" \/>\n<meta property=\"article:published_time\" content=\"2022-06-06T10:16:30+00:00\" \/>\n<meta property=\"article:modified_time\" content=\"2022-06-08T08:44:16+00:00\" \/>\n<meta property=\"og:image\" content=\"https:\/\/charente.catholique.fr\/grand-angouleme\/wp-content\/uploads\/sites\/2\/2022\/06\/pentecote-mc-scaled-e1654510417804.jpg\" \/>\n\t<meta property=\"og:image:width\" content=\"2560\" \/>\n\t<meta property=\"og:image:height\" content=\"1331\" \/>\n\t<meta property=\"og:image:type\" content=\"image\/jpeg\" \/>\n<meta name=\"author\" content=\"B\u00e9atrice Saint-P\u00e9\" \/>\n<meta name=\"twitter:card\" content=\"summary_large_image\" \/>\n<meta name=\"twitter:creator\" content=\"@diocesecharente\" \/>\n<meta name=\"twitter:site\" content=\"@diocesecharente\" \/>\n<meta name=\"twitter:label1\" content=\"\u00c9crit par\" \/>\n\t<meta name=\"twitter:data1\" content=\"B\u00e9atrice Saint-P\u00e9\" \/>\n\t<meta name=\"twitter:label2\" content=\"Dur\u00e9e de lecture estim\u00e9e\" \/>\n\t<meta name=\"twitter:data2\" content=\"2 minutes\" \/>\n<script type=\"application\/ld+json\" class=\"yoast-schema-graph\">{\"@context\":\"https:\/\/schema.org\",\"@graph\":[{\"@type\":\"Article\",\"@id\":\"https:\/\/charente.catholique.fr\/grand-angouleme\/actualites\/homelie-de-la-pentecote-c-par-le-p-denis-trinez\/#article\",\"isPartOf\":{\"@id\":\"https:\/\/charente.catholique.fr\/grand-angouleme\/actualites\/homelie-de-la-pentecote-c-par-le-p-denis-trinez\/\"},\"author\":{\"name\":\"B\u00e9atrice Saint-P\u00e9\",\"@id\":\"https:\/\/charente.catholique.fr\/grand-angouleme\/#\/schema\/person\/b12f449504ff2da4d633df0f02abf9ee\"},\"headline\":\"Hom\u00e9lie de la Pentec\u00f4te (c) par le P. Denis Trinez\",\"datePublished\":\"2022-06-06T10:16:30+00:00\",\"dateModified\":\"2022-06-08T08:44:16+00:00\",\"mainEntityOfPage\":{\"@id\":\"https:\/\/charente.catholique.fr\/grand-angouleme\/actualites\/homelie-de-la-pentecote-c-par-le-p-denis-trinez\/\"},\"wordCount\":247,\"commentCount\":0,\"publisher\":{\"@id\":\"https:\/\/charente.catholique.fr\/grand-angouleme\/#organization\"},\"image\":{\"@id\":\"https:\/\/charente.catholique.fr\/grand-angouleme\/actualites\/homelie-de-la-pentecote-c-par-le-p-denis-trinez\/#primaryimage\"},\"thumbnailUrl\":\"https:\/\/charente.catholique.fr\/grand-angouleme\/wp-content\/uploads\/sites\/2\/2022\/06\/pentecote-mc-scaled-e1654510417804.jpg\",\"articleSection\":[\"Actualit\u00e9s\",\"Hom\u00e9lies\",\"Ma Campagne - Saint Jean Baptiste\"],\"inLanguage\":\"fr-FR\",\"potentialAction\":[{\"@type\":\"CommentAction\",\"name\":\"Comment\",\"target\":[\"https:\/\/charente.catholique.fr\/grand-angouleme\/actualites\/homelie-de-la-pentecote-c-par-le-p-denis-trinez\/#respond\"]}]},{\"@type\":\"WebPage\",\"@id\":\"https:\/\/charente.catholique.fr\/grand-angouleme\/actualites\/homelie-de-la-pentecote-c-par-le-p-denis-trinez\/\",\"url\":\"https:\/\/charente.catholique.fr\/grand-angouleme\/actualites\/homelie-de-la-pentecote-c-par-le-p-denis-trinez\/\",\"name\":\"Hom\u00e9lie de la Pentec\u00f4te (c) par le P. Denis Trinez - Doyenn\u00e9 Grand Angoul\u00eame\",\"isPartOf\":{\"@id\":\"https:\/\/charente.catholique.fr\/grand-angouleme\/#website\"},\"primaryImageOfPage\":{\"@id\":\"https:\/\/charente.catholique.fr\/grand-angouleme\/actualites\/homelie-de-la-pentecote-c-par-le-p-denis-trinez\/#primaryimage\"},\"image\":{\"@id\":\"https:\/\/charente.catholique.fr\/grand-angouleme\/actualites\/homelie-de-la-pentecote-c-par-le-p-denis-trinez\/#primaryimage\"},\"thumbnailUrl\":\"https:\/\/charente.catholique.fr\/grand-angouleme\/wp-content\/uploads\/sites\/2\/2022\/06\/pentecote-mc-scaled-e1654510417804.jpg\",\"datePublished\":\"2022-06-06T10:16:30+00:00\",\"dateModified\":\"2022-06-08T08:44:16+00:00\",\"breadcrumb\":{\"@id\":\"https:\/\/charente.catholique.fr\/grand-angouleme\/actualites\/homelie-de-la-pentecote-c-par-le-p-denis-trinez\/#breadcrumb\"},\"inLanguage\":\"fr-FR\",\"potentialAction\":[{\"@type\":\"ReadAction\",\"target\":[\"https:\/\/charente.catholique.fr\/grand-angouleme\/actualites\/homelie-de-la-pentecote-c-par-le-p-denis-trinez\/\"]}]},{\"@type\":\"ImageObject\",\"inLanguage\":\"fr-FR\",\"@id\":\"https:\/\/charente.catholique.fr\/grand-angouleme\/actualites\/homelie-de-la-pentecote-c-par-le-p-denis-trinez\/#primaryimage\",\"url\":\"https:\/\/charente.catholique.fr\/grand-angouleme\/wp-content\/uploads\/sites\/2\/2022\/06\/pentecote-mc-scaled-e1654510417804.jpg\",\"contentUrl\":\"https:\/\/charente.catholique.fr\/grand-angouleme\/wp-content\/uploads\/sites\/2\/2022\/06\/pentecote-mc-scaled-e1654510417804.jpg\",\"width\":2560,\"height\":1331},{\"@type\":\"BreadcrumbList\",\"@id\":\"https:\/\/charente.catholique.fr\/grand-angouleme\/actualites\/homelie-de-la-pentecote-c-par-le-p-denis-trinez\/#breadcrumb\",\"itemListElement\":[{\"@type\":\"ListItem\",\"position\":1,\"name\":\"Accueil\",\"item\":\"https:\/\/charente.catholique.fr\/grand-angouleme\/\"},{\"@type\":\"ListItem\",\"position\":2,\"name\":\"Hom\u00e9lie de la Pentec\u00f4te (c) par le P. Denis Trinez\"}]},{\"@type\":\"WebSite\",\"@id\":\"https:\/\/charente.catholique.fr\/grand-angouleme\/#website\",\"url\":\"https:\/\/charente.catholique.fr\/grand-angouleme\/\",\"name\":\"Doyenn\u00e9 Grand Angoul\u00eame - Dioc\u00e8se d'Angoul\u00eame\",\"description\":\"Dioc\u00e8se d&#039;Angoul\u00eame\",\"publisher\":{\"@id\":\"https:\/\/charente.catholique.fr\/grand-angouleme\/#organization\"},\"potentialAction\":[{\"@type\":\"SearchAction\",\"target\":{\"@type\":\"EntryPoint\",\"urlTemplate\":\"https:\/\/charente.catholique.fr\/grand-angouleme\/?s={search_term_string}\"},\"query-input\":{\"@type\":\"PropertyValueSpecification\",\"valueRequired\":true,\"valueName\":\"search_term_string\"}}],\"inLanguage\":\"fr-FR\"},{\"@type\":\"Organization\",\"@id\":\"https:\/\/charente.catholique.fr\/grand-angouleme\/#organization\",\"name\":\"Association Dioc\u00e9saine d'Angoul\u00eame\",\"url\":\"https:\/\/charente.catholique.fr\/grand-angouleme\/\",\"logo\":{\"@type\":\"ImageObject\",\"inLanguage\":\"fr-FR\",\"@id\":\"https:\/\/charente.catholique.fr\/grand-angouleme\/#\/schema\/logo\/image\/\",\"url\":\"https:\/\/charente.catholique.fr\/grand-angouleme\/wp-content\/uploads\/sites\/2\/2020\/10\/logos.png\",\"contentUrl\":\"https:\/\/charente.catholique.fr\/grand-angouleme\/wp-content\/uploads\/sites\/2\/2020\/10\/logos.png\",\"width\":600,\"height\":257,\"caption\":\"Association Dioc\u00e9saine d'Angoul\u00eame\"},\"image\":{\"@id\":\"https:\/\/charente.catholique.fr\/grand-angouleme\/#\/schema\/logo\/image\/\"},\"sameAs\":[\"https:\/\/www.facebook.com\/EgliseCatholiqueCharente\",\"https:\/\/x.com\/diocesecharente\",\"https:\/\/www.instagram.com\/eglisecharente\",\"https:\/\/www.youtube.com\/channel\/UCByyFWApZbw3gDTiADoiAaQ\"]},{\"@type\":\"Person\",\"@id\":\"https:\/\/charente.catholique.fr\/grand-angouleme\/#\/schema\/person\/b12f449504ff2da4d633df0f02abf9ee\",\"name\":\"B\u00e9atrice Saint-P\u00e9\",\"image\":{\"@type\":\"ImageObject\",\"inLanguage\":\"fr-FR\",\"@id\":\"https:\/\/charente.catholique.fr\/grand-angouleme\/#\/schema\/person\/image\/\",\"url\":\"https:\/\/secure.gravatar.com\/avatar\/0493ed83685d630b019670a73a3a663bebc1c98f6ebcb0b57c8fd12fe86c0c3d?s=96&d=mm&r=g\",\"contentUrl\":\"https:\/\/secure.gravatar.com\/avatar\/0493ed83685d630b019670a73a3a663bebc1c98f6ebcb0b57c8fd12fe86c0c3d?s=96&d=mm&r=g\",\"caption\":\"B\u00e9atrice Saint-P\u00e9\"},\"url\":\"https:\/\/charente.catholique.fr\/grand-angouleme\/author\/beatricesaintpe\/\"}]}<\/script>\n<!-- \/ Yoast SEO plugin. -->","yoast_head_json":{"title":"Hom\u00e9lie de la Pentec\u00f4te (c) par le P. Denis Trinez - Doyenn\u00e9 Grand Angoul\u00eame","robots":{"index":"index","follow":"follow","max-snippet":"max-snippet:-1","max-image-preview":"max-image-preview:large","max-video-preview":"max-video-preview:-1"},"canonical":"https:\/\/charente.catholique.fr\/grand-angouleme\/actualites\/homelie-de-la-pentecote-c-par-le-p-denis-trinez\/","og_locale":"fr_FR","og_type":"article","og_title":"Hom\u00e9lie de la Pentec\u00f4te (c) par le P. Denis Trinez - Doyenn\u00e9 Grand Angoul\u00eame","og_description":"Belle f\u00eate de Pentec\u00f4te \u00e0 Ma Campagne avec les premi\u00e8res communions et c\u00e9l\u00e9bration de la Foi pour les plus grands. Les textes du jour Pentec\u00f4te (C) Hom\u00e9lie \u00ab&nbsp;L\u2019Esprit Saint vous enseignera tout&nbsp;\u00bb (Jn 14,&nbsp;15-16.23b-26) P.U Seigneur, \u00e0 travers nos diff\u00e9rentes rencontres de cat\u00e9, nous avons appris \u00e0 te conna\u00eetre. Aujourd\u2019hui, en communiant \u00e0 ton Corps [&hellip;]","og_url":"https:\/\/charente.catholique.fr\/grand-angouleme\/actualites\/homelie-de-la-pentecote-c-par-le-p-denis-trinez\/","og_site_name":"Doyenn\u00e9 Grand Angoul\u00eame","article_publisher":"https:\/\/www.facebook.com\/EgliseCatholiqueCharente","article_published_time":"2022-06-06T10:16:30+00:00","article_modified_time":"2022-06-08T08:44:16+00:00","og_image":[{"width":2560,"height":1331,"url":"https:\/\/charente.catholique.fr\/grand-angouleme\/wp-content\/uploads\/sites\/2\/2022\/06\/pentecote-mc-scaled-e1654510417804.jpg","type":"image\/jpeg"}],"author":"B\u00e9atrice Saint-P\u00e9","twitter_card":"summary_large_image","twitter_creator":"@diocesecharente","twitter_site":"@diocesecharente","twitter_misc":{"\u00c9crit par":"B\u00e9atrice Saint-P\u00e9","Dur\u00e9e de lecture estim\u00e9e":"2 minutes"},"schema":{"@context":"https:\/\/schema.org","@graph":[{"@type":"Article","@id":"https:\/\/charente.catholique.fr\/grand-angouleme\/actualites\/homelie-de-la-pentecote-c-par-le-p-denis-trinez\/#article","isPartOf":{"@id":"https:\/\/charente.catholique.fr\/grand-angouleme\/actualites\/homelie-de-la-pentecote-c-par-le-p-denis-trinez\/"},"author":{"name":"B\u00e9atrice Saint-P\u00e9","@id":"https:\/\/charente.catholique.fr\/grand-angouleme\/#\/schema\/person\/b12f449504ff2da4d633df0f02abf9ee"},"headline":"Hom\u00e9lie de la Pentec\u00f4te (c) par le P. Denis Trinez","datePublished":"2022-06-06T10:16:30+00:00","dateModified":"2022-06-08T08:44:16+00:00","mainEntityOfPage":{"@id":"https:\/\/charente.catholique.fr\/grand-angouleme\/actualites\/homelie-de-la-pentecote-c-par-le-p-denis-trinez\/"},"wordCount":247,"commentCount":0,"publisher":{"@id":"https:\/\/charente.catholique.fr\/grand-angouleme\/#organization"},"image":{"@id":"https:\/\/charente.catholique.fr\/grand-angouleme\/actualites\/homelie-de-la-pentecote-c-par-le-p-denis-trinez\/#primaryimage"},"thumbnailUrl":"https:\/\/charente.catholique.fr\/grand-angouleme\/wp-content\/uploads\/sites\/2\/2022\/06\/pentecote-mc-scaled-e1654510417804.jpg","articleSection":["Actualit\u00e9s","Hom\u00e9lies","Ma Campagne - Saint Jean Baptiste"],"inLanguage":"fr-FR","potentialAction":[{"@type":"CommentAction","name":"Comment","target":["https:\/\/charente.catholique.fr\/grand-angouleme\/actualites\/homelie-de-la-pentecote-c-par-le-p-denis-trinez\/#respond"]}]},{"@type":"WebPage","@id":"https:\/\/charente.catholique.fr\/grand-angouleme\/actualites\/homelie-de-la-pentecote-c-par-le-p-denis-trinez\/","url":"https:\/\/charente.catholique.fr\/grand-angouleme\/actualites\/homelie-de-la-pentecote-c-par-le-p-denis-trinez\/","name":"Hom\u00e9lie de la Pentec\u00f4te (c) par le P. Denis Trinez - Doyenn\u00e9 Grand Angoul\u00eame","isPartOf":{"@id":"https:\/\/charente.catholique.fr\/grand-angouleme\/#website"},"primaryImageOfPage":{"@id":"https:\/\/charente.catholique.fr\/grand-angouleme\/actualites\/homelie-de-la-pentecote-c-par-le-p-denis-trinez\/#primaryimage"},"image":{"@id":"https:\/\/charente.catholique.fr\/grand-angouleme\/actualites\/homelie-de-la-pentecote-c-par-le-p-denis-trinez\/#primaryimage"},"thumbnailUrl":"https:\/\/charente.catholique.fr\/grand-angouleme\/wp-content\/uploads\/sites\/2\/2022\/06\/pentecote-mc-scaled-e1654510417804.jpg","datePublished":"2022-06-06T10:16:30+00:00","dateModified":"2022-06-08T08:44:16+00:00","breadcrumb":{"@id":"https:\/\/charente.catholique.fr\/grand-angouleme\/actualites\/homelie-de-la-pentecote-c-par-le-p-denis-trinez\/#breadcrumb"},"inLanguage":"fr-FR","potentialAction":[{"@type":"ReadAction","target":["https:\/\/charente.catholique.fr\/grand-angouleme\/actualites\/homelie-de-la-pentecote-c-par-le-p-denis-trinez\/"]}]},{"@type":"ImageObject","inLanguage":"fr-FR","@id":"https:\/\/charente.catholique.fr\/grand-angouleme\/actualites\/homelie-de-la-pentecote-c-par-le-p-denis-trinez\/#primaryimage","url":"https:\/\/charente.catholique.fr\/grand-angouleme\/wp-content\/uploads\/sites\/2\/2022\/06\/pentecote-mc-scaled-e1654510417804.jpg","contentUrl":"https:\/\/charente.catholique.fr\/grand-angouleme\/wp-content\/uploads\/sites\/2\/2022\/06\/pentecote-mc-scaled-e1654510417804.jpg","width":2560,"height":1331},{"@type":"BreadcrumbList","@id":"https:\/\/charente.catholique.fr\/grand-angouleme\/actualites\/homelie-de-la-pentecote-c-par-le-p-denis-trinez\/#breadcrumb","itemListElement":[{"@type":"ListItem","position":1,"name":"Accueil","item":"https:\/\/charente.catholique.fr\/grand-angouleme\/"},{"@type":"ListItem","position":2,"name":"Hom\u00e9lie de la Pentec\u00f4te (c) par le P. Denis Trinez"}]},{"@type":"WebSite","@id":"https:\/\/charente.catholique.fr\/grand-angouleme\/#website","url":"https:\/\/charente.catholique.fr\/grand-angouleme\/","name":"Doyenn\u00e9 Grand Angoul\u00eame - Dioc\u00e8se d'Angoul\u00eame","description":"Dioc\u00e8se d&#039;Angoul\u00eame","publisher":{"@id":"https:\/\/charente.catholique.fr\/grand-angouleme\/#organization"},"potentialAction":[{"@type":"SearchAction","target":{"@type":"EntryPoint","urlTemplate":"https:\/\/charente.catholique.fr\/grand-angouleme\/?s={search_term_string}"},"query-input":{"@type":"PropertyValueSpecification","valueRequired":true,"valueName":"search_term_string"}}],"inLanguage":"fr-FR"},{"@type":"Organization","@id":"https:\/\/charente.catholique.fr\/grand-angouleme\/#organization","name":"Association Dioc\u00e9saine d'Angoul\u00eame","url":"https:\/\/charente.catholique.fr\/grand-angouleme\/","logo":{"@type":"ImageObject","inLanguage":"fr-FR","@id":"https:\/\/charente.catholique.fr\/grand-angouleme\/#\/schema\/logo\/image\/","url":"https:\/\/charente.catholique.fr\/grand-angouleme\/wp-content\/uploads\/sites\/2\/2020\/10\/logos.png","contentUrl":"https:\/\/charente.catholique.fr\/grand-angouleme\/wp-content\/uploads\/sites\/2\/2020\/10\/logos.png","width":600,"height":257,"caption":"Association Dioc\u00e9saine d'Angoul\u00eame"},"image":{"@id":"https:\/\/charente.catholique.fr\/grand-angouleme\/#\/schema\/logo\/image\/"},"sameAs":["https:\/\/www.facebook.com\/EgliseCatholiqueCharente","https:\/\/x.com\/diocesecharente","https:\/\/www.instagram.com\/eglisecharente","https:\/\/www.youtube.com\/channel\/UCByyFWApZbw3gDTiADoiAaQ"]},{"@type":"Person","@id":"https:\/\/charente.catholique.fr\/grand-angouleme\/#\/schema\/person\/b12f449504ff2da4d633df0f02abf9ee","name":"B\u00e9atrice Saint-P\u00e9","image":{"@type":"ImageObject","inLanguage":"fr-FR","@id":"https:\/\/charente.catholique.fr\/grand-angouleme\/#\/schema\/person\/image\/","url":"https:\/\/secure.gravatar.com\/avatar\/0493ed83685d630b019670a73a3a663bebc1c98f6ebcb0b57c8fd12fe86c0c3d?s=96&d=mm&r=g","contentUrl":"https:\/\/secure.gravatar.com\/avatar\/0493ed83685d630b019670a73a3a663bebc1c98f6ebcb0b57c8fd12fe86c0c3d?s=96&d=mm&r=g","caption":"B\u00e9atrice Saint-P\u00e9"},"url":"https:\/\/charente.catholique.fr\/grand-angouleme\/author\/beatricesaintpe\/"}]}},"_links":{"self":[{"href":"https:\/\/charente.catholique.fr\/grand-angouleme\/wp-json\/wp\/v2\/posts\/17161","targetHints":{"allow":["GET"]}}],"collection":[{"href":"https:\/\/charente.catholique.fr\/grand-angouleme\/wp-json\/wp\/v2\/posts"}],"about":[{"href":"https:\/\/charente.catholique.fr\/grand-angouleme\/wp-json\/wp\/v2\/types\/post"}],"author":[{"embeddable":true,"href":"https:\/\/charente.catholique.fr\/grand-angouleme\/wp-json\/wp\/v2\/users\/5"}],"replies":[{"embeddable":true,"href":"https:\/\/charente.catholique.fr\/grand-angouleme\/wp-json\/wp\/v2\/comments?post=17161"}],"version-history":[{"count":10,"href":"https:\/\/charente.catholique.fr\/grand-angouleme\/wp-json\/wp\/v2\/posts\/17161\/revisions"}],"predecessor-version":[{"id":17374,"href":"https:\/\/charente.catholique.fr\/grand-angouleme\/wp-json\/wp\/v2\/posts\/17161\/revisions\/17374"}],"wp:featuredmedia":[{"embeddable":true,"href":"https:\/\/charente.catholique.fr\/grand-angouleme\/wp-json\/wp\/v2\/media\/17339"}],"wp:attachment":[{"href":"https:\/\/charente.catholique.fr\/grand-angouleme\/wp-json\/wp\/v2\/media?parent=17161"}],"wp:term":[{"taxonomy":"category","embeddable":true,"href":"https:\/\/charente.catholique.fr\/grand-angouleme\/wp-json\/wp\/v2\/categories?post=17161"},{"taxonomy":"post_tag","embeddable":true,"href":"https:\/\/charente.catholique.fr\/grand-angouleme\/wp-json\/wp\/v2\/tags?post=17161"}],"curies":[{"name":"wp","href":"https:\/\/api.w.org\/{rel}","templated":true}]}}