{"id":16715,"date":"2022-04-18T11:24:56","date_gmt":"2022-04-18T09:24:56","guid":{"rendered":"https:\/\/charente.catholique.fr\/grand-angouleme\/?p=16715"},"modified":"2022-04-20T12:19:08","modified_gmt":"2022-04-20T10:19:08","slug":"ressuscitees-et-transfigurees-avec-le-christ","status":"publish","type":"post","link":"https:\/\/charente.catholique.fr\/grand-angouleme\/actualites\/ressuscitees-et-transfigurees-avec-le-christ\/","title":{"rendered":"Ressuscit\u00e9(e)s et transfigur\u00e9(e)s avec le Christ."},"content":{"rendered":"\n<p><strong>HOMELIE DE PAQUES 2022<\/strong><\/p>\n\n\n\n<p><strong>\u00ab&nbsp;Le Christ est ressuscit\u00e9. Oui. Il est vraiment ressuscit\u00e9. All\u00e9luia&nbsp;!&nbsp;\u00bb<\/strong><\/p>\n\n\n\n<p>La veill\u00e9e pascale \u00e9clair\u00e9e par la lumi\u00e8re du cierge pascale nous a fait entrer dans le myst\u00e8re du Christ ressuscit\u00e9. L\u2019\u00e9vang\u00e9liste Luc mettait l\u2019accent sur le message port\u00e9 par deux hommes myst\u00e9rieux qui disaient que le crucifi\u00e9 est ressuscit\u00e9, et sur le t\u00e9moignage de quelques femmes venues embaumer le corps de J\u00e9sus. A l\u2019aurore de ce jour, c\u2019est le tour de l\u2019\u00e9vang\u00e9liste Jean de nous donner sa version des faits.<\/p>\n\n\n\n<p>En effet, au petit matin de p\u00e2ques, Marie Madeleine seule, se rend au tombeau et d\u00e9couvre \u00e0 sa grande surprise le tombeau vide. Saint Jean note au passage que c\u2019\u00e9tait encore les t\u00e9n\u00e8bres. Il faut voir ces t\u00e9n\u00e8bres sur le plan physique, mais aussi sur le plan spirituel. Le texte de la gen\u00e8se raconte qu\u2019\u00e0 la cr\u00e9ation du monde, les t\u00e9n\u00e8bres recouvraient la terre. Saint Jean veut ainsi nous faire comprendre que la r\u00e9surrection du Christ est un nouveau commencement. Car le Christ est venu faire toute chose nouvelle. Ces t\u00e9n\u00e8bres sont aussi dans le c\u0153ur de Marie Madeleine et de ces deux ap\u00f4tres qui courent v\u00e9rifier par eux-m\u00eames la nouvelle du tombeau vide. C\u2019est \u00e0 l\u2019int\u00e9rieur de ce tombeau vide qu\u2019ils d\u00e9couvrent des signes de la r\u00e9surrection.<\/p>\n\n\n\n<p>La v\u00e9rit\u00e9 de la r\u00e9surrection commence par l\u2019\u00e9l\u00e9ment de ces linges laiss\u00e9s en ordre. Si on avait vol\u00e9 le corps de J\u00e9sus, comme certains ont voulu faire croire, les choses seraient tout \u00e0 fait diff\u00e9rentes. Comme Dieu a cr\u00e9\u00e9 un monde ordonn\u00e9 et beau, cet ordre se retrouve dans le tombeau vide. Cela nous invite \u00e0 savoir faire de l\u2019ordre dans notre vie. Notre monde souffre de ce manque d\u2019ordre o\u00f9 les pseudos valeurs ont remplac\u00e9 les vraies valeurs.<\/p>\n\n\n\n<p>Par ailleurs, c\u2019est \u00e0 l\u2019int\u00e9rieur de ce tombeau que Saint Jean nous dit&nbsp;: \u00ab&nbsp;<em>Il vit et il crut<\/em>&nbsp;\u00bb. Il est l\u2019ap\u00f4tre que J\u00e9sus aimait. Il per\u00e7oit la r\u00e9surrection \u00e0 travers les signes. Amoureux du Christ, Il a compris le langage de celui qui l\u2019aime, puisque les vrais complices ont leur langage et leur code. Saint Jean voit la r\u00e9surrection du Christ avec les yeux de l\u2019amour et de la foi. Si le Christ a donn\u00e9 sa vie par amour pour nous, c\u2019est par l\u2019amour que nous pouvons avoir acc\u00e8s \u00e0 la v\u00e9rit\u00e9 de sa r\u00e9surrection. L\u2019amour cherche sans cesse le bien-aim\u00e9&nbsp;; d\u2019o\u00f9 la pr\u00e9sence de Marie Madeleine pr\u00e8s du tombeau, elle qui avait tant re\u00e7ue de J\u00e9sus.<\/p>\n\n\n\n<p>Cette foi s\u2019appuie aussi sur les Ecritures. Nous comprenons pourquoi Saint Jean nous ram\u00e8ne aux Ecritures&nbsp;: \u00ab&nbsp;<em>Selon les Ecritures, il fallait que J\u00e9sus ressuscite d\u2019entre les morts<\/em>&nbsp;\u00bb. C\u2019est aussi en partant des Ecritures dans les Actes des Ap\u00f4tres, que Saint Pierre, m\u00fb par l\u2019Esprit Saint, va expliquer \u00e0 ses auditeurs qui est J\u00e9sus, et proclamer sa r\u00e9surrection. J\u00e9sus en outre ouvrira lui aussi les deux disciples d\u2019Emma\u00fcs \u00e0 l\u2019intelligence des Ecritures.<\/p>\n\n\n\n<p>Il y a un \u00e9l\u00e9ment fort \u00e0 tenir en compte pour t\u00e9moigner de la r\u00e9surrection du Christ&nbsp;: C\u2019est l\u2019exp\u00e9rience. Nous voyons Saint Pierre insister sur l\u2019exp\u00e9rience qu\u2019il a eu avec le Christ ressuscit\u00e9. Ainsi, nous devons d\u00e9passer la simple foi pour faire l\u2019exp\u00e9rience de Dieu dans nos vies. Nous sommes parfois tr\u00e8s c\u00e9r\u00e9braux. Dieu a besoin des personnes qui exp\u00e9rimentent sa pr\u00e9sence dans leur vie. L\u2019Esprit Saint est donn\u00e9 \u00e0 toute personne, afin que chacun puisse vivre cette exp\u00e9rience de la r\u00e9surrection dans sa propre vie.<\/p>\n\n\n\n<p>&nbsp;&nbsp;Que cette autre f\u00eate de p\u00e2ques nous donne de rencontrer v\u00e9ritablement le ressuscit\u00e9 dans le quotidien de nos vies. A chacune de nos eucharisties et dans chacune de nos rencontres, nous c\u00e9l\u00e9brons la P\u00e2ques du Seigneur. Vivons pleinement ces rencontres en personnes transfigur\u00e9es par le Christ ressuscit\u00e9. Amen.<\/p>\n\n\n\n<p>Jacques Emmanuel Ndong.<\/p>\n","protected":false},"excerpt":{"rendered":"<p>HOMELIE DE PAQUES 2022 \u00ab&nbsp;Le Christ est ressuscit\u00e9. Oui. Il est vraiment ressuscit\u00e9. All\u00e9luia&nbsp;!&nbsp;\u00bb La veill\u00e9e pascale \u00e9clair\u00e9e par la lumi\u00e8re du cierge pascale nous a fait entrer dans le myst\u00e8re du Christ ressuscit\u00e9. L\u2019\u00e9vang\u00e9liste Luc mettait l\u2019accent sur le message port\u00e9 par deux hommes myst\u00e9rieux qui disaient que le crucifi\u00e9 est ressuscit\u00e9, et sur [&hellip;]<\/p>\n","protected":false},"author":13,"featured_media":16732,"comment_status":"open","ping_status":"open","sticky":false,"template":"","format":"standard","meta":{"_acf_changed":false,"paroisse":["4"],"service":["0"],"footnotes":""},"categories":[1],"tags":[],"class_list":["post-16715","post","type-post","status-publish","format-standard","has-post-thumbnail","hentry","category-actualites"],"acf":[],"yoast_head":"<!-- This site is optimized with the Yoast SEO plugin v27.1.1 - https:\/\/yoast.com\/product\/yoast-seo-wordpress\/ -->\n<title>Ressuscit\u00e9(e)s et transfigur\u00e9(e)s avec le Christ. - Doyenn\u00e9 Grand Angoul\u00eame<\/title>\n<meta name=\"robots\" content=\"index, follow, max-snippet:-1, max-image-preview:large, max-video-preview:-1\" \/>\n<link rel=\"canonical\" href=\"https:\/\/charente.catholique.fr\/grand-angouleme\/actualites\/ressuscitees-et-transfigurees-avec-le-christ\/\" \/>\n<meta property=\"og:locale\" content=\"fr_FR\" \/>\n<meta property=\"og:type\" content=\"article\" \/>\n<meta property=\"og:title\" content=\"Ressuscit\u00e9(e)s et transfigur\u00e9(e)s avec le Christ. - Doyenn\u00e9 Grand Angoul\u00eame\" \/>\n<meta property=\"og:description\" content=\"HOMELIE DE PAQUES 2022 \u00ab&nbsp;Le Christ est ressuscit\u00e9. Oui. Il est vraiment ressuscit\u00e9. All\u00e9luia&nbsp;!&nbsp;\u00bb La veill\u00e9e pascale \u00e9clair\u00e9e par la lumi\u00e8re du cierge pascale nous a fait entrer dans le myst\u00e8re du Christ ressuscit\u00e9. L\u2019\u00e9vang\u00e9liste Luc mettait l\u2019accent sur le message port\u00e9 par deux hommes myst\u00e9rieux qui disaient que le crucifi\u00e9 est ressuscit\u00e9, et sur [&hellip;]\" \/>\n<meta property=\"og:url\" content=\"https:\/\/charente.catholique.fr\/grand-angouleme\/actualites\/ressuscitees-et-transfigurees-avec-le-christ\/\" \/>\n<meta property=\"og:site_name\" content=\"Doyenn\u00e9 Grand Angoul\u00eame\" \/>\n<meta property=\"article:publisher\" content=\"https:\/\/www.facebook.com\/EgliseCatholiqueCharente\" \/>\n<meta property=\"article:published_time\" content=\"2022-04-18T09:24:56+00:00\" \/>\n<meta property=\"article:modified_time\" content=\"2022-04-20T10:19:08+00:00\" \/>\n<meta property=\"og:image\" content=\"https:\/\/charente.catholique.fr\/grand-angouleme\/wp-content\/uploads\/sites\/2\/2022\/04\/paques-jesus-pixabay.jpg\" \/>\n\t<meta property=\"og:image:width\" content=\"1920\" \/>\n\t<meta property=\"og:image:height\" content=\"1080\" \/>\n\t<meta property=\"og:image:type\" content=\"image\/jpeg\" \/>\n<meta name=\"author\" content=\"Marie-No\u00eblle Bouteloup\" \/>\n<meta name=\"twitter:card\" content=\"summary_large_image\" \/>\n<meta name=\"twitter:creator\" content=\"@diocesecharente\" \/>\n<meta name=\"twitter:site\" content=\"@diocesecharente\" \/>\n<meta name=\"twitter:label1\" content=\"\u00c9crit par\" \/>\n\t<meta name=\"twitter:data1\" content=\"Marie-No\u00eblle Bouteloup\" \/>\n\t<meta name=\"twitter:label2\" content=\"Dur\u00e9e de lecture estim\u00e9e\" \/>\n\t<meta name=\"twitter:data2\" content=\"4 minutes\" \/>\n<script type=\"application\/ld+json\" class=\"yoast-schema-graph\">{\"@context\":\"https:\/\/schema.org\",\"@graph\":[{\"@type\":\"Article\",\"@id\":\"https:\/\/charente.catholique.fr\/grand-angouleme\/actualites\/ressuscitees-et-transfigurees-avec-le-christ\/#article\",\"isPartOf\":{\"@id\":\"https:\/\/charente.catholique.fr\/grand-angouleme\/actualites\/ressuscitees-et-transfigurees-avec-le-christ\/\"},\"author\":{\"name\":\"Marie-No\u00eblle Bouteloup\",\"@id\":\"https:\/\/charente.catholique.fr\/grand-angouleme\/#\/schema\/person\/0bb2e75c546661bf0827c8b4d5d2bcfb\"},\"headline\":\"Ressuscit\u00e9(e)s et transfigur\u00e9(e)s avec le Christ.\",\"datePublished\":\"2022-04-18T09:24:56+00:00\",\"dateModified\":\"2022-04-20T10:19:08+00:00\",\"mainEntityOfPage\":{\"@id\":\"https:\/\/charente.catholique.fr\/grand-angouleme\/actualites\/ressuscitees-et-transfigurees-avec-le-christ\/\"},\"wordCount\":737,\"commentCount\":0,\"publisher\":{\"@id\":\"https:\/\/charente.catholique.fr\/grand-angouleme\/#organization\"},\"image\":{\"@id\":\"https:\/\/charente.catholique.fr\/grand-angouleme\/actualites\/ressuscitees-et-transfigurees-avec-le-christ\/#primaryimage\"},\"thumbnailUrl\":\"https:\/\/charente.catholique.fr\/grand-angouleme\/wp-content\/uploads\/sites\/2\/2022\/04\/paques-jesus-pixabay.jpg\",\"articleSection\":[\"Actualit\u00e9s\"],\"inLanguage\":\"fr-FR\",\"potentialAction\":[{\"@type\":\"CommentAction\",\"name\":\"Comment\",\"target\":[\"https:\/\/charente.catholique.fr\/grand-angouleme\/actualites\/ressuscitees-et-transfigurees-avec-le-christ\/#respond\"]}]},{\"@type\":\"WebPage\",\"@id\":\"https:\/\/charente.catholique.fr\/grand-angouleme\/actualites\/ressuscitees-et-transfigurees-avec-le-christ\/\",\"url\":\"https:\/\/charente.catholique.fr\/grand-angouleme\/actualites\/ressuscitees-et-transfigurees-avec-le-christ\/\",\"name\":\"Ressuscit\u00e9(e)s et transfigur\u00e9(e)s avec le Christ. - Doyenn\u00e9 Grand Angoul\u00eame\",\"isPartOf\":{\"@id\":\"https:\/\/charente.catholique.fr\/grand-angouleme\/#website\"},\"primaryImageOfPage\":{\"@id\":\"https:\/\/charente.catholique.fr\/grand-angouleme\/actualites\/ressuscitees-et-transfigurees-avec-le-christ\/#primaryimage\"},\"image\":{\"@id\":\"https:\/\/charente.catholique.fr\/grand-angouleme\/actualites\/ressuscitees-et-transfigurees-avec-le-christ\/#primaryimage\"},\"thumbnailUrl\":\"https:\/\/charente.catholique.fr\/grand-angouleme\/wp-content\/uploads\/sites\/2\/2022\/04\/paques-jesus-pixabay.jpg\",\"datePublished\":\"2022-04-18T09:24:56+00:00\",\"dateModified\":\"2022-04-20T10:19:08+00:00\",\"breadcrumb\":{\"@id\":\"https:\/\/charente.catholique.fr\/grand-angouleme\/actualites\/ressuscitees-et-transfigurees-avec-le-christ\/#breadcrumb\"},\"inLanguage\":\"fr-FR\",\"potentialAction\":[{\"@type\":\"ReadAction\",\"target\":[\"https:\/\/charente.catholique.fr\/grand-angouleme\/actualites\/ressuscitees-et-transfigurees-avec-le-christ\/\"]}]},{\"@type\":\"ImageObject\",\"inLanguage\":\"fr-FR\",\"@id\":\"https:\/\/charente.catholique.fr\/grand-angouleme\/actualites\/ressuscitees-et-transfigurees-avec-le-christ\/#primaryimage\",\"url\":\"https:\/\/charente.catholique.fr\/grand-angouleme\/wp-content\/uploads\/sites\/2\/2022\/04\/paques-jesus-pixabay.jpg\",\"contentUrl\":\"https:\/\/charente.catholique.fr\/grand-angouleme\/wp-content\/uploads\/sites\/2\/2022\/04\/paques-jesus-pixabay.jpg\",\"width\":1920,\"height\":1080},{\"@type\":\"BreadcrumbList\",\"@id\":\"https:\/\/charente.catholique.fr\/grand-angouleme\/actualites\/ressuscitees-et-transfigurees-avec-le-christ\/#breadcrumb\",\"itemListElement\":[{\"@type\":\"ListItem\",\"position\":1,\"name\":\"Accueil\",\"item\":\"https:\/\/charente.catholique.fr\/grand-angouleme\/\"},{\"@type\":\"ListItem\",\"position\":2,\"name\":\"Ressuscit\u00e9(e)s et transfigur\u00e9(e)s avec le Christ.\"}]},{\"@type\":\"WebSite\",\"@id\":\"https:\/\/charente.catholique.fr\/grand-angouleme\/#website\",\"url\":\"https:\/\/charente.catholique.fr\/grand-angouleme\/\",\"name\":\"Doyenn\u00e9 Grand Angoul\u00eame - Dioc\u00e8se d'Angoul\u00eame\",\"description\":\"Dioc\u00e8se d&#039;Angoul\u00eame\",\"publisher\":{\"@id\":\"https:\/\/charente.catholique.fr\/grand-angouleme\/#organization\"},\"potentialAction\":[{\"@type\":\"SearchAction\",\"target\":{\"@type\":\"EntryPoint\",\"urlTemplate\":\"https:\/\/charente.catholique.fr\/grand-angouleme\/?s={search_term_string}\"},\"query-input\":{\"@type\":\"PropertyValueSpecification\",\"valueRequired\":true,\"valueName\":\"search_term_string\"}}],\"inLanguage\":\"fr-FR\"},{\"@type\":\"Organization\",\"@id\":\"https:\/\/charente.catholique.fr\/grand-angouleme\/#organization\",\"name\":\"Association Dioc\u00e9saine d'Angoul\u00eame\",\"url\":\"https:\/\/charente.catholique.fr\/grand-angouleme\/\",\"logo\":{\"@type\":\"ImageObject\",\"inLanguage\":\"fr-FR\",\"@id\":\"https:\/\/charente.catholique.fr\/grand-angouleme\/#\/schema\/logo\/image\/\",\"url\":\"https:\/\/charente.catholique.fr\/grand-angouleme\/wp-content\/uploads\/sites\/2\/2020\/10\/logos.png\",\"contentUrl\":\"https:\/\/charente.catholique.fr\/grand-angouleme\/wp-content\/uploads\/sites\/2\/2020\/10\/logos.png\",\"width\":600,\"height\":257,\"caption\":\"Association Dioc\u00e9saine d'Angoul\u00eame\"},\"image\":{\"@id\":\"https:\/\/charente.catholique.fr\/grand-angouleme\/#\/schema\/logo\/image\/\"},\"sameAs\":[\"https:\/\/www.facebook.com\/EgliseCatholiqueCharente\",\"https:\/\/x.com\/diocesecharente\",\"https:\/\/www.instagram.com\/eglisecharente\",\"https:\/\/www.youtube.com\/channel\/UCByyFWApZbw3gDTiADoiAaQ\"]},{\"@type\":\"Person\",\"@id\":\"https:\/\/charente.catholique.fr\/grand-angouleme\/#\/schema\/person\/0bb2e75c546661bf0827c8b4d5d2bcfb\",\"name\":\"Marie-No\u00eblle Bouteloup\",\"image\":{\"@type\":\"ImageObject\",\"inLanguage\":\"fr-FR\",\"@id\":\"https:\/\/charente.catholique.fr\/grand-angouleme\/#\/schema\/person\/image\/\",\"url\":\"https:\/\/secure.gravatar.com\/avatar\/8b68422c19e9566364992377448eef55989ea1caaedc20a57fe2961c16ed8312?s=96&d=mm&r=g\",\"contentUrl\":\"https:\/\/secure.gravatar.com\/avatar\/8b68422c19e9566364992377448eef55989ea1caaedc20a57fe2961c16ed8312?s=96&d=mm&r=g\",\"caption\":\"Marie-No\u00eblle Bouteloup\"},\"url\":\"https:\/\/charente.catholique.fr\/grand-angouleme\/author\/mnbouteloup\/\"}]}<\/script>\n<!-- \/ Yoast SEO plugin. -->","yoast_head_json":{"title":"Ressuscit\u00e9(e)s et transfigur\u00e9(e)s avec le Christ. - Doyenn\u00e9 Grand Angoul\u00eame","robots":{"index":"index","follow":"follow","max-snippet":"max-snippet:-1","max-image-preview":"max-image-preview:large","max-video-preview":"max-video-preview:-1"},"canonical":"https:\/\/charente.catholique.fr\/grand-angouleme\/actualites\/ressuscitees-et-transfigurees-avec-le-christ\/","og_locale":"fr_FR","og_type":"article","og_title":"Ressuscit\u00e9(e)s et transfigur\u00e9(e)s avec le Christ. - Doyenn\u00e9 Grand Angoul\u00eame","og_description":"HOMELIE DE PAQUES 2022 \u00ab&nbsp;Le Christ est ressuscit\u00e9. Oui. Il est vraiment ressuscit\u00e9. All\u00e9luia&nbsp;!&nbsp;\u00bb La veill\u00e9e pascale \u00e9clair\u00e9e par la lumi\u00e8re du cierge pascale nous a fait entrer dans le myst\u00e8re du Christ ressuscit\u00e9. L\u2019\u00e9vang\u00e9liste Luc mettait l\u2019accent sur le message port\u00e9 par deux hommes myst\u00e9rieux qui disaient que le crucifi\u00e9 est ressuscit\u00e9, et sur [&hellip;]","og_url":"https:\/\/charente.catholique.fr\/grand-angouleme\/actualites\/ressuscitees-et-transfigurees-avec-le-christ\/","og_site_name":"Doyenn\u00e9 Grand Angoul\u00eame","article_publisher":"https:\/\/www.facebook.com\/EgliseCatholiqueCharente","article_published_time":"2022-04-18T09:24:56+00:00","article_modified_time":"2022-04-20T10:19:08+00:00","og_image":[{"width":1920,"height":1080,"url":"https:\/\/charente.catholique.fr\/grand-angouleme\/wp-content\/uploads\/sites\/2\/2022\/04\/paques-jesus-pixabay.jpg","type":"image\/jpeg"}],"author":"Marie-No\u00eblle Bouteloup","twitter_card":"summary_large_image","twitter_creator":"@diocesecharente","twitter_site":"@diocesecharente","twitter_misc":{"\u00c9crit par":"Marie-No\u00eblle Bouteloup","Dur\u00e9e de lecture estim\u00e9e":"4 minutes"},"schema":{"@context":"https:\/\/schema.org","@graph":[{"@type":"Article","@id":"https:\/\/charente.catholique.fr\/grand-angouleme\/actualites\/ressuscitees-et-transfigurees-avec-le-christ\/#article","isPartOf":{"@id":"https:\/\/charente.catholique.fr\/grand-angouleme\/actualites\/ressuscitees-et-transfigurees-avec-le-christ\/"},"author":{"name":"Marie-No\u00eblle Bouteloup","@id":"https:\/\/charente.catholique.fr\/grand-angouleme\/#\/schema\/person\/0bb2e75c546661bf0827c8b4d5d2bcfb"},"headline":"Ressuscit\u00e9(e)s et transfigur\u00e9(e)s avec le Christ.","datePublished":"2022-04-18T09:24:56+00:00","dateModified":"2022-04-20T10:19:08+00:00","mainEntityOfPage":{"@id":"https:\/\/charente.catholique.fr\/grand-angouleme\/actualites\/ressuscitees-et-transfigurees-avec-le-christ\/"},"wordCount":737,"commentCount":0,"publisher":{"@id":"https:\/\/charente.catholique.fr\/grand-angouleme\/#organization"},"image":{"@id":"https:\/\/charente.catholique.fr\/grand-angouleme\/actualites\/ressuscitees-et-transfigurees-avec-le-christ\/#primaryimage"},"thumbnailUrl":"https:\/\/charente.catholique.fr\/grand-angouleme\/wp-content\/uploads\/sites\/2\/2022\/04\/paques-jesus-pixabay.jpg","articleSection":["Actualit\u00e9s"],"inLanguage":"fr-FR","potentialAction":[{"@type":"CommentAction","name":"Comment","target":["https:\/\/charente.catholique.fr\/grand-angouleme\/actualites\/ressuscitees-et-transfigurees-avec-le-christ\/#respond"]}]},{"@type":"WebPage","@id":"https:\/\/charente.catholique.fr\/grand-angouleme\/actualites\/ressuscitees-et-transfigurees-avec-le-christ\/","url":"https:\/\/charente.catholique.fr\/grand-angouleme\/actualites\/ressuscitees-et-transfigurees-avec-le-christ\/","name":"Ressuscit\u00e9(e)s et transfigur\u00e9(e)s avec le Christ. - Doyenn\u00e9 Grand Angoul\u00eame","isPartOf":{"@id":"https:\/\/charente.catholique.fr\/grand-angouleme\/#website"},"primaryImageOfPage":{"@id":"https:\/\/charente.catholique.fr\/grand-angouleme\/actualites\/ressuscitees-et-transfigurees-avec-le-christ\/#primaryimage"},"image":{"@id":"https:\/\/charente.catholique.fr\/grand-angouleme\/actualites\/ressuscitees-et-transfigurees-avec-le-christ\/#primaryimage"},"thumbnailUrl":"https:\/\/charente.catholique.fr\/grand-angouleme\/wp-content\/uploads\/sites\/2\/2022\/04\/paques-jesus-pixabay.jpg","datePublished":"2022-04-18T09:24:56+00:00","dateModified":"2022-04-20T10:19:08+00:00","breadcrumb":{"@id":"https:\/\/charente.catholique.fr\/grand-angouleme\/actualites\/ressuscitees-et-transfigurees-avec-le-christ\/#breadcrumb"},"inLanguage":"fr-FR","potentialAction":[{"@type":"ReadAction","target":["https:\/\/charente.catholique.fr\/grand-angouleme\/actualites\/ressuscitees-et-transfigurees-avec-le-christ\/"]}]},{"@type":"ImageObject","inLanguage":"fr-FR","@id":"https:\/\/charente.catholique.fr\/grand-angouleme\/actualites\/ressuscitees-et-transfigurees-avec-le-christ\/#primaryimage","url":"https:\/\/charente.catholique.fr\/grand-angouleme\/wp-content\/uploads\/sites\/2\/2022\/04\/paques-jesus-pixabay.jpg","contentUrl":"https:\/\/charente.catholique.fr\/grand-angouleme\/wp-content\/uploads\/sites\/2\/2022\/04\/paques-jesus-pixabay.jpg","width":1920,"height":1080},{"@type":"BreadcrumbList","@id":"https:\/\/charente.catholique.fr\/grand-angouleme\/actualites\/ressuscitees-et-transfigurees-avec-le-christ\/#breadcrumb","itemListElement":[{"@type":"ListItem","position":1,"name":"Accueil","item":"https:\/\/charente.catholique.fr\/grand-angouleme\/"},{"@type":"ListItem","position":2,"name":"Ressuscit\u00e9(e)s et transfigur\u00e9(e)s avec le Christ."}]},{"@type":"WebSite","@id":"https:\/\/charente.catholique.fr\/grand-angouleme\/#website","url":"https:\/\/charente.catholique.fr\/grand-angouleme\/","name":"Doyenn\u00e9 Grand Angoul\u00eame - Dioc\u00e8se d'Angoul\u00eame","description":"Dioc\u00e8se d&#039;Angoul\u00eame","publisher":{"@id":"https:\/\/charente.catholique.fr\/grand-angouleme\/#organization"},"potentialAction":[{"@type":"SearchAction","target":{"@type":"EntryPoint","urlTemplate":"https:\/\/charente.catholique.fr\/grand-angouleme\/?s={search_term_string}"},"query-input":{"@type":"PropertyValueSpecification","valueRequired":true,"valueName":"search_term_string"}}],"inLanguage":"fr-FR"},{"@type":"Organization","@id":"https:\/\/charente.catholique.fr\/grand-angouleme\/#organization","name":"Association Dioc\u00e9saine d'Angoul\u00eame","url":"https:\/\/charente.catholique.fr\/grand-angouleme\/","logo":{"@type":"ImageObject","inLanguage":"fr-FR","@id":"https:\/\/charente.catholique.fr\/grand-angouleme\/#\/schema\/logo\/image\/","url":"https:\/\/charente.catholique.fr\/grand-angouleme\/wp-content\/uploads\/sites\/2\/2020\/10\/logos.png","contentUrl":"https:\/\/charente.catholique.fr\/grand-angouleme\/wp-content\/uploads\/sites\/2\/2020\/10\/logos.png","width":600,"height":257,"caption":"Association Dioc\u00e9saine d'Angoul\u00eame"},"image":{"@id":"https:\/\/charente.catholique.fr\/grand-angouleme\/#\/schema\/logo\/image\/"},"sameAs":["https:\/\/www.facebook.com\/EgliseCatholiqueCharente","https:\/\/x.com\/diocesecharente","https:\/\/www.instagram.com\/eglisecharente","https:\/\/www.youtube.com\/channel\/UCByyFWApZbw3gDTiADoiAaQ"]},{"@type":"Person","@id":"https:\/\/charente.catholique.fr\/grand-angouleme\/#\/schema\/person\/0bb2e75c546661bf0827c8b4d5d2bcfb","name":"Marie-No\u00eblle Bouteloup","image":{"@type":"ImageObject","inLanguage":"fr-FR","@id":"https:\/\/charente.catholique.fr\/grand-angouleme\/#\/schema\/person\/image\/","url":"https:\/\/secure.gravatar.com\/avatar\/8b68422c19e9566364992377448eef55989ea1caaedc20a57fe2961c16ed8312?s=96&d=mm&r=g","contentUrl":"https:\/\/secure.gravatar.com\/avatar\/8b68422c19e9566364992377448eef55989ea1caaedc20a57fe2961c16ed8312?s=96&d=mm&r=g","caption":"Marie-No\u00eblle Bouteloup"},"url":"https:\/\/charente.catholique.fr\/grand-angouleme\/author\/mnbouteloup\/"}]}},"_links":{"self":[{"href":"https:\/\/charente.catholique.fr\/grand-angouleme\/wp-json\/wp\/v2\/posts\/16715","targetHints":{"allow":["GET"]}}],"collection":[{"href":"https:\/\/charente.catholique.fr\/grand-angouleme\/wp-json\/wp\/v2\/posts"}],"about":[{"href":"https:\/\/charente.catholique.fr\/grand-angouleme\/wp-json\/wp\/v2\/types\/post"}],"author":[{"embeddable":true,"href":"https:\/\/charente.catholique.fr\/grand-angouleme\/wp-json\/wp\/v2\/users\/13"}],"replies":[{"embeddable":true,"href":"https:\/\/charente.catholique.fr\/grand-angouleme\/wp-json\/wp\/v2\/comments?post=16715"}],"version-history":[{"count":5,"href":"https:\/\/charente.catholique.fr\/grand-angouleme\/wp-json\/wp\/v2\/posts\/16715\/revisions"}],"predecessor-version":[{"id":16727,"href":"https:\/\/charente.catholique.fr\/grand-angouleme\/wp-json\/wp\/v2\/posts\/16715\/revisions\/16727"}],"wp:featuredmedia":[{"embeddable":true,"href":"https:\/\/charente.catholique.fr\/grand-angouleme\/wp-json\/wp\/v2\/media\/16732"}],"wp:attachment":[{"href":"https:\/\/charente.catholique.fr\/grand-angouleme\/wp-json\/wp\/v2\/media?parent=16715"}],"wp:term":[{"taxonomy":"category","embeddable":true,"href":"https:\/\/charente.catholique.fr\/grand-angouleme\/wp-json\/wp\/v2\/categories?post=16715"},{"taxonomy":"post_tag","embeddable":true,"href":"https:\/\/charente.catholique.fr\/grand-angouleme\/wp-json\/wp\/v2\/tags?post=16715"}],"curies":[{"name":"wp","href":"https:\/\/api.w.org\/{rel}","templated":true}]}}