{"id":16589,"date":"2022-04-05T18:18:19","date_gmt":"2022-04-05T16:18:19","guid":{"rendered":"https:\/\/charente.catholique.fr\/grand-angouleme\/?p=16589"},"modified":"2022-04-07T11:17:14","modified_gmt":"2022-04-07T09:17:14","slug":"homelie-du-pere-denis-trinez-5eme-dimanche-de-careme-c","status":"publish","type":"post","link":"https:\/\/charente.catholique.fr\/grand-angouleme\/actualites\/homelie-du-pere-denis-trinez-5eme-dimanche-de-careme-c\/","title":{"rendered":"Hom\u00e9lie du P\u00e8re Denis Trinez 5\u00e8me dimanche de Car\u00eame C"},"content":{"rendered":"\n<h4 class=\"wp-block-heading\">Maintenant, dit le Seigneur,<br>revenez \u00e0 moi de tout votre c\u0153ur,<br>car je suis tendre et mis\u00e9ricordieux.<\/h4>\n\n\n\n<h4 class=\"has-medium-font-size wp-block-heading\"><strong>Accuei<\/strong>l<\/h4>\n\n\n\n<p><em>\u00ab&nbsp;Ne faites plus m\u00e9moire des \u00e9v\u00e9nements du pass\u00e9, ne songez plus aux choses d&#8217;autrefois&nbsp;\u00bb nous dit le Seigneur.<\/em><\/p>\n\n\n\n<p>Ne pas regarder en arri\u00e8re, regarder plut\u00f4t en avant. Loth, d&#8217;ailleurs en se retournant en a perdu la vie.<\/p>\n\n\n\n<p>Le Christ par qui Paul a \u00e9t\u00e9 saisi lui a permis de ne pas s&#8217;attarder sur son pass\u00e9, mais de se lancer m\u00e9ticuleusement avec patience dans l&#8217;ajustement \u00e0 ce Christ qui l&#8217;a \u00e9blouit sur le chemin de Damas et lui a ouvert une vie nouvelle. Comme la femme adult\u00e8re de l&#8217;\u00e9vangile de ce dimanche .<\/p>\n\n\n\n<p><em>(Oui, c&#8217;est encore une femme qui est cit\u00e9e en exemple et on peut se demander si les scribes et les pharisiens auraient eut le m\u00eame jugement envers un homme\u00a0!)<\/em><\/p>\n\n\n\n<p>Mais J\u00e9sus encore une fois prend le temps de la r\u00e9flexion. Il s&#8217;abaisse pour griffonner le sol et ne se laisse pas enfermer, n&#8217;accepte pas d&#8217;\u00eatre coinc\u00e9 dans une fausse question, ni \u00eatre complice d&#8217;un faux dilemme.<\/p>\n\n\n\n<p>Il se rel\u00e8ve et lib\u00e8re cette femme, lui redonne confiance en la renvoyant \u00e0 elle m\u00eame. Il la remet au c\u0153ur de sa vie, ne la condamne pas, au contraire Il lui donne un \u00e9lan&nbsp;:&nbsp;\u00ab&nbsp;<em>Va et ne p\u00eache plus<\/em>&nbsp;\u00bb.<\/p>\n\n\n\n<h4 class=\"wp-block-heading\"><strong><a href=\"https:\/\/www.aelf.org\/2022-04-03\/romain\/messe\" target=\"_blank\" rel=\"noreferrer noopener\">Textes du jour<\/a><\/strong><\/h4>\n\n\n\n<h4 class=\"wp-block-heading\"><strong>Hom\u00e9lie<\/strong><\/h4>\n\n\n\n<figure class=\"wp-block-audio\"><audio controls src=\"https:\/\/charente.catholique.fr\/grand-angouleme\/wp-content\/uploads\/sites\/2\/2022\/04\/homelie-du-p.-denis-trinez-pour-le-5eme-dimanche-de-careme-de-lannee-c.mp3\"><\/audio><\/figure>\n\n\n\n<h4 class=\"wp-block-heading\"><strong>PU<\/strong><\/h4>\n\n\n\n<p><em>\u00ab&nbsp;Ne songez pas aux choses d&#8217;autrefois&nbsp;\u00bb<\/em><\/p>\n\n\n\n<ul class=\"wp-block-list\"><li>Que ton Esprit, Seigneur \u00e9claire chacun des citoyens pour qu&#8217;ils se sentent responsables de l&#8217;avenir qu&#8217;il peuvent donner \u00e0 notre pays en votant.<br><\/li><li>Que ton Esprit, Seigneur \u00e9claire chacun des citoyens pour qu&#8217;ils se sentent responsables de l&#8217;avenir qu&#8217;il peuvent donner \u00e0 notre pays en votant.<\/li><\/ul>\n\n\n\n<p><em>\u00ab&nbsp;Voici que je fais une chose nouvelle,je vais d\u00e9salt\u00e9rer mon peuple.&nbsp;\u00bb<\/em><\/p>\n\n\n\n<ul class=\"wp-block-list\"><li>Seigneur, nous te confions tous ceux qui se mobilisent sur tout les continents avec le CCFD Terre Solidaire, \u00e0 lutter contre les causes de la faim et pour la justice, par ton amour qu&#8217;ils construisent une fraternit\u00e9 universelle.<\/li><\/ul>\n\n\n\n<p><em>\u00ab&nbsp;La loi de Mo\u00efse nous a ordonn\u00e9 de lapider ces femmes l\u00e0.&nbsp;\u00bb<\/em><\/p>\n\n\n\n<ul class=\"wp-block-list\"><li>Seigneur, nous te prions pour toutes les femmes qui par le monde sont lapid\u00e9es, viol\u00e9es, insult\u00e9es pour avoir simplement exprim\u00e9es librement leur foi ou pour combattre l&#8217;obscurantisme de soci\u00e9t\u00e9s patriarcales d\u00e9pass\u00e9es et enfermantes.<\/li><\/ul>\n\n\n\n<ul class=\"wp-block-list\"><li>Dieu, nous te confions nos amis musulmans qui sont entr\u00e9s dans le ramadan ce samedi, soit notre ferment pour qu&#8217;ensemble nous continuons \u00e0 \u0153uvrer pour le bien de tous et la paix dans le monde.<\/li><\/ul>\n","protected":false},"excerpt":{"rendered":"<p>Maintenant, dit le Seigneur,revenez \u00e0 moi de tout votre c\u0153ur,car je suis tendre et mis\u00e9ricordieux. Accueil \u00ab&nbsp;Ne faites plus m\u00e9moire des \u00e9v\u00e9nements du pass\u00e9, ne songez plus aux choses d&#8217;autrefois&nbsp;\u00bb nous dit le Seigneur. Ne pas regarder en arri\u00e8re, regarder plut\u00f4t en avant. Loth, d&#8217;ailleurs en se retournant en a perdu la vie. Le Christ [&hellip;]<\/p>\n","protected":false},"author":5,"featured_media":16606,"comment_status":"open","ping_status":"open","sticky":false,"template":"","format":"standard","meta":{"_acf_changed":false,"paroisse":["0"],"service":["0"],"footnotes":""},"categories":[1,3],"tags":[],"class_list":["post-16589","post","type-post","status-publish","format-standard","has-post-thumbnail","hentry","category-actualites","category-homelies"],"acf":[],"yoast_head":"<!-- This site is optimized with the Yoast SEO plugin v27.1.1 - https:\/\/yoast.com\/product\/yoast-seo-wordpress\/ -->\n<title>Hom\u00e9lie du P\u00e8re Denis Trinez 5\u00e8me dimanche de Car\u00eame C - Doyenn\u00e9 Grand Angoul\u00eame<\/title>\n<meta name=\"robots\" content=\"index, follow, max-snippet:-1, max-image-preview:large, max-video-preview:-1\" \/>\n<link rel=\"canonical\" href=\"https:\/\/charente.catholique.fr\/grand-angouleme\/actualites\/homelie-du-pere-denis-trinez-5eme-dimanche-de-careme-c\/\" \/>\n<meta property=\"og:locale\" content=\"fr_FR\" \/>\n<meta property=\"og:type\" content=\"article\" \/>\n<meta property=\"og:title\" content=\"Hom\u00e9lie du P\u00e8re Denis Trinez 5\u00e8me dimanche de Car\u00eame C - Doyenn\u00e9 Grand Angoul\u00eame\" \/>\n<meta property=\"og:description\" content=\"Maintenant, dit le Seigneur,revenez \u00e0 moi de tout votre c\u0153ur,car je suis tendre et mis\u00e9ricordieux. Accueil \u00ab&nbsp;Ne faites plus m\u00e9moire des \u00e9v\u00e9nements du pass\u00e9, ne songez plus aux choses d&#8217;autrefois&nbsp;\u00bb nous dit le Seigneur. Ne pas regarder en arri\u00e8re, regarder plut\u00f4t en avant. Loth, d&#8217;ailleurs en se retournant en a perdu la vie. Le Christ [&hellip;]\" \/>\n<meta property=\"og:url\" content=\"https:\/\/charente.catholique.fr\/grand-angouleme\/actualites\/homelie-du-pere-denis-trinez-5eme-dimanche-de-careme-c\/\" \/>\n<meta property=\"og:site_name\" content=\"Doyenn\u00e9 Grand Angoul\u00eame\" \/>\n<meta property=\"article:publisher\" content=\"https:\/\/www.facebook.com\/EgliseCatholiqueCharente\" \/>\n<meta property=\"article:published_time\" content=\"2022-04-05T16:18:19+00:00\" \/>\n<meta property=\"article:modified_time\" content=\"2022-04-07T09:17:14+00:00\" \/>\n<meta property=\"og:image\" content=\"https:\/\/charente.catholique.fr\/grand-angouleme\/wp-content\/uploads\/sites\/2\/2022\/04\/woman-g603627cd4_1920.jpg\" \/>\n\t<meta property=\"og:image:width\" content=\"1920\" \/>\n\t<meta property=\"og:image:height\" content=\"1282\" \/>\n\t<meta property=\"og:image:type\" content=\"image\/jpeg\" \/>\n<meta name=\"author\" content=\"B\u00e9atrice Saint-P\u00e9\" \/>\n<meta name=\"twitter:card\" content=\"summary_large_image\" \/>\n<meta name=\"twitter:creator\" content=\"@diocesecharente\" \/>\n<meta name=\"twitter:site\" content=\"@diocesecharente\" \/>\n<meta name=\"twitter:label1\" content=\"\u00c9crit par\" \/>\n\t<meta name=\"twitter:data1\" content=\"B\u00e9atrice Saint-P\u00e9\" \/>\n\t<meta name=\"twitter:label2\" content=\"Dur\u00e9e de lecture estim\u00e9e\" \/>\n\t<meta name=\"twitter:data2\" content=\"3 minutes\" \/>\n<script type=\"application\/ld+json\" class=\"yoast-schema-graph\">{\"@context\":\"https:\/\/schema.org\",\"@graph\":[{\"@type\":\"Article\",\"@id\":\"https:\/\/charente.catholique.fr\/grand-angouleme\/actualites\/homelie-du-pere-denis-trinez-5eme-dimanche-de-careme-c\/#article\",\"isPartOf\":{\"@id\":\"https:\/\/charente.catholique.fr\/grand-angouleme\/actualites\/homelie-du-pere-denis-trinez-5eme-dimanche-de-careme-c\/\"},\"author\":{\"name\":\"B\u00e9atrice Saint-P\u00e9\",\"@id\":\"https:\/\/charente.catholique.fr\/grand-angouleme\/#\/schema\/person\/b12f449504ff2da4d633df0f02abf9ee\"},\"headline\":\"Hom\u00e9lie du P\u00e8re Denis Trinez 5\u00e8me dimanche de Car\u00eame C\",\"datePublished\":\"2022-04-05T16:18:19+00:00\",\"dateModified\":\"2022-04-07T09:17:14+00:00\",\"mainEntityOfPage\":{\"@id\":\"https:\/\/charente.catholique.fr\/grand-angouleme\/actualites\/homelie-du-pere-denis-trinez-5eme-dimanche-de-careme-c\/\"},\"wordCount\":471,\"commentCount\":0,\"publisher\":{\"@id\":\"https:\/\/charente.catholique.fr\/grand-angouleme\/#organization\"},\"image\":{\"@id\":\"https:\/\/charente.catholique.fr\/grand-angouleme\/actualites\/homelie-du-pere-denis-trinez-5eme-dimanche-de-careme-c\/#primaryimage\"},\"thumbnailUrl\":\"https:\/\/charente.catholique.fr\/grand-angouleme\/wp-content\/uploads\/sites\/2\/2022\/04\/woman-g603627cd4_1920.jpg\",\"articleSection\":[\"Actualit\u00e9s\",\"Hom\u00e9lies\"],\"inLanguage\":\"fr-FR\",\"potentialAction\":[{\"@type\":\"CommentAction\",\"name\":\"Comment\",\"target\":[\"https:\/\/charente.catholique.fr\/grand-angouleme\/actualites\/homelie-du-pere-denis-trinez-5eme-dimanche-de-careme-c\/#respond\"]}]},{\"@type\":\"WebPage\",\"@id\":\"https:\/\/charente.catholique.fr\/grand-angouleme\/actualites\/homelie-du-pere-denis-trinez-5eme-dimanche-de-careme-c\/\",\"url\":\"https:\/\/charente.catholique.fr\/grand-angouleme\/actualites\/homelie-du-pere-denis-trinez-5eme-dimanche-de-careme-c\/\",\"name\":\"Hom\u00e9lie du P\u00e8re Denis Trinez 5\u00e8me dimanche de Car\u00eame C - Doyenn\u00e9 Grand Angoul\u00eame\",\"isPartOf\":{\"@id\":\"https:\/\/charente.catholique.fr\/grand-angouleme\/#website\"},\"primaryImageOfPage\":{\"@id\":\"https:\/\/charente.catholique.fr\/grand-angouleme\/actualites\/homelie-du-pere-denis-trinez-5eme-dimanche-de-careme-c\/#primaryimage\"},\"image\":{\"@id\":\"https:\/\/charente.catholique.fr\/grand-angouleme\/actualites\/homelie-du-pere-denis-trinez-5eme-dimanche-de-careme-c\/#primaryimage\"},\"thumbnailUrl\":\"https:\/\/charente.catholique.fr\/grand-angouleme\/wp-content\/uploads\/sites\/2\/2022\/04\/woman-g603627cd4_1920.jpg\",\"datePublished\":\"2022-04-05T16:18:19+00:00\",\"dateModified\":\"2022-04-07T09:17:14+00:00\",\"breadcrumb\":{\"@id\":\"https:\/\/charente.catholique.fr\/grand-angouleme\/actualites\/homelie-du-pere-denis-trinez-5eme-dimanche-de-careme-c\/#breadcrumb\"},\"inLanguage\":\"fr-FR\",\"potentialAction\":[{\"@type\":\"ReadAction\",\"target\":[\"https:\/\/charente.catholique.fr\/grand-angouleme\/actualites\/homelie-du-pere-denis-trinez-5eme-dimanche-de-careme-c\/\"]}]},{\"@type\":\"ImageObject\",\"inLanguage\":\"fr-FR\",\"@id\":\"https:\/\/charente.catholique.fr\/grand-angouleme\/actualites\/homelie-du-pere-denis-trinez-5eme-dimanche-de-careme-c\/#primaryimage\",\"url\":\"https:\/\/charente.catholique.fr\/grand-angouleme\/wp-content\/uploads\/sites\/2\/2022\/04\/woman-g603627cd4_1920.jpg\",\"contentUrl\":\"https:\/\/charente.catholique.fr\/grand-angouleme\/wp-content\/uploads\/sites\/2\/2022\/04\/woman-g603627cd4_1920.jpg\",\"width\":1920,\"height\":1282},{\"@type\":\"BreadcrumbList\",\"@id\":\"https:\/\/charente.catholique.fr\/grand-angouleme\/actualites\/homelie-du-pere-denis-trinez-5eme-dimanche-de-careme-c\/#breadcrumb\",\"itemListElement\":[{\"@type\":\"ListItem\",\"position\":1,\"name\":\"Accueil\",\"item\":\"https:\/\/charente.catholique.fr\/grand-angouleme\/\"},{\"@type\":\"ListItem\",\"position\":2,\"name\":\"Hom\u00e9lie du P\u00e8re Denis Trinez 5\u00e8me dimanche de Car\u00eame C\"}]},{\"@type\":\"WebSite\",\"@id\":\"https:\/\/charente.catholique.fr\/grand-angouleme\/#website\",\"url\":\"https:\/\/charente.catholique.fr\/grand-angouleme\/\",\"name\":\"Doyenn\u00e9 Grand Angoul\u00eame - Dioc\u00e8se d'Angoul\u00eame\",\"description\":\"Dioc\u00e8se d&#039;Angoul\u00eame\",\"publisher\":{\"@id\":\"https:\/\/charente.catholique.fr\/grand-angouleme\/#organization\"},\"potentialAction\":[{\"@type\":\"SearchAction\",\"target\":{\"@type\":\"EntryPoint\",\"urlTemplate\":\"https:\/\/charente.catholique.fr\/grand-angouleme\/?s={search_term_string}\"},\"query-input\":{\"@type\":\"PropertyValueSpecification\",\"valueRequired\":true,\"valueName\":\"search_term_string\"}}],\"inLanguage\":\"fr-FR\"},{\"@type\":\"Organization\",\"@id\":\"https:\/\/charente.catholique.fr\/grand-angouleme\/#organization\",\"name\":\"Association Dioc\u00e9saine d'Angoul\u00eame\",\"url\":\"https:\/\/charente.catholique.fr\/grand-angouleme\/\",\"logo\":{\"@type\":\"ImageObject\",\"inLanguage\":\"fr-FR\",\"@id\":\"https:\/\/charente.catholique.fr\/grand-angouleme\/#\/schema\/logo\/image\/\",\"url\":\"https:\/\/charente.catholique.fr\/grand-angouleme\/wp-content\/uploads\/sites\/2\/2020\/10\/logos.png\",\"contentUrl\":\"https:\/\/charente.catholique.fr\/grand-angouleme\/wp-content\/uploads\/sites\/2\/2020\/10\/logos.png\",\"width\":600,\"height\":257,\"caption\":\"Association Dioc\u00e9saine d'Angoul\u00eame\"},\"image\":{\"@id\":\"https:\/\/charente.catholique.fr\/grand-angouleme\/#\/schema\/logo\/image\/\"},\"sameAs\":[\"https:\/\/www.facebook.com\/EgliseCatholiqueCharente\",\"https:\/\/x.com\/diocesecharente\",\"https:\/\/www.instagram.com\/eglisecharente\",\"https:\/\/www.youtube.com\/channel\/UCByyFWApZbw3gDTiADoiAaQ\"]},{\"@type\":\"Person\",\"@id\":\"https:\/\/charente.catholique.fr\/grand-angouleme\/#\/schema\/person\/b12f449504ff2da4d633df0f02abf9ee\",\"name\":\"B\u00e9atrice Saint-P\u00e9\",\"image\":{\"@type\":\"ImageObject\",\"inLanguage\":\"fr-FR\",\"@id\":\"https:\/\/charente.catholique.fr\/grand-angouleme\/#\/schema\/person\/image\/\",\"url\":\"https:\/\/secure.gravatar.com\/avatar\/0493ed83685d630b019670a73a3a663bebc1c98f6ebcb0b57c8fd12fe86c0c3d?s=96&d=mm&r=g\",\"contentUrl\":\"https:\/\/secure.gravatar.com\/avatar\/0493ed83685d630b019670a73a3a663bebc1c98f6ebcb0b57c8fd12fe86c0c3d?s=96&d=mm&r=g\",\"caption\":\"B\u00e9atrice Saint-P\u00e9\"},\"url\":\"https:\/\/charente.catholique.fr\/grand-angouleme\/author\/beatricesaintpe\/\"}]}<\/script>\n<!-- \/ Yoast SEO plugin. -->","yoast_head_json":{"title":"Hom\u00e9lie du P\u00e8re Denis Trinez 5\u00e8me dimanche de Car\u00eame C - Doyenn\u00e9 Grand Angoul\u00eame","robots":{"index":"index","follow":"follow","max-snippet":"max-snippet:-1","max-image-preview":"max-image-preview:large","max-video-preview":"max-video-preview:-1"},"canonical":"https:\/\/charente.catholique.fr\/grand-angouleme\/actualites\/homelie-du-pere-denis-trinez-5eme-dimanche-de-careme-c\/","og_locale":"fr_FR","og_type":"article","og_title":"Hom\u00e9lie du P\u00e8re Denis Trinez 5\u00e8me dimanche de Car\u00eame C - Doyenn\u00e9 Grand Angoul\u00eame","og_description":"Maintenant, dit le Seigneur,revenez \u00e0 moi de tout votre c\u0153ur,car je suis tendre et mis\u00e9ricordieux. Accueil \u00ab&nbsp;Ne faites plus m\u00e9moire des \u00e9v\u00e9nements du pass\u00e9, ne songez plus aux choses d&#8217;autrefois&nbsp;\u00bb nous dit le Seigneur. Ne pas regarder en arri\u00e8re, regarder plut\u00f4t en avant. Loth, d&#8217;ailleurs en se retournant en a perdu la vie. Le Christ [&hellip;]","og_url":"https:\/\/charente.catholique.fr\/grand-angouleme\/actualites\/homelie-du-pere-denis-trinez-5eme-dimanche-de-careme-c\/","og_site_name":"Doyenn\u00e9 Grand Angoul\u00eame","article_publisher":"https:\/\/www.facebook.com\/EgliseCatholiqueCharente","article_published_time":"2022-04-05T16:18:19+00:00","article_modified_time":"2022-04-07T09:17:14+00:00","og_image":[{"width":1920,"height":1282,"url":"https:\/\/charente.catholique.fr\/grand-angouleme\/wp-content\/uploads\/sites\/2\/2022\/04\/woman-g603627cd4_1920.jpg","type":"image\/jpeg"}],"author":"B\u00e9atrice Saint-P\u00e9","twitter_card":"summary_large_image","twitter_creator":"@diocesecharente","twitter_site":"@diocesecharente","twitter_misc":{"\u00c9crit par":"B\u00e9atrice Saint-P\u00e9","Dur\u00e9e de lecture estim\u00e9e":"3 minutes"},"schema":{"@context":"https:\/\/schema.org","@graph":[{"@type":"Article","@id":"https:\/\/charente.catholique.fr\/grand-angouleme\/actualites\/homelie-du-pere-denis-trinez-5eme-dimanche-de-careme-c\/#article","isPartOf":{"@id":"https:\/\/charente.catholique.fr\/grand-angouleme\/actualites\/homelie-du-pere-denis-trinez-5eme-dimanche-de-careme-c\/"},"author":{"name":"B\u00e9atrice Saint-P\u00e9","@id":"https:\/\/charente.catholique.fr\/grand-angouleme\/#\/schema\/person\/b12f449504ff2da4d633df0f02abf9ee"},"headline":"Hom\u00e9lie du P\u00e8re Denis Trinez 5\u00e8me dimanche de Car\u00eame C","datePublished":"2022-04-05T16:18:19+00:00","dateModified":"2022-04-07T09:17:14+00:00","mainEntityOfPage":{"@id":"https:\/\/charente.catholique.fr\/grand-angouleme\/actualites\/homelie-du-pere-denis-trinez-5eme-dimanche-de-careme-c\/"},"wordCount":471,"commentCount":0,"publisher":{"@id":"https:\/\/charente.catholique.fr\/grand-angouleme\/#organization"},"image":{"@id":"https:\/\/charente.catholique.fr\/grand-angouleme\/actualites\/homelie-du-pere-denis-trinez-5eme-dimanche-de-careme-c\/#primaryimage"},"thumbnailUrl":"https:\/\/charente.catholique.fr\/grand-angouleme\/wp-content\/uploads\/sites\/2\/2022\/04\/woman-g603627cd4_1920.jpg","articleSection":["Actualit\u00e9s","Hom\u00e9lies"],"inLanguage":"fr-FR","potentialAction":[{"@type":"CommentAction","name":"Comment","target":["https:\/\/charente.catholique.fr\/grand-angouleme\/actualites\/homelie-du-pere-denis-trinez-5eme-dimanche-de-careme-c\/#respond"]}]},{"@type":"WebPage","@id":"https:\/\/charente.catholique.fr\/grand-angouleme\/actualites\/homelie-du-pere-denis-trinez-5eme-dimanche-de-careme-c\/","url":"https:\/\/charente.catholique.fr\/grand-angouleme\/actualites\/homelie-du-pere-denis-trinez-5eme-dimanche-de-careme-c\/","name":"Hom\u00e9lie du P\u00e8re Denis Trinez 5\u00e8me dimanche de Car\u00eame C - Doyenn\u00e9 Grand Angoul\u00eame","isPartOf":{"@id":"https:\/\/charente.catholique.fr\/grand-angouleme\/#website"},"primaryImageOfPage":{"@id":"https:\/\/charente.catholique.fr\/grand-angouleme\/actualites\/homelie-du-pere-denis-trinez-5eme-dimanche-de-careme-c\/#primaryimage"},"image":{"@id":"https:\/\/charente.catholique.fr\/grand-angouleme\/actualites\/homelie-du-pere-denis-trinez-5eme-dimanche-de-careme-c\/#primaryimage"},"thumbnailUrl":"https:\/\/charente.catholique.fr\/grand-angouleme\/wp-content\/uploads\/sites\/2\/2022\/04\/woman-g603627cd4_1920.jpg","datePublished":"2022-04-05T16:18:19+00:00","dateModified":"2022-04-07T09:17:14+00:00","breadcrumb":{"@id":"https:\/\/charente.catholique.fr\/grand-angouleme\/actualites\/homelie-du-pere-denis-trinez-5eme-dimanche-de-careme-c\/#breadcrumb"},"inLanguage":"fr-FR","potentialAction":[{"@type":"ReadAction","target":["https:\/\/charente.catholique.fr\/grand-angouleme\/actualites\/homelie-du-pere-denis-trinez-5eme-dimanche-de-careme-c\/"]}]},{"@type":"ImageObject","inLanguage":"fr-FR","@id":"https:\/\/charente.catholique.fr\/grand-angouleme\/actualites\/homelie-du-pere-denis-trinez-5eme-dimanche-de-careme-c\/#primaryimage","url":"https:\/\/charente.catholique.fr\/grand-angouleme\/wp-content\/uploads\/sites\/2\/2022\/04\/woman-g603627cd4_1920.jpg","contentUrl":"https:\/\/charente.catholique.fr\/grand-angouleme\/wp-content\/uploads\/sites\/2\/2022\/04\/woman-g603627cd4_1920.jpg","width":1920,"height":1282},{"@type":"BreadcrumbList","@id":"https:\/\/charente.catholique.fr\/grand-angouleme\/actualites\/homelie-du-pere-denis-trinez-5eme-dimanche-de-careme-c\/#breadcrumb","itemListElement":[{"@type":"ListItem","position":1,"name":"Accueil","item":"https:\/\/charente.catholique.fr\/grand-angouleme\/"},{"@type":"ListItem","position":2,"name":"Hom\u00e9lie du P\u00e8re Denis Trinez 5\u00e8me dimanche de Car\u00eame C"}]},{"@type":"WebSite","@id":"https:\/\/charente.catholique.fr\/grand-angouleme\/#website","url":"https:\/\/charente.catholique.fr\/grand-angouleme\/","name":"Doyenn\u00e9 Grand Angoul\u00eame - Dioc\u00e8se d'Angoul\u00eame","description":"Dioc\u00e8se d&#039;Angoul\u00eame","publisher":{"@id":"https:\/\/charente.catholique.fr\/grand-angouleme\/#organization"},"potentialAction":[{"@type":"SearchAction","target":{"@type":"EntryPoint","urlTemplate":"https:\/\/charente.catholique.fr\/grand-angouleme\/?s={search_term_string}"},"query-input":{"@type":"PropertyValueSpecification","valueRequired":true,"valueName":"search_term_string"}}],"inLanguage":"fr-FR"},{"@type":"Organization","@id":"https:\/\/charente.catholique.fr\/grand-angouleme\/#organization","name":"Association Dioc\u00e9saine d'Angoul\u00eame","url":"https:\/\/charente.catholique.fr\/grand-angouleme\/","logo":{"@type":"ImageObject","inLanguage":"fr-FR","@id":"https:\/\/charente.catholique.fr\/grand-angouleme\/#\/schema\/logo\/image\/","url":"https:\/\/charente.catholique.fr\/grand-angouleme\/wp-content\/uploads\/sites\/2\/2020\/10\/logos.png","contentUrl":"https:\/\/charente.catholique.fr\/grand-angouleme\/wp-content\/uploads\/sites\/2\/2020\/10\/logos.png","width":600,"height":257,"caption":"Association Dioc\u00e9saine d'Angoul\u00eame"},"image":{"@id":"https:\/\/charente.catholique.fr\/grand-angouleme\/#\/schema\/logo\/image\/"},"sameAs":["https:\/\/www.facebook.com\/EgliseCatholiqueCharente","https:\/\/x.com\/diocesecharente","https:\/\/www.instagram.com\/eglisecharente","https:\/\/www.youtube.com\/channel\/UCByyFWApZbw3gDTiADoiAaQ"]},{"@type":"Person","@id":"https:\/\/charente.catholique.fr\/grand-angouleme\/#\/schema\/person\/b12f449504ff2da4d633df0f02abf9ee","name":"B\u00e9atrice Saint-P\u00e9","image":{"@type":"ImageObject","inLanguage":"fr-FR","@id":"https:\/\/charente.catholique.fr\/grand-angouleme\/#\/schema\/person\/image\/","url":"https:\/\/secure.gravatar.com\/avatar\/0493ed83685d630b019670a73a3a663bebc1c98f6ebcb0b57c8fd12fe86c0c3d?s=96&d=mm&r=g","contentUrl":"https:\/\/secure.gravatar.com\/avatar\/0493ed83685d630b019670a73a3a663bebc1c98f6ebcb0b57c8fd12fe86c0c3d?s=96&d=mm&r=g","caption":"B\u00e9atrice Saint-P\u00e9"},"url":"https:\/\/charente.catholique.fr\/grand-angouleme\/author\/beatricesaintpe\/"}]}},"_links":{"self":[{"href":"https:\/\/charente.catholique.fr\/grand-angouleme\/wp-json\/wp\/v2\/posts\/16589","targetHints":{"allow":["GET"]}}],"collection":[{"href":"https:\/\/charente.catholique.fr\/grand-angouleme\/wp-json\/wp\/v2\/posts"}],"about":[{"href":"https:\/\/charente.catholique.fr\/grand-angouleme\/wp-json\/wp\/v2\/types\/post"}],"author":[{"embeddable":true,"href":"https:\/\/charente.catholique.fr\/grand-angouleme\/wp-json\/wp\/v2\/users\/5"}],"replies":[{"embeddable":true,"href":"https:\/\/charente.catholique.fr\/grand-angouleme\/wp-json\/wp\/v2\/comments?post=16589"}],"version-history":[{"count":8,"href":"https:\/\/charente.catholique.fr\/grand-angouleme\/wp-json\/wp\/v2\/posts\/16589\/revisions"}],"predecessor-version":[{"id":16634,"href":"https:\/\/charente.catholique.fr\/grand-angouleme\/wp-json\/wp\/v2\/posts\/16589\/revisions\/16634"}],"wp:featuredmedia":[{"embeddable":true,"href":"https:\/\/charente.catholique.fr\/grand-angouleme\/wp-json\/wp\/v2\/media\/16606"}],"wp:attachment":[{"href":"https:\/\/charente.catholique.fr\/grand-angouleme\/wp-json\/wp\/v2\/media?parent=16589"}],"wp:term":[{"taxonomy":"category","embeddable":true,"href":"https:\/\/charente.catholique.fr\/grand-angouleme\/wp-json\/wp\/v2\/categories?post=16589"},{"taxonomy":"post_tag","embeddable":true,"href":"https:\/\/charente.catholique.fr\/grand-angouleme\/wp-json\/wp\/v2\/tags?post=16589"}],"curies":[{"name":"wp","href":"https:\/\/api.w.org\/{rel}","templated":true}]}}