{"id":16460,"date":"2022-03-26T18:54:12","date_gmt":"2022-03-26T17:54:12","guid":{"rendered":"https:\/\/charente.catholique.fr\/grand-angouleme\/?p=16460"},"modified":"2022-03-26T18:54:13","modified_gmt":"2022-03-26T17:54:13","slug":"echos-de-la-rencontre-de-leap-saint-jean-baptite-du-23-03-2022","status":"publish","type":"post","link":"https:\/\/charente.catholique.fr\/grand-angouleme\/actualites\/echos-de-la-rencontre-de-leap-saint-jean-baptite-du-23-03-2022\/","title":{"rendered":"\u00c9chos de la rencontre de l&#8217;EAP Saint Jean Baptite du 23\/03\/2022"},"content":{"rendered":"\n<p class=\"has-medium-font-size\"><strong>COMPTE-RENDU EAP ST JEAN BAPTISTE<\/strong><\/p>\n\n\n\n<p><strong>23 MARS 2022<\/strong><\/p>\n\n\n\n<p><em>\u00c9taient pr\u00e9sents :<\/em><\/p>\n\n\n\n<p>&nbsp;&nbsp;&nbsp;&nbsp;&nbsp;&nbsp;&nbsp;&nbsp;&nbsp;&nbsp;&nbsp; Nelly Dufet, Genevi\u00e8ve et Bruno Lachavanne, Annie Scheid, Monique Saintot<\/p>\n\n\n\n<p><em>Excus\u00e9s : <\/em>Denis Trinez, William Andreo<\/p>\n\n\n\n<p class=\"has-medium-font-size\"><strong>L\u2019ordre du jour \u00e9tait :<\/strong><\/p>\n\n\n\n<p>&nbsp;&nbsp;&nbsp;&nbsp;&nbsp;&nbsp;&nbsp;&nbsp;&nbsp;&nbsp;&nbsp; Retour sur l\u2019Assembl\u00e9e paroissiale (suite \u00e0 donner, propositions)<\/p>\n\n\n\n<p>&nbsp;&nbsp;&nbsp;&nbsp;&nbsp;&nbsp;&nbsp;&nbsp;&nbsp;&nbsp;&nbsp; Retour sur l\u2019inter EAP (sp\u00e9cificit\u00e9s de notre communaut\u00e9, r\u00e9flexion sur l\u2019unit\u00e9, se pr\u00e9parer)<\/p>\n\n\n\n<p>&nbsp;&nbsp;&nbsp;&nbsp;&nbsp;&nbsp;&nbsp;&nbsp;&nbsp;&nbsp;&nbsp; Synode<\/p>\n\n\n\n<p>&nbsp;&nbsp;&nbsp;&nbsp;&nbsp;&nbsp;&nbsp;&nbsp;&nbsp;&nbsp;&nbsp; R\u00e9am\u00e9nagement de l\u2019\u00e9glise bancs ? Cercle au moment du Notre P\u00e8re et communion ?<\/p>\n\n\n\n<p>&nbsp;&nbsp;&nbsp;&nbsp;&nbsp;&nbsp;&nbsp;&nbsp;&nbsp;&nbsp;&nbsp; Arbre \u00e0 souhaits (suivi du projet)<\/p>\n\n\n\n<p>&nbsp;&nbsp;&nbsp;&nbsp;&nbsp;&nbsp;&nbsp;&nbsp;&nbsp;&nbsp;&nbsp; Points sur les chantiers (nettoyage fa\u00e7ade, am\u00e9nagement de la place, vitraux, signal\u00e9tique )<\/p>\n\n\n\n<p>&nbsp;&nbsp;&nbsp;&nbsp;&nbsp;&nbsp;&nbsp;&nbsp;&nbsp;&nbsp;&nbsp; La rencontre a d\u00e9but\u00e9 par un \u00e9change de nouvelles , suivi de la lecture et du partage &nbsp; autour de l\u2019Evangile du jour (Matthieu 5, 11-19).<\/p>\n\n\n\n<p class=\"has-medium-font-size\"><strong>Retour sur l\u2019Assembl\u00e9e Paroissiale :&nbsp;&nbsp;&nbsp;&nbsp;&nbsp;&nbsp;&nbsp;&nbsp;&nbsp;&nbsp;&nbsp;&nbsp;&nbsp;&nbsp;&nbsp;&nbsp;&nbsp;&nbsp;&nbsp;&nbsp;&nbsp;<\/strong><\/p>\n\n\n\n<p>&nbsp;&nbsp;&nbsp;&nbsp;&nbsp;&nbsp;&nbsp;&nbsp;&nbsp;&nbsp;&nbsp;&nbsp;&nbsp;&nbsp;&nbsp;&nbsp;&nbsp;&nbsp;&nbsp;&nbsp;&nbsp;&nbsp;&nbsp; Parmi les souhaits formul\u00e9s au cours de la derni\u00e8re Assembl\u00e9e Paroissiale, il est propos\u00e9 de retenir 10 propositions. Elles seront soumises au vote de la prochaine assembl\u00e9e afin d\u2019en retenir 3 \u00e0 mettre en oeuvre.<\/p>\n\n\n\n<p>Les propositions sont les suivantes :<\/p>\n\n\n\n<p>&nbsp;&nbsp;&nbsp;&nbsp;&nbsp;&nbsp;&nbsp;&nbsp;&nbsp;&nbsp;&nbsp; * Reprendre la convivialit\u00e9 sous la forme de repas, ap\u00e9ritifs, jeux de soci\u00e9t\u00e9, r\u00e9unions informelles\u2026)<\/p>\n\n\n\n<p>&nbsp;&nbsp;&nbsp;&nbsp;&nbsp;&nbsp;&nbsp;&nbsp;&nbsp;&nbsp;&nbsp; * Faire vivre l\u2019arbre \u00e0 souhaits en relayant les souhaits exprim\u00e9s au moment des annonces \u00e0 la fin de la messe.<\/p>\n\n\n\n<p>&nbsp;&nbsp;&nbsp;&nbsp;&nbsp;&nbsp;&nbsp;&nbsp;&nbsp;&nbsp;&nbsp; * Reconstituer un groupe de lecture<\/p>\n\n\n\n<p>&nbsp;&nbsp;&nbsp;&nbsp;&nbsp;&nbsp;&nbsp;&nbsp;&nbsp;&nbsp;&nbsp; * Organiser des ap\u00e9ritifs en fin de c\u00e9l\u00e9bration au moment des Assembl\u00e9es Paroissiales ou autres \u00e9v\u00e8nements marquants.<\/p>\n\n\n\n<p>&nbsp;&nbsp;&nbsp;&nbsp;&nbsp;&nbsp;&nbsp;&nbsp;&nbsp;&nbsp;&nbsp; * Organiser des temps de rencontre plus personnels dans le but de mieux se conna\u00eetre.<\/p>\n\n\n\n<p>&nbsp;&nbsp;&nbsp;&nbsp;&nbsp;&nbsp;&nbsp;&nbsp;&nbsp;&nbsp;&nbsp; * Organiser une espace caf\u00e9 sur la place de l\u2019\u00e9glise les jours de march\u00e9.<\/p>\n\n\n\n<p>&nbsp;&nbsp;&nbsp;&nbsp;&nbsp;&nbsp;&nbsp;&nbsp;&nbsp;&nbsp;&nbsp; * Reprendre contact avec les familles suite \u00e0 un bapt\u00eame ou un deuil.<\/p>\n\n\n\n<p>&nbsp;&nbsp;&nbsp;&nbsp;&nbsp;&nbsp;&nbsp;&nbsp;&nbsp;&nbsp;&nbsp; * Rep\u00e9rer et signaler les personnes isol\u00e9es.<\/p>\n\n\n\n<p>&nbsp;&nbsp;&nbsp;&nbsp;&nbsp;&nbsp;&nbsp;&nbsp;&nbsp;&nbsp;&nbsp; * Travailler un texte en commun avec nos fr\u00e8res musulmans.<\/p>\n\n\n\n<p>&nbsp;&nbsp;&nbsp;&nbsp;&nbsp;&nbsp;&nbsp;&nbsp;&nbsp;&nbsp;&nbsp; * Participer \u00e0 une manifestation organis\u00e9e sur le quartier (ex. T\u00e9l\u00e9thon)<\/p>\n\n\n\n<p>Ces propositions seront imprim\u00e9es sur des feuilles remises aux participants de la prochaine Assembl\u00e9e Paroissiales qui seront invit\u00e9s \u00e0 en s\u00e9lectionner 3. Les r\u00e9sultats seront publi\u00e9s le dimanche suivant, le 22 mai.<\/p>\n\n\n\n<p class=\"has-medium-font-size\"><strong>Arbre \u00e0 souhaits :<\/strong><\/p>\n\n\n\n<p>&nbsp;&nbsp;&nbsp;&nbsp;&nbsp;&nbsp;&nbsp;&nbsp;&nbsp;&nbsp;&nbsp; Il est important de relayer r\u00e9guli\u00e8rement les souhaits et propositions figurant sur l\u2019arbre \u00e0 souhaits par des annonces en fin de c\u00e9l\u00e9bration . Il est \u00e9galement propos\u00e9 de faire figurer certaines annonces \u00e0 la fin de la feuille de chants. L\u2019arbre \u00e0 souhaits est essentiellement destin\u00e9 \u00e0 mettre les personnes en relation et de les amener \u00e0 devenir acteurs dans le r\u00e9alisation des projets.<\/p>\n\n\n\n<p class=\"has-medium-font-size\"><strong>Synode :<\/strong><\/p>\n\n\n\n<p>&nbsp;&nbsp;&nbsp;&nbsp;&nbsp;&nbsp;&nbsp;&nbsp;&nbsp;&nbsp;&nbsp;&nbsp;&nbsp;&nbsp;&nbsp;&nbsp;&nbsp;&nbsp;&nbsp;&nbsp;&nbsp;&nbsp;&nbsp; La synth\u00e8se des propositions a \u00e9t\u00e9 r\u00e9alis\u00e9e par M. Granger, Vicaire G\u00e9n\u00e9ral. Elle sera disponible le 15 avril et fera l\u2019objet de la prochaine Assembl\u00e9e paroissiale.<\/p>\n\n\n\n<p class=\"has-medium-font-size\"><strong>Retour sur l\u2019Inter-EAP :<\/strong><\/p>\n\n\n\n<p>&nbsp;&nbsp;&nbsp;&nbsp;&nbsp;&nbsp;&nbsp;&nbsp;&nbsp;&nbsp;&nbsp; Nous sommes amen\u00e9s \u00e0 r\u00e9fl\u00e9chir sur ce qui caract\u00e9rise la sp\u00e9cificit\u00e9 de notre communaut\u00e9 paroissiale .<\/p>\n\n\n\n<p>L\u2019\u00e9glise est situ\u00e9e au sein d\u2019un quartier multiculturel \u00e0 forte implantation musulmane. Il est important de maintenir une pr\u00e9sence chr\u00e9tienne , t\u00e9moin et partie prenante de l\u2019histoire de ce quartier.<\/p>\n\n\n\n<p>&nbsp;Notre communaut\u00e9 est attach\u00e9e \u00e0 l\u2019esprit d\u2019accueil, la convivialit\u00e9 et la facilit\u00e9 des contacts entre le c\u00e9l\u00e9brant et l\u2019assembl\u00e9e avant et au cours de la messe, ce qui est fortement inscrit dans sa culture. L\u2019architecture du lieu y contribue.<\/p>\n\n\n\n<p>Une place importante est accord\u00e9e \u00e0 l\u2019\u00e9coute et au partage de la Parole , ce qui a impr\u00e9gn\u00e9 son histoire et r\u00e9v\u00e8le un attachement particulier.<\/p>\n\n\n\n<p>Nous conservons des liens \u00e9troits avec la paroisse de Shin Bong Dong, en Cor\u00e9e, lieu du martyre de St Pierre Auma\u00eetre,&nbsp; avec laquelle nous sommes jumel\u00e9s.<\/p>\n\n\n\n<p class=\"has-medium-font-size\"><strong>Reprise du cercle au moment du Notre P\u00e8re et de la Communion :<\/strong><\/p>\n\n\n\n<p>&nbsp;&nbsp;&nbsp;&nbsp;&nbsp;&nbsp;&nbsp;&nbsp;&nbsp;&nbsp;&nbsp; Il est encore trop t\u00f4t pour reprendre cette disposition, compte-tenu des conditions &nbsp;&nbsp;&nbsp;&nbsp;&nbsp;&nbsp; sanitaires actuelles. Par ailleurs, il est souhait\u00e9 de ne pas le faire de fa\u00e7on syst\u00e9matique.<\/p>\n\n\n\n<p class=\"has-medium-font-size\"><strong>Nettoyage de la fa\u00e7ade :<\/strong><\/p>\n\n\n\n<p>&nbsp;&nbsp;&nbsp;&nbsp;&nbsp;&nbsp;&nbsp;&nbsp;&nbsp;&nbsp;&nbsp; Le produit est disponible. Il faudrait 3 ou 4 personnes pour proc\u00e9der au nettoyage.<\/p>\n\n\n\n<p>&nbsp;&nbsp;&nbsp;&nbsp;&nbsp;&nbsp;&nbsp;&nbsp;&nbsp;&nbsp;&nbsp; La soci\u00e9t\u00e9 Maudet est venue sur place et va proposer un devis pour le signalement de l\u2019\u00e9glise en remplacement du panneau existant.<\/p>\n\n\n\n<p class=\"has-medium-font-size\"><strong>Nettoyage des vitraux :<\/strong><\/p>\n\n\n\n<p>&nbsp;&nbsp;&nbsp;&nbsp;&nbsp;&nbsp;&nbsp;&nbsp;&nbsp;&nbsp;&nbsp; Il est pr\u00e9vu d\u2019appeler, Kim En Joong pour demander conseil afin de proc\u00e9der au nettoyage.<\/p>\n\n\n\n<p><strong>A noter :<\/strong> annoncer la repr\u00e9sentation de la pi\u00e8ce de th\u00e9\u00e2tre \u00ab&nbsp;Pardon ?&nbsp;\u00bb le 29 mars et proposer d\u2019organiser un co-voiturage \u00e0 la sortie de la messe.<\/p>\n\n\n\n<p class=\"has-medium-font-size\"><strong>Dates \u00e0 retenir :<\/strong><\/p>\n\n\n\n<p>Pr\u00e9paration de la prochaine Assembl\u00e9e Paroissiale : <strong>mercredi 20 avril \u00e0 19h15;<\/strong><\/p>\n\n\n\n<p>Assembl\u00e9e Paroissiale : <strong>dimanche 15 mai \u00e0 10h30<\/strong><\/p>\n","protected":false},"excerpt":{"rendered":"<p>COMPTE-RENDU EAP ST JEAN BAPTISTE 23 MARS 2022 \u00c9taient pr\u00e9sents : &nbsp;&nbsp;&nbsp;&nbsp;&nbsp;&nbsp;&nbsp;&nbsp;&nbsp;&nbsp;&nbsp; Nelly Dufet, Genevi\u00e8ve et Bruno Lachavanne, Annie Scheid, Monique Saintot Excus\u00e9s : Denis Trinez, William Andreo L\u2019ordre du jour \u00e9tait : &nbsp;&nbsp;&nbsp;&nbsp;&nbsp;&nbsp;&nbsp;&nbsp;&nbsp;&nbsp;&nbsp; Retour sur l\u2019Assembl\u00e9e paroissiale (suite \u00e0 donner, propositions) &nbsp;&nbsp;&nbsp;&nbsp;&nbsp;&nbsp;&nbsp;&nbsp;&nbsp;&nbsp;&nbsp; Retour sur l\u2019inter EAP (sp\u00e9cificit\u00e9s de notre communaut\u00e9, r\u00e9flexion sur l\u2019unit\u00e9, se [&hellip;]<\/p>\n","protected":false},"author":22,"featured_media":7773,"comment_status":"open","ping_status":"open","sticky":false,"template":"","format":"standard","meta":{"_acf_changed":false,"paroisse":["0"],"service":["0"],"footnotes":""},"categories":[1],"tags":[],"class_list":["post-16460","post","type-post","status-publish","format-standard","has-post-thumbnail","hentry","category-actualites"],"acf":[],"yoast_head":"<!-- This site is optimized with the Yoast SEO plugin v27.1.1 - https:\/\/yoast.com\/product\/yoast-seo-wordpress\/ -->\n<title>\u00c9chos de la rencontre de l&#039;EAP Saint Jean Baptite du 23\/03\/2022 - Doyenn\u00e9 Grand Angoul\u00eame<\/title>\n<meta name=\"robots\" content=\"index, follow, max-snippet:-1, max-image-preview:large, max-video-preview:-1\" \/>\n<link rel=\"canonical\" href=\"https:\/\/charente.catholique.fr\/grand-angouleme\/actualites\/echos-de-la-rencontre-de-leap-saint-jean-baptite-du-23-03-2022\/\" \/>\n<meta property=\"og:locale\" content=\"fr_FR\" \/>\n<meta property=\"og:type\" content=\"article\" \/>\n<meta property=\"og:title\" content=\"\u00c9chos de la rencontre de l&#039;EAP Saint Jean Baptite du 23\/03\/2022 - Doyenn\u00e9 Grand Angoul\u00eame\" \/>\n<meta property=\"og:description\" content=\"COMPTE-RENDU EAP ST JEAN BAPTISTE 23 MARS 2022 \u00c9taient pr\u00e9sents : &nbsp;&nbsp;&nbsp;&nbsp;&nbsp;&nbsp;&nbsp;&nbsp;&nbsp;&nbsp;&nbsp; Nelly Dufet, Genevi\u00e8ve et Bruno Lachavanne, Annie Scheid, Monique Saintot Excus\u00e9s : Denis Trinez, William Andreo L\u2019ordre du jour \u00e9tait : &nbsp;&nbsp;&nbsp;&nbsp;&nbsp;&nbsp;&nbsp;&nbsp;&nbsp;&nbsp;&nbsp; Retour sur l\u2019Assembl\u00e9e paroissiale (suite \u00e0 donner, propositions) &nbsp;&nbsp;&nbsp;&nbsp;&nbsp;&nbsp;&nbsp;&nbsp;&nbsp;&nbsp;&nbsp; Retour sur l\u2019inter EAP (sp\u00e9cificit\u00e9s de notre communaut\u00e9, r\u00e9flexion sur l\u2019unit\u00e9, se [&hellip;]\" \/>\n<meta property=\"og:url\" content=\"https:\/\/charente.catholique.fr\/grand-angouleme\/actualites\/echos-de-la-rencontre-de-leap-saint-jean-baptite-du-23-03-2022\/\" \/>\n<meta property=\"og:site_name\" content=\"Doyenn\u00e9 Grand Angoul\u00eame\" \/>\n<meta property=\"article:publisher\" content=\"https:\/\/www.facebook.com\/EgliseCatholiqueCharente\" \/>\n<meta property=\"article:published_time\" content=\"2022-03-26T17:54:12+00:00\" \/>\n<meta property=\"article:modified_time\" content=\"2022-03-26T17:54:13+00:00\" \/>\n<meta property=\"og:image\" content=\"https:\/\/charente.catholique.fr\/grand-angouleme\/wp-content\/uploads\/sites\/2\/2021\/11\/arton1969-9181d.jpg\" \/>\n\t<meta property=\"og:image:width\" content=\"200\" \/>\n\t<meta property=\"og:image:height\" content=\"200\" \/>\n\t<meta property=\"og:image:type\" content=\"image\/jpeg\" \/>\n<meta name=\"author\" content=\"Janine Laborde\" \/>\n<meta name=\"twitter:card\" content=\"summary_large_image\" \/>\n<meta name=\"twitter:creator\" content=\"@diocesecharente\" \/>\n<meta name=\"twitter:site\" content=\"@diocesecharente\" \/>\n<meta name=\"twitter:label1\" content=\"\u00c9crit par\" \/>\n\t<meta name=\"twitter:data1\" content=\"Janine Laborde\" \/>\n\t<meta name=\"twitter:label2\" content=\"Dur\u00e9e de lecture estim\u00e9e\" \/>\n\t<meta name=\"twitter:data2\" content=\"4 minutes\" \/>\n<script type=\"application\/ld+json\" class=\"yoast-schema-graph\">{\"@context\":\"https:\/\/schema.org\",\"@graph\":[{\"@type\":\"Article\",\"@id\":\"https:\/\/charente.catholique.fr\/grand-angouleme\/actualites\/echos-de-la-rencontre-de-leap-saint-jean-baptite-du-23-03-2022\/#article\",\"isPartOf\":{\"@id\":\"https:\/\/charente.catholique.fr\/grand-angouleme\/actualites\/echos-de-la-rencontre-de-leap-saint-jean-baptite-du-23-03-2022\/\"},\"author\":{\"name\":\"Janine Laborde\",\"@id\":\"https:\/\/charente.catholique.fr\/grand-angouleme\/#\/schema\/person\/898f693d8a5f95b1bf02828f73967b47\"},\"headline\":\"\u00c9chos de la rencontre de l&#8217;EAP Saint Jean Baptite du 23\/03\/2022\",\"datePublished\":\"2022-03-26T17:54:12+00:00\",\"dateModified\":\"2022-03-26T17:54:13+00:00\",\"mainEntityOfPage\":{\"@id\":\"https:\/\/charente.catholique.fr\/grand-angouleme\/actualites\/echos-de-la-rencontre-de-leap-saint-jean-baptite-du-23-03-2022\/\"},\"wordCount\":1104,\"commentCount\":0,\"publisher\":{\"@id\":\"https:\/\/charente.catholique.fr\/grand-angouleme\/#organization\"},\"image\":{\"@id\":\"https:\/\/charente.catholique.fr\/grand-angouleme\/actualites\/echos-de-la-rencontre-de-leap-saint-jean-baptite-du-23-03-2022\/#primaryimage\"},\"thumbnailUrl\":\"https:\/\/charente.catholique.fr\/grand-angouleme\/wp-content\/uploads\/sites\/2\/2021\/11\/arton1969-9181d.jpg\",\"articleSection\":[\"Actualit\u00e9s\"],\"inLanguage\":\"fr-FR\",\"potentialAction\":[{\"@type\":\"CommentAction\",\"name\":\"Comment\",\"target\":[\"https:\/\/charente.catholique.fr\/grand-angouleme\/actualites\/echos-de-la-rencontre-de-leap-saint-jean-baptite-du-23-03-2022\/#respond\"]}]},{\"@type\":\"WebPage\",\"@id\":\"https:\/\/charente.catholique.fr\/grand-angouleme\/actualites\/echos-de-la-rencontre-de-leap-saint-jean-baptite-du-23-03-2022\/\",\"url\":\"https:\/\/charente.catholique.fr\/grand-angouleme\/actualites\/echos-de-la-rencontre-de-leap-saint-jean-baptite-du-23-03-2022\/\",\"name\":\"\u00c9chos de la rencontre de l'EAP Saint Jean Baptite du 23\/03\/2022 - Doyenn\u00e9 Grand Angoul\u00eame\",\"isPartOf\":{\"@id\":\"https:\/\/charente.catholique.fr\/grand-angouleme\/#website\"},\"primaryImageOfPage\":{\"@id\":\"https:\/\/charente.catholique.fr\/grand-angouleme\/actualites\/echos-de-la-rencontre-de-leap-saint-jean-baptite-du-23-03-2022\/#primaryimage\"},\"image\":{\"@id\":\"https:\/\/charente.catholique.fr\/grand-angouleme\/actualites\/echos-de-la-rencontre-de-leap-saint-jean-baptite-du-23-03-2022\/#primaryimage\"},\"thumbnailUrl\":\"https:\/\/charente.catholique.fr\/grand-angouleme\/wp-content\/uploads\/sites\/2\/2021\/11\/arton1969-9181d.jpg\",\"datePublished\":\"2022-03-26T17:54:12+00:00\",\"dateModified\":\"2022-03-26T17:54:13+00:00\",\"breadcrumb\":{\"@id\":\"https:\/\/charente.catholique.fr\/grand-angouleme\/actualites\/echos-de-la-rencontre-de-leap-saint-jean-baptite-du-23-03-2022\/#breadcrumb\"},\"inLanguage\":\"fr-FR\",\"potentialAction\":[{\"@type\":\"ReadAction\",\"target\":[\"https:\/\/charente.catholique.fr\/grand-angouleme\/actualites\/echos-de-la-rencontre-de-leap-saint-jean-baptite-du-23-03-2022\/\"]}]},{\"@type\":\"ImageObject\",\"inLanguage\":\"fr-FR\",\"@id\":\"https:\/\/charente.catholique.fr\/grand-angouleme\/actualites\/echos-de-la-rencontre-de-leap-saint-jean-baptite-du-23-03-2022\/#primaryimage\",\"url\":\"https:\/\/charente.catholique.fr\/grand-angouleme\/wp-content\/uploads\/sites\/2\/2021\/11\/arton1969-9181d.jpg\",\"contentUrl\":\"https:\/\/charente.catholique.fr\/grand-angouleme\/wp-content\/uploads\/sites\/2\/2021\/11\/arton1969-9181d.jpg\",\"width\":200,\"height\":200},{\"@type\":\"BreadcrumbList\",\"@id\":\"https:\/\/charente.catholique.fr\/grand-angouleme\/actualites\/echos-de-la-rencontre-de-leap-saint-jean-baptite-du-23-03-2022\/#breadcrumb\",\"itemListElement\":[{\"@type\":\"ListItem\",\"position\":1,\"name\":\"Accueil\",\"item\":\"https:\/\/charente.catholique.fr\/grand-angouleme\/\"},{\"@type\":\"ListItem\",\"position\":2,\"name\":\"\u00c9chos de la rencontre de l&#8217;EAP Saint Jean Baptite du 23\/03\/2022\"}]},{\"@type\":\"WebSite\",\"@id\":\"https:\/\/charente.catholique.fr\/grand-angouleme\/#website\",\"url\":\"https:\/\/charente.catholique.fr\/grand-angouleme\/\",\"name\":\"Doyenn\u00e9 Grand Angoul\u00eame - Dioc\u00e8se d'Angoul\u00eame\",\"description\":\"Dioc\u00e8se d&#039;Angoul\u00eame\",\"publisher\":{\"@id\":\"https:\/\/charente.catholique.fr\/grand-angouleme\/#organization\"},\"potentialAction\":[{\"@type\":\"SearchAction\",\"target\":{\"@type\":\"EntryPoint\",\"urlTemplate\":\"https:\/\/charente.catholique.fr\/grand-angouleme\/?s={search_term_string}\"},\"query-input\":{\"@type\":\"PropertyValueSpecification\",\"valueRequired\":true,\"valueName\":\"search_term_string\"}}],\"inLanguage\":\"fr-FR\"},{\"@type\":\"Organization\",\"@id\":\"https:\/\/charente.catholique.fr\/grand-angouleme\/#organization\",\"name\":\"Association Dioc\u00e9saine d'Angoul\u00eame\",\"url\":\"https:\/\/charente.catholique.fr\/grand-angouleme\/\",\"logo\":{\"@type\":\"ImageObject\",\"inLanguage\":\"fr-FR\",\"@id\":\"https:\/\/charente.catholique.fr\/grand-angouleme\/#\/schema\/logo\/image\/\",\"url\":\"https:\/\/charente.catholique.fr\/grand-angouleme\/wp-content\/uploads\/sites\/2\/2020\/10\/logos.png\",\"contentUrl\":\"https:\/\/charente.catholique.fr\/grand-angouleme\/wp-content\/uploads\/sites\/2\/2020\/10\/logos.png\",\"width\":600,\"height\":257,\"caption\":\"Association Dioc\u00e9saine d'Angoul\u00eame\"},\"image\":{\"@id\":\"https:\/\/charente.catholique.fr\/grand-angouleme\/#\/schema\/logo\/image\/\"},\"sameAs\":[\"https:\/\/www.facebook.com\/EgliseCatholiqueCharente\",\"https:\/\/x.com\/diocesecharente\",\"https:\/\/www.instagram.com\/eglisecharente\",\"https:\/\/www.youtube.com\/channel\/UCByyFWApZbw3gDTiADoiAaQ\"]},{\"@type\":\"Person\",\"@id\":\"https:\/\/charente.catholique.fr\/grand-angouleme\/#\/schema\/person\/898f693d8a5f95b1bf02828f73967b47\",\"name\":\"Janine Laborde\",\"image\":{\"@type\":\"ImageObject\",\"inLanguage\":\"fr-FR\",\"@id\":\"https:\/\/charente.catholique.fr\/grand-angouleme\/#\/schema\/person\/image\/\",\"url\":\"https:\/\/secure.gravatar.com\/avatar\/a8f3185ff2f6cee7d79c60e904004ccb6107bdc3e38d176acfc1ee42b62a994e?s=96&d=mm&r=g\",\"contentUrl\":\"https:\/\/secure.gravatar.com\/avatar\/a8f3185ff2f6cee7d79c60e904004ccb6107bdc3e38d176acfc1ee42b62a994e?s=96&d=mm&r=g\",\"caption\":\"Janine Laborde\"},\"url\":\"https:\/\/charente.catholique.fr\/grand-angouleme\/author\/janinelaborde\/\"}]}<\/script>\n<!-- \/ Yoast SEO plugin. -->","yoast_head_json":{"title":"\u00c9chos de la rencontre de l'EAP Saint Jean Baptite du 23\/03\/2022 - Doyenn\u00e9 Grand Angoul\u00eame","robots":{"index":"index","follow":"follow","max-snippet":"max-snippet:-1","max-image-preview":"max-image-preview:large","max-video-preview":"max-video-preview:-1"},"canonical":"https:\/\/charente.catholique.fr\/grand-angouleme\/actualites\/echos-de-la-rencontre-de-leap-saint-jean-baptite-du-23-03-2022\/","og_locale":"fr_FR","og_type":"article","og_title":"\u00c9chos de la rencontre de l'EAP Saint Jean Baptite du 23\/03\/2022 - Doyenn\u00e9 Grand Angoul\u00eame","og_description":"COMPTE-RENDU EAP ST JEAN BAPTISTE 23 MARS 2022 \u00c9taient pr\u00e9sents : &nbsp;&nbsp;&nbsp;&nbsp;&nbsp;&nbsp;&nbsp;&nbsp;&nbsp;&nbsp;&nbsp; Nelly Dufet, Genevi\u00e8ve et Bruno Lachavanne, Annie Scheid, Monique Saintot Excus\u00e9s : Denis Trinez, William Andreo L\u2019ordre du jour \u00e9tait : &nbsp;&nbsp;&nbsp;&nbsp;&nbsp;&nbsp;&nbsp;&nbsp;&nbsp;&nbsp;&nbsp; Retour sur l\u2019Assembl\u00e9e paroissiale (suite \u00e0 donner, propositions) &nbsp;&nbsp;&nbsp;&nbsp;&nbsp;&nbsp;&nbsp;&nbsp;&nbsp;&nbsp;&nbsp; Retour sur l\u2019inter EAP (sp\u00e9cificit\u00e9s de notre communaut\u00e9, r\u00e9flexion sur l\u2019unit\u00e9, se [&hellip;]","og_url":"https:\/\/charente.catholique.fr\/grand-angouleme\/actualites\/echos-de-la-rencontre-de-leap-saint-jean-baptite-du-23-03-2022\/","og_site_name":"Doyenn\u00e9 Grand Angoul\u00eame","article_publisher":"https:\/\/www.facebook.com\/EgliseCatholiqueCharente","article_published_time":"2022-03-26T17:54:12+00:00","article_modified_time":"2022-03-26T17:54:13+00:00","og_image":[{"width":200,"height":200,"url":"https:\/\/charente.catholique.fr\/grand-angouleme\/wp-content\/uploads\/sites\/2\/2021\/11\/arton1969-9181d.jpg","type":"image\/jpeg"}],"author":"Janine Laborde","twitter_card":"summary_large_image","twitter_creator":"@diocesecharente","twitter_site":"@diocesecharente","twitter_misc":{"\u00c9crit par":"Janine Laborde","Dur\u00e9e de lecture estim\u00e9e":"4 minutes"},"schema":{"@context":"https:\/\/schema.org","@graph":[{"@type":"Article","@id":"https:\/\/charente.catholique.fr\/grand-angouleme\/actualites\/echos-de-la-rencontre-de-leap-saint-jean-baptite-du-23-03-2022\/#article","isPartOf":{"@id":"https:\/\/charente.catholique.fr\/grand-angouleme\/actualites\/echos-de-la-rencontre-de-leap-saint-jean-baptite-du-23-03-2022\/"},"author":{"name":"Janine Laborde","@id":"https:\/\/charente.catholique.fr\/grand-angouleme\/#\/schema\/person\/898f693d8a5f95b1bf02828f73967b47"},"headline":"\u00c9chos de la rencontre de l&#8217;EAP Saint Jean Baptite du 23\/03\/2022","datePublished":"2022-03-26T17:54:12+00:00","dateModified":"2022-03-26T17:54:13+00:00","mainEntityOfPage":{"@id":"https:\/\/charente.catholique.fr\/grand-angouleme\/actualites\/echos-de-la-rencontre-de-leap-saint-jean-baptite-du-23-03-2022\/"},"wordCount":1104,"commentCount":0,"publisher":{"@id":"https:\/\/charente.catholique.fr\/grand-angouleme\/#organization"},"image":{"@id":"https:\/\/charente.catholique.fr\/grand-angouleme\/actualites\/echos-de-la-rencontre-de-leap-saint-jean-baptite-du-23-03-2022\/#primaryimage"},"thumbnailUrl":"https:\/\/charente.catholique.fr\/grand-angouleme\/wp-content\/uploads\/sites\/2\/2021\/11\/arton1969-9181d.jpg","articleSection":["Actualit\u00e9s"],"inLanguage":"fr-FR","potentialAction":[{"@type":"CommentAction","name":"Comment","target":["https:\/\/charente.catholique.fr\/grand-angouleme\/actualites\/echos-de-la-rencontre-de-leap-saint-jean-baptite-du-23-03-2022\/#respond"]}]},{"@type":"WebPage","@id":"https:\/\/charente.catholique.fr\/grand-angouleme\/actualites\/echos-de-la-rencontre-de-leap-saint-jean-baptite-du-23-03-2022\/","url":"https:\/\/charente.catholique.fr\/grand-angouleme\/actualites\/echos-de-la-rencontre-de-leap-saint-jean-baptite-du-23-03-2022\/","name":"\u00c9chos de la rencontre de l'EAP Saint Jean Baptite du 23\/03\/2022 - Doyenn\u00e9 Grand Angoul\u00eame","isPartOf":{"@id":"https:\/\/charente.catholique.fr\/grand-angouleme\/#website"},"primaryImageOfPage":{"@id":"https:\/\/charente.catholique.fr\/grand-angouleme\/actualites\/echos-de-la-rencontre-de-leap-saint-jean-baptite-du-23-03-2022\/#primaryimage"},"image":{"@id":"https:\/\/charente.catholique.fr\/grand-angouleme\/actualites\/echos-de-la-rencontre-de-leap-saint-jean-baptite-du-23-03-2022\/#primaryimage"},"thumbnailUrl":"https:\/\/charente.catholique.fr\/grand-angouleme\/wp-content\/uploads\/sites\/2\/2021\/11\/arton1969-9181d.jpg","datePublished":"2022-03-26T17:54:12+00:00","dateModified":"2022-03-26T17:54:13+00:00","breadcrumb":{"@id":"https:\/\/charente.catholique.fr\/grand-angouleme\/actualites\/echos-de-la-rencontre-de-leap-saint-jean-baptite-du-23-03-2022\/#breadcrumb"},"inLanguage":"fr-FR","potentialAction":[{"@type":"ReadAction","target":["https:\/\/charente.catholique.fr\/grand-angouleme\/actualites\/echos-de-la-rencontre-de-leap-saint-jean-baptite-du-23-03-2022\/"]}]},{"@type":"ImageObject","inLanguage":"fr-FR","@id":"https:\/\/charente.catholique.fr\/grand-angouleme\/actualites\/echos-de-la-rencontre-de-leap-saint-jean-baptite-du-23-03-2022\/#primaryimage","url":"https:\/\/charente.catholique.fr\/grand-angouleme\/wp-content\/uploads\/sites\/2\/2021\/11\/arton1969-9181d.jpg","contentUrl":"https:\/\/charente.catholique.fr\/grand-angouleme\/wp-content\/uploads\/sites\/2\/2021\/11\/arton1969-9181d.jpg","width":200,"height":200},{"@type":"BreadcrumbList","@id":"https:\/\/charente.catholique.fr\/grand-angouleme\/actualites\/echos-de-la-rencontre-de-leap-saint-jean-baptite-du-23-03-2022\/#breadcrumb","itemListElement":[{"@type":"ListItem","position":1,"name":"Accueil","item":"https:\/\/charente.catholique.fr\/grand-angouleme\/"},{"@type":"ListItem","position":2,"name":"\u00c9chos de la rencontre de l&#8217;EAP Saint Jean Baptite du 23\/03\/2022"}]},{"@type":"WebSite","@id":"https:\/\/charente.catholique.fr\/grand-angouleme\/#website","url":"https:\/\/charente.catholique.fr\/grand-angouleme\/","name":"Doyenn\u00e9 Grand Angoul\u00eame - Dioc\u00e8se d'Angoul\u00eame","description":"Dioc\u00e8se d&#039;Angoul\u00eame","publisher":{"@id":"https:\/\/charente.catholique.fr\/grand-angouleme\/#organization"},"potentialAction":[{"@type":"SearchAction","target":{"@type":"EntryPoint","urlTemplate":"https:\/\/charente.catholique.fr\/grand-angouleme\/?s={search_term_string}"},"query-input":{"@type":"PropertyValueSpecification","valueRequired":true,"valueName":"search_term_string"}}],"inLanguage":"fr-FR"},{"@type":"Organization","@id":"https:\/\/charente.catholique.fr\/grand-angouleme\/#organization","name":"Association Dioc\u00e9saine d'Angoul\u00eame","url":"https:\/\/charente.catholique.fr\/grand-angouleme\/","logo":{"@type":"ImageObject","inLanguage":"fr-FR","@id":"https:\/\/charente.catholique.fr\/grand-angouleme\/#\/schema\/logo\/image\/","url":"https:\/\/charente.catholique.fr\/grand-angouleme\/wp-content\/uploads\/sites\/2\/2020\/10\/logos.png","contentUrl":"https:\/\/charente.catholique.fr\/grand-angouleme\/wp-content\/uploads\/sites\/2\/2020\/10\/logos.png","width":600,"height":257,"caption":"Association Dioc\u00e9saine d'Angoul\u00eame"},"image":{"@id":"https:\/\/charente.catholique.fr\/grand-angouleme\/#\/schema\/logo\/image\/"},"sameAs":["https:\/\/www.facebook.com\/EgliseCatholiqueCharente","https:\/\/x.com\/diocesecharente","https:\/\/www.instagram.com\/eglisecharente","https:\/\/www.youtube.com\/channel\/UCByyFWApZbw3gDTiADoiAaQ"]},{"@type":"Person","@id":"https:\/\/charente.catholique.fr\/grand-angouleme\/#\/schema\/person\/898f693d8a5f95b1bf02828f73967b47","name":"Janine Laborde","image":{"@type":"ImageObject","inLanguage":"fr-FR","@id":"https:\/\/charente.catholique.fr\/grand-angouleme\/#\/schema\/person\/image\/","url":"https:\/\/secure.gravatar.com\/avatar\/a8f3185ff2f6cee7d79c60e904004ccb6107bdc3e38d176acfc1ee42b62a994e?s=96&d=mm&r=g","contentUrl":"https:\/\/secure.gravatar.com\/avatar\/a8f3185ff2f6cee7d79c60e904004ccb6107bdc3e38d176acfc1ee42b62a994e?s=96&d=mm&r=g","caption":"Janine Laborde"},"url":"https:\/\/charente.catholique.fr\/grand-angouleme\/author\/janinelaborde\/"}]}},"_links":{"self":[{"href":"https:\/\/charente.catholique.fr\/grand-angouleme\/wp-json\/wp\/v2\/posts\/16460","targetHints":{"allow":["GET"]}}],"collection":[{"href":"https:\/\/charente.catholique.fr\/grand-angouleme\/wp-json\/wp\/v2\/posts"}],"about":[{"href":"https:\/\/charente.catholique.fr\/grand-angouleme\/wp-json\/wp\/v2\/types\/post"}],"author":[{"embeddable":true,"href":"https:\/\/charente.catholique.fr\/grand-angouleme\/wp-json\/wp\/v2\/users\/22"}],"replies":[{"embeddable":true,"href":"https:\/\/charente.catholique.fr\/grand-angouleme\/wp-json\/wp\/v2\/comments?post=16460"}],"version-history":[{"count":1,"href":"https:\/\/charente.catholique.fr\/grand-angouleme\/wp-json\/wp\/v2\/posts\/16460\/revisions"}],"predecessor-version":[{"id":16461,"href":"https:\/\/charente.catholique.fr\/grand-angouleme\/wp-json\/wp\/v2\/posts\/16460\/revisions\/16461"}],"wp:featuredmedia":[{"embeddable":true,"href":"https:\/\/charente.catholique.fr\/grand-angouleme\/wp-json\/wp\/v2\/media\/7773"}],"wp:attachment":[{"href":"https:\/\/charente.catholique.fr\/grand-angouleme\/wp-json\/wp\/v2\/media?parent=16460"}],"wp:term":[{"taxonomy":"category","embeddable":true,"href":"https:\/\/charente.catholique.fr\/grand-angouleme\/wp-json\/wp\/v2\/categories?post=16460"},{"taxonomy":"post_tag","embeddable":true,"href":"https:\/\/charente.catholique.fr\/grand-angouleme\/wp-json\/wp\/v2\/tags?post=16460"}],"curies":[{"name":"wp","href":"https:\/\/api.w.org\/{rel}","templated":true}]}}