{"id":16293,"date":"2022-03-12T20:28:05","date_gmt":"2022-03-12T19:28:05","guid":{"rendered":"https:\/\/charente.catholique.fr\/grand-angouleme\/?p=16293"},"modified":"2022-03-16T19:36:11","modified_gmt":"2022-03-16T18:36:11","slug":"assemblee-paroissiale-a-saint-jean-baptiste","status":"publish","type":"post","link":"https:\/\/charente.catholique.fr\/grand-angouleme\/actualites\/assemblee-paroissiale-a-saint-jean-baptiste\/","title":{"rendered":"Assembl\u00e9e paroissiale \u00e0 Saint Jean Baptiste"},"content":{"rendered":"\n<p><strong>SYNTH<\/strong><strong>\u00c8<\/strong><strong>SE DE L<\/strong><strong>\u2019<\/strong><strong>ASSEMBL<\/strong><strong>\u00c9<\/strong><strong>E PAROISSIALE DE ST JEAN BAPTISTE<\/strong><\/p>\n\n\n\n<p><strong>DIMANCHE 6 MARS 2022<\/strong><\/p>\n\n\n\n<p>Au cours de la messe, apr\u00e8s la lecture de l\u2019\u00c9vangile, l\u2019assembl\u00e9e s\u2019est r\u00e9partie en groupes pour r\u00e9fl\u00e9chir et partager \u00e0 partir de 4 questions . Celles-ci avaient \u00e9t\u00e9 distribu\u00e9es au d\u00e9but de la messe.<\/p>\n\n\n\n<p>Avant d\u2019aborder le sujet du d\u00e9bat, chaque groupe a partag\u00e9 sur l\u2019\u00c9vangile durant une dizaine de minutes.<\/p>\n\n\n\n<p><strong>1\/ Quels sont les lieux de fraternit<\/strong><strong>\u00e9 <\/strong><strong>et&nbsp; d<\/strong><strong>\u2019<\/strong><strong>amiti<\/strong><strong>\u00e9 <\/strong><strong>qui me font vivre ?<\/strong><\/p>\n\n\n\n<p><strong>&nbsp;&nbsp;&nbsp;&nbsp; Ceux qui me manquent ?<\/strong><\/p>\n\n\n\n<p>\u00a0\u00a0\u00a0\u00a0\u00a0\u00a0\u00a0\u00a0 En tout premier lieu, arrive\u00a0 la famille. Vient juste derri\u00e8re, la paroisse avec ses diverses propositions : Les groupes de pri\u00e8re et de r\u00e9flexion\u00a0 tels que\u00a0 la pri\u00e8re    des m\u00e8res, les \u00e9quipes liturgiques, les \u00e9quipes deuil, les groupes Bible\u2026.). les mouvements chr\u00e9tiens, (Croire en Libert\u00e9, ACAT et autres ).<\/p>\n\n\n\n<p>&nbsp;&nbsp;&nbsp;&nbsp;&nbsp;&nbsp;&nbsp;&nbsp; Le temps pr\u00e9c\u00e9dant la messe comme le temps qui suit, est tr\u00e8s appr\u00e9ci\u00e9 et v\u00e9cu comme un moment de fraternit\u00e9 privil\u00e9gi\u00e9.<\/p>\n\n\n\n<p>&nbsp;&nbsp;&nbsp;&nbsp;&nbsp;&nbsp;&nbsp;&nbsp; Toujours dans le cadre de la vie chr\u00e9tienne, sont \u00e9voqu\u00e9s les temps v\u00e9cus \u00e0 Lourdes (p\u00e8lerinage, service des malades), les contacts avec la Maison d\u2019Arr\u00eat.<\/p>\n\n\n\n<p>&nbsp;&nbsp;&nbsp;&nbsp;&nbsp;&nbsp;&nbsp;&nbsp; Sont mentionn\u00e9s ensuite, les groupes associatifs : art floral, groupes de lecture, le sport, \u2026, puis les relations de voisinage, l\u2019\u00e9cole et les grandes surfaces o\u00f9 l\u2019on rencontre des connaissances \u00e0 l\u2019occasion de courses.<\/p>\n\n\n\n<p class=\"has-text-align-left\">\u00a0\u00a0\u00a0\u00a0\u00a0\u00a0\u00a0\u00a0 Ce qui se vit en dehors de la paroisse (vie associative la\u00efque) semble tenir peu de place. Cela ne signifie pas que ces temps partag\u00e9s n\u2019existent pas, mais refl\u00e8te            peut \u00eatre une r\u00e9serve \u00e0 livrer ce que nous ressentons, aimons et vivons en dehors de l\u2019\u00c9glise.<\/p>\n\n\n\n<p><strong>Les manques :<\/strong><\/p>\n\n\n\n<p>&nbsp;&nbsp;&nbsp;&nbsp;&nbsp;&nbsp;&nbsp;&nbsp; La p\u00e9riode de restrictions sanitaires dues au COVID a r\u00e9v\u00e9l\u00e9 un certain nombre de manques : les temps festifs, les repas pris en commun, les voyages, les Dimanches Autrement\u2026.Ce qui nous semblait presque banal s\u2019est r\u00e9v\u00e9l\u00e9 pr\u00e9cieux.<\/p>\n\n\n\n<p>\u00a0\u00a0\u00a0\u00a0\u00a0\u00a0\u00a0\u00a0 Le d\u00e9sir de partager davantage en profondeur dans la liturgie, de reprendre les r\u00e9flexions sur l\u2019\u00c9vangile une semaine apr\u00e8s pour exprimer ce que cela a chang\u00e9 dans notre vie, de renforcer la vie communautaire avec davantage de temps conviviaux est \u00e9voqu\u00e9 \u00e0 plusieurs reprises.<\/p>\n\n\n\n<p><strong>2\/ Dans la vie de la communaut<\/strong><strong>\u00e9 <\/strong><strong>paroissiale de ST Jean Baptiste, quels sont les moments de fraternit<\/strong><strong>\u00e9 <\/strong><strong>et d<\/strong><strong>\u2019<\/strong><strong>amiti<\/strong><strong>\u00e9 <\/strong><strong>?<\/strong><\/p>\n\n\n\n<p>&nbsp;&nbsp;&nbsp;&nbsp;&nbsp;&nbsp;&nbsp;&nbsp; La messe tient une grande place. Cela comprend les temps de pr\u00e9paration, liturgique , de fleurissement de l\u2019\u00e9glise, de la pr\u00e9paration de l\u2019autel, de&nbsp; partage de l\u2019Evangile, de r\u00e9p\u00e9tions de chants, d\u2019\u00e9changes de nouvelles avant et apr\u00e8s la c\u00e9l\u00e9bration. La messe du mercredi soir constitue un moment de partage privil\u00e9gi\u00e9, les temps de pri\u00e8re propos\u00e9s au moment d\u2019\u00e9v\u00e8nements tragiques(catastrophes naturelles, guerres\u2026.)<\/p>\n\n\n\n<p>&nbsp;&nbsp;&nbsp;&nbsp;&nbsp;&nbsp;&nbsp;&nbsp; Autres moments de fraternit\u00e9 : les rencontres avec les familles pour pr\u00e9parer un bapt\u00eame ou bien une c\u00e9l\u00e9bration d\u2019obs\u00e8ques, les Assembl\u00e9es Paroissiales, les rencontres de cat\u00e9ch\u00e8se et d\u2019\u00e9veil \u00e0 la foi, les groupes de pri\u00e8re (Rosaire, Pri\u00e8re des M\u00e8res\u2026) , la sortie paroissiale.<\/p>\n\n\n\n<p>&nbsp;&nbsp;&nbsp;&nbsp;&nbsp;&nbsp;&nbsp;&nbsp; Sont \u00e9galement \u00e9voqu\u00e9s, les visites \u00e0 l\u2019Ehpad et \u00e0 la Maison d\u2019Arr\u00eat.<\/p>\n\n\n\n<p>Les temps de fraternit\u00e9 partag\u00e9s avec la \u00ab&nbsp;paroisse soeur&nbsp;\u00bb de Ma Campagne n\u2019ont pas \u00e9t\u00e9 \u00e9voqu\u00e9s.<\/p>\n\n\n\n<p><strong>3\/Comment, concr<\/strong><strong>\u00e8<\/strong><strong>tement rendre notre communaut<\/strong><strong>\u00e9 <\/strong><strong>plus fraternelle ?<\/strong><\/p>\n\n\n\n<p>&nbsp;&nbsp;&nbsp;&nbsp;&nbsp;&nbsp;&nbsp;&nbsp; Cela passe par la relation entre les personnes :<\/p>\n\n\n\n<p>&nbsp;&nbsp;&nbsp;&nbsp;&nbsp;&nbsp;&nbsp;&nbsp; &nbsp;&nbsp;&nbsp;&nbsp;&nbsp;&nbsp;&nbsp;&nbsp; Prendre des nouvelles les uns les autres, oser demander des services, \u00e9changer des num\u00e9ros de t\u00e9l\u00e9phone, solliciter les bonnes volont\u00e9s pour des actions ponctuelles.<\/p>\n\n\n\n<p>&nbsp;&nbsp;&nbsp;&nbsp;&nbsp;&nbsp;&nbsp;&nbsp; &nbsp;&nbsp;&nbsp;&nbsp;&nbsp;&nbsp;&nbsp; Organiser une sortie paroissiale ouverte aux personnes du quartier. (pas de type p\u00e8lerinage)<\/p>\n\n\n\n<p>&nbsp;&nbsp;&nbsp;&nbsp;&nbsp;&nbsp;&nbsp;&nbsp; &nbsp;&nbsp;&nbsp;&nbsp;&nbsp;&nbsp;&nbsp; Organiser un espace caf\u00e9 sur le parvis de l\u2019\u00e9glise les jours de march\u00e9.<\/p>\n\n\n\n<p>&nbsp;&nbsp;&nbsp;&nbsp;&nbsp;&nbsp;&nbsp;&nbsp; Mettre l\u2019accent sur les temps conviviaux :<\/p>\n\n\n\n<p>&nbsp;&nbsp;&nbsp;&nbsp;&nbsp;&nbsp;&nbsp;&nbsp; &nbsp;&nbsp;&nbsp;&nbsp;&nbsp;&nbsp;&nbsp;&nbsp; Multiplier les temps de rencontre et de sorties,<\/p>\n\n\n\n<p>&nbsp;&nbsp;&nbsp;&nbsp;&nbsp;&nbsp;&nbsp;&nbsp;&nbsp;&nbsp;&nbsp;&nbsp;&nbsp;&nbsp;&nbsp;&nbsp;&nbsp; Se retrouver pour faire des choses ensemble : m\u00e9nage, groupe de lecture, rallye, speed dating, jeux \u2026<\/p>\n\n\n\n<p>&nbsp;&nbsp;&nbsp;&nbsp;&nbsp;&nbsp;&nbsp;&nbsp; &nbsp;&nbsp;&nbsp;&nbsp;&nbsp;&nbsp;&nbsp; Continuer \u00e0 ouvrir la liturgie : De temps en temps confier l\u2019hom\u00e9lie \u00e0 une autre personne que le pr\u00eatre.<\/p>\n\n\n\n<p>&nbsp;&nbsp;&nbsp;&nbsp;&nbsp;&nbsp;&nbsp;&nbsp; &nbsp;&nbsp;&nbsp;&nbsp;&nbsp;&nbsp;&nbsp;&nbsp; Relancer l\u2019appel pour le nettoyage de la fa\u00e7ade\u2026 en faisant prendre conscience de la responsabilit\u00e9 de chacun, tout en \u00e9vitant l\u2019impression d\u2019engagement contraint.<\/p>\n\n\n\n<p>&nbsp;&nbsp;&nbsp;&nbsp;&nbsp;&nbsp;&nbsp;&nbsp; La relation avec le pr\u00eatre :<\/p>\n\n\n\n<p>\u00a0\u00a0\u00a0\u00a0\u00a0\u00a0\u00a0\u00a0 \u00a0\u00a0\u00a0\u00a0\u00a0\u00a0\u00a0\u00a0 \u00c9largir la co-responsabilit\u00e9 afin de soulager le pr\u00eatre qui doit assurer un grand nombre de services.<\/p>\n\n\n\n<p><strong>4\/ Comment <\/strong><strong>\u00e9<\/strong><strong>tendre cette fraternit<\/strong><strong>\u00e9 <\/strong><strong>au-del<\/strong><strong>\u00e0 <\/strong><strong>des limites visibles de notre communaut<\/strong><strong>\u00e9 <\/strong><strong>(Ehpad, Mosqu<\/strong><strong>\u00e9<\/strong><strong>e, personnes isol<\/strong><strong>\u00e9<\/strong><strong>es )<\/strong><\/p>\n\n\n\n<p>&nbsp;&nbsp;&nbsp;&nbsp;&nbsp;&nbsp;&nbsp;&nbsp; Par le suivi des personnes que l\u2019on ne voit plus :<\/p>\n\n\n\n<p>&nbsp;&nbsp;&nbsp;&nbsp;&nbsp;&nbsp;&nbsp;&nbsp; &nbsp;&nbsp;&nbsp;&nbsp;&nbsp;&nbsp; Constituer un carnet d\u2019adresses t\u00e9l\u00e9phoniques afin de pouvoir contacter les personnes qui ne peuvent plus se d\u00e9placer. Proposer des visites .Organiser des temps de pri\u00e8re pour les personnes isol\u00e9es ou malades. Solliciter des personnes pouvant tenir le r\u00f4le de relais aupr\u00e8s des familles de baptis\u00e9s ou endeuill\u00e9es.<\/p>\n\n\n\n<p>&nbsp;&nbsp;&nbsp;&nbsp;&nbsp;&nbsp;&nbsp;&nbsp; Par un plus grande pr\u00e9sence au sein du quartier :<\/p>\n\n\n\n<p>&nbsp;&nbsp;&nbsp;&nbsp;&nbsp;&nbsp;&nbsp;&nbsp; &nbsp;&nbsp;&nbsp;&nbsp;&nbsp;&nbsp;&nbsp; Participer \u00e0 des actions sociales. D\u00e9velopper les liens avec Mosa\u00efque (MJC). Rencontrer les commer\u00e7ants et les gens du quartier au moment des grandes f\u00eates. Se rapprocher de la Mosqu\u00e9e pour proposer de partager un texte commun.<\/p>\n\n\n\n<p>\u00catre pr\u00e9sence de Dieu au sein du quartier, sans juger. \u00catre en relation avec la soci\u00e9t\u00e9, accueillir les personnes dans leur histoire, en toute humilit\u00e9.<\/p>\n","protected":false},"excerpt":{"rendered":"<p>SYNTH\u00c8SE DE L\u2019ASSEMBL\u00c9E PAROISSIALE DE ST JEAN BAPTISTE DIMANCHE 6 MARS 2022 Au cours de la messe, apr\u00e8s la lecture de l\u2019\u00c9vangile, l\u2019assembl\u00e9e s\u2019est r\u00e9partie en groupes pour r\u00e9fl\u00e9chir et partager \u00e0 partir de 4 questions . Celles-ci avaient \u00e9t\u00e9 distribu\u00e9es au d\u00e9but de la messe. Avant d\u2019aborder le sujet du d\u00e9bat, chaque groupe a [&hellip;]<\/p>\n","protected":false},"author":22,"featured_media":7773,"comment_status":"open","ping_status":"open","sticky":false,"template":"","format":"standard","meta":{"_acf_changed":false,"paroisse":["0"],"service":["0"],"footnotes":""},"categories":[1],"tags":[],"class_list":["post-16293","post","type-post","status-publish","format-standard","has-post-thumbnail","hentry","category-actualites"],"acf":[],"yoast_head":"<!-- This site is optimized with the Yoast SEO plugin v27.1.1 - https:\/\/yoast.com\/product\/yoast-seo-wordpress\/ -->\n<title>Assembl\u00e9e paroissiale \u00e0 Saint Jean Baptiste - Doyenn\u00e9 Grand Angoul\u00eame<\/title>\n<meta name=\"robots\" content=\"index, follow, max-snippet:-1, max-image-preview:large, max-video-preview:-1\" \/>\n<link rel=\"canonical\" href=\"https:\/\/charente.catholique.fr\/grand-angouleme\/actualites\/assemblee-paroissiale-a-saint-jean-baptiste\/\" \/>\n<meta property=\"og:locale\" content=\"fr_FR\" \/>\n<meta property=\"og:type\" content=\"article\" \/>\n<meta property=\"og:title\" content=\"Assembl\u00e9e paroissiale \u00e0 Saint Jean Baptiste - Doyenn\u00e9 Grand Angoul\u00eame\" \/>\n<meta property=\"og:description\" content=\"SYNTH\u00c8SE DE L\u2019ASSEMBL\u00c9E PAROISSIALE DE ST JEAN BAPTISTE DIMANCHE 6 MARS 2022 Au cours de la messe, apr\u00e8s la lecture de l\u2019\u00c9vangile, l\u2019assembl\u00e9e s\u2019est r\u00e9partie en groupes pour r\u00e9fl\u00e9chir et partager \u00e0 partir de 4 questions . Celles-ci avaient \u00e9t\u00e9 distribu\u00e9es au d\u00e9but de la messe. Avant d\u2019aborder le sujet du d\u00e9bat, chaque groupe a [&hellip;]\" \/>\n<meta property=\"og:url\" content=\"https:\/\/charente.catholique.fr\/grand-angouleme\/actualites\/assemblee-paroissiale-a-saint-jean-baptiste\/\" \/>\n<meta property=\"og:site_name\" content=\"Doyenn\u00e9 Grand Angoul\u00eame\" \/>\n<meta property=\"article:publisher\" content=\"https:\/\/www.facebook.com\/EgliseCatholiqueCharente\" \/>\n<meta property=\"article:published_time\" content=\"2022-03-12T19:28:05+00:00\" \/>\n<meta property=\"article:modified_time\" content=\"2022-03-16T18:36:11+00:00\" \/>\n<meta property=\"og:image\" content=\"https:\/\/charente.catholique.fr\/grand-angouleme\/wp-content\/uploads\/sites\/2\/2021\/11\/arton1969-9181d.jpg\" \/>\n\t<meta property=\"og:image:width\" content=\"200\" \/>\n\t<meta property=\"og:image:height\" content=\"200\" \/>\n\t<meta property=\"og:image:type\" content=\"image\/jpeg\" \/>\n<meta name=\"author\" content=\"Janine Laborde\" \/>\n<meta name=\"twitter:card\" content=\"summary_large_image\" \/>\n<meta name=\"twitter:creator\" content=\"@diocesecharente\" \/>\n<meta name=\"twitter:site\" content=\"@diocesecharente\" \/>\n<meta name=\"twitter:label1\" content=\"\u00c9crit par\" \/>\n\t<meta name=\"twitter:data1\" content=\"Janine Laborde\" \/>\n\t<meta name=\"twitter:label2\" content=\"Dur\u00e9e de lecture estim\u00e9e\" \/>\n\t<meta name=\"twitter:data2\" content=\"5 minutes\" \/>\n<script type=\"application\/ld+json\" class=\"yoast-schema-graph\">{\"@context\":\"https:\/\/schema.org\",\"@graph\":[{\"@type\":\"Article\",\"@id\":\"https:\/\/charente.catholique.fr\/grand-angouleme\/actualites\/assemblee-paroissiale-a-saint-jean-baptiste\/#article\",\"isPartOf\":{\"@id\":\"https:\/\/charente.catholique.fr\/grand-angouleme\/actualites\/assemblee-paroissiale-a-saint-jean-baptiste\/\"},\"author\":{\"name\":\"Janine Laborde\",\"@id\":\"https:\/\/charente.catholique.fr\/grand-angouleme\/#\/schema\/person\/898f693d8a5f95b1bf02828f73967b47\"},\"headline\":\"Assembl\u00e9e paroissiale \u00e0 Saint Jean Baptiste\",\"datePublished\":\"2022-03-12T19:28:05+00:00\",\"dateModified\":\"2022-03-16T18:36:11+00:00\",\"mainEntityOfPage\":{\"@id\":\"https:\/\/charente.catholique.fr\/grand-angouleme\/actualites\/assemblee-paroissiale-a-saint-jean-baptiste\/\"},\"wordCount\":1146,\"commentCount\":0,\"publisher\":{\"@id\":\"https:\/\/charente.catholique.fr\/grand-angouleme\/#organization\"},\"image\":{\"@id\":\"https:\/\/charente.catholique.fr\/grand-angouleme\/actualites\/assemblee-paroissiale-a-saint-jean-baptiste\/#primaryimage\"},\"thumbnailUrl\":\"https:\/\/charente.catholique.fr\/grand-angouleme\/wp-content\/uploads\/sites\/2\/2021\/11\/arton1969-9181d.jpg\",\"articleSection\":[\"Actualit\u00e9s\"],\"inLanguage\":\"fr-FR\",\"potentialAction\":[{\"@type\":\"CommentAction\",\"name\":\"Comment\",\"target\":[\"https:\/\/charente.catholique.fr\/grand-angouleme\/actualites\/assemblee-paroissiale-a-saint-jean-baptiste\/#respond\"]}]},{\"@type\":\"WebPage\",\"@id\":\"https:\/\/charente.catholique.fr\/grand-angouleme\/actualites\/assemblee-paroissiale-a-saint-jean-baptiste\/\",\"url\":\"https:\/\/charente.catholique.fr\/grand-angouleme\/actualites\/assemblee-paroissiale-a-saint-jean-baptiste\/\",\"name\":\"Assembl\u00e9e paroissiale \u00e0 Saint Jean Baptiste - Doyenn\u00e9 Grand Angoul\u00eame\",\"isPartOf\":{\"@id\":\"https:\/\/charente.catholique.fr\/grand-angouleme\/#website\"},\"primaryImageOfPage\":{\"@id\":\"https:\/\/charente.catholique.fr\/grand-angouleme\/actualites\/assemblee-paroissiale-a-saint-jean-baptiste\/#primaryimage\"},\"image\":{\"@id\":\"https:\/\/charente.catholique.fr\/grand-angouleme\/actualites\/assemblee-paroissiale-a-saint-jean-baptiste\/#primaryimage\"},\"thumbnailUrl\":\"https:\/\/charente.catholique.fr\/grand-angouleme\/wp-content\/uploads\/sites\/2\/2021\/11\/arton1969-9181d.jpg\",\"datePublished\":\"2022-03-12T19:28:05+00:00\",\"dateModified\":\"2022-03-16T18:36:11+00:00\",\"breadcrumb\":{\"@id\":\"https:\/\/charente.catholique.fr\/grand-angouleme\/actualites\/assemblee-paroissiale-a-saint-jean-baptiste\/#breadcrumb\"},\"inLanguage\":\"fr-FR\",\"potentialAction\":[{\"@type\":\"ReadAction\",\"target\":[\"https:\/\/charente.catholique.fr\/grand-angouleme\/actualites\/assemblee-paroissiale-a-saint-jean-baptiste\/\"]}]},{\"@type\":\"ImageObject\",\"inLanguage\":\"fr-FR\",\"@id\":\"https:\/\/charente.catholique.fr\/grand-angouleme\/actualites\/assemblee-paroissiale-a-saint-jean-baptiste\/#primaryimage\",\"url\":\"https:\/\/charente.catholique.fr\/grand-angouleme\/wp-content\/uploads\/sites\/2\/2021\/11\/arton1969-9181d.jpg\",\"contentUrl\":\"https:\/\/charente.catholique.fr\/grand-angouleme\/wp-content\/uploads\/sites\/2\/2021\/11\/arton1969-9181d.jpg\",\"width\":200,\"height\":200},{\"@type\":\"BreadcrumbList\",\"@id\":\"https:\/\/charente.catholique.fr\/grand-angouleme\/actualites\/assemblee-paroissiale-a-saint-jean-baptiste\/#breadcrumb\",\"itemListElement\":[{\"@type\":\"ListItem\",\"position\":1,\"name\":\"Accueil\",\"item\":\"https:\/\/charente.catholique.fr\/grand-angouleme\/\"},{\"@type\":\"ListItem\",\"position\":2,\"name\":\"Assembl\u00e9e paroissiale \u00e0 Saint Jean Baptiste\"}]},{\"@type\":\"WebSite\",\"@id\":\"https:\/\/charente.catholique.fr\/grand-angouleme\/#website\",\"url\":\"https:\/\/charente.catholique.fr\/grand-angouleme\/\",\"name\":\"Doyenn\u00e9 Grand Angoul\u00eame - Dioc\u00e8se d'Angoul\u00eame\",\"description\":\"Dioc\u00e8se d&#039;Angoul\u00eame\",\"publisher\":{\"@id\":\"https:\/\/charente.catholique.fr\/grand-angouleme\/#organization\"},\"potentialAction\":[{\"@type\":\"SearchAction\",\"target\":{\"@type\":\"EntryPoint\",\"urlTemplate\":\"https:\/\/charente.catholique.fr\/grand-angouleme\/?s={search_term_string}\"},\"query-input\":{\"@type\":\"PropertyValueSpecification\",\"valueRequired\":true,\"valueName\":\"search_term_string\"}}],\"inLanguage\":\"fr-FR\"},{\"@type\":\"Organization\",\"@id\":\"https:\/\/charente.catholique.fr\/grand-angouleme\/#organization\",\"name\":\"Association Dioc\u00e9saine d'Angoul\u00eame\",\"url\":\"https:\/\/charente.catholique.fr\/grand-angouleme\/\",\"logo\":{\"@type\":\"ImageObject\",\"inLanguage\":\"fr-FR\",\"@id\":\"https:\/\/charente.catholique.fr\/grand-angouleme\/#\/schema\/logo\/image\/\",\"url\":\"https:\/\/charente.catholique.fr\/grand-angouleme\/wp-content\/uploads\/sites\/2\/2020\/10\/logos.png\",\"contentUrl\":\"https:\/\/charente.catholique.fr\/grand-angouleme\/wp-content\/uploads\/sites\/2\/2020\/10\/logos.png\",\"width\":600,\"height\":257,\"caption\":\"Association Dioc\u00e9saine d'Angoul\u00eame\"},\"image\":{\"@id\":\"https:\/\/charente.catholique.fr\/grand-angouleme\/#\/schema\/logo\/image\/\"},\"sameAs\":[\"https:\/\/www.facebook.com\/EgliseCatholiqueCharente\",\"https:\/\/x.com\/diocesecharente\",\"https:\/\/www.instagram.com\/eglisecharente\",\"https:\/\/www.youtube.com\/channel\/UCByyFWApZbw3gDTiADoiAaQ\"]},{\"@type\":\"Person\",\"@id\":\"https:\/\/charente.catholique.fr\/grand-angouleme\/#\/schema\/person\/898f693d8a5f95b1bf02828f73967b47\",\"name\":\"Janine Laborde\",\"image\":{\"@type\":\"ImageObject\",\"inLanguage\":\"fr-FR\",\"@id\":\"https:\/\/charente.catholique.fr\/grand-angouleme\/#\/schema\/person\/image\/\",\"url\":\"https:\/\/secure.gravatar.com\/avatar\/a8f3185ff2f6cee7d79c60e904004ccb6107bdc3e38d176acfc1ee42b62a994e?s=96&d=mm&r=g\",\"contentUrl\":\"https:\/\/secure.gravatar.com\/avatar\/a8f3185ff2f6cee7d79c60e904004ccb6107bdc3e38d176acfc1ee42b62a994e?s=96&d=mm&r=g\",\"caption\":\"Janine Laborde\"},\"url\":\"https:\/\/charente.catholique.fr\/grand-angouleme\/author\/janinelaborde\/\"}]}<\/script>\n<!-- \/ Yoast SEO plugin. -->","yoast_head_json":{"title":"Assembl\u00e9e paroissiale \u00e0 Saint Jean Baptiste - Doyenn\u00e9 Grand Angoul\u00eame","robots":{"index":"index","follow":"follow","max-snippet":"max-snippet:-1","max-image-preview":"max-image-preview:large","max-video-preview":"max-video-preview:-1"},"canonical":"https:\/\/charente.catholique.fr\/grand-angouleme\/actualites\/assemblee-paroissiale-a-saint-jean-baptiste\/","og_locale":"fr_FR","og_type":"article","og_title":"Assembl\u00e9e paroissiale \u00e0 Saint Jean Baptiste - Doyenn\u00e9 Grand Angoul\u00eame","og_description":"SYNTH\u00c8SE DE L\u2019ASSEMBL\u00c9E PAROISSIALE DE ST JEAN BAPTISTE DIMANCHE 6 MARS 2022 Au cours de la messe, apr\u00e8s la lecture de l\u2019\u00c9vangile, l\u2019assembl\u00e9e s\u2019est r\u00e9partie en groupes pour r\u00e9fl\u00e9chir et partager \u00e0 partir de 4 questions . Celles-ci avaient \u00e9t\u00e9 distribu\u00e9es au d\u00e9but de la messe. Avant d\u2019aborder le sujet du d\u00e9bat, chaque groupe a [&hellip;]","og_url":"https:\/\/charente.catholique.fr\/grand-angouleme\/actualites\/assemblee-paroissiale-a-saint-jean-baptiste\/","og_site_name":"Doyenn\u00e9 Grand Angoul\u00eame","article_publisher":"https:\/\/www.facebook.com\/EgliseCatholiqueCharente","article_published_time":"2022-03-12T19:28:05+00:00","article_modified_time":"2022-03-16T18:36:11+00:00","og_image":[{"width":200,"height":200,"url":"https:\/\/charente.catholique.fr\/grand-angouleme\/wp-content\/uploads\/sites\/2\/2021\/11\/arton1969-9181d.jpg","type":"image\/jpeg"}],"author":"Janine Laborde","twitter_card":"summary_large_image","twitter_creator":"@diocesecharente","twitter_site":"@diocesecharente","twitter_misc":{"\u00c9crit par":"Janine Laborde","Dur\u00e9e de lecture estim\u00e9e":"5 minutes"},"schema":{"@context":"https:\/\/schema.org","@graph":[{"@type":"Article","@id":"https:\/\/charente.catholique.fr\/grand-angouleme\/actualites\/assemblee-paroissiale-a-saint-jean-baptiste\/#article","isPartOf":{"@id":"https:\/\/charente.catholique.fr\/grand-angouleme\/actualites\/assemblee-paroissiale-a-saint-jean-baptiste\/"},"author":{"name":"Janine Laborde","@id":"https:\/\/charente.catholique.fr\/grand-angouleme\/#\/schema\/person\/898f693d8a5f95b1bf02828f73967b47"},"headline":"Assembl\u00e9e paroissiale \u00e0 Saint Jean Baptiste","datePublished":"2022-03-12T19:28:05+00:00","dateModified":"2022-03-16T18:36:11+00:00","mainEntityOfPage":{"@id":"https:\/\/charente.catholique.fr\/grand-angouleme\/actualites\/assemblee-paroissiale-a-saint-jean-baptiste\/"},"wordCount":1146,"commentCount":0,"publisher":{"@id":"https:\/\/charente.catholique.fr\/grand-angouleme\/#organization"},"image":{"@id":"https:\/\/charente.catholique.fr\/grand-angouleme\/actualites\/assemblee-paroissiale-a-saint-jean-baptiste\/#primaryimage"},"thumbnailUrl":"https:\/\/charente.catholique.fr\/grand-angouleme\/wp-content\/uploads\/sites\/2\/2021\/11\/arton1969-9181d.jpg","articleSection":["Actualit\u00e9s"],"inLanguage":"fr-FR","potentialAction":[{"@type":"CommentAction","name":"Comment","target":["https:\/\/charente.catholique.fr\/grand-angouleme\/actualites\/assemblee-paroissiale-a-saint-jean-baptiste\/#respond"]}]},{"@type":"WebPage","@id":"https:\/\/charente.catholique.fr\/grand-angouleme\/actualites\/assemblee-paroissiale-a-saint-jean-baptiste\/","url":"https:\/\/charente.catholique.fr\/grand-angouleme\/actualites\/assemblee-paroissiale-a-saint-jean-baptiste\/","name":"Assembl\u00e9e paroissiale \u00e0 Saint Jean Baptiste - Doyenn\u00e9 Grand Angoul\u00eame","isPartOf":{"@id":"https:\/\/charente.catholique.fr\/grand-angouleme\/#website"},"primaryImageOfPage":{"@id":"https:\/\/charente.catholique.fr\/grand-angouleme\/actualites\/assemblee-paroissiale-a-saint-jean-baptiste\/#primaryimage"},"image":{"@id":"https:\/\/charente.catholique.fr\/grand-angouleme\/actualites\/assemblee-paroissiale-a-saint-jean-baptiste\/#primaryimage"},"thumbnailUrl":"https:\/\/charente.catholique.fr\/grand-angouleme\/wp-content\/uploads\/sites\/2\/2021\/11\/arton1969-9181d.jpg","datePublished":"2022-03-12T19:28:05+00:00","dateModified":"2022-03-16T18:36:11+00:00","breadcrumb":{"@id":"https:\/\/charente.catholique.fr\/grand-angouleme\/actualites\/assemblee-paroissiale-a-saint-jean-baptiste\/#breadcrumb"},"inLanguage":"fr-FR","potentialAction":[{"@type":"ReadAction","target":["https:\/\/charente.catholique.fr\/grand-angouleme\/actualites\/assemblee-paroissiale-a-saint-jean-baptiste\/"]}]},{"@type":"ImageObject","inLanguage":"fr-FR","@id":"https:\/\/charente.catholique.fr\/grand-angouleme\/actualites\/assemblee-paroissiale-a-saint-jean-baptiste\/#primaryimage","url":"https:\/\/charente.catholique.fr\/grand-angouleme\/wp-content\/uploads\/sites\/2\/2021\/11\/arton1969-9181d.jpg","contentUrl":"https:\/\/charente.catholique.fr\/grand-angouleme\/wp-content\/uploads\/sites\/2\/2021\/11\/arton1969-9181d.jpg","width":200,"height":200},{"@type":"BreadcrumbList","@id":"https:\/\/charente.catholique.fr\/grand-angouleme\/actualites\/assemblee-paroissiale-a-saint-jean-baptiste\/#breadcrumb","itemListElement":[{"@type":"ListItem","position":1,"name":"Accueil","item":"https:\/\/charente.catholique.fr\/grand-angouleme\/"},{"@type":"ListItem","position":2,"name":"Assembl\u00e9e paroissiale \u00e0 Saint Jean Baptiste"}]},{"@type":"WebSite","@id":"https:\/\/charente.catholique.fr\/grand-angouleme\/#website","url":"https:\/\/charente.catholique.fr\/grand-angouleme\/","name":"Doyenn\u00e9 Grand Angoul\u00eame - Dioc\u00e8se d'Angoul\u00eame","description":"Dioc\u00e8se d&#039;Angoul\u00eame","publisher":{"@id":"https:\/\/charente.catholique.fr\/grand-angouleme\/#organization"},"potentialAction":[{"@type":"SearchAction","target":{"@type":"EntryPoint","urlTemplate":"https:\/\/charente.catholique.fr\/grand-angouleme\/?s={search_term_string}"},"query-input":{"@type":"PropertyValueSpecification","valueRequired":true,"valueName":"search_term_string"}}],"inLanguage":"fr-FR"},{"@type":"Organization","@id":"https:\/\/charente.catholique.fr\/grand-angouleme\/#organization","name":"Association Dioc\u00e9saine d'Angoul\u00eame","url":"https:\/\/charente.catholique.fr\/grand-angouleme\/","logo":{"@type":"ImageObject","inLanguage":"fr-FR","@id":"https:\/\/charente.catholique.fr\/grand-angouleme\/#\/schema\/logo\/image\/","url":"https:\/\/charente.catholique.fr\/grand-angouleme\/wp-content\/uploads\/sites\/2\/2020\/10\/logos.png","contentUrl":"https:\/\/charente.catholique.fr\/grand-angouleme\/wp-content\/uploads\/sites\/2\/2020\/10\/logos.png","width":600,"height":257,"caption":"Association Dioc\u00e9saine d'Angoul\u00eame"},"image":{"@id":"https:\/\/charente.catholique.fr\/grand-angouleme\/#\/schema\/logo\/image\/"},"sameAs":["https:\/\/www.facebook.com\/EgliseCatholiqueCharente","https:\/\/x.com\/diocesecharente","https:\/\/www.instagram.com\/eglisecharente","https:\/\/www.youtube.com\/channel\/UCByyFWApZbw3gDTiADoiAaQ"]},{"@type":"Person","@id":"https:\/\/charente.catholique.fr\/grand-angouleme\/#\/schema\/person\/898f693d8a5f95b1bf02828f73967b47","name":"Janine Laborde","image":{"@type":"ImageObject","inLanguage":"fr-FR","@id":"https:\/\/charente.catholique.fr\/grand-angouleme\/#\/schema\/person\/image\/","url":"https:\/\/secure.gravatar.com\/avatar\/a8f3185ff2f6cee7d79c60e904004ccb6107bdc3e38d176acfc1ee42b62a994e?s=96&d=mm&r=g","contentUrl":"https:\/\/secure.gravatar.com\/avatar\/a8f3185ff2f6cee7d79c60e904004ccb6107bdc3e38d176acfc1ee42b62a994e?s=96&d=mm&r=g","caption":"Janine Laborde"},"url":"https:\/\/charente.catholique.fr\/grand-angouleme\/author\/janinelaborde\/"}]}},"_links":{"self":[{"href":"https:\/\/charente.catholique.fr\/grand-angouleme\/wp-json\/wp\/v2\/posts\/16293","targetHints":{"allow":["GET"]}}],"collection":[{"href":"https:\/\/charente.catholique.fr\/grand-angouleme\/wp-json\/wp\/v2\/posts"}],"about":[{"href":"https:\/\/charente.catholique.fr\/grand-angouleme\/wp-json\/wp\/v2\/types\/post"}],"author":[{"embeddable":true,"href":"https:\/\/charente.catholique.fr\/grand-angouleme\/wp-json\/wp\/v2\/users\/22"}],"replies":[{"embeddable":true,"href":"https:\/\/charente.catholique.fr\/grand-angouleme\/wp-json\/wp\/v2\/comments?post=16293"}],"version-history":[{"count":3,"href":"https:\/\/charente.catholique.fr\/grand-angouleme\/wp-json\/wp\/v2\/posts\/16293\/revisions"}],"predecessor-version":[{"id":16342,"href":"https:\/\/charente.catholique.fr\/grand-angouleme\/wp-json\/wp\/v2\/posts\/16293\/revisions\/16342"}],"wp:featuredmedia":[{"embeddable":true,"href":"https:\/\/charente.catholique.fr\/grand-angouleme\/wp-json\/wp\/v2\/media\/7773"}],"wp:attachment":[{"href":"https:\/\/charente.catholique.fr\/grand-angouleme\/wp-json\/wp\/v2\/media?parent=16293"}],"wp:term":[{"taxonomy":"category","embeddable":true,"href":"https:\/\/charente.catholique.fr\/grand-angouleme\/wp-json\/wp\/v2\/categories?post=16293"},{"taxonomy":"post_tag","embeddable":true,"href":"https:\/\/charente.catholique.fr\/grand-angouleme\/wp-json\/wp\/v2\/tags?post=16293"}],"curies":[{"name":"wp","href":"https:\/\/api.w.org\/{rel}","templated":true}]}}