{"id":1323,"date":"2020-10-04T11:45:03","date_gmt":"2020-10-04T09:45:03","guid":{"rendered":"https:\/\/charente.catholique.fr\/grand-angouleme\/actualites\/\/"},"modified":"2020-10-07T06:09:07","modified_gmt":"2020-10-07T04:09:07","slug":"homelie-du-dimanche-4-octobre","status":"publish","type":"post","link":"https:\/\/charente.catholique.fr\/grand-angouleme\/actualites\/homelie-du-dimanche-4-octobre\/","title":{"rendered":"Hom\u00e9lie du dimanche 4 octobre du P. Laurent Maurin"},"content":{"rendered":"\n<div class=\"wp-block-media-text alignwide has-media-on-the-right is-stacked-on-mobile\"><figure class=\"wp-block-media-text__media\"><img loading=\"lazy\" decoding=\"async\" width=\"507\" height=\"380\" src=\"https:\/\/charente.catholique.fr\/grand-angouleme\/wp-content\/uploads\/sites\/2\/2020\/10\/Saint-Francois.jpg\" alt=\"\" class=\"wp-image-1325\" srcset=\"https:\/\/charente.catholique.fr\/grand-angouleme\/wp-content\/uploads\/sites\/2\/2020\/10\/Saint-Francois.jpg 507w, https:\/\/charente.catholique.fr\/grand-angouleme\/wp-content\/uploads\/sites\/2\/2020\/10\/Saint-Francois-300x225.jpg 300w\" sizes=\"auto, (max-width: 507px) 100vw, 507px\" \/><\/figure><div class=\"wp-block-media-text__content\">\n<h1 class=\"wp-block-heading\" id=\"block-20509fe7-aa8a-4eca-8732-7208c1febc6f\"><\/h1>\n\n\n\n<p><strong>27<sup>\u00e8me<\/sup> Semaine du Temps Ordinaire \u2014 Ann\u00e9e A<\/strong><\/p>\n\n\n\n<p><strong>Textes de la messe :<\/strong><\/p>\n\n\n\n<p><a href=\"https:\/\/www.aelf.org\/2020-10-04\/romain\/messe\" target=\"_blank\" rel=\"noreferrer noopener\">Isa\u00efe 5, 1-7<br>Psaume 79<br>Lettre aux Philippiens 4, 6-9<\/a><\/p>\n<\/div><\/div>\n\n\n\n<p>Nous avons tous besoin de fronti\u00e8res pour vivre, pour contenir et nous contenir. La premi\u00e8re fronti\u00e8re de l\u2019individu est sa propre peau, et nous voyons actuellement, par ces temps de crise sanitaire, avec les gestes barri\u00e8res et la distanciation physique, que celle-ci&nbsp; doit \u00eatre prot\u00e9g\u00e9e pour ne pas \u00eatre malade&nbsp;!<\/p>\n\n\n\n<p>Seulement voil\u00e0, on peut transformer ses fronti\u00e8res en cl\u00f4ture, et y construire des tours de garde. &nbsp;C\u2019est ce qu\u2019a fait le maitre du domaine de cette parabole. Ces cl\u00f4tures et murailles sont sources d\u2019un sens prononc\u00e9 de la propri\u00e9t\u00e9 \u00e0 l\u2019int\u00e9rieur du domaine. Mais, nous le voyons, ce sens aig\u00fce de la propri\u00e9t\u00e9 y conduit \u00e0 un d\u00e9ferlement de violence pour y avoir la possession des fruits de la vigne.<\/p>\n\n\n\n<p>Cette parabole est vraie pour les \u00c9tats, lorsque des murs s\u2019\u00e9rigent entre les peuples dans le monde, ou m\u00eame \u00e0 l\u2019int\u00e9rieur d\u2019un m\u00eame peuple (on parle alors de \u00ab&nbsp;s\u00e9paratisme&nbsp;\u00bb et de ses dangers\u2026), vraie aussi (on l\u2019a vu r\u00e9cemment) lorsque les fronti\u00e8res se ferment, m\u00eame pour un temps limit\u00e9\u2026 Elle est vraie encore pour nos syst\u00e8mes d\u2019organisation sociaux et politiques lorsque la course au profit g\u00e9n\u00e8re de nouvelles violences pour s\u2019accaparer les b\u00e9n\u00e9fices du travail\u2026 Elle est vraie toujours pour l\u2019\u00c9glise, lorsque, se sentant menac\u00e9e, elle s\u2019\u00e9rige en citadelle de la foi, s\u00fbre de son bon droit en toute circonstance\u2026 Elle est vraie enfin pour toute croyance, religion qui peut produire des ph\u00e9nom\u00e8nes de violence parfois dramatique\u2026<\/p>\n\n\n\n<p>Le ma\u00eetre de la vigne fera-t-il donc p\u00e9rir les vignerons homicides&nbsp;? interroge J\u00e9sus. Qu\u2019en pensons-nous&nbsp;? \u2026 Les interlocuteurs de J\u00e9sus, eux, sont enferm\u00e9s dans leur attitude de vengeance, et croient que c\u2019est l\u00e0, la seule solution. J\u00e9sus, lui, ouvre sur une autre solution&nbsp;: le mur de cl\u00f4ture va servir pour \u00eatre la fondation d\u2019une autre construction, de ce qu\u2019il appelle \u00ab&nbsp;le Royaume de Dieu&nbsp;\u00bb. L\u00e0, il nous invite \u00e0 changer notre fa\u00e7on de voir&nbsp;! Dans ce Royaume, ceux qui ont \u00e9t\u00e9 \u00e9cras\u00e9s au nom de principes faits pour garder ou sauvegarder les int\u00e9r\u00eats d\u2019un syst\u00e8me religieux, social, \u00e9conomique ou politique (c\u2019est la m\u00eame chose dans la critique faite par l\u2019\u00c9vangile), ces \u00ab&nbsp;rejet\u00e9s&nbsp;\u00bb doivent prendre la premi\u00e8re place, devenir les \u00ab&nbsp;pierres d\u2019angle&nbsp;\u00bb. Une premi\u00e8re place pour construire d\u2019autres relations, celles de justice et de paix du Royaume. Il y aura bien des fruits dans ce Royaume, mais ils ne seront pas d\u2019abord mat\u00e9riels, ce seront des sentiments, des volont\u00e9s, qui mises en commun qui parviennent \u00e0 faire \u00ab&nbsp;des merveilles&nbsp;\u00bb.<\/p>\n\n\n\n<p>Je n\u2019oublie pas que nous f\u00eatons aujourd\u2019hui Fran\u00e7ois d\u2019Assise qui a voulu vivre, par ses choix radicaux, cette fraternit\u00e9 universelle faite de justice et de paix, avec ses semblables et avec toute la Cr\u00e9ation. Je n\u2019oublie pas que se termine aujourd\u2019hui le Mois de la Cr\u00e9ation, voulue par notre pape Fran\u00e7ois, occasion de d\u00e9couvrir encore plus que c\u2019est chaque jour que nous devons changer de comportement pour sauver cette terre que le maitre du domaine nous a confi\u00e9e.<\/p>\n\n\n\n<p><em>P. Laurent Maurin<\/em><\/p>\n","protected":false},"excerpt":{"rendered":"<p>27\u00e8me Semaine du Temps Ordinaire \u2014 Ann\u00e9e A Textes de la messe : Isa\u00efe 5, 1-7Psaume 79Lettre aux Philippiens 4, 6-9 Nous avons tous besoin de fronti\u00e8res pour vivre, pour contenir et nous contenir. La premi\u00e8re fronti\u00e8re de l\u2019individu est sa propre peau, et nous voyons actuellement, par ces temps de crise sanitaire, avec les [&hellip;]<\/p>\n","protected":false},"author":27,"featured_media":1328,"comment_status":"closed","ping_status":"open","sticky":false,"template":"","format":"standard","meta":{"_acf_changed":false,"paroisse":["7"],"service":["0"],"footnotes":""},"categories":[13],"tags":[],"class_list":["post-1323","post","type-post","status-publish","format-standard","has-post-thumbnail","hentry","category-homelies-notre-dame-des-sources","validated"],"acf":[],"yoast_head":"<!-- This site is optimized with the Yoast SEO plugin v27.1.1 - https:\/\/yoast.com\/product\/yoast-seo-wordpress\/ -->\n<title>Hom\u00e9lie du dimanche 4 octobre du P. Laurent Maurin - Doyenn\u00e9 Grand Angoul\u00eame<\/title>\n<meta name=\"description\" content=\"Hom\u00e9lie du dimanche 4 octobre 2020 par le P\u00e8re Laurent Maurin\" \/>\n<meta name=\"robots\" content=\"index, follow, max-snippet:-1, max-image-preview:large, max-video-preview:-1\" \/>\n<link rel=\"canonical\" href=\"https:\/\/charente.catholique.fr\/grand-angouleme\/actualites\/homelie-du-dimanche-4-octobre\/\" \/>\n<meta property=\"og:locale\" content=\"fr_FR\" \/>\n<meta property=\"og:type\" content=\"article\" \/>\n<meta property=\"og:title\" content=\"Hom\u00e9lie du dimanche 4 octobre du P. Laurent Maurin - Doyenn\u00e9 Grand Angoul\u00eame\" \/>\n<meta property=\"og:description\" content=\"Hom\u00e9lie du dimanche 4 octobre 2020 par le P\u00e8re Laurent Maurin\" \/>\n<meta property=\"og:url\" content=\"https:\/\/charente.catholique.fr\/grand-angouleme\/actualites\/homelie-du-dimanche-4-octobre\/\" \/>\n<meta property=\"og:site_name\" content=\"Doyenn\u00e9 Grand Angoul\u00eame\" \/>\n<meta property=\"article:publisher\" content=\"https:\/\/www.facebook.com\/EgliseCatholiqueCharente\" \/>\n<meta property=\"article:published_time\" content=\"2020-10-04T09:45:03+00:00\" \/>\n<meta property=\"article:modified_time\" content=\"2020-10-07T04:09:07+00:00\" \/>\n<meta property=\"og:image\" content=\"https:\/\/charente.catholique.fr\/grand-angouleme\/wp-content\/uploads\/sites\/2\/2020\/10\/homelie-vigne.jpg\" \/>\n\t<meta property=\"og:image:width\" content=\"1280\" \/>\n\t<meta property=\"og:image:height\" content=\"853\" \/>\n\t<meta property=\"og:image:type\" content=\"image\/jpeg\" \/>\n<meta name=\"author\" content=\"Yolande Lallemand\" \/>\n<meta name=\"twitter:card\" content=\"summary_large_image\" \/>\n<meta name=\"twitter:creator\" content=\"@diocesecharente\" \/>\n<meta name=\"twitter:site\" content=\"@diocesecharente\" \/>\n<meta name=\"twitter:label1\" content=\"\u00c9crit par\" \/>\n\t<meta name=\"twitter:data1\" content=\"Yolande Lallemand\" \/>\n\t<meta name=\"twitter:label2\" content=\"Dur\u00e9e de lecture estim\u00e9e\" \/>\n\t<meta name=\"twitter:data2\" content=\"3 minutes\" \/>\n<script type=\"application\/ld+json\" class=\"yoast-schema-graph\">{\"@context\":\"https:\/\/schema.org\",\"@graph\":[{\"@type\":\"Article\",\"@id\":\"https:\/\/charente.catholique.fr\/grand-angouleme\/actualites\/homelie-du-dimanche-4-octobre\/#article\",\"isPartOf\":{\"@id\":\"https:\/\/charente.catholique.fr\/grand-angouleme\/actualites\/homelie-du-dimanche-4-octobre\/\"},\"author\":{\"name\":\"Yolande Lallemand\",\"@id\":\"https:\/\/charente.catholique.fr\/grand-angouleme\/#\/schema\/person\/f47795cb7efbd537deea624c9ff372d5\"},\"headline\":\"Hom\u00e9lie du dimanche 4 octobre du P. Laurent Maurin\",\"datePublished\":\"2020-10-04T09:45:03+00:00\",\"dateModified\":\"2020-10-07T04:09:07+00:00\",\"mainEntityOfPage\":{\"@id\":\"https:\/\/charente.catholique.fr\/grand-angouleme\/actualites\/homelie-du-dimanche-4-octobre\/\"},\"wordCount\":610,\"publisher\":{\"@id\":\"https:\/\/charente.catholique.fr\/grand-angouleme\/#organization\"},\"image\":{\"@id\":\"https:\/\/charente.catholique.fr\/grand-angouleme\/actualites\/homelie-du-dimanche-4-octobre\/#primaryimage\"},\"thumbnailUrl\":\"https:\/\/charente.catholique.fr\/grand-angouleme\/wp-content\/uploads\/sites\/2\/2020\/10\/homelie-vigne.jpg\",\"articleSection\":[\"Hom\u00e9lies\"],\"inLanguage\":\"fr-FR\"},{\"@type\":\"WebPage\",\"@id\":\"https:\/\/charente.catholique.fr\/grand-angouleme\/actualites\/homelie-du-dimanche-4-octobre\/\",\"url\":\"https:\/\/charente.catholique.fr\/grand-angouleme\/actualites\/homelie-du-dimanche-4-octobre\/\",\"name\":\"Hom\u00e9lie du dimanche 4 octobre du P. Laurent Maurin - Doyenn\u00e9 Grand Angoul\u00eame\",\"isPartOf\":{\"@id\":\"https:\/\/charente.catholique.fr\/grand-angouleme\/#website\"},\"primaryImageOfPage\":{\"@id\":\"https:\/\/charente.catholique.fr\/grand-angouleme\/actualites\/homelie-du-dimanche-4-octobre\/#primaryimage\"},\"image\":{\"@id\":\"https:\/\/charente.catholique.fr\/grand-angouleme\/actualites\/homelie-du-dimanche-4-octobre\/#primaryimage\"},\"thumbnailUrl\":\"https:\/\/charente.catholique.fr\/grand-angouleme\/wp-content\/uploads\/sites\/2\/2020\/10\/homelie-vigne.jpg\",\"datePublished\":\"2020-10-04T09:45:03+00:00\",\"dateModified\":\"2020-10-07T04:09:07+00:00\",\"description\":\"Hom\u00e9lie du dimanche 4 octobre 2020 par le P\u00e8re Laurent Maurin\",\"breadcrumb\":{\"@id\":\"https:\/\/charente.catholique.fr\/grand-angouleme\/actualites\/homelie-du-dimanche-4-octobre\/#breadcrumb\"},\"inLanguage\":\"fr-FR\",\"potentialAction\":[{\"@type\":\"ReadAction\",\"target\":[\"https:\/\/charente.catholique.fr\/grand-angouleme\/actualites\/homelie-du-dimanche-4-octobre\/\"]}]},{\"@type\":\"ImageObject\",\"inLanguage\":\"fr-FR\",\"@id\":\"https:\/\/charente.catholique.fr\/grand-angouleme\/actualites\/homelie-du-dimanche-4-octobre\/#primaryimage\",\"url\":\"https:\/\/charente.catholique.fr\/grand-angouleme\/wp-content\/uploads\/sites\/2\/2020\/10\/homelie-vigne.jpg\",\"contentUrl\":\"https:\/\/charente.catholique.fr\/grand-angouleme\/wp-content\/uploads\/sites\/2\/2020\/10\/homelie-vigne.jpg\",\"width\":1280,\"height\":853},{\"@type\":\"BreadcrumbList\",\"@id\":\"https:\/\/charente.catholique.fr\/grand-angouleme\/actualites\/homelie-du-dimanche-4-octobre\/#breadcrumb\",\"itemListElement\":[{\"@type\":\"ListItem\",\"position\":1,\"name\":\"Accueil\",\"item\":\"https:\/\/charente.catholique.fr\/grand-angouleme\/\"},{\"@type\":\"ListItem\",\"position\":2,\"name\":\"Hom\u00e9lie du dimanche 4 octobre du P. Laurent Maurin\"}]},{\"@type\":\"WebSite\",\"@id\":\"https:\/\/charente.catholique.fr\/grand-angouleme\/#website\",\"url\":\"https:\/\/charente.catholique.fr\/grand-angouleme\/\",\"name\":\"Doyenn\u00e9 Grand Angoul\u00eame - Dioc\u00e8se d'Angoul\u00eame\",\"description\":\"Dioc\u00e8se d&#039;Angoul\u00eame\",\"publisher\":{\"@id\":\"https:\/\/charente.catholique.fr\/grand-angouleme\/#organization\"},\"potentialAction\":[{\"@type\":\"SearchAction\",\"target\":{\"@type\":\"EntryPoint\",\"urlTemplate\":\"https:\/\/charente.catholique.fr\/grand-angouleme\/?s={search_term_string}\"},\"query-input\":{\"@type\":\"PropertyValueSpecification\",\"valueRequired\":true,\"valueName\":\"search_term_string\"}}],\"inLanguage\":\"fr-FR\"},{\"@type\":\"Organization\",\"@id\":\"https:\/\/charente.catholique.fr\/grand-angouleme\/#organization\",\"name\":\"Association Dioc\u00e9saine d'Angoul\u00eame\",\"url\":\"https:\/\/charente.catholique.fr\/grand-angouleme\/\",\"logo\":{\"@type\":\"ImageObject\",\"inLanguage\":\"fr-FR\",\"@id\":\"https:\/\/charente.catholique.fr\/grand-angouleme\/#\/schema\/logo\/image\/\",\"url\":\"https:\/\/charente.catholique.fr\/grand-angouleme\/wp-content\/uploads\/sites\/2\/2020\/10\/logos.png\",\"contentUrl\":\"https:\/\/charente.catholique.fr\/grand-angouleme\/wp-content\/uploads\/sites\/2\/2020\/10\/logos.png\",\"width\":600,\"height\":257,\"caption\":\"Association Dioc\u00e9saine d'Angoul\u00eame\"},\"image\":{\"@id\":\"https:\/\/charente.catholique.fr\/grand-angouleme\/#\/schema\/logo\/image\/\"},\"sameAs\":[\"https:\/\/www.facebook.com\/EgliseCatholiqueCharente\",\"https:\/\/x.com\/diocesecharente\",\"https:\/\/www.instagram.com\/eglisecharente\",\"https:\/\/www.youtube.com\/channel\/UCByyFWApZbw3gDTiADoiAaQ\"]},{\"@type\":\"Person\",\"@id\":\"https:\/\/charente.catholique.fr\/grand-angouleme\/#\/schema\/person\/f47795cb7efbd537deea624c9ff372d5\",\"name\":\"Yolande Lallemand\",\"image\":{\"@type\":\"ImageObject\",\"inLanguage\":\"fr-FR\",\"@id\":\"https:\/\/charente.catholique.fr\/grand-angouleme\/#\/schema\/person\/image\/\",\"url\":\"https:\/\/secure.gravatar.com\/avatar\/b5430949ac2d70ed67fb7aab0981e95c9dc9b76f2593de091ab69d1eb540a1b5?s=96&d=mm&r=g\",\"contentUrl\":\"https:\/\/secure.gravatar.com\/avatar\/b5430949ac2d70ed67fb7aab0981e95c9dc9b76f2593de091ab69d1eb540a1b5?s=96&d=mm&r=g\",\"caption\":\"Yolande Lallemand\"},\"url\":\"https:\/\/charente.catholique.fr\/grand-angouleme\/author\/yolandelallemand\/\"}]}<\/script>\n<!-- \/ Yoast SEO plugin. -->","yoast_head_json":{"title":"Hom\u00e9lie du dimanche 4 octobre du P. Laurent Maurin - Doyenn\u00e9 Grand Angoul\u00eame","description":"Hom\u00e9lie du dimanche 4 octobre 2020 par le P\u00e8re Laurent Maurin","robots":{"index":"index","follow":"follow","max-snippet":"max-snippet:-1","max-image-preview":"max-image-preview:large","max-video-preview":"max-video-preview:-1"},"canonical":"https:\/\/charente.catholique.fr\/grand-angouleme\/actualites\/homelie-du-dimanche-4-octobre\/","og_locale":"fr_FR","og_type":"article","og_title":"Hom\u00e9lie du dimanche 4 octobre du P. Laurent Maurin - Doyenn\u00e9 Grand Angoul\u00eame","og_description":"Hom\u00e9lie du dimanche 4 octobre 2020 par le P\u00e8re Laurent Maurin","og_url":"https:\/\/charente.catholique.fr\/grand-angouleme\/actualites\/homelie-du-dimanche-4-octobre\/","og_site_name":"Doyenn\u00e9 Grand Angoul\u00eame","article_publisher":"https:\/\/www.facebook.com\/EgliseCatholiqueCharente","article_published_time":"2020-10-04T09:45:03+00:00","article_modified_time":"2020-10-07T04:09:07+00:00","og_image":[{"width":1280,"height":853,"url":"https:\/\/charente.catholique.fr\/grand-angouleme\/wp-content\/uploads\/sites\/2\/2020\/10\/homelie-vigne.jpg","type":"image\/jpeg"}],"author":"Yolande Lallemand","twitter_card":"summary_large_image","twitter_creator":"@diocesecharente","twitter_site":"@diocesecharente","twitter_misc":{"\u00c9crit par":"Yolande Lallemand","Dur\u00e9e de lecture estim\u00e9e":"3 minutes"},"schema":{"@context":"https:\/\/schema.org","@graph":[{"@type":"Article","@id":"https:\/\/charente.catholique.fr\/grand-angouleme\/actualites\/homelie-du-dimanche-4-octobre\/#article","isPartOf":{"@id":"https:\/\/charente.catholique.fr\/grand-angouleme\/actualites\/homelie-du-dimanche-4-octobre\/"},"author":{"name":"Yolande Lallemand","@id":"https:\/\/charente.catholique.fr\/grand-angouleme\/#\/schema\/person\/f47795cb7efbd537deea624c9ff372d5"},"headline":"Hom\u00e9lie du dimanche 4 octobre du P. Laurent Maurin","datePublished":"2020-10-04T09:45:03+00:00","dateModified":"2020-10-07T04:09:07+00:00","mainEntityOfPage":{"@id":"https:\/\/charente.catholique.fr\/grand-angouleme\/actualites\/homelie-du-dimanche-4-octobre\/"},"wordCount":610,"publisher":{"@id":"https:\/\/charente.catholique.fr\/grand-angouleme\/#organization"},"image":{"@id":"https:\/\/charente.catholique.fr\/grand-angouleme\/actualites\/homelie-du-dimanche-4-octobre\/#primaryimage"},"thumbnailUrl":"https:\/\/charente.catholique.fr\/grand-angouleme\/wp-content\/uploads\/sites\/2\/2020\/10\/homelie-vigne.jpg","articleSection":["Hom\u00e9lies"],"inLanguage":"fr-FR"},{"@type":"WebPage","@id":"https:\/\/charente.catholique.fr\/grand-angouleme\/actualites\/homelie-du-dimanche-4-octobre\/","url":"https:\/\/charente.catholique.fr\/grand-angouleme\/actualites\/homelie-du-dimanche-4-octobre\/","name":"Hom\u00e9lie du dimanche 4 octobre du P. Laurent Maurin - Doyenn\u00e9 Grand Angoul\u00eame","isPartOf":{"@id":"https:\/\/charente.catholique.fr\/grand-angouleme\/#website"},"primaryImageOfPage":{"@id":"https:\/\/charente.catholique.fr\/grand-angouleme\/actualites\/homelie-du-dimanche-4-octobre\/#primaryimage"},"image":{"@id":"https:\/\/charente.catholique.fr\/grand-angouleme\/actualites\/homelie-du-dimanche-4-octobre\/#primaryimage"},"thumbnailUrl":"https:\/\/charente.catholique.fr\/grand-angouleme\/wp-content\/uploads\/sites\/2\/2020\/10\/homelie-vigne.jpg","datePublished":"2020-10-04T09:45:03+00:00","dateModified":"2020-10-07T04:09:07+00:00","description":"Hom\u00e9lie du dimanche 4 octobre 2020 par le P\u00e8re Laurent Maurin","breadcrumb":{"@id":"https:\/\/charente.catholique.fr\/grand-angouleme\/actualites\/homelie-du-dimanche-4-octobre\/#breadcrumb"},"inLanguage":"fr-FR","potentialAction":[{"@type":"ReadAction","target":["https:\/\/charente.catholique.fr\/grand-angouleme\/actualites\/homelie-du-dimanche-4-octobre\/"]}]},{"@type":"ImageObject","inLanguage":"fr-FR","@id":"https:\/\/charente.catholique.fr\/grand-angouleme\/actualites\/homelie-du-dimanche-4-octobre\/#primaryimage","url":"https:\/\/charente.catholique.fr\/grand-angouleme\/wp-content\/uploads\/sites\/2\/2020\/10\/homelie-vigne.jpg","contentUrl":"https:\/\/charente.catholique.fr\/grand-angouleme\/wp-content\/uploads\/sites\/2\/2020\/10\/homelie-vigne.jpg","width":1280,"height":853},{"@type":"BreadcrumbList","@id":"https:\/\/charente.catholique.fr\/grand-angouleme\/actualites\/homelie-du-dimanche-4-octobre\/#breadcrumb","itemListElement":[{"@type":"ListItem","position":1,"name":"Accueil","item":"https:\/\/charente.catholique.fr\/grand-angouleme\/"},{"@type":"ListItem","position":2,"name":"Hom\u00e9lie du dimanche 4 octobre du P. Laurent Maurin"}]},{"@type":"WebSite","@id":"https:\/\/charente.catholique.fr\/grand-angouleme\/#website","url":"https:\/\/charente.catholique.fr\/grand-angouleme\/","name":"Doyenn\u00e9 Grand Angoul\u00eame - Dioc\u00e8se d'Angoul\u00eame","description":"Dioc\u00e8se d&#039;Angoul\u00eame","publisher":{"@id":"https:\/\/charente.catholique.fr\/grand-angouleme\/#organization"},"potentialAction":[{"@type":"SearchAction","target":{"@type":"EntryPoint","urlTemplate":"https:\/\/charente.catholique.fr\/grand-angouleme\/?s={search_term_string}"},"query-input":{"@type":"PropertyValueSpecification","valueRequired":true,"valueName":"search_term_string"}}],"inLanguage":"fr-FR"},{"@type":"Organization","@id":"https:\/\/charente.catholique.fr\/grand-angouleme\/#organization","name":"Association Dioc\u00e9saine d'Angoul\u00eame","url":"https:\/\/charente.catholique.fr\/grand-angouleme\/","logo":{"@type":"ImageObject","inLanguage":"fr-FR","@id":"https:\/\/charente.catholique.fr\/grand-angouleme\/#\/schema\/logo\/image\/","url":"https:\/\/charente.catholique.fr\/grand-angouleme\/wp-content\/uploads\/sites\/2\/2020\/10\/logos.png","contentUrl":"https:\/\/charente.catholique.fr\/grand-angouleme\/wp-content\/uploads\/sites\/2\/2020\/10\/logos.png","width":600,"height":257,"caption":"Association Dioc\u00e9saine d'Angoul\u00eame"},"image":{"@id":"https:\/\/charente.catholique.fr\/grand-angouleme\/#\/schema\/logo\/image\/"},"sameAs":["https:\/\/www.facebook.com\/EgliseCatholiqueCharente","https:\/\/x.com\/diocesecharente","https:\/\/www.instagram.com\/eglisecharente","https:\/\/www.youtube.com\/channel\/UCByyFWApZbw3gDTiADoiAaQ"]},{"@type":"Person","@id":"https:\/\/charente.catholique.fr\/grand-angouleme\/#\/schema\/person\/f47795cb7efbd537deea624c9ff372d5","name":"Yolande Lallemand","image":{"@type":"ImageObject","inLanguage":"fr-FR","@id":"https:\/\/charente.catholique.fr\/grand-angouleme\/#\/schema\/person\/image\/","url":"https:\/\/secure.gravatar.com\/avatar\/b5430949ac2d70ed67fb7aab0981e95c9dc9b76f2593de091ab69d1eb540a1b5?s=96&d=mm&r=g","contentUrl":"https:\/\/secure.gravatar.com\/avatar\/b5430949ac2d70ed67fb7aab0981e95c9dc9b76f2593de091ab69d1eb540a1b5?s=96&d=mm&r=g","caption":"Yolande Lallemand"},"url":"https:\/\/charente.catholique.fr\/grand-angouleme\/author\/yolandelallemand\/"}]}},"_links":{"self":[{"href":"https:\/\/charente.catholique.fr\/grand-angouleme\/wp-json\/wp\/v2\/posts\/1323","targetHints":{"allow":["GET"]}}],"collection":[{"href":"https:\/\/charente.catholique.fr\/grand-angouleme\/wp-json\/wp\/v2\/posts"}],"about":[{"href":"https:\/\/charente.catholique.fr\/grand-angouleme\/wp-json\/wp\/v2\/types\/post"}],"author":[{"embeddable":true,"href":"https:\/\/charente.catholique.fr\/grand-angouleme\/wp-json\/wp\/v2\/users\/27"}],"replies":[{"embeddable":true,"href":"https:\/\/charente.catholique.fr\/grand-angouleme\/wp-json\/wp\/v2\/comments?post=1323"}],"version-history":[{"count":5,"href":"https:\/\/charente.catholique.fr\/grand-angouleme\/wp-json\/wp\/v2\/posts\/1323\/revisions"}],"predecessor-version":[{"id":1453,"href":"https:\/\/charente.catholique.fr\/grand-angouleme\/wp-json\/wp\/v2\/posts\/1323\/revisions\/1453"}],"wp:featuredmedia":[{"embeddable":true,"href":"https:\/\/charente.catholique.fr\/grand-angouleme\/wp-json\/wp\/v2\/media\/1328"}],"wp:attachment":[{"href":"https:\/\/charente.catholique.fr\/grand-angouleme\/wp-json\/wp\/v2\/media?parent=1323"}],"wp:term":[{"taxonomy":"category","embeddable":true,"href":"https:\/\/charente.catholique.fr\/grand-angouleme\/wp-json\/wp\/v2\/categories?post=1323"},{"taxonomy":"post_tag","embeddable":true,"href":"https:\/\/charente.catholique.fr\/grand-angouleme\/wp-json\/wp\/v2\/tags?post=1323"}],"curies":[{"name":"wp","href":"https:\/\/api.w.org\/{rel}","templated":true}]}}