{"id":9236,"date":"2026-04-30T11:16:11","date_gmt":"2026-04-30T09:16:11","guid":{"rendered":"https:\/\/charente.catholique.fr\/est-charente\/?p=9236"},"modified":"2026-04-30T11:16:12","modified_gmt":"2026-04-30T09:16:12","slug":"informations-paroissiales-du-3-mai-au-10-mai","status":"publish","type":"post","link":"https:\/\/charente.catholique.fr\/est-charente\/actualites\/informations-paroissiales-du-3-mai-au-10-mai\/","title":{"rendered":"Informations paroissiales du 3 mai au 10 mai"},"content":{"rendered":"\n<p><strong><u>Informations paroissiales<\/u><\/strong><\/p>\n\n\n\n<p><em>Semaine du 26 avril au 3 mai 2026<\/em><\/p>\n\n\n\n<p><strong><u>Nous ont quitt\u00e9s cette semaine<\/u>\u00a0<\/strong>: <\/p>\n\n\n\n<p>Chantal GERARDOT 82 ans Alloue (vivait en EHPAD \u00e0 Jonzac)\u00a0; <\/p>\n\n\n\n<p>C\u00e9line BUSSIERE n\u00e9e RIVET 95 ans Lessac\u00a0;<\/p>\n\n\n\n<p><strong><u>Intentions de messe<\/u>\u00a0<\/strong>: <\/p>\n\n\n\n<p>Rose Marie TOLLU (Lessac)\u00a0; <\/p>\n\n\n\n<p>Famille de PR\u00c9VILLE \u2013 de VERDILHAC (Pressignac)\u00a0; <\/p>\n\n\n\n<p>Famille PERISSAT Henri et Berthe sa s\u0153ur\u00a0; <\/p>\n\n\n\n<p>Yvette JULIEN et sa famille (Confolens)\u00a0; <\/p>\n\n\n\n<p>Charles de WAUBERT et tous les d\u00e9funts de la famille (Lessac)\u00a0;<\/p>\n\n\n\n<p><strong><u>Samedi 2 mai<\/u><\/strong><strong>&nbsp;:<\/strong><em> Saint Boris<\/em><\/p>\n\n\n\n<ul class=\"wp-block-list\">\n<li><strong>10h \u00e0 12h<\/strong> cat\u00e9chisme, maison paroissiale, Confolens<\/li>\n\n\n\n<li><strong>11h30<\/strong> fian\u00e7ailles \u00e0 Confolens d\u2019Etienne et In\u00e8s<\/li>\n\n\n\n<li><strong>15h<\/strong> bapt\u00eame Luka DEVAUTOUR \u00e0 Le Vieux C\u00e9rier<\/li>\n\n\n\n<li><strong>16h30<\/strong> bapt\u00eame \u00e0 Confolens Jonas et Hector LIMOUSIN<\/li>\n\n\n\n<li><strong>18h<\/strong> messe \u00e0 Abzac, Ambernac et Etagnac<\/li>\n<\/ul>\n\n\n\n<p><strong><u>Dimanche 3 mai<\/u><\/strong><strong>&nbsp;: 5<sup>\u00e8me<\/sup> dimanche de P\u00e2ques ann\u00e9e A<\/strong>, <em>St Philippe et St Jacques ap\u00f4tres,<\/em><\/p>\n\n\n\n<p><em>prier pour les pr\u00eatres et les s\u00e9minaristes en formation<\/em><\/p>\n\n\n\n<ul class=\"wp-block-list\">\n<li><strong>10h30<\/strong> messe<strong> <\/strong>\u00e0 Champagne-Mouton\u00a0; Chabanais et Confolens<\/li>\n<\/ul>\n\n\n\n<p><strong><u>Lundi 4 mai<\/u><\/strong><strong>&nbsp;:<\/strong> <em>Saint Sylvain<\/em><\/p>\n\n\n\n<ul class=\"wp-block-list\">\n<li>Mouvement sacerdotal marial \u00e0 Ch\u00e9rac (17)<\/li>\n<\/ul>\n\n\n\n<p><strong><u>Mardi 5 mai<\/u><\/strong><strong>&nbsp;:<\/strong> <em>Sainte Judith<\/em><\/p>\n\n\n\n<ul class=\"wp-block-list\">\n<li><strong>10h <\/strong>groupe de pri\u00e8re \u00e0 la salle Sainte Th\u00e9r\u00e8se, maison paroissiale de Confolens, puis messe \u00e0 <strong>11h<\/strong><\/li>\n\n\n\n<li><strong>14h<\/strong> accueil Secours catholique, Champagne-Mouton<\/li>\n<\/ul>\n\n\n\n<p><strong><u>Mercredi 6 mai<\/u><\/strong><strong>&nbsp;: <\/strong><em>Sainte Prudence<\/em><\/p>\n\n\n\n<ul class=\"wp-block-list\">\n<li><strong>9h \u00e0 16h<\/strong> conseil \u00e9piscopal avec les doyens, maison dioc\u00e9saine, Angoul\u00eame<\/li>\n\n\n\n<li><strong>14h<\/strong> accueil Secours catholique, maison paroissiale, Confolens<\/li>\n\n\n\n<li><strong>14h30<\/strong> messe \u00e0 la maison de retraite \u00ab\u00a0Le Pr\u00e9 de l\u2019Etang\u00a0\u00bb, Confolens<\/li>\n<\/ul>\n\n\n\n<p><strong><u>Jeudi 7 mai&nbsp;<\/u><\/strong><strong>: <\/strong><em>Bienheureuse Gis\u00e8le<\/em><\/p>\n\n\n\n<ul class=\"wp-block-list\">\n<li><strong>9h30 \u00e0 16h30<\/strong> Formation pour les pr\u00eatres, les LEME \u00e9largie aux assistantes de doyenn\u00e9\u00a0:<\/li>\n<\/ul>\n\n\n\n<p>\u00ab&nbsp;D\u00e9cider, appliquer, rendre compte et \u00e9valuer avec Christoph Th\u00e9obald, maison dioc\u00e9saine, Angoul\u00eame<\/p>\n\n\n\n<ul class=\"wp-block-list\">\n<li><strong>14h30<\/strong> messe \u00e0 la maison de retraite \u00ab\u00a0Le Villard\u00a0\u00bb, Champagne-Mouton<\/li>\n<\/ul>\n\n\n\n<p><strong><u>Vendredi 8 mai<\/u><\/strong><strong>&nbsp;: <\/strong><em>Saint D\u00e9sir\u00e9 \u2013 Victoire 1945<\/em><\/p>\n\n\n\n<ul class=\"wp-block-list\">\n<li><strong>10h<\/strong> adoration \u00e0 la salle Sainte Th\u00e9r\u00e8se, maison paroissiale de Confolens, puis messe \u00e0 <strong>11h<\/strong><\/li>\n<\/ul>\n\n\n\n<p><strong><u>Samedi 9 mai<\/u>\u00a0:<\/strong><em>Saint Pac\u00f4me<\/em><\/p>\n\n\n\n<ul class=\"wp-block-list\">\n<li><strong>10h \u00e0 12h<\/strong> cat\u00e9chisme, maison paroissiale, Confolens et Chabanais<\/li>\n\n\n\n<li><strong>11h<\/strong> bapt\u00eame \u00e0 Ansac Rapha\u00ebl LANDRIEAU<\/li>\n\n\n\n<li><strong>15h<\/strong> mariage \u00e0 Etagnac Christophe DUTEIL et Marina MANDON<\/li>\n\n\n\n<li><strong>18h<\/strong> messe \u00e0 saint-Pierre de Brillac<\/li>\n\n\n\n<li><strong>18h<\/strong> messe \u00e0 Saint Christophe<\/li>\n\n\n\n<li><strong>18h<\/strong> messe \u00e0 saint-Blaise de Verneuil<\/li>\n\n\n\n<li><strong>18h<\/strong> concert Opacad \u00e0 l\u2019\u00e9glise d\u2019Exideuil sur Vienne<\/li>\n<\/ul>\n\n\n\n<p><strong><u>Dimanche 10 mai<\/u><\/strong><strong>&nbsp;: <\/strong><strong>6<sup>\u00e8me<\/sup> dimanche de P\u00e2ques ann\u00e9e A<\/strong>, <em>Sainte Solange<\/em><\/p>\n\n\n\n<p><em>prier pour les religieux et les religieuses<\/em><\/p>\n\n\n\n<ul class=\"wp-block-list\">\n<li><strong>9h \u00e0 18h <\/strong>exposition de peintures \u00e0 l\u2019\u00e9glise de Manot<\/li>\n\n\n\n<li><strong>10h30<\/strong> messe<strong> <\/strong>\u00e0 Champagne-Mouton<\/li>\n\n\n\n<li><strong>10h30<\/strong> messe<strong> <\/strong>\u00e0 Chabanais puis bapt\u00eame Dana\u00e9 DOS SANTOS<\/li>\n\n\n\n<li><strong>10h30<\/strong> messe<strong> <\/strong>\u00e0 Confolens<\/li>\n<\/ul>\n\n\n\n<p>suivie du repas barbecue de l\u2019Orgue \u00e0 la salle des f\u00eates de Lesterps<\/p>\n","protected":false},"excerpt":{"rendered":"<p>Informations paroissiales Semaine du 26 avril au 3 mai 2026 Nous ont quitt\u00e9s cette semaine\u00a0: Chantal GERARDOT 82 ans Alloue (vivait en EHPAD \u00e0 Jonzac)\u00a0; C\u00e9line BUSSIERE n\u00e9e RIVET 95 ans Lessac\u00a0; Intentions de messe\u00a0: Rose Marie TOLLU (Lessac)\u00a0; Famille de PR\u00c9VILLE \u2013 de VERDILHAC (Pressignac)\u00a0; Famille PERISSAT Henri et Berthe sa s\u0153ur\u00a0; Yvette JULIEN [&hellip;]<\/p>\n","protected":false},"author":9,"featured_media":5496,"comment_status":"open","ping_status":"open","sticky":false,"template":"","format":"standard","meta":{"_acf_changed":false,"paroisse":["10"],"service":[],"footnotes":""},"categories":[1],"tags":[],"class_list":["post-9236","post","type-post","status-publish","format-standard","has-post-thumbnail","hentry","category-actualites","validated"],"acf":[],"yoast_head":"<!-- This site is optimized with the Yoast SEO plugin v27.1.1 - https:\/\/yoast.com\/product\/yoast-seo-wordpress\/ -->\n<title>Informations paroissiales du 3 mai au 10 mai - Doyenne Est Charente<\/title>\n<meta name=\"robots\" content=\"index, follow, max-snippet:-1, max-image-preview:large, max-video-preview:-1\" \/>\n<link rel=\"canonical\" href=\"https:\/\/charente.catholique.fr\/est-charente\/actualites\/informations-paroissiales-du-3-mai-au-10-mai\/\" \/>\n<meta property=\"og:locale\" content=\"fr_FR\" \/>\n<meta property=\"og:type\" content=\"article\" \/>\n<meta property=\"og:title\" content=\"Informations paroissiales du 3 mai au 10 mai - Doyenne Est Charente\" \/>\n<meta property=\"og:description\" content=\"Informations paroissiales Semaine du 26 avril au 3 mai 2026 Nous ont quitt\u00e9s cette semaine\u00a0: Chantal GERARDOT 82 ans Alloue (vivait en EHPAD \u00e0 Jonzac)\u00a0; C\u00e9line BUSSIERE n\u00e9e RIVET 95 ans Lessac\u00a0; Intentions de messe\u00a0: Rose Marie TOLLU (Lessac)\u00a0; Famille de PR\u00c9VILLE \u2013 de VERDILHAC (Pressignac)\u00a0; Famille PERISSAT Henri et Berthe sa s\u0153ur\u00a0; Yvette JULIEN [&hellip;]\" \/>\n<meta property=\"og:url\" content=\"https:\/\/charente.catholique.fr\/est-charente\/actualites\/informations-paroissiales-du-3-mai-au-10-mai\/\" \/>\n<meta property=\"og:site_name\" content=\"Doyenne Est Charente\" \/>\n<meta property=\"article:publisher\" content=\"https:\/\/www.facebook.com\/EgliseCatholiqueCharente\" \/>\n<meta property=\"article:published_time\" content=\"2026-04-30T09:16:11+00:00\" \/>\n<meta property=\"article:modified_time\" content=\"2026-04-30T09:16:12+00:00\" \/>\n<meta property=\"og:image\" content=\"https:\/\/charente.catholique.fr\/est-charente\/wp-content\/uploads\/sites\/3\/2024\/02\/agenda-fleur.jpg\" \/>\n\t<meta property=\"og:image:width\" content=\"1280\" \/>\n\t<meta property=\"og:image:height\" content=\"853\" \/>\n\t<meta property=\"og:image:type\" content=\"image\/jpeg\" \/>\n<meta name=\"author\" content=\"Paola Gaud\" \/>\n<meta name=\"twitter:card\" content=\"summary_large_image\" \/>\n<meta name=\"twitter:creator\" content=\"@diocesecharente\" \/>\n<meta name=\"twitter:site\" content=\"@diocesecharente\" \/>\n<meta name=\"twitter:label1\" content=\"\u00c9crit par\" \/>\n\t<meta name=\"twitter:data1\" content=\"Paola Gaud\" \/>\n\t<meta name=\"twitter:label2\" content=\"Dur\u00e9e de lecture estim\u00e9e\" \/>\n\t<meta name=\"twitter:data2\" content=\"3 minutes\" \/>\n<script type=\"application\/ld+json\" class=\"yoast-schema-graph\">{\"@context\":\"https:\/\/schema.org\",\"@graph\":[{\"@type\":\"Article\",\"@id\":\"https:\/\/charente.catholique.fr\/est-charente\/actualites\/informations-paroissiales-du-3-mai-au-10-mai\/#article\",\"isPartOf\":{\"@id\":\"https:\/\/charente.catholique.fr\/est-charente\/actualites\/informations-paroissiales-du-3-mai-au-10-mai\/\"},\"author\":{\"name\":\"Paola Gaud\",\"@id\":\"https:\/\/charente.catholique.fr\/est-charente\/#\/schema\/person\/3913c175d67b5490b8c108fbc0d75d5b\"},\"headline\":\"Informations paroissiales du 3 mai au 10 mai\",\"datePublished\":\"2026-04-30T09:16:11+00:00\",\"dateModified\":\"2026-04-30T09:16:12+00:00\",\"mainEntityOfPage\":{\"@id\":\"https:\/\/charente.catholique.fr\/est-charente\/actualites\/informations-paroissiales-du-3-mai-au-10-mai\/\"},\"wordCount\":406,\"commentCount\":0,\"publisher\":{\"@id\":\"https:\/\/charente.catholique.fr\/est-charente\/#organization\"},\"image\":{\"@id\":\"https:\/\/charente.catholique.fr\/est-charente\/actualites\/informations-paroissiales-du-3-mai-au-10-mai\/#primaryimage\"},\"thumbnailUrl\":\"https:\/\/charente.catholique.fr\/est-charente\/wp-content\/uploads\/sites\/3\/2024\/02\/agenda-fleur.jpg\",\"articleSection\":[\"Actualit\u00e9s\"],\"inLanguage\":\"fr-FR\",\"potentialAction\":[{\"@type\":\"CommentAction\",\"name\":\"Comment\",\"target\":[\"https:\/\/charente.catholique.fr\/est-charente\/actualites\/informations-paroissiales-du-3-mai-au-10-mai\/#respond\"]}]},{\"@type\":\"WebPage\",\"@id\":\"https:\/\/charente.catholique.fr\/est-charente\/actualites\/informations-paroissiales-du-3-mai-au-10-mai\/\",\"url\":\"https:\/\/charente.catholique.fr\/est-charente\/actualites\/informations-paroissiales-du-3-mai-au-10-mai\/\",\"name\":\"Informations paroissiales du 3 mai au 10 mai - Doyenne Est Charente\",\"isPartOf\":{\"@id\":\"https:\/\/charente.catholique.fr\/est-charente\/#website\"},\"primaryImageOfPage\":{\"@id\":\"https:\/\/charente.catholique.fr\/est-charente\/actualites\/informations-paroissiales-du-3-mai-au-10-mai\/#primaryimage\"},\"image\":{\"@id\":\"https:\/\/charente.catholique.fr\/est-charente\/actualites\/informations-paroissiales-du-3-mai-au-10-mai\/#primaryimage\"},\"thumbnailUrl\":\"https:\/\/charente.catholique.fr\/est-charente\/wp-content\/uploads\/sites\/3\/2024\/02\/agenda-fleur.jpg\",\"datePublished\":\"2026-04-30T09:16:11+00:00\",\"dateModified\":\"2026-04-30T09:16:12+00:00\",\"breadcrumb\":{\"@id\":\"https:\/\/charente.catholique.fr\/est-charente\/actualites\/informations-paroissiales-du-3-mai-au-10-mai\/#breadcrumb\"},\"inLanguage\":\"fr-FR\",\"potentialAction\":[{\"@type\":\"ReadAction\",\"target\":[\"https:\/\/charente.catholique.fr\/est-charente\/actualites\/informations-paroissiales-du-3-mai-au-10-mai\/\"]}]},{\"@type\":\"ImageObject\",\"inLanguage\":\"fr-FR\",\"@id\":\"https:\/\/charente.catholique.fr\/est-charente\/actualites\/informations-paroissiales-du-3-mai-au-10-mai\/#primaryimage\",\"url\":\"https:\/\/charente.catholique.fr\/est-charente\/wp-content\/uploads\/sites\/3\/2024\/02\/agenda-fleur.jpg\",\"contentUrl\":\"https:\/\/charente.catholique.fr\/est-charente\/wp-content\/uploads\/sites\/3\/2024\/02\/agenda-fleur.jpg\",\"width\":1280,\"height\":853},{\"@type\":\"BreadcrumbList\",\"@id\":\"https:\/\/charente.catholique.fr\/est-charente\/actualites\/informations-paroissiales-du-3-mai-au-10-mai\/#breadcrumb\",\"itemListElement\":[{\"@type\":\"ListItem\",\"position\":1,\"name\":\"Accueil\",\"item\":\"https:\/\/charente.catholique.fr\/est-charente\/\"},{\"@type\":\"ListItem\",\"position\":2,\"name\":\"Informations paroissiales du 3 mai au 10 mai\"}]},{\"@type\":\"WebSite\",\"@id\":\"https:\/\/charente.catholique.fr\/est-charente\/#website\",\"url\":\"https:\/\/charente.catholique.fr\/est-charente\/\",\"name\":\"Doyenn\u00e9 Est Charente - Dioc\u00e8se d'Angoul\u00eame\",\"description\":\"Dioc\u00e8se d&#039;Angoul\u00eame\",\"publisher\":{\"@id\":\"https:\/\/charente.catholique.fr\/est-charente\/#organization\"},\"potentialAction\":[{\"@type\":\"SearchAction\",\"target\":{\"@type\":\"EntryPoint\",\"urlTemplate\":\"https:\/\/charente.catholique.fr\/est-charente\/?s={search_term_string}\"},\"query-input\":{\"@type\":\"PropertyValueSpecification\",\"valueRequired\":true,\"valueName\":\"search_term_string\"}}],\"inLanguage\":\"fr-FR\"},{\"@type\":\"Organization\",\"@id\":\"https:\/\/charente.catholique.fr\/est-charente\/#organization\",\"name\":\"Association dioc\u00e9saine d'Angoul\u00eame\",\"url\":\"https:\/\/charente.catholique.fr\/est-charente\/\",\"logo\":{\"@type\":\"ImageObject\",\"inLanguage\":\"fr-FR\",\"@id\":\"https:\/\/charente.catholique.fr\/est-charente\/#\/schema\/logo\/image\/\",\"url\":\"https:\/\/charente.catholique.fr\/est-charente\/wp-content\/uploads\/sites\/3\/2020\/10\/logos.png\",\"contentUrl\":\"https:\/\/charente.catholique.fr\/est-charente\/wp-content\/uploads\/sites\/3\/2020\/10\/logos.png\",\"width\":600,\"height\":257,\"caption\":\"Association dioc\u00e9saine d'Angoul\u00eame\"},\"image\":{\"@id\":\"https:\/\/charente.catholique.fr\/est-charente\/#\/schema\/logo\/image\/\"},\"sameAs\":[\"https:\/\/www.facebook.com\/EgliseCatholiqueCharente\",\"https:\/\/x.com\/diocesecharente\",\"https:\/\/www.instagram.com\/eglisecharente\",\"https:\/\/www.youtube.com\/channel\/UCByyFWApZbw3gDTiADoiAaQ\"]},{\"@type\":\"Person\",\"@id\":\"https:\/\/charente.catholique.fr\/est-charente\/#\/schema\/person\/3913c175d67b5490b8c108fbc0d75d5b\",\"name\":\"Paola Gaud\",\"image\":{\"@type\":\"ImageObject\",\"inLanguage\":\"fr-FR\",\"@id\":\"https:\/\/charente.catholique.fr\/est-charente\/#\/schema\/person\/image\/\",\"url\":\"https:\/\/secure.gravatar.com\/avatar\/f873a495d23a09b6fd4bf8a7077925bf568d61e61c4f19c2f2e30bd7fe0e5bbc?s=96&d=mm&r=g\",\"contentUrl\":\"https:\/\/secure.gravatar.com\/avatar\/f873a495d23a09b6fd4bf8a7077925bf568d61e61c4f19c2f2e30bd7fe0e5bbc?s=96&d=mm&r=g\",\"caption\":\"Paola Gaud\"},\"url\":\"https:\/\/charente.catholique.fr\/est-charente\/author\/paolagaud\/\"}]}<\/script>\n<!-- \/ Yoast SEO plugin. -->","yoast_head_json":{"title":"Informations paroissiales du 3 mai au 10 mai - Doyenne Est Charente","robots":{"index":"index","follow":"follow","max-snippet":"max-snippet:-1","max-image-preview":"max-image-preview:large","max-video-preview":"max-video-preview:-1"},"canonical":"https:\/\/charente.catholique.fr\/est-charente\/actualites\/informations-paroissiales-du-3-mai-au-10-mai\/","og_locale":"fr_FR","og_type":"article","og_title":"Informations paroissiales du 3 mai au 10 mai - Doyenne Est Charente","og_description":"Informations paroissiales Semaine du 26 avril au 3 mai 2026 Nous ont quitt\u00e9s cette semaine\u00a0: Chantal GERARDOT 82 ans Alloue (vivait en EHPAD \u00e0 Jonzac)\u00a0; C\u00e9line BUSSIERE n\u00e9e RIVET 95 ans Lessac\u00a0; Intentions de messe\u00a0: Rose Marie TOLLU (Lessac)\u00a0; Famille de PR\u00c9VILLE \u2013 de VERDILHAC (Pressignac)\u00a0; Famille PERISSAT Henri et Berthe sa s\u0153ur\u00a0; Yvette JULIEN [&hellip;]","og_url":"https:\/\/charente.catholique.fr\/est-charente\/actualites\/informations-paroissiales-du-3-mai-au-10-mai\/","og_site_name":"Doyenne Est Charente","article_publisher":"https:\/\/www.facebook.com\/EgliseCatholiqueCharente","article_published_time":"2026-04-30T09:16:11+00:00","article_modified_time":"2026-04-30T09:16:12+00:00","og_image":[{"width":1280,"height":853,"url":"https:\/\/charente.catholique.fr\/est-charente\/wp-content\/uploads\/sites\/3\/2024\/02\/agenda-fleur.jpg","type":"image\/jpeg"}],"author":"Paola Gaud","twitter_card":"summary_large_image","twitter_creator":"@diocesecharente","twitter_site":"@diocesecharente","twitter_misc":{"\u00c9crit par":"Paola Gaud","Dur\u00e9e de lecture estim\u00e9e":"3 minutes"},"schema":{"@context":"https:\/\/schema.org","@graph":[{"@type":"Article","@id":"https:\/\/charente.catholique.fr\/est-charente\/actualites\/informations-paroissiales-du-3-mai-au-10-mai\/#article","isPartOf":{"@id":"https:\/\/charente.catholique.fr\/est-charente\/actualites\/informations-paroissiales-du-3-mai-au-10-mai\/"},"author":{"name":"Paola Gaud","@id":"https:\/\/charente.catholique.fr\/est-charente\/#\/schema\/person\/3913c175d67b5490b8c108fbc0d75d5b"},"headline":"Informations paroissiales du 3 mai au 10 mai","datePublished":"2026-04-30T09:16:11+00:00","dateModified":"2026-04-30T09:16:12+00:00","mainEntityOfPage":{"@id":"https:\/\/charente.catholique.fr\/est-charente\/actualites\/informations-paroissiales-du-3-mai-au-10-mai\/"},"wordCount":406,"commentCount":0,"publisher":{"@id":"https:\/\/charente.catholique.fr\/est-charente\/#organization"},"image":{"@id":"https:\/\/charente.catholique.fr\/est-charente\/actualites\/informations-paroissiales-du-3-mai-au-10-mai\/#primaryimage"},"thumbnailUrl":"https:\/\/charente.catholique.fr\/est-charente\/wp-content\/uploads\/sites\/3\/2024\/02\/agenda-fleur.jpg","articleSection":["Actualit\u00e9s"],"inLanguage":"fr-FR","potentialAction":[{"@type":"CommentAction","name":"Comment","target":["https:\/\/charente.catholique.fr\/est-charente\/actualites\/informations-paroissiales-du-3-mai-au-10-mai\/#respond"]}]},{"@type":"WebPage","@id":"https:\/\/charente.catholique.fr\/est-charente\/actualites\/informations-paroissiales-du-3-mai-au-10-mai\/","url":"https:\/\/charente.catholique.fr\/est-charente\/actualites\/informations-paroissiales-du-3-mai-au-10-mai\/","name":"Informations paroissiales du 3 mai au 10 mai - Doyenne Est Charente","isPartOf":{"@id":"https:\/\/charente.catholique.fr\/est-charente\/#website"},"primaryImageOfPage":{"@id":"https:\/\/charente.catholique.fr\/est-charente\/actualites\/informations-paroissiales-du-3-mai-au-10-mai\/#primaryimage"},"image":{"@id":"https:\/\/charente.catholique.fr\/est-charente\/actualites\/informations-paroissiales-du-3-mai-au-10-mai\/#primaryimage"},"thumbnailUrl":"https:\/\/charente.catholique.fr\/est-charente\/wp-content\/uploads\/sites\/3\/2024\/02\/agenda-fleur.jpg","datePublished":"2026-04-30T09:16:11+00:00","dateModified":"2026-04-30T09:16:12+00:00","breadcrumb":{"@id":"https:\/\/charente.catholique.fr\/est-charente\/actualites\/informations-paroissiales-du-3-mai-au-10-mai\/#breadcrumb"},"inLanguage":"fr-FR","potentialAction":[{"@type":"ReadAction","target":["https:\/\/charente.catholique.fr\/est-charente\/actualites\/informations-paroissiales-du-3-mai-au-10-mai\/"]}]},{"@type":"ImageObject","inLanguage":"fr-FR","@id":"https:\/\/charente.catholique.fr\/est-charente\/actualites\/informations-paroissiales-du-3-mai-au-10-mai\/#primaryimage","url":"https:\/\/charente.catholique.fr\/est-charente\/wp-content\/uploads\/sites\/3\/2024\/02\/agenda-fleur.jpg","contentUrl":"https:\/\/charente.catholique.fr\/est-charente\/wp-content\/uploads\/sites\/3\/2024\/02\/agenda-fleur.jpg","width":1280,"height":853},{"@type":"BreadcrumbList","@id":"https:\/\/charente.catholique.fr\/est-charente\/actualites\/informations-paroissiales-du-3-mai-au-10-mai\/#breadcrumb","itemListElement":[{"@type":"ListItem","position":1,"name":"Accueil","item":"https:\/\/charente.catholique.fr\/est-charente\/"},{"@type":"ListItem","position":2,"name":"Informations paroissiales du 3 mai au 10 mai"}]},{"@type":"WebSite","@id":"https:\/\/charente.catholique.fr\/est-charente\/#website","url":"https:\/\/charente.catholique.fr\/est-charente\/","name":"Doyenn\u00e9 Est Charente - Dioc\u00e8se d'Angoul\u00eame","description":"Dioc\u00e8se d&#039;Angoul\u00eame","publisher":{"@id":"https:\/\/charente.catholique.fr\/est-charente\/#organization"},"potentialAction":[{"@type":"SearchAction","target":{"@type":"EntryPoint","urlTemplate":"https:\/\/charente.catholique.fr\/est-charente\/?s={search_term_string}"},"query-input":{"@type":"PropertyValueSpecification","valueRequired":true,"valueName":"search_term_string"}}],"inLanguage":"fr-FR"},{"@type":"Organization","@id":"https:\/\/charente.catholique.fr\/est-charente\/#organization","name":"Association dioc\u00e9saine d'Angoul\u00eame","url":"https:\/\/charente.catholique.fr\/est-charente\/","logo":{"@type":"ImageObject","inLanguage":"fr-FR","@id":"https:\/\/charente.catholique.fr\/est-charente\/#\/schema\/logo\/image\/","url":"https:\/\/charente.catholique.fr\/est-charente\/wp-content\/uploads\/sites\/3\/2020\/10\/logos.png","contentUrl":"https:\/\/charente.catholique.fr\/est-charente\/wp-content\/uploads\/sites\/3\/2020\/10\/logos.png","width":600,"height":257,"caption":"Association dioc\u00e9saine d'Angoul\u00eame"},"image":{"@id":"https:\/\/charente.catholique.fr\/est-charente\/#\/schema\/logo\/image\/"},"sameAs":["https:\/\/www.facebook.com\/EgliseCatholiqueCharente","https:\/\/x.com\/diocesecharente","https:\/\/www.instagram.com\/eglisecharente","https:\/\/www.youtube.com\/channel\/UCByyFWApZbw3gDTiADoiAaQ"]},{"@type":"Person","@id":"https:\/\/charente.catholique.fr\/est-charente\/#\/schema\/person\/3913c175d67b5490b8c108fbc0d75d5b","name":"Paola Gaud","image":{"@type":"ImageObject","inLanguage":"fr-FR","@id":"https:\/\/charente.catholique.fr\/est-charente\/#\/schema\/person\/image\/","url":"https:\/\/secure.gravatar.com\/avatar\/f873a495d23a09b6fd4bf8a7077925bf568d61e61c4f19c2f2e30bd7fe0e5bbc?s=96&d=mm&r=g","contentUrl":"https:\/\/secure.gravatar.com\/avatar\/f873a495d23a09b6fd4bf8a7077925bf568d61e61c4f19c2f2e30bd7fe0e5bbc?s=96&d=mm&r=g","caption":"Paola Gaud"},"url":"https:\/\/charente.catholique.fr\/est-charente\/author\/paolagaud\/"}]}},"_links":{"self":[{"href":"https:\/\/charente.catholique.fr\/est-charente\/wp-json\/wp\/v2\/posts\/9236","targetHints":{"allow":["GET"]}}],"collection":[{"href":"https:\/\/charente.catholique.fr\/est-charente\/wp-json\/wp\/v2\/posts"}],"about":[{"href":"https:\/\/charente.catholique.fr\/est-charente\/wp-json\/wp\/v2\/types\/post"}],"author":[{"embeddable":true,"href":"https:\/\/charente.catholique.fr\/est-charente\/wp-json\/wp\/v2\/users\/9"}],"replies":[{"embeddable":true,"href":"https:\/\/charente.catholique.fr\/est-charente\/wp-json\/wp\/v2\/comments?post=9236"}],"version-history":[{"count":1,"href":"https:\/\/charente.catholique.fr\/est-charente\/wp-json\/wp\/v2\/posts\/9236\/revisions"}],"predecessor-version":[{"id":9238,"href":"https:\/\/charente.catholique.fr\/est-charente\/wp-json\/wp\/v2\/posts\/9236\/revisions\/9238"}],"wp:featuredmedia":[{"embeddable":true,"href":"https:\/\/charente.catholique.fr\/est-charente\/wp-json\/wp\/v2\/media\/5496"}],"wp:attachment":[{"href":"https:\/\/charente.catholique.fr\/est-charente\/wp-json\/wp\/v2\/media?parent=9236"}],"wp:term":[{"taxonomy":"category","embeddable":true,"href":"https:\/\/charente.catholique.fr\/est-charente\/wp-json\/wp\/v2\/categories?post=9236"},{"taxonomy":"post_tag","embeddable":true,"href":"https:\/\/charente.catholique.fr\/est-charente\/wp-json\/wp\/v2\/tags?post=9236"}],"curies":[{"name":"wp","href":"https:\/\/api.w.org\/{rel}","templated":true}]}}