{"id":9078,"date":"2026-03-26T22:24:24","date_gmt":"2026-03-26T21:24:24","guid":{"rendered":"https:\/\/charente.catholique.fr\/est-charente\/?p=9078"},"modified":"2026-03-27T10:00:25","modified_gmt":"2026-03-27T09:00:25","slug":"24-heures-pour-le-seigneur-avec-marche-des-rameaux-27-28-mars-2026","status":"publish","type":"post","link":"https:\/\/charente.catholique.fr\/est-charente\/actualites\/24-heures-pour-le-seigneur-avec-marche-des-rameaux-27-28-mars-2026\/","title":{"rendered":"&#8220;24 heures pour le Seigneur&#8221; avec Marche des Rameaux 27-28 mars 2026"},"content":{"rendered":"\n<p>Cette ann\u00e9e, la paroisse Saint-Augustin en Tardoire et Bandiat poursuit les activit\u00e9s &#8220;24 heures pour le Seigneur&#8221;<\/p>\n\n\n\n<figure class=\"wp-block-image size-full\"><img loading=\"lazy\" decoding=\"async\" width=\"1536\" height=\"1024\" src=\"https:\/\/charente.catholique.fr\/est-charente\/wp-content\/uploads\/sites\/3\/2026\/03\/24-heures-pour-le-seigneur-2026-pa-satb.png\" alt=\"24h pour le Seigneur 2026\" class=\"wp-image-9079\" srcset=\"https:\/\/charente.catholique.fr\/est-charente\/wp-content\/uploads\/sites\/3\/2026\/03\/24-heures-pour-le-seigneur-2026-pa-satb.png 1536w, https:\/\/charente.catholique.fr\/est-charente\/wp-content\/uploads\/sites\/3\/2026\/03\/24-heures-pour-le-seigneur-2026-pa-satb-300x200.png 300w, https:\/\/charente.catholique.fr\/est-charente\/wp-content\/uploads\/sites\/3\/2026\/03\/24-heures-pour-le-seigneur-2026-pa-satb-768x512.png 768w, https:\/\/charente.catholique.fr\/est-charente\/wp-content\/uploads\/sites\/3\/2026\/03\/24-heures-pour-le-seigneur-2026-pa-satb-1320x880.png 1320w\" sizes=\"auto, (max-width: 1536px) 100vw, 1536px\" \/><figcaption class=\"wp-element-caption\">Les activit\u00e9s des 24 heures pour le Seigneur 2026<\/figcaption><\/figure>\n\n\n\n<p><strong>Programme :<\/strong><\/p>\n\n\n\n<p><strong>Vendredi 27 mars &#8211; \u00e0 La Rochefoucauld<\/strong><\/p>\n\n\n\n<p>18h30 : messe, suivie des v\u00eapres (vers 19h00)<br>19h30 : <strong>Bol de riz<\/strong> (salle paroissiale). Libre aum\u00f4ne au profit de la <strong>Maison de Rosalie<\/strong>.<br>20h30 : Veill\u00e9e de <strong>pri\u00e8re pour la Vie<\/strong> dans l&#8217;\u00e9glise. Possible de confession pendant la veill\u00e9e.<br>Puis relais d&#8217;adoration du Saint Sacrement toute la nuit.<br><em>(Inscrivez-vous pour tenir un cr\u00e9neau d&#8217;une heure (tableau \u00e0 l&#8217;entr\u00e9e de l&#8217;\u00e9glise).<\/em><\/p>\n\n\n\n<p><strong>Samedi 28 mars<\/strong><\/p>\n\n\n\n<p>8h00 : pri\u00e8re des laudes avec les chanoines dans l&#8217;\u00e9glise de La Rochefoucauld.<\/p>\n\n\n\n<p>Lecture proclam\u00e9e de la Bible de 10h00 \u00e0 12h :<br>\u00e0 l&#8217;\u00e9glise de <strong>Saint Sornin<\/strong>, lecture des livres de Ruth et d&#8217;Esther.<br>\u00e0 l&#8217;\u00e9glise de <strong>La Rochefoucauld<\/strong>, lecture du Livre de Tobie.<br>\u00e0 l&#8217;\u00e9glise de <strong>Chazelles<\/strong>, lecture des Actes des Ap\u00f4tres.<br>\u00e0 l&#8217;\u00e9glise de <strong>Marthon<\/strong>, lecture des lettres de Saint Paul.<\/p>\n\n\n\n<p><em>Inscrivez-vous pour pr\u00eater votre voix pendant 10 minutes \u00e0 la Parole de Dieu.<br>Voir tableau \u00e0 l&#8217;entr\u00e9e de chaque \u00e9glise.<\/em><\/p>\n\n\n\n<p>14h30 : <strong>Marche des Rameaux<\/strong> \u00e0 <strong>Rouz\u00e8de<\/strong>. Une boucle de 5 km environ, partant de l&#8217;\u00e9glise, avec des haltes spirituelles pour les enfants et pour les adultes. <\/p>\n\n\n\n<p>18h30 : messe avec b\u00e9n\u00e9diction des rameaux.<\/p>\n","protected":false},"excerpt":{"rendered":"<p>Cette ann\u00e9e, la paroisse Saint-Augustin en Tardoire et Bandiat poursuit les activit\u00e9s &#8220;24 heures pour le Seigneur&#8221; Programme : Vendredi 27 mars &#8211; \u00e0 La Rochefoucauld 18h30 : messe, suivie des v\u00eapres (vers 19h00)19h30 : Bol de riz (salle paroissiale). Libre aum\u00f4ne au profit de la Maison de Rosalie.20h30 : Veill\u00e9e de pri\u00e8re pour la [&hellip;]<\/p>\n","protected":false},"author":118,"featured_media":9079,"comment_status":"open","ping_status":"open","sticky":false,"template":"","format":"standard","meta":{"_acf_changed":false,"paroisse":["11","11","11"],"service":["0"],"footnotes":""},"categories":[1,3],"tags":[],"class_list":["post-9078","post","type-post","status-publish","format-standard","has-post-thumbnail","hentry","category-actualites","category-saint-augustin-en-tardoire-et-bandiat","validated"],"acf":[],"yoast_head":"<!-- This site is optimized with the Yoast SEO plugin v27.1.1 - https:\/\/yoast.com\/product\/yoast-seo-wordpress\/ -->\n<title>&quot;24 heures pour le Seigneur&quot; avec Marche des Rameaux 27-28 mars 2026 - Doyenne Est Charente<\/title>\n<meta name=\"description\" content=\"Cette ann\u00e9e 2026, la paroisse continue les activit\u00e9s 24 heures chrono pour le Seigneur avec Marche des Rameaux \u00e0 Rouz\u00e8de.\" \/>\n<meta name=\"robots\" content=\"index, follow, max-snippet:-1, max-image-preview:large, max-video-preview:-1\" \/>\n<link rel=\"canonical\" href=\"https:\/\/charente.catholique.fr\/est-charente\/actualites\/24-heures-pour-le-seigneur-avec-marche-des-rameaux-27-28-mars-2026\/\" \/>\n<meta property=\"og:locale\" content=\"fr_FR\" \/>\n<meta property=\"og:type\" content=\"article\" \/>\n<meta property=\"og:title\" content=\"&quot;24 heures pour le Seigneur&quot; avec Marche des Rameaux 27-28 mars 2026 - Doyenne Est Charente\" \/>\n<meta property=\"og:description\" content=\"Cette ann\u00e9e 2026, la paroisse continue les activit\u00e9s 24 heures chrono pour le Seigneur avec Marche des Rameaux \u00e0 Rouz\u00e8de.\" \/>\n<meta property=\"og:url\" content=\"https:\/\/charente.catholique.fr\/est-charente\/actualites\/24-heures-pour-le-seigneur-avec-marche-des-rameaux-27-28-mars-2026\/\" \/>\n<meta property=\"og:site_name\" content=\"Doyenne Est Charente\" \/>\n<meta property=\"article:publisher\" content=\"https:\/\/www.facebook.com\/EgliseCatholiqueCharente\" \/>\n<meta property=\"article:published_time\" content=\"2026-03-26T21:24:24+00:00\" \/>\n<meta property=\"article:modified_time\" content=\"2026-03-27T09:00:25+00:00\" \/>\n<meta property=\"og:image\" content=\"https:\/\/charente.catholique.fr\/est-charente\/wp-content\/uploads\/sites\/3\/2026\/03\/24-heures-pour-le-seigneur-2026-pa-satb.png\" \/>\n\t<meta property=\"og:image:width\" content=\"1536\" \/>\n\t<meta property=\"og:image:height\" content=\"1024\" \/>\n\t<meta property=\"og:image:type\" content=\"image\/png\" \/>\n<meta name=\"author\" content=\"paroissesaintaugustin\" \/>\n<meta name=\"twitter:card\" content=\"summary_large_image\" \/>\n<meta name=\"twitter:creator\" content=\"@diocesecharente\" \/>\n<meta name=\"twitter:site\" content=\"@diocesecharente\" \/>\n<meta name=\"twitter:label1\" content=\"\u00c9crit par\" \/>\n\t<meta name=\"twitter:data1\" content=\"paroissesaintaugustin\" \/>\n\t<meta name=\"twitter:label2\" content=\"Dur\u00e9e de lecture estim\u00e9e\" \/>\n\t<meta name=\"twitter:data2\" content=\"2 minutes\" \/>\n<script type=\"application\/ld+json\" class=\"yoast-schema-graph\">{\"@context\":\"https:\/\/schema.org\",\"@graph\":[{\"@type\":\"Article\",\"@id\":\"https:\/\/charente.catholique.fr\/est-charente\/actualites\/24-heures-pour-le-seigneur-avec-marche-des-rameaux-27-28-mars-2026\/#article\",\"isPartOf\":{\"@id\":\"https:\/\/charente.catholique.fr\/est-charente\/actualites\/24-heures-pour-le-seigneur-avec-marche-des-rameaux-27-28-mars-2026\/\"},\"author\":{\"name\":\"paroissesaintaugustin\",\"@id\":\"https:\/\/charente.catholique.fr\/est-charente\/#\/schema\/person\/3d4c4adeec5858e79a2c572db81dcc29\"},\"headline\":\"&#8220;24 heures pour le Seigneur&#8221; avec Marche des Rameaux 27-28 mars 2026\",\"datePublished\":\"2026-03-26T21:24:24+00:00\",\"dateModified\":\"2026-03-27T09:00:25+00:00\",\"mainEntityOfPage\":{\"@id\":\"https:\/\/charente.catholique.fr\/est-charente\/actualites\/24-heures-pour-le-seigneur-avec-marche-des-rameaux-27-28-mars-2026\/\"},\"wordCount\":233,\"commentCount\":0,\"publisher\":{\"@id\":\"https:\/\/charente.catholique.fr\/est-charente\/#organization\"},\"image\":{\"@id\":\"https:\/\/charente.catholique.fr\/est-charente\/actualites\/24-heures-pour-le-seigneur-avec-marche-des-rameaux-27-28-mars-2026\/#primaryimage\"},\"thumbnailUrl\":\"https:\/\/charente.catholique.fr\/est-charente\/wp-content\/uploads\/sites\/3\/2026\/03\/24-heures-pour-le-seigneur-2026-pa-satb.png\",\"articleSection\":[\"Actualit\u00e9s\",\"Saint Augustin en Tardoire et Bandiat\"],\"inLanguage\":\"fr-FR\",\"potentialAction\":[{\"@type\":\"CommentAction\",\"name\":\"Comment\",\"target\":[\"https:\/\/charente.catholique.fr\/est-charente\/actualites\/24-heures-pour-le-seigneur-avec-marche-des-rameaux-27-28-mars-2026\/#respond\"]}]},{\"@type\":\"WebPage\",\"@id\":\"https:\/\/charente.catholique.fr\/est-charente\/actualites\/24-heures-pour-le-seigneur-avec-marche-des-rameaux-27-28-mars-2026\/\",\"url\":\"https:\/\/charente.catholique.fr\/est-charente\/actualites\/24-heures-pour-le-seigneur-avec-marche-des-rameaux-27-28-mars-2026\/\",\"name\":\"\\\"24 heures pour le Seigneur\\\" avec Marche des Rameaux 27-28 mars 2026 - Doyenne Est Charente\",\"isPartOf\":{\"@id\":\"https:\/\/charente.catholique.fr\/est-charente\/#website\"},\"primaryImageOfPage\":{\"@id\":\"https:\/\/charente.catholique.fr\/est-charente\/actualites\/24-heures-pour-le-seigneur-avec-marche-des-rameaux-27-28-mars-2026\/#primaryimage\"},\"image\":{\"@id\":\"https:\/\/charente.catholique.fr\/est-charente\/actualites\/24-heures-pour-le-seigneur-avec-marche-des-rameaux-27-28-mars-2026\/#primaryimage\"},\"thumbnailUrl\":\"https:\/\/charente.catholique.fr\/est-charente\/wp-content\/uploads\/sites\/3\/2026\/03\/24-heures-pour-le-seigneur-2026-pa-satb.png\",\"datePublished\":\"2026-03-26T21:24:24+00:00\",\"dateModified\":\"2026-03-27T09:00:25+00:00\",\"description\":\"Cette ann\u00e9e 2026, la paroisse continue les activit\u00e9s 24 heures chrono pour le Seigneur avec Marche des Rameaux \u00e0 Rouz\u00e8de.\",\"breadcrumb\":{\"@id\":\"https:\/\/charente.catholique.fr\/est-charente\/actualites\/24-heures-pour-le-seigneur-avec-marche-des-rameaux-27-28-mars-2026\/#breadcrumb\"},\"inLanguage\":\"fr-FR\",\"potentialAction\":[{\"@type\":\"ReadAction\",\"target\":[\"https:\/\/charente.catholique.fr\/est-charente\/actualites\/24-heures-pour-le-seigneur-avec-marche-des-rameaux-27-28-mars-2026\/\"]}]},{\"@type\":\"ImageObject\",\"inLanguage\":\"fr-FR\",\"@id\":\"https:\/\/charente.catholique.fr\/est-charente\/actualites\/24-heures-pour-le-seigneur-avec-marche-des-rameaux-27-28-mars-2026\/#primaryimage\",\"url\":\"https:\/\/charente.catholique.fr\/est-charente\/wp-content\/uploads\/sites\/3\/2026\/03\/24-heures-pour-le-seigneur-2026-pa-satb.png\",\"contentUrl\":\"https:\/\/charente.catholique.fr\/est-charente\/wp-content\/uploads\/sites\/3\/2026\/03\/24-heures-pour-le-seigneur-2026-pa-satb.png\",\"width\":1536,\"height\":1024,\"caption\":\"Les activit\u00e9s des 24 heures pour le Seigneur 2026\"},{\"@type\":\"BreadcrumbList\",\"@id\":\"https:\/\/charente.catholique.fr\/est-charente\/actualites\/24-heures-pour-le-seigneur-avec-marche-des-rameaux-27-28-mars-2026\/#breadcrumb\",\"itemListElement\":[{\"@type\":\"ListItem\",\"position\":1,\"name\":\"Accueil\",\"item\":\"https:\/\/charente.catholique.fr\/est-charente\/\"},{\"@type\":\"ListItem\",\"position\":2,\"name\":\"&#8220;24 heures pour le Seigneur&#8221; avec Marche des Rameaux 27-28 mars 2026\"}]},{\"@type\":\"WebSite\",\"@id\":\"https:\/\/charente.catholique.fr\/est-charente\/#website\",\"url\":\"https:\/\/charente.catholique.fr\/est-charente\/\",\"name\":\"Doyenn\u00e9 Est Charente - Dioc\u00e8se d'Angoul\u00eame\",\"description\":\"Dioc\u00e8se d&#039;Angoul\u00eame\",\"publisher\":{\"@id\":\"https:\/\/charente.catholique.fr\/est-charente\/#organization\"},\"potentialAction\":[{\"@type\":\"SearchAction\",\"target\":{\"@type\":\"EntryPoint\",\"urlTemplate\":\"https:\/\/charente.catholique.fr\/est-charente\/?s={search_term_string}\"},\"query-input\":{\"@type\":\"PropertyValueSpecification\",\"valueRequired\":true,\"valueName\":\"search_term_string\"}}],\"inLanguage\":\"fr-FR\"},{\"@type\":\"Organization\",\"@id\":\"https:\/\/charente.catholique.fr\/est-charente\/#organization\",\"name\":\"Association dioc\u00e9saine d'Angoul\u00eame\",\"url\":\"https:\/\/charente.catholique.fr\/est-charente\/\",\"logo\":{\"@type\":\"ImageObject\",\"inLanguage\":\"fr-FR\",\"@id\":\"https:\/\/charente.catholique.fr\/est-charente\/#\/schema\/logo\/image\/\",\"url\":\"https:\/\/charente.catholique.fr\/est-charente\/wp-content\/uploads\/sites\/3\/2020\/10\/logos.png\",\"contentUrl\":\"https:\/\/charente.catholique.fr\/est-charente\/wp-content\/uploads\/sites\/3\/2020\/10\/logos.png\",\"width\":600,\"height\":257,\"caption\":\"Association dioc\u00e9saine d'Angoul\u00eame\"},\"image\":{\"@id\":\"https:\/\/charente.catholique.fr\/est-charente\/#\/schema\/logo\/image\/\"},\"sameAs\":[\"https:\/\/www.facebook.com\/EgliseCatholiqueCharente\",\"https:\/\/x.com\/diocesecharente\",\"https:\/\/www.instagram.com\/eglisecharente\",\"https:\/\/www.youtube.com\/channel\/UCByyFWApZbw3gDTiADoiAaQ\"]},{\"@type\":\"Person\",\"@id\":\"https:\/\/charente.catholique.fr\/est-charente\/#\/schema\/person\/3d4c4adeec5858e79a2c572db81dcc29\",\"name\":\"paroissesaintaugustin\",\"image\":{\"@type\":\"ImageObject\",\"inLanguage\":\"fr-FR\",\"@id\":\"https:\/\/charente.catholique.fr\/est-charente\/#\/schema\/person\/image\/\",\"url\":\"https:\/\/secure.gravatar.com\/avatar\/08d79c6b4424fda4e7a7dbd87b2ae2505faf0218a90eb606ac4bf7ce2c3394b2?s=96&d=mm&r=g\",\"contentUrl\":\"https:\/\/secure.gravatar.com\/avatar\/08d79c6b4424fda4e7a7dbd87b2ae2505faf0218a90eb606ac4bf7ce2c3394b2?s=96&d=mm&r=g\",\"caption\":\"paroissesaintaugustin\"},\"url\":\"https:\/\/charente.catholique.fr\/est-charente\/author\/paroissesaintaugustin\/\"}]}<\/script>\n<!-- \/ Yoast SEO plugin. -->","yoast_head_json":{"title":"\"24 heures pour le Seigneur\" avec Marche des Rameaux 27-28 mars 2026 - Doyenne Est Charente","description":"Cette ann\u00e9e 2026, la paroisse continue les activit\u00e9s 24 heures chrono pour le Seigneur avec Marche des Rameaux \u00e0 Rouz\u00e8de.","robots":{"index":"index","follow":"follow","max-snippet":"max-snippet:-1","max-image-preview":"max-image-preview:large","max-video-preview":"max-video-preview:-1"},"canonical":"https:\/\/charente.catholique.fr\/est-charente\/actualites\/24-heures-pour-le-seigneur-avec-marche-des-rameaux-27-28-mars-2026\/","og_locale":"fr_FR","og_type":"article","og_title":"\"24 heures pour le Seigneur\" avec Marche des Rameaux 27-28 mars 2026 - Doyenne Est Charente","og_description":"Cette ann\u00e9e 2026, la paroisse continue les activit\u00e9s 24 heures chrono pour le Seigneur avec Marche des Rameaux \u00e0 Rouz\u00e8de.","og_url":"https:\/\/charente.catholique.fr\/est-charente\/actualites\/24-heures-pour-le-seigneur-avec-marche-des-rameaux-27-28-mars-2026\/","og_site_name":"Doyenne Est Charente","article_publisher":"https:\/\/www.facebook.com\/EgliseCatholiqueCharente","article_published_time":"2026-03-26T21:24:24+00:00","article_modified_time":"2026-03-27T09:00:25+00:00","og_image":[{"url":"https:\/\/charente.catholique.fr\/est-charente\/wp-content\/uploads\/sites\/3\/2026\/03\/24-heures-pour-le-seigneur-2026-pa-satb.png","width":1536,"height":1024,"type":"image\/png"}],"author":"paroissesaintaugustin","twitter_card":"summary_large_image","twitter_creator":"@diocesecharente","twitter_site":"@diocesecharente","twitter_misc":{"\u00c9crit par":"paroissesaintaugustin","Dur\u00e9e de lecture estim\u00e9e":"2 minutes"},"schema":{"@context":"https:\/\/schema.org","@graph":[{"@type":"Article","@id":"https:\/\/charente.catholique.fr\/est-charente\/actualites\/24-heures-pour-le-seigneur-avec-marche-des-rameaux-27-28-mars-2026\/#article","isPartOf":{"@id":"https:\/\/charente.catholique.fr\/est-charente\/actualites\/24-heures-pour-le-seigneur-avec-marche-des-rameaux-27-28-mars-2026\/"},"author":{"name":"paroissesaintaugustin","@id":"https:\/\/charente.catholique.fr\/est-charente\/#\/schema\/person\/3d4c4adeec5858e79a2c572db81dcc29"},"headline":"&#8220;24 heures pour le Seigneur&#8221; avec Marche des Rameaux 27-28 mars 2026","datePublished":"2026-03-26T21:24:24+00:00","dateModified":"2026-03-27T09:00:25+00:00","mainEntityOfPage":{"@id":"https:\/\/charente.catholique.fr\/est-charente\/actualites\/24-heures-pour-le-seigneur-avec-marche-des-rameaux-27-28-mars-2026\/"},"wordCount":233,"commentCount":0,"publisher":{"@id":"https:\/\/charente.catholique.fr\/est-charente\/#organization"},"image":{"@id":"https:\/\/charente.catholique.fr\/est-charente\/actualites\/24-heures-pour-le-seigneur-avec-marche-des-rameaux-27-28-mars-2026\/#primaryimage"},"thumbnailUrl":"https:\/\/charente.catholique.fr\/est-charente\/wp-content\/uploads\/sites\/3\/2026\/03\/24-heures-pour-le-seigneur-2026-pa-satb.png","articleSection":["Actualit\u00e9s","Saint Augustin en Tardoire et Bandiat"],"inLanguage":"fr-FR","potentialAction":[{"@type":"CommentAction","name":"Comment","target":["https:\/\/charente.catholique.fr\/est-charente\/actualites\/24-heures-pour-le-seigneur-avec-marche-des-rameaux-27-28-mars-2026\/#respond"]}]},{"@type":"WebPage","@id":"https:\/\/charente.catholique.fr\/est-charente\/actualites\/24-heures-pour-le-seigneur-avec-marche-des-rameaux-27-28-mars-2026\/","url":"https:\/\/charente.catholique.fr\/est-charente\/actualites\/24-heures-pour-le-seigneur-avec-marche-des-rameaux-27-28-mars-2026\/","name":"\"24 heures pour le Seigneur\" avec Marche des Rameaux 27-28 mars 2026 - Doyenne Est Charente","isPartOf":{"@id":"https:\/\/charente.catholique.fr\/est-charente\/#website"},"primaryImageOfPage":{"@id":"https:\/\/charente.catholique.fr\/est-charente\/actualites\/24-heures-pour-le-seigneur-avec-marche-des-rameaux-27-28-mars-2026\/#primaryimage"},"image":{"@id":"https:\/\/charente.catholique.fr\/est-charente\/actualites\/24-heures-pour-le-seigneur-avec-marche-des-rameaux-27-28-mars-2026\/#primaryimage"},"thumbnailUrl":"https:\/\/charente.catholique.fr\/est-charente\/wp-content\/uploads\/sites\/3\/2026\/03\/24-heures-pour-le-seigneur-2026-pa-satb.png","datePublished":"2026-03-26T21:24:24+00:00","dateModified":"2026-03-27T09:00:25+00:00","description":"Cette ann\u00e9e 2026, la paroisse continue les activit\u00e9s 24 heures chrono pour le Seigneur avec Marche des Rameaux \u00e0 Rouz\u00e8de.","breadcrumb":{"@id":"https:\/\/charente.catholique.fr\/est-charente\/actualites\/24-heures-pour-le-seigneur-avec-marche-des-rameaux-27-28-mars-2026\/#breadcrumb"},"inLanguage":"fr-FR","potentialAction":[{"@type":"ReadAction","target":["https:\/\/charente.catholique.fr\/est-charente\/actualites\/24-heures-pour-le-seigneur-avec-marche-des-rameaux-27-28-mars-2026\/"]}]},{"@type":"ImageObject","inLanguage":"fr-FR","@id":"https:\/\/charente.catholique.fr\/est-charente\/actualites\/24-heures-pour-le-seigneur-avec-marche-des-rameaux-27-28-mars-2026\/#primaryimage","url":"https:\/\/charente.catholique.fr\/est-charente\/wp-content\/uploads\/sites\/3\/2026\/03\/24-heures-pour-le-seigneur-2026-pa-satb.png","contentUrl":"https:\/\/charente.catholique.fr\/est-charente\/wp-content\/uploads\/sites\/3\/2026\/03\/24-heures-pour-le-seigneur-2026-pa-satb.png","width":1536,"height":1024,"caption":"Les activit\u00e9s des 24 heures pour le Seigneur 2026"},{"@type":"BreadcrumbList","@id":"https:\/\/charente.catholique.fr\/est-charente\/actualites\/24-heures-pour-le-seigneur-avec-marche-des-rameaux-27-28-mars-2026\/#breadcrumb","itemListElement":[{"@type":"ListItem","position":1,"name":"Accueil","item":"https:\/\/charente.catholique.fr\/est-charente\/"},{"@type":"ListItem","position":2,"name":"&#8220;24 heures pour le Seigneur&#8221; avec Marche des Rameaux 27-28 mars 2026"}]},{"@type":"WebSite","@id":"https:\/\/charente.catholique.fr\/est-charente\/#website","url":"https:\/\/charente.catholique.fr\/est-charente\/","name":"Doyenn\u00e9 Est Charente - Dioc\u00e8se d'Angoul\u00eame","description":"Dioc\u00e8se d&#039;Angoul\u00eame","publisher":{"@id":"https:\/\/charente.catholique.fr\/est-charente\/#organization"},"potentialAction":[{"@type":"SearchAction","target":{"@type":"EntryPoint","urlTemplate":"https:\/\/charente.catholique.fr\/est-charente\/?s={search_term_string}"},"query-input":{"@type":"PropertyValueSpecification","valueRequired":true,"valueName":"search_term_string"}}],"inLanguage":"fr-FR"},{"@type":"Organization","@id":"https:\/\/charente.catholique.fr\/est-charente\/#organization","name":"Association dioc\u00e9saine d'Angoul\u00eame","url":"https:\/\/charente.catholique.fr\/est-charente\/","logo":{"@type":"ImageObject","inLanguage":"fr-FR","@id":"https:\/\/charente.catholique.fr\/est-charente\/#\/schema\/logo\/image\/","url":"https:\/\/charente.catholique.fr\/est-charente\/wp-content\/uploads\/sites\/3\/2020\/10\/logos.png","contentUrl":"https:\/\/charente.catholique.fr\/est-charente\/wp-content\/uploads\/sites\/3\/2020\/10\/logos.png","width":600,"height":257,"caption":"Association dioc\u00e9saine d'Angoul\u00eame"},"image":{"@id":"https:\/\/charente.catholique.fr\/est-charente\/#\/schema\/logo\/image\/"},"sameAs":["https:\/\/www.facebook.com\/EgliseCatholiqueCharente","https:\/\/x.com\/diocesecharente","https:\/\/www.instagram.com\/eglisecharente","https:\/\/www.youtube.com\/channel\/UCByyFWApZbw3gDTiADoiAaQ"]},{"@type":"Person","@id":"https:\/\/charente.catholique.fr\/est-charente\/#\/schema\/person\/3d4c4adeec5858e79a2c572db81dcc29","name":"paroissesaintaugustin","image":{"@type":"ImageObject","inLanguage":"fr-FR","@id":"https:\/\/charente.catholique.fr\/est-charente\/#\/schema\/person\/image\/","url":"https:\/\/secure.gravatar.com\/avatar\/08d79c6b4424fda4e7a7dbd87b2ae2505faf0218a90eb606ac4bf7ce2c3394b2?s=96&d=mm&r=g","contentUrl":"https:\/\/secure.gravatar.com\/avatar\/08d79c6b4424fda4e7a7dbd87b2ae2505faf0218a90eb606ac4bf7ce2c3394b2?s=96&d=mm&r=g","caption":"paroissesaintaugustin"},"url":"https:\/\/charente.catholique.fr\/est-charente\/author\/paroissesaintaugustin\/"}]}},"_links":{"self":[{"href":"https:\/\/charente.catholique.fr\/est-charente\/wp-json\/wp\/v2\/posts\/9078","targetHints":{"allow":["GET"]}}],"collection":[{"href":"https:\/\/charente.catholique.fr\/est-charente\/wp-json\/wp\/v2\/posts"}],"about":[{"href":"https:\/\/charente.catholique.fr\/est-charente\/wp-json\/wp\/v2\/types\/post"}],"author":[{"embeddable":true,"href":"https:\/\/charente.catholique.fr\/est-charente\/wp-json\/wp\/v2\/users\/118"}],"replies":[{"embeddable":true,"href":"https:\/\/charente.catholique.fr\/est-charente\/wp-json\/wp\/v2\/comments?post=9078"}],"version-history":[{"count":4,"href":"https:\/\/charente.catholique.fr\/est-charente\/wp-json\/wp\/v2\/posts\/9078\/revisions"}],"predecessor-version":[{"id":9090,"href":"https:\/\/charente.catholique.fr\/est-charente\/wp-json\/wp\/v2\/posts\/9078\/revisions\/9090"}],"wp:featuredmedia":[{"embeddable":true,"href":"https:\/\/charente.catholique.fr\/est-charente\/wp-json\/wp\/v2\/media\/9079"}],"wp:attachment":[{"href":"https:\/\/charente.catholique.fr\/est-charente\/wp-json\/wp\/v2\/media?parent=9078"}],"wp:term":[{"taxonomy":"category","embeddable":true,"href":"https:\/\/charente.catholique.fr\/est-charente\/wp-json\/wp\/v2\/categories?post=9078"},{"taxonomy":"post_tag","embeddable":true,"href":"https:\/\/charente.catholique.fr\/est-charente\/wp-json\/wp\/v2\/tags?post=9078"}],"curies":[{"name":"wp","href":"https:\/\/api.w.org\/{rel}","templated":true}]}}