{"id":816,"date":"2020-12-18T12:47:50","date_gmt":"2020-12-18T11:47:50","guid":{"rendered":"https:\/\/charente.catholique.fr\/est-charente\/?p=816"},"modified":"2020-12-18T12:49:49","modified_gmt":"2020-12-18T11:49:49","slug":"chantons-le-redeconfinement-7","status":"publish","type":"post","link":"https:\/\/charente.catholique.fr\/est-charente\/actualites\/chantons-le-redeconfinement-7\/","title":{"rendered":"Chantons le (Re)d\u00e9confinement 7"},"content":{"rendered":"\n<p class=\"has-text-align-center\"><strong>&#8220;<span class=\"has-inline-color has-diocese-angouleme-color\">Quand les hommes vivront d&#8217;amour<\/span>&#8220;<\/strong><\/p>\n\n\n\n<p>Nous vous proposons un monument de la chanson francophone. Chanson humaniste \u00e9crite et cr\u00e9\u00e9e \u00e0 Paris par Raymond L\u00e9vesque en 1956, elle est inspir\u00e9e par la guerre d&#8217;Alg\u00e9rie. Elle sera reprise par nombre de chanteurs Qu\u00e9becois et Fran\u00e7ais et nous avons choisi la version interpret\u00e9e en 1974 par Leclerc, Charlebois et Vignault au Festival international de la jeunesse francophone dans la ville de Qu\u00e9bec en ouverture et en cl\u00f4ture<\/p>\n\n\n\n<figure class=\"wp-block-embed-youtube wp-block-embed is-type-video is-provider-youtube wp-embed-aspect-4-3 wp-has-aspect-ratio\"><div class=\"wp-block-embed__wrapper\">\n<iframe loading=\"lazy\" title=\"Les &#039;Trois Grands&#039;   Quand les hommes vivront d&#039;amour   YouTube\" width=\"500\" height=\"375\" src=\"https:\/\/www.youtube.com\/embed\/cZfDRQ_kKOw?feature=oembed\" frameborder=\"0\" allow=\"accelerometer; autoplay; clipboard-write; encrypted-media; gyroscope; picture-in-picture; web-share\" referrerpolicy=\"strict-origin-when-cross-origin\" allowfullscreen><\/iframe>\n<\/div><\/figure>\n","protected":false},"excerpt":{"rendered":"<p>&#8220;Quand les hommes vivront d&#8217;amour&#8220; Nous vous proposons un monument de la chanson francophone. Chanson humaniste \u00e9crite et cr\u00e9\u00e9e \u00e0 Paris par Raymond L\u00e9vesque en 1956, elle est inspir\u00e9e par la guerre d&#8217;Alg\u00e9rie. Elle sera reprise par nombre de chanteurs Qu\u00e9becois et Fran\u00e7ais et nous avons choisi la version interpret\u00e9e en 1974 par Leclerc, Charlebois [&hellip;]<\/p>\n","protected":false},"author":17,"featured_media":537,"comment_status":"open","ping_status":"open","sticky":false,"template":"","format":"standard","meta":{"_acf_changed":false,"paroisse":["9"],"service":["0"],"footnotes":""},"categories":[1,2],"tags":[],"class_list":["post-816","post","type-post","status-publish","format-standard","has-post-thumbnail","hentry","category-actualites","category-nd-des-terres-en-haute-charente"],"acf":[],"yoast_head":"<!-- This site is optimized with the Yoast SEO plugin v27.1.1 - https:\/\/yoast.com\/product\/yoast-seo-wordpress\/ -->\n<title>Chantons le (Re)d\u00e9confinement 7 - Doyenne Est Charente<\/title>\n<meta name=\"robots\" content=\"index, follow, max-snippet:-1, max-image-preview:large, max-video-preview:-1\" \/>\n<link rel=\"canonical\" href=\"https:\/\/charente.catholique.fr\/est-charente\/actualites\/chantons-le-redeconfinement-7\/\" \/>\n<meta property=\"og:locale\" content=\"fr_FR\" \/>\n<meta property=\"og:type\" content=\"article\" \/>\n<meta property=\"og:title\" content=\"Chantons le (Re)d\u00e9confinement 7 - Doyenne Est Charente\" \/>\n<meta property=\"og:description\" content=\"&#8220;Quand les hommes vivront d&#8217;amour&#8220; Nous vous proposons un monument de la chanson francophone. Chanson humaniste \u00e9crite et cr\u00e9\u00e9e \u00e0 Paris par Raymond L\u00e9vesque en 1956, elle est inspir\u00e9e par la guerre d&#8217;Alg\u00e9rie. Elle sera reprise par nombre de chanteurs Qu\u00e9becois et Fran\u00e7ais et nous avons choisi la version interpret\u00e9e en 1974 par Leclerc, Charlebois [&hellip;]\" \/>\n<meta property=\"og:url\" content=\"https:\/\/charente.catholique.fr\/est-charente\/actualites\/chantons-le-redeconfinement-7\/\" \/>\n<meta property=\"og:site_name\" content=\"Doyenne Est Charente\" \/>\n<meta property=\"article:publisher\" content=\"https:\/\/www.facebook.com\/EgliseCatholiqueCharente\" \/>\n<meta property=\"article:published_time\" content=\"2020-12-18T11:47:50+00:00\" \/>\n<meta property=\"article:modified_time\" content=\"2020-12-18T11:49:49+00:00\" \/>\n<meta property=\"og:image\" content=\"https:\/\/charente.catholique.fr\/est-charente\/wp-content\/uploads\/sites\/3\/2020\/11\/dsc_9162_bis-920x350-1.jpg\" \/>\n\t<meta property=\"og:image:width\" content=\"920\" \/>\n\t<meta property=\"og:image:height\" content=\"350\" \/>\n\t<meta property=\"og:image:type\" content=\"image\/jpeg\" \/>\n<meta name=\"author\" content=\"Jean-Pierre Bruyas\" \/>\n<meta name=\"twitter:card\" content=\"summary_large_image\" \/>\n<meta name=\"twitter:creator\" content=\"@diocesecharente\" \/>\n<meta name=\"twitter:site\" content=\"@diocesecharente\" \/>\n<meta name=\"twitter:label1\" content=\"\u00c9crit par\" \/>\n\t<meta name=\"twitter:data1\" content=\"Jean-Pierre Bruyas\" \/>\n<script type=\"application\/ld+json\" class=\"yoast-schema-graph\">{\"@context\":\"https:\/\/schema.org\",\"@graph\":[{\"@type\":\"Article\",\"@id\":\"https:\/\/charente.catholique.fr\/est-charente\/actualites\/chantons-le-redeconfinement-7\/#article\",\"isPartOf\":{\"@id\":\"https:\/\/charente.catholique.fr\/est-charente\/actualites\/chantons-le-redeconfinement-7\/\"},\"author\":{\"name\":\"Jean-Pierre Bruyas\",\"@id\":\"https:\/\/charente.catholique.fr\/est-charente\/#\/schema\/person\/b03b0c4583407641a338366adc41056f\"},\"headline\":\"Chantons le (Re)d\u00e9confinement 7\",\"datePublished\":\"2020-12-18T11:47:50+00:00\",\"dateModified\":\"2020-12-18T11:49:49+00:00\",\"mainEntityOfPage\":{\"@id\":\"https:\/\/charente.catholique.fr\/est-charente\/actualites\/chantons-le-redeconfinement-7\/\"},\"wordCount\":92,\"commentCount\":0,\"publisher\":{\"@id\":\"https:\/\/charente.catholique.fr\/est-charente\/#organization\"},\"image\":{\"@id\":\"https:\/\/charente.catholique.fr\/est-charente\/actualites\/chantons-le-redeconfinement-7\/#primaryimage\"},\"thumbnailUrl\":\"https:\/\/charente.catholique.fr\/est-charente\/wp-content\/uploads\/sites\/3\/2020\/11\/dsc_9162_bis-920x350-1.jpg\",\"articleSection\":[\"Actualit\u00e9s\",\"ND des Terres en Haute-Charente\"],\"inLanguage\":\"fr-FR\",\"potentialAction\":[{\"@type\":\"CommentAction\",\"name\":\"Comment\",\"target\":[\"https:\/\/charente.catholique.fr\/est-charente\/actualites\/chantons-le-redeconfinement-7\/#respond\"]}]},{\"@type\":\"WebPage\",\"@id\":\"https:\/\/charente.catholique.fr\/est-charente\/actualites\/chantons-le-redeconfinement-7\/\",\"url\":\"https:\/\/charente.catholique.fr\/est-charente\/actualites\/chantons-le-redeconfinement-7\/\",\"name\":\"Chantons le (Re)d\u00e9confinement 7 - Doyenne Est Charente\",\"isPartOf\":{\"@id\":\"https:\/\/charente.catholique.fr\/est-charente\/#website\"},\"primaryImageOfPage\":{\"@id\":\"https:\/\/charente.catholique.fr\/est-charente\/actualites\/chantons-le-redeconfinement-7\/#primaryimage\"},\"image\":{\"@id\":\"https:\/\/charente.catholique.fr\/est-charente\/actualites\/chantons-le-redeconfinement-7\/#primaryimage\"},\"thumbnailUrl\":\"https:\/\/charente.catholique.fr\/est-charente\/wp-content\/uploads\/sites\/3\/2020\/11\/dsc_9162_bis-920x350-1.jpg\",\"datePublished\":\"2020-12-18T11:47:50+00:00\",\"dateModified\":\"2020-12-18T11:49:49+00:00\",\"breadcrumb\":{\"@id\":\"https:\/\/charente.catholique.fr\/est-charente\/actualites\/chantons-le-redeconfinement-7\/#breadcrumb\"},\"inLanguage\":\"fr-FR\",\"potentialAction\":[{\"@type\":\"ReadAction\",\"target\":[\"https:\/\/charente.catholique.fr\/est-charente\/actualites\/chantons-le-redeconfinement-7\/\"]}]},{\"@type\":\"ImageObject\",\"inLanguage\":\"fr-FR\",\"@id\":\"https:\/\/charente.catholique.fr\/est-charente\/actualites\/chantons-le-redeconfinement-7\/#primaryimage\",\"url\":\"https:\/\/charente.catholique.fr\/est-charente\/wp-content\/uploads\/sites\/3\/2020\/11\/dsc_9162_bis-920x350-1.jpg\",\"contentUrl\":\"https:\/\/charente.catholique.fr\/est-charente\/wp-content\/uploads\/sites\/3\/2020\/11\/dsc_9162_bis-920x350-1.jpg\",\"width\":920,\"height\":350},{\"@type\":\"BreadcrumbList\",\"@id\":\"https:\/\/charente.catholique.fr\/est-charente\/actualites\/chantons-le-redeconfinement-7\/#breadcrumb\",\"itemListElement\":[{\"@type\":\"ListItem\",\"position\":1,\"name\":\"Accueil\",\"item\":\"https:\/\/charente.catholique.fr\/est-charente\/\"},{\"@type\":\"ListItem\",\"position\":2,\"name\":\"Chantons le (Re)d\u00e9confinement 7\"}]},{\"@type\":\"WebSite\",\"@id\":\"https:\/\/charente.catholique.fr\/est-charente\/#website\",\"url\":\"https:\/\/charente.catholique.fr\/est-charente\/\",\"name\":\"Doyenn\u00e9 Est Charente - Dioc\u00e8se d'Angoul\u00eame\",\"description\":\"Dioc\u00e8se d&#039;Angoul\u00eame\",\"publisher\":{\"@id\":\"https:\/\/charente.catholique.fr\/est-charente\/#organization\"},\"potentialAction\":[{\"@type\":\"SearchAction\",\"target\":{\"@type\":\"EntryPoint\",\"urlTemplate\":\"https:\/\/charente.catholique.fr\/est-charente\/?s={search_term_string}\"},\"query-input\":{\"@type\":\"PropertyValueSpecification\",\"valueRequired\":true,\"valueName\":\"search_term_string\"}}],\"inLanguage\":\"fr-FR\"},{\"@type\":\"Organization\",\"@id\":\"https:\/\/charente.catholique.fr\/est-charente\/#organization\",\"name\":\"Association dioc\u00e9saine d'Angoul\u00eame\",\"url\":\"https:\/\/charente.catholique.fr\/est-charente\/\",\"logo\":{\"@type\":\"ImageObject\",\"inLanguage\":\"fr-FR\",\"@id\":\"https:\/\/charente.catholique.fr\/est-charente\/#\/schema\/logo\/image\/\",\"url\":\"https:\/\/charente.catholique.fr\/est-charente\/wp-content\/uploads\/sites\/3\/2020\/10\/logos.png\",\"contentUrl\":\"https:\/\/charente.catholique.fr\/est-charente\/wp-content\/uploads\/sites\/3\/2020\/10\/logos.png\",\"width\":600,\"height\":257,\"caption\":\"Association dioc\u00e9saine d'Angoul\u00eame\"},\"image\":{\"@id\":\"https:\/\/charente.catholique.fr\/est-charente\/#\/schema\/logo\/image\/\"},\"sameAs\":[\"https:\/\/www.facebook.com\/EgliseCatholiqueCharente\",\"https:\/\/x.com\/diocesecharente\",\"https:\/\/www.instagram.com\/eglisecharente\",\"https:\/\/www.youtube.com\/channel\/UCByyFWApZbw3gDTiADoiAaQ\"]},{\"@type\":\"Person\",\"@id\":\"https:\/\/charente.catholique.fr\/est-charente\/#\/schema\/person\/b03b0c4583407641a338366adc41056f\",\"name\":\"Jean-Pierre Bruyas\",\"image\":{\"@type\":\"ImageObject\",\"inLanguage\":\"fr-FR\",\"@id\":\"https:\/\/charente.catholique.fr\/est-charente\/#\/schema\/person\/image\/\",\"url\":\"https:\/\/secure.gravatar.com\/avatar\/5ebc6ffa1cd3ff16ab504d019e989d6f0e5279fccb1f130edef4bfb16a6711c0?s=96&d=mm&r=g\",\"contentUrl\":\"https:\/\/secure.gravatar.com\/avatar\/5ebc6ffa1cd3ff16ab504d019e989d6f0e5279fccb1f130edef4bfb16a6711c0?s=96&d=mm&r=g\",\"caption\":\"Jean-Pierre Bruyas\"},\"url\":\"https:\/\/charente.catholique.fr\/est-charente\/author\/jeanpierrebruyas\/\"}]}<\/script>\n<!-- \/ Yoast SEO plugin. -->","yoast_head_json":{"title":"Chantons le (Re)d\u00e9confinement 7 - Doyenne Est Charente","robots":{"index":"index","follow":"follow","max-snippet":"max-snippet:-1","max-image-preview":"max-image-preview:large","max-video-preview":"max-video-preview:-1"},"canonical":"https:\/\/charente.catholique.fr\/est-charente\/actualites\/chantons-le-redeconfinement-7\/","og_locale":"fr_FR","og_type":"article","og_title":"Chantons le (Re)d\u00e9confinement 7 - Doyenne Est Charente","og_description":"&#8220;Quand les hommes vivront d&#8217;amour&#8220; Nous vous proposons un monument de la chanson francophone. Chanson humaniste \u00e9crite et cr\u00e9\u00e9e \u00e0 Paris par Raymond L\u00e9vesque en 1956, elle est inspir\u00e9e par la guerre d&#8217;Alg\u00e9rie. Elle sera reprise par nombre de chanteurs Qu\u00e9becois et Fran\u00e7ais et nous avons choisi la version interpret\u00e9e en 1974 par Leclerc, Charlebois [&hellip;]","og_url":"https:\/\/charente.catholique.fr\/est-charente\/actualites\/chantons-le-redeconfinement-7\/","og_site_name":"Doyenne Est Charente","article_publisher":"https:\/\/www.facebook.com\/EgliseCatholiqueCharente","article_published_time":"2020-12-18T11:47:50+00:00","article_modified_time":"2020-12-18T11:49:49+00:00","og_image":[{"width":920,"height":350,"url":"https:\/\/charente.catholique.fr\/est-charente\/wp-content\/uploads\/sites\/3\/2020\/11\/dsc_9162_bis-920x350-1.jpg","type":"image\/jpeg"}],"author":"Jean-Pierre Bruyas","twitter_card":"summary_large_image","twitter_creator":"@diocesecharente","twitter_site":"@diocesecharente","twitter_misc":{"\u00c9crit par":"Jean-Pierre Bruyas"},"schema":{"@context":"https:\/\/schema.org","@graph":[{"@type":"Article","@id":"https:\/\/charente.catholique.fr\/est-charente\/actualites\/chantons-le-redeconfinement-7\/#article","isPartOf":{"@id":"https:\/\/charente.catholique.fr\/est-charente\/actualites\/chantons-le-redeconfinement-7\/"},"author":{"name":"Jean-Pierre Bruyas","@id":"https:\/\/charente.catholique.fr\/est-charente\/#\/schema\/person\/b03b0c4583407641a338366adc41056f"},"headline":"Chantons le (Re)d\u00e9confinement 7","datePublished":"2020-12-18T11:47:50+00:00","dateModified":"2020-12-18T11:49:49+00:00","mainEntityOfPage":{"@id":"https:\/\/charente.catholique.fr\/est-charente\/actualites\/chantons-le-redeconfinement-7\/"},"wordCount":92,"commentCount":0,"publisher":{"@id":"https:\/\/charente.catholique.fr\/est-charente\/#organization"},"image":{"@id":"https:\/\/charente.catholique.fr\/est-charente\/actualites\/chantons-le-redeconfinement-7\/#primaryimage"},"thumbnailUrl":"https:\/\/charente.catholique.fr\/est-charente\/wp-content\/uploads\/sites\/3\/2020\/11\/dsc_9162_bis-920x350-1.jpg","articleSection":["Actualit\u00e9s","ND des Terres en Haute-Charente"],"inLanguage":"fr-FR","potentialAction":[{"@type":"CommentAction","name":"Comment","target":["https:\/\/charente.catholique.fr\/est-charente\/actualites\/chantons-le-redeconfinement-7\/#respond"]}]},{"@type":"WebPage","@id":"https:\/\/charente.catholique.fr\/est-charente\/actualites\/chantons-le-redeconfinement-7\/","url":"https:\/\/charente.catholique.fr\/est-charente\/actualites\/chantons-le-redeconfinement-7\/","name":"Chantons le (Re)d\u00e9confinement 7 - Doyenne Est Charente","isPartOf":{"@id":"https:\/\/charente.catholique.fr\/est-charente\/#website"},"primaryImageOfPage":{"@id":"https:\/\/charente.catholique.fr\/est-charente\/actualites\/chantons-le-redeconfinement-7\/#primaryimage"},"image":{"@id":"https:\/\/charente.catholique.fr\/est-charente\/actualites\/chantons-le-redeconfinement-7\/#primaryimage"},"thumbnailUrl":"https:\/\/charente.catholique.fr\/est-charente\/wp-content\/uploads\/sites\/3\/2020\/11\/dsc_9162_bis-920x350-1.jpg","datePublished":"2020-12-18T11:47:50+00:00","dateModified":"2020-12-18T11:49:49+00:00","breadcrumb":{"@id":"https:\/\/charente.catholique.fr\/est-charente\/actualites\/chantons-le-redeconfinement-7\/#breadcrumb"},"inLanguage":"fr-FR","potentialAction":[{"@type":"ReadAction","target":["https:\/\/charente.catholique.fr\/est-charente\/actualites\/chantons-le-redeconfinement-7\/"]}]},{"@type":"ImageObject","inLanguage":"fr-FR","@id":"https:\/\/charente.catholique.fr\/est-charente\/actualites\/chantons-le-redeconfinement-7\/#primaryimage","url":"https:\/\/charente.catholique.fr\/est-charente\/wp-content\/uploads\/sites\/3\/2020\/11\/dsc_9162_bis-920x350-1.jpg","contentUrl":"https:\/\/charente.catholique.fr\/est-charente\/wp-content\/uploads\/sites\/3\/2020\/11\/dsc_9162_bis-920x350-1.jpg","width":920,"height":350},{"@type":"BreadcrumbList","@id":"https:\/\/charente.catholique.fr\/est-charente\/actualites\/chantons-le-redeconfinement-7\/#breadcrumb","itemListElement":[{"@type":"ListItem","position":1,"name":"Accueil","item":"https:\/\/charente.catholique.fr\/est-charente\/"},{"@type":"ListItem","position":2,"name":"Chantons le (Re)d\u00e9confinement 7"}]},{"@type":"WebSite","@id":"https:\/\/charente.catholique.fr\/est-charente\/#website","url":"https:\/\/charente.catholique.fr\/est-charente\/","name":"Doyenn\u00e9 Est Charente - Dioc\u00e8se d'Angoul\u00eame","description":"Dioc\u00e8se d&#039;Angoul\u00eame","publisher":{"@id":"https:\/\/charente.catholique.fr\/est-charente\/#organization"},"potentialAction":[{"@type":"SearchAction","target":{"@type":"EntryPoint","urlTemplate":"https:\/\/charente.catholique.fr\/est-charente\/?s={search_term_string}"},"query-input":{"@type":"PropertyValueSpecification","valueRequired":true,"valueName":"search_term_string"}}],"inLanguage":"fr-FR"},{"@type":"Organization","@id":"https:\/\/charente.catholique.fr\/est-charente\/#organization","name":"Association dioc\u00e9saine d'Angoul\u00eame","url":"https:\/\/charente.catholique.fr\/est-charente\/","logo":{"@type":"ImageObject","inLanguage":"fr-FR","@id":"https:\/\/charente.catholique.fr\/est-charente\/#\/schema\/logo\/image\/","url":"https:\/\/charente.catholique.fr\/est-charente\/wp-content\/uploads\/sites\/3\/2020\/10\/logos.png","contentUrl":"https:\/\/charente.catholique.fr\/est-charente\/wp-content\/uploads\/sites\/3\/2020\/10\/logos.png","width":600,"height":257,"caption":"Association dioc\u00e9saine d'Angoul\u00eame"},"image":{"@id":"https:\/\/charente.catholique.fr\/est-charente\/#\/schema\/logo\/image\/"},"sameAs":["https:\/\/www.facebook.com\/EgliseCatholiqueCharente","https:\/\/x.com\/diocesecharente","https:\/\/www.instagram.com\/eglisecharente","https:\/\/www.youtube.com\/channel\/UCByyFWApZbw3gDTiADoiAaQ"]},{"@type":"Person","@id":"https:\/\/charente.catholique.fr\/est-charente\/#\/schema\/person\/b03b0c4583407641a338366adc41056f","name":"Jean-Pierre Bruyas","image":{"@type":"ImageObject","inLanguage":"fr-FR","@id":"https:\/\/charente.catholique.fr\/est-charente\/#\/schema\/person\/image\/","url":"https:\/\/secure.gravatar.com\/avatar\/5ebc6ffa1cd3ff16ab504d019e989d6f0e5279fccb1f130edef4bfb16a6711c0?s=96&d=mm&r=g","contentUrl":"https:\/\/secure.gravatar.com\/avatar\/5ebc6ffa1cd3ff16ab504d019e989d6f0e5279fccb1f130edef4bfb16a6711c0?s=96&d=mm&r=g","caption":"Jean-Pierre Bruyas"},"url":"https:\/\/charente.catholique.fr\/est-charente\/author\/jeanpierrebruyas\/"}]}},"_links":{"self":[{"href":"https:\/\/charente.catholique.fr\/est-charente\/wp-json\/wp\/v2\/posts\/816","targetHints":{"allow":["GET"]}}],"collection":[{"href":"https:\/\/charente.catholique.fr\/est-charente\/wp-json\/wp\/v2\/posts"}],"about":[{"href":"https:\/\/charente.catholique.fr\/est-charente\/wp-json\/wp\/v2\/types\/post"}],"author":[{"embeddable":true,"href":"https:\/\/charente.catholique.fr\/est-charente\/wp-json\/wp\/v2\/users\/17"}],"replies":[{"embeddable":true,"href":"https:\/\/charente.catholique.fr\/est-charente\/wp-json\/wp\/v2\/comments?post=816"}],"version-history":[{"count":3,"href":"https:\/\/charente.catholique.fr\/est-charente\/wp-json\/wp\/v2\/posts\/816\/revisions"}],"predecessor-version":[{"id":820,"href":"https:\/\/charente.catholique.fr\/est-charente\/wp-json\/wp\/v2\/posts\/816\/revisions\/820"}],"wp:featuredmedia":[{"embeddable":true,"href":"https:\/\/charente.catholique.fr\/est-charente\/wp-json\/wp\/v2\/media\/537"}],"wp:attachment":[{"href":"https:\/\/charente.catholique.fr\/est-charente\/wp-json\/wp\/v2\/media?parent=816"}],"wp:term":[{"taxonomy":"category","embeddable":true,"href":"https:\/\/charente.catholique.fr\/est-charente\/wp-json\/wp\/v2\/categories?post=816"},{"taxonomy":"post_tag","embeddable":true,"href":"https:\/\/charente.catholique.fr\/est-charente\/wp-json\/wp\/v2\/tags?post=816"}],"curies":[{"name":"wp","href":"https:\/\/api.w.org\/{rel}","templated":true}]}}