{"id":7984,"date":"2025-09-30T08:21:05","date_gmt":"2025-09-30T06:21:05","guid":{"rendered":"https:\/\/charente.catholique.fr\/est-charente\/?p=7984"},"modified":"2025-10-14T17:02:15","modified_gmt":"2025-10-14T15:02:15","slug":"famissio-des-familles-missionnaires-en-charente","status":"publish","type":"post","link":"https:\/\/charente.catholique.fr\/est-charente\/actualites\/famissio-des-familles-missionnaires-en-charente\/","title":{"rendered":"Famissio : des familles missionnaires en Charente"},"content":{"rendered":"\n<h3 class=\"wp-block-heading\">Une semaine de joie et de t\u00e9moignage pour tout le doyenn\u00e9 Est-Charente<\/h3>\n\n\n\n<p>Du <strong>25 au 31 octobre 2025<\/strong>, le doyenn\u00e9 Est-Charente (Confolens, Champagne-Mouton, Chabanais, Montbron, Marthon et La Rochefoucauld) vivra une exp\u00e9rience in\u00e9dite : l\u2019accueil de <strong>Famissio<\/strong>, une mission anim\u00e9e par des familles venues de toute la France pour annoncer l\u2019\u00c9vangile dans la joie.<\/p>\n\n\n\n<h3 class=\"wp-block-heading\">Une initiative inter-dioc\u00e9saine<\/h3>\n\n\n\n<p>\u00c0 l\u2019origine du projet, explique le doyen <strong>P. Michel Fernandez<\/strong>, \u00ab l\u2019\u00e9v\u00eaque de Limoges, Mgr Bozo, a sollicit\u00e9 notre \u00e9v\u00eaque Mgr Gosselin pour qu\u2019une mission Famissio puisse avoir lieu \u00e0 Confolens. Cette d\u00e9marche existe depuis plusieurs ann\u00e9es dans le Limousin, avec un grand rayonnement. Nous avons souhait\u00e9 l\u2019\u00e9largir \u00e0 tout le doyenn\u00e9 afin de vivre une m\u00eame mission dans chacune de nos trois paroisses. \u00bb<br>Famissio rassemble des <strong>familles missionnaires<\/strong>, parents et enfants, qui t\u00e9moignent de leur foi par des <strong>visites \u00e0 domicile, des soir\u00e9es de louange, des enseignements et des gestes symboliques<\/strong> (b\u00e9n\u00e9dictions de cimeti\u00e8res, marches missionnaires\u2026). Le tout dans l\u2019\u00e9lan de la Toussaint, autour de l\u2019esp\u00e9rance chr\u00e9tienne de la vie \u00e9ternelle.<\/p>\n\n\n\n<h3 class=\"wp-block-heading\">Trois territoires, une m\u00eame dynamique<\/h3>\n\n\n\n<p>Environ <strong>150 missionnaires<\/strong>, r\u00e9partis en \u00e9quipes de 7 \u00e0 8 familles, seront pr\u00e9sents dans le doyenn\u00e9 :<\/p>\n\n\n\n<ul class=\"wp-block-list\">\n<li><strong>Confolens \u2013 Champagne-Mouton \u2013 Chabanais<\/strong> accueillera pr\u00e8s de 55 personnes.<\/li>\n\n\n\n<li><strong>Roumazi\u00e8res-Chasseneuil \u2013 Notre-Dame-des-Terres<\/strong> comptera une quarantaine de participants.<\/li>\n\n\n\n<li><strong>Montbron \u2013 La Rochefoucauld \u2013 Marthon<\/strong> recevra une cinquantaine de missionnaires.<\/li>\n<\/ul>\n\n\n\n<p>Chaque journ\u00e9e alternera <strong>pri\u00e8res (laudes, messes, adorations)<\/strong>, <strong>visites de maisons ou d\u2019EHPAD<\/strong>, rencontres avec les gens du voyage, <strong>marche missionnaire<\/strong>, temps festifs et veill\u00e9es th\u00e9matiques : mis\u00e9ricorde, vie apr\u00e8s la mort, t\u00e9moignages Alpha, concerts de louange\u2026<\/p>\n\n\n\n<h3 class=\"wp-block-heading\">Quelques temps forts du programme<\/h3>\n\n\n\n<ul class=\"wp-block-list\">\n<li><strong>Confolens<\/strong>, <strong>Champagne-Mouton et Chabanais<\/strong>  : veill\u00e9e d\u2019ouverture le <strong>samedi 25 octobre<\/strong> \u00e0 Lesterps, visites porte-\u00e0-porte, missions en maisons de retraite, veill\u00e9e \u00ab Vie apr\u00e8s la mort \u00bb (29 octobre) et soir\u00e9e festive (30 octobre), b\u00e9n\u00e9dictions de cimeti\u00e8res, animations de rue, ateliers cat\u00e9 et aum\u00f4nerie.<\/li>\n\n\n\n<li><strong>La Rochefoucauld \u2013 Montbron \u2013 Marthon<\/strong> : messes quotidiennes, chapelets anim\u00e9s, veill\u00e9e \u00ab Au-Del\u00e0 \u00bb (28 octobre), d\u00e9fil\u00e9 Holywins des enfants (29 octobre), grand concert <strong>Jubilate Pop-Louange<\/strong> (30 octobre).<\/li>\n<\/ul>\n\n\n\n<h3 class=\"wp-block-heading\">Une \u00c9glise qui va \u00e0 la rencontre<\/h3>\n\n\n\n<p>Pour le P. Fernandez, l\u2019enjeu est clair : \u00ab Il s\u2019agit de <strong>t\u00e9moigner de sa foi<\/strong> dans un monde souvent discret ou timor\u00e9. Famissio offre l\u2019occasion de dire publiquement : <em>je crois, j\u2019aime, j\u2019esp\u00e8re<\/em>. \u00bb<br>Les pr\u00eatres du doyenn\u00e9 seront pr\u00e9sents tout au long de la semaine pour accompagner les familles et les paroissiens.<\/p>\n\n\n\n<hr class=\"wp-block-separator has-alpha-channel-opacity\"\/>\n\n\n\n<p>\ud83d\udcc5 <strong>Du samedi 25 au vendredi 31 octobre 2025<\/strong><br>\ud83d\ude4b\u200d\u2640\ufe0f <strong>Ouvert \u00e0 tous<\/strong> : offices, veill\u00e9es, rencontres, marches\u2026<br>\ud83d\udccd Programmes d\u00e9taill\u00e9s disponibles dans chaque paroisse<\/p>\n\n\n\n<p><br><\/p>\n\n\n\n<figure class=\"wp-block-gallery has-nested-images columns-default is-cropped wp-block-gallery-1 is-layout-flex wp-block-gallery-is-layout-flex\">\n<figure class=\"wp-block-image size-large\"><img loading=\"lazy\" decoding=\"async\" width=\"1513\" height=\"1080\" data-id=\"8061\" src=\"https:\/\/charente.catholique.fr\/est-charente\/wp-content\/uploads\/sites\/3\/2025\/09\/1-1513x1080.png\" alt=\"\" class=\"wp-image-8061\" srcset=\"https:\/\/charente.catholique.fr\/est-charente\/wp-content\/uploads\/sites\/3\/2025\/09\/1-1513x1080.png 1513w, https:\/\/charente.catholique.fr\/est-charente\/wp-content\/uploads\/sites\/3\/2025\/09\/1-300x214.png 300w, https:\/\/charente.catholique.fr\/est-charente\/wp-content\/uploads\/sites\/3\/2025\/09\/1-768x548.png 768w, https:\/\/charente.catholique.fr\/est-charente\/wp-content\/uploads\/sites\/3\/2025\/09\/1-1536x1097.png 1536w, https:\/\/charente.catholique.fr\/est-charente\/wp-content\/uploads\/sites\/3\/2025\/09\/1-1320x942.png 1320w, https:\/\/charente.catholique.fr\/est-charente\/wp-content\/uploads\/sites\/3\/2025\/09\/1.png 2000w\" sizes=\"auto, (max-width: 1513px) 100vw, 1513px\" \/><\/figure>\n\n\n\n<figure class=\"wp-block-image size-large\"><img loading=\"lazy\" decoding=\"async\" width=\"1513\" height=\"1080\" data-id=\"8062\" src=\"https:\/\/charente.catholique.fr\/est-charente\/wp-content\/uploads\/sites\/3\/2025\/09\/2-1513x1080.png\" alt=\"\" class=\"wp-image-8062\" srcset=\"https:\/\/charente.catholique.fr\/est-charente\/wp-content\/uploads\/sites\/3\/2025\/09\/2-1513x1080.png 1513w, https:\/\/charente.catholique.fr\/est-charente\/wp-content\/uploads\/sites\/3\/2025\/09\/2-300x214.png 300w, https:\/\/charente.catholique.fr\/est-charente\/wp-content\/uploads\/sites\/3\/2025\/09\/2-768x548.png 768w, https:\/\/charente.catholique.fr\/est-charente\/wp-content\/uploads\/sites\/3\/2025\/09\/2-1536x1097.png 1536w, https:\/\/charente.catholique.fr\/est-charente\/wp-content\/uploads\/sites\/3\/2025\/09\/2-1320x942.png 1320w, https:\/\/charente.catholique.fr\/est-charente\/wp-content\/uploads\/sites\/3\/2025\/09\/2.png 2000w\" sizes=\"auto, (max-width: 1513px) 100vw, 1513px\" \/><\/figure>\n<\/figure>\n\n\n\n<div class=\"wp-block-columns is-layout-flex wp-container-core-columns-is-layout-28f84493 wp-block-columns-is-layout-flex\">\n<div class=\"wp-block-column is-layout-flow wp-block-column-is-layout-flow\">\n<figure class=\"wp-block-image size-large\"><img loading=\"lazy\" decoding=\"async\" width=\"763\" height=\"1080\" src=\"https:\/\/charente.catholique.fr\/est-charente\/wp-content\/uploads\/sites\/3\/2025\/09\/2025-Famissio-programme-Confolens-1-763x1080.png\" alt=\"\" class=\"wp-image-7985\" srcset=\"https:\/\/charente.catholique.fr\/est-charente\/wp-content\/uploads\/sites\/3\/2025\/09\/2025-Famissio-programme-Confolens-1-763x1080.png 763w, https:\/\/charente.catholique.fr\/est-charente\/wp-content\/uploads\/sites\/3\/2025\/09\/2025-Famissio-programme-Confolens-1-212x300.png 212w, https:\/\/charente.catholique.fr\/est-charente\/wp-content\/uploads\/sites\/3\/2025\/09\/2025-Famissio-programme-Confolens-1-768x1086.png 768w, https:\/\/charente.catholique.fr\/est-charente\/wp-content\/uploads\/sites\/3\/2025\/09\/2025-Famissio-programme-Confolens-1-1086x1536.png 1086w, https:\/\/charente.catholique.fr\/est-charente\/wp-content\/uploads\/sites\/3\/2025\/09\/2025-Famissio-programme-Confolens-1-1448x2048.png 1448w, https:\/\/charente.catholique.fr\/est-charente\/wp-content\/uploads\/sites\/3\/2025\/09\/2025-Famissio-programme-Confolens-1-1320x1867.png 1320w, https:\/\/charente.catholique.fr\/est-charente\/wp-content\/uploads\/sites\/3\/2025\/09\/2025-Famissio-programme-Confolens-1.png 1587w\" sizes=\"auto, (max-width: 763px) 100vw, 763px\" \/><\/figure>\n<\/div>\n\n\n\n<div class=\"wp-block-column is-layout-flow wp-block-column-is-layout-flow\">\n<figure class=\"wp-block-image size-large\"><img loading=\"lazy\" decoding=\"async\" width=\"1527\" height=\"1080\" src=\"https:\/\/charente.catholique.fr\/est-charente\/wp-content\/uploads\/sites\/3\/2025\/09\/page_1-1-1527x1080.png\" alt=\"\" class=\"wp-image-7992\" srcset=\"https:\/\/charente.catholique.fr\/est-charente\/wp-content\/uploads\/sites\/3\/2025\/09\/page_1-1-1527x1080.png 1527w, https:\/\/charente.catholique.fr\/est-charente\/wp-content\/uploads\/sites\/3\/2025\/09\/page_1-1-300x212.png 300w, https:\/\/charente.catholique.fr\/est-charente\/wp-content\/uploads\/sites\/3\/2025\/09\/page_1-1-768x543.png 768w, https:\/\/charente.catholique.fr\/est-charente\/wp-content\/uploads\/sites\/3\/2025\/09\/page_1-1-1536x1086.png 1536w, https:\/\/charente.catholique.fr\/est-charente\/wp-content\/uploads\/sites\/3\/2025\/09\/page_1-1-2048x1448.png 2048w, https:\/\/charente.catholique.fr\/est-charente\/wp-content\/uploads\/sites\/3\/2025\/09\/page_1-1-1320x934.png 1320w\" sizes=\"auto, (max-width: 1527px) 100vw, 1527px\" \/><\/figure>\n\n\n\n<figure class=\"wp-block-image size-large\"><img loading=\"lazy\" decoding=\"async\" width=\"1527\" height=\"1080\" src=\"https:\/\/charente.catholique.fr\/est-charente\/wp-content\/uploads\/sites\/3\/2025\/09\/page_2-1527x1080.png\" alt=\"\" class=\"wp-image-7993\" srcset=\"https:\/\/charente.catholique.fr\/est-charente\/wp-content\/uploads\/sites\/3\/2025\/09\/page_2-1527x1080.png 1527w, https:\/\/charente.catholique.fr\/est-charente\/wp-content\/uploads\/sites\/3\/2025\/09\/page_2-300x212.png 300w, https:\/\/charente.catholique.fr\/est-charente\/wp-content\/uploads\/sites\/3\/2025\/09\/page_2-768x543.png 768w, https:\/\/charente.catholique.fr\/est-charente\/wp-content\/uploads\/sites\/3\/2025\/09\/page_2-1536x1086.png 1536w, https:\/\/charente.catholique.fr\/est-charente\/wp-content\/uploads\/sites\/3\/2025\/09\/page_2-2048x1448.png 2048w, https:\/\/charente.catholique.fr\/est-charente\/wp-content\/uploads\/sites\/3\/2025\/09\/page_2-1320x934.png 1320w\" sizes=\"auto, (max-width: 1527px) 100vw, 1527px\" \/><\/figure>\n<\/div>\n<\/div>\n\n\n\n<p><\/p>\n","protected":false},"excerpt":{"rendered":"<p>Une semaine de joie et de t\u00e9moignage pour tout le doyenn\u00e9 Est-Charente Du 25 au 31 octobre 2025, le doyenn\u00e9 Est-Charente (Confolens, Champagne-Mouton, Chabanais, Montbron, Marthon et La Rochefoucauld) vivra une exp\u00e9rience in\u00e9dite : l\u2019accueil de Famissio, une mission anim\u00e9e par des familles venues de toute la France pour annoncer l\u2019\u00c9vangile dans la joie. Une [&hellip;]<\/p>\n","protected":false},"author":3,"featured_media":8064,"comment_status":"open","ping_status":"open","sticky":false,"template":"","format":"standard","meta":{"_acf_changed":false,"paroisse":[""],"service":["0"],"footnotes":""},"categories":[1],"tags":[],"class_list":["post-7984","post","type-post","status-publish","format-standard","has-post-thumbnail","hentry","category-actualites","validated"],"acf":[],"yoast_head":"<!-- This site is optimized with the Yoast SEO plugin v27.1.1 - https:\/\/yoast.com\/product\/yoast-seo-wordpress\/ -->\n<title>Famissio : des familles missionnaires en Charente - Doyenne Est Charente<\/title>\n<meta name=\"robots\" content=\"index, follow, max-snippet:-1, max-image-preview:large, max-video-preview:-1\" \/>\n<link rel=\"canonical\" href=\"https:\/\/charente.catholique.fr\/est-charente\/actualites\/famissio-des-familles-missionnaires-en-charente\/\" \/>\n<meta property=\"og:locale\" content=\"fr_FR\" \/>\n<meta property=\"og:type\" content=\"article\" \/>\n<meta property=\"og:title\" content=\"Famissio : des familles missionnaires en Charente - Doyenne Est Charente\" \/>\n<meta property=\"og:description\" content=\"Une semaine de joie et de t\u00e9moignage pour tout le doyenn\u00e9 Est-Charente Du 25 au 31 octobre 2025, le doyenn\u00e9 Est-Charente (Confolens, Champagne-Mouton, Chabanais, Montbron, Marthon et La Rochefoucauld) vivra une exp\u00e9rience in\u00e9dite : l\u2019accueil de Famissio, une mission anim\u00e9e par des familles venues de toute la France pour annoncer l\u2019\u00c9vangile dans la joie. Une [&hellip;]\" \/>\n<meta property=\"og:url\" content=\"https:\/\/charente.catholique.fr\/est-charente\/actualites\/famissio-des-familles-missionnaires-en-charente\/\" \/>\n<meta property=\"og:site_name\" content=\"Doyenne Est Charente\" \/>\n<meta property=\"article:publisher\" content=\"https:\/\/www.facebook.com\/EgliseCatholiqueCharente\" \/>\n<meta property=\"article:published_time\" content=\"2025-09-30T06:21:05+00:00\" \/>\n<meta property=\"article:modified_time\" content=\"2025-10-14T15:02:15+00:00\" \/>\n<meta property=\"og:image\" content=\"https:\/\/charente.catholique.fr\/est-charente\/wp-content\/uploads\/sites\/3\/2025\/09\/famissio.png\" \/>\n\t<meta property=\"og:image:width\" content=\"851\" \/>\n\t<meta property=\"og:image:height\" content=\"315\" \/>\n\t<meta property=\"og:image:type\" content=\"image\/png\" \/>\n<meta name=\"author\" content=\"Sylvaine\" \/>\n<meta name=\"twitter:card\" content=\"summary_large_image\" \/>\n<meta name=\"twitter:creator\" content=\"@diocesecharente\" \/>\n<meta name=\"twitter:site\" content=\"@diocesecharente\" \/>\n<meta name=\"twitter:label1\" content=\"\u00c9crit par\" \/>\n\t<meta name=\"twitter:data1\" content=\"Sylvaine\" \/>\n\t<meta name=\"twitter:label2\" content=\"Dur\u00e9e de lecture estim\u00e9e\" \/>\n\t<meta name=\"twitter:data2\" content=\"4 minutes\" \/>\n<script type=\"application\/ld+json\" class=\"yoast-schema-graph\">{\"@context\":\"https:\/\/schema.org\",\"@graph\":[{\"@type\":\"Article\",\"@id\":\"https:\/\/charente.catholique.fr\/est-charente\/actualites\/famissio-des-familles-missionnaires-en-charente\/#article\",\"isPartOf\":{\"@id\":\"https:\/\/charente.catholique.fr\/est-charente\/actualites\/famissio-des-familles-missionnaires-en-charente\/\"},\"author\":{\"name\":\"Sylvaine\",\"@id\":\"https:\/\/charente.catholique.fr\/est-charente\/#\/schema\/person\/9d46fe084c5954bd35fd161aab7a277a\"},\"headline\":\"Famissio : des familles missionnaires en Charente\",\"datePublished\":\"2025-09-30T06:21:05+00:00\",\"dateModified\":\"2025-10-14T15:02:15+00:00\",\"mainEntityOfPage\":{\"@id\":\"https:\/\/charente.catholique.fr\/est-charente\/actualites\/famissio-des-familles-missionnaires-en-charente\/\"},\"wordCount\":440,\"commentCount\":0,\"publisher\":{\"@id\":\"https:\/\/charente.catholique.fr\/est-charente\/#organization\"},\"image\":{\"@id\":\"https:\/\/charente.catholique.fr\/est-charente\/actualites\/famissio-des-familles-missionnaires-en-charente\/#primaryimage\"},\"thumbnailUrl\":\"https:\/\/charente.catholique.fr\/est-charente\/wp-content\/uploads\/sites\/3\/2025\/09\/famissio.png\",\"articleSection\":[\"Actualit\u00e9s\"],\"inLanguage\":\"fr-FR\",\"potentialAction\":[{\"@type\":\"CommentAction\",\"name\":\"Comment\",\"target\":[\"https:\/\/charente.catholique.fr\/est-charente\/actualites\/famissio-des-familles-missionnaires-en-charente\/#respond\"]}]},{\"@type\":\"WebPage\",\"@id\":\"https:\/\/charente.catholique.fr\/est-charente\/actualites\/famissio-des-familles-missionnaires-en-charente\/\",\"url\":\"https:\/\/charente.catholique.fr\/est-charente\/actualites\/famissio-des-familles-missionnaires-en-charente\/\",\"name\":\"Famissio : des familles missionnaires en Charente - Doyenne Est Charente\",\"isPartOf\":{\"@id\":\"https:\/\/charente.catholique.fr\/est-charente\/#website\"},\"primaryImageOfPage\":{\"@id\":\"https:\/\/charente.catholique.fr\/est-charente\/actualites\/famissio-des-familles-missionnaires-en-charente\/#primaryimage\"},\"image\":{\"@id\":\"https:\/\/charente.catholique.fr\/est-charente\/actualites\/famissio-des-familles-missionnaires-en-charente\/#primaryimage\"},\"thumbnailUrl\":\"https:\/\/charente.catholique.fr\/est-charente\/wp-content\/uploads\/sites\/3\/2025\/09\/famissio.png\",\"datePublished\":\"2025-09-30T06:21:05+00:00\",\"dateModified\":\"2025-10-14T15:02:15+00:00\",\"breadcrumb\":{\"@id\":\"https:\/\/charente.catholique.fr\/est-charente\/actualites\/famissio-des-familles-missionnaires-en-charente\/#breadcrumb\"},\"inLanguage\":\"fr-FR\",\"potentialAction\":[{\"@type\":\"ReadAction\",\"target\":[\"https:\/\/charente.catholique.fr\/est-charente\/actualites\/famissio-des-familles-missionnaires-en-charente\/\"]}]},{\"@type\":\"ImageObject\",\"inLanguage\":\"fr-FR\",\"@id\":\"https:\/\/charente.catholique.fr\/est-charente\/actualites\/famissio-des-familles-missionnaires-en-charente\/#primaryimage\",\"url\":\"https:\/\/charente.catholique.fr\/est-charente\/wp-content\/uploads\/sites\/3\/2025\/09\/famissio.png\",\"contentUrl\":\"https:\/\/charente.catholique.fr\/est-charente\/wp-content\/uploads\/sites\/3\/2025\/09\/famissio.png\",\"width\":851,\"height\":315},{\"@type\":\"BreadcrumbList\",\"@id\":\"https:\/\/charente.catholique.fr\/est-charente\/actualites\/famissio-des-familles-missionnaires-en-charente\/#breadcrumb\",\"itemListElement\":[{\"@type\":\"ListItem\",\"position\":1,\"name\":\"Accueil\",\"item\":\"https:\/\/charente.catholique.fr\/est-charente\/\"},{\"@type\":\"ListItem\",\"position\":2,\"name\":\"Famissio : des familles missionnaires en Charente\"}]},{\"@type\":\"WebSite\",\"@id\":\"https:\/\/charente.catholique.fr\/est-charente\/#website\",\"url\":\"https:\/\/charente.catholique.fr\/est-charente\/\",\"name\":\"Doyenn\u00e9 Est Charente - Dioc\u00e8se d'Angoul\u00eame\",\"description\":\"Dioc\u00e8se d&#039;Angoul\u00eame\",\"publisher\":{\"@id\":\"https:\/\/charente.catholique.fr\/est-charente\/#organization\"},\"potentialAction\":[{\"@type\":\"SearchAction\",\"target\":{\"@type\":\"EntryPoint\",\"urlTemplate\":\"https:\/\/charente.catholique.fr\/est-charente\/?s={search_term_string}\"},\"query-input\":{\"@type\":\"PropertyValueSpecification\",\"valueRequired\":true,\"valueName\":\"search_term_string\"}}],\"inLanguage\":\"fr-FR\"},{\"@type\":\"Organization\",\"@id\":\"https:\/\/charente.catholique.fr\/est-charente\/#organization\",\"name\":\"Association dioc\u00e9saine d'Angoul\u00eame\",\"url\":\"https:\/\/charente.catholique.fr\/est-charente\/\",\"logo\":{\"@type\":\"ImageObject\",\"inLanguage\":\"fr-FR\",\"@id\":\"https:\/\/charente.catholique.fr\/est-charente\/#\/schema\/logo\/image\/\",\"url\":\"https:\/\/charente.catholique.fr\/est-charente\/wp-content\/uploads\/sites\/3\/2020\/10\/logos.png\",\"contentUrl\":\"https:\/\/charente.catholique.fr\/est-charente\/wp-content\/uploads\/sites\/3\/2020\/10\/logos.png\",\"width\":600,\"height\":257,\"caption\":\"Association dioc\u00e9saine d'Angoul\u00eame\"},\"image\":{\"@id\":\"https:\/\/charente.catholique.fr\/est-charente\/#\/schema\/logo\/image\/\"},\"sameAs\":[\"https:\/\/www.facebook.com\/EgliseCatholiqueCharente\",\"https:\/\/x.com\/diocesecharente\",\"https:\/\/www.instagram.com\/eglisecharente\",\"https:\/\/www.youtube.com\/channel\/UCByyFWApZbw3gDTiADoiAaQ\"]},{\"@type\":\"Person\",\"@id\":\"https:\/\/charente.catholique.fr\/est-charente\/#\/schema\/person\/9d46fe084c5954bd35fd161aab7a277a\",\"name\":\"Sylvaine\",\"image\":{\"@type\":\"ImageObject\",\"inLanguage\":\"fr-FR\",\"@id\":\"https:\/\/charente.catholique.fr\/est-charente\/#\/schema\/person\/image\/\",\"url\":\"https:\/\/secure.gravatar.com\/avatar\/c2d819d8eafaec3d0be0bfeb1c1d4388c6f0232538593b042bf92e3c8fc1c2e0?s=96&d=mm&r=g\",\"contentUrl\":\"https:\/\/secure.gravatar.com\/avatar\/c2d819d8eafaec3d0be0bfeb1c1d4388c6f0232538593b042bf92e3c8fc1c2e0?s=96&d=mm&r=g\",\"caption\":\"Sylvaine\"},\"sameAs\":[\"http:\/\/sylvainelacrouts\"],\"url\":\"https:\/\/charente.catholique.fr\/est-charente\/author\/sylvainelacrouts\/\"}]}<\/script>\n<!-- \/ Yoast SEO plugin. -->","yoast_head_json":{"title":"Famissio : des familles missionnaires en Charente - Doyenne Est Charente","robots":{"index":"index","follow":"follow","max-snippet":"max-snippet:-1","max-image-preview":"max-image-preview:large","max-video-preview":"max-video-preview:-1"},"canonical":"https:\/\/charente.catholique.fr\/est-charente\/actualites\/famissio-des-familles-missionnaires-en-charente\/","og_locale":"fr_FR","og_type":"article","og_title":"Famissio : des familles missionnaires en Charente - Doyenne Est Charente","og_description":"Une semaine de joie et de t\u00e9moignage pour tout le doyenn\u00e9 Est-Charente Du 25 au 31 octobre 2025, le doyenn\u00e9 Est-Charente (Confolens, Champagne-Mouton, Chabanais, Montbron, Marthon et La Rochefoucauld) vivra une exp\u00e9rience in\u00e9dite : l\u2019accueil de Famissio, une mission anim\u00e9e par des familles venues de toute la France pour annoncer l\u2019\u00c9vangile dans la joie. Une [&hellip;]","og_url":"https:\/\/charente.catholique.fr\/est-charente\/actualites\/famissio-des-familles-missionnaires-en-charente\/","og_site_name":"Doyenne Est Charente","article_publisher":"https:\/\/www.facebook.com\/EgliseCatholiqueCharente","article_published_time":"2025-09-30T06:21:05+00:00","article_modified_time":"2025-10-14T15:02:15+00:00","og_image":[{"width":851,"height":315,"url":"https:\/\/charente.catholique.fr\/est-charente\/wp-content\/uploads\/sites\/3\/2025\/09\/famissio.png","type":"image\/png"}],"author":"Sylvaine","twitter_card":"summary_large_image","twitter_creator":"@diocesecharente","twitter_site":"@diocesecharente","twitter_misc":{"\u00c9crit par":"Sylvaine","Dur\u00e9e de lecture estim\u00e9e":"4 minutes"},"schema":{"@context":"https:\/\/schema.org","@graph":[{"@type":"Article","@id":"https:\/\/charente.catholique.fr\/est-charente\/actualites\/famissio-des-familles-missionnaires-en-charente\/#article","isPartOf":{"@id":"https:\/\/charente.catholique.fr\/est-charente\/actualites\/famissio-des-familles-missionnaires-en-charente\/"},"author":{"name":"Sylvaine","@id":"https:\/\/charente.catholique.fr\/est-charente\/#\/schema\/person\/9d46fe084c5954bd35fd161aab7a277a"},"headline":"Famissio : des familles missionnaires en Charente","datePublished":"2025-09-30T06:21:05+00:00","dateModified":"2025-10-14T15:02:15+00:00","mainEntityOfPage":{"@id":"https:\/\/charente.catholique.fr\/est-charente\/actualites\/famissio-des-familles-missionnaires-en-charente\/"},"wordCount":440,"commentCount":0,"publisher":{"@id":"https:\/\/charente.catholique.fr\/est-charente\/#organization"},"image":{"@id":"https:\/\/charente.catholique.fr\/est-charente\/actualites\/famissio-des-familles-missionnaires-en-charente\/#primaryimage"},"thumbnailUrl":"https:\/\/charente.catholique.fr\/est-charente\/wp-content\/uploads\/sites\/3\/2025\/09\/famissio.png","articleSection":["Actualit\u00e9s"],"inLanguage":"fr-FR","potentialAction":[{"@type":"CommentAction","name":"Comment","target":["https:\/\/charente.catholique.fr\/est-charente\/actualites\/famissio-des-familles-missionnaires-en-charente\/#respond"]}]},{"@type":"WebPage","@id":"https:\/\/charente.catholique.fr\/est-charente\/actualites\/famissio-des-familles-missionnaires-en-charente\/","url":"https:\/\/charente.catholique.fr\/est-charente\/actualites\/famissio-des-familles-missionnaires-en-charente\/","name":"Famissio : des familles missionnaires en Charente - Doyenne Est Charente","isPartOf":{"@id":"https:\/\/charente.catholique.fr\/est-charente\/#website"},"primaryImageOfPage":{"@id":"https:\/\/charente.catholique.fr\/est-charente\/actualites\/famissio-des-familles-missionnaires-en-charente\/#primaryimage"},"image":{"@id":"https:\/\/charente.catholique.fr\/est-charente\/actualites\/famissio-des-familles-missionnaires-en-charente\/#primaryimage"},"thumbnailUrl":"https:\/\/charente.catholique.fr\/est-charente\/wp-content\/uploads\/sites\/3\/2025\/09\/famissio.png","datePublished":"2025-09-30T06:21:05+00:00","dateModified":"2025-10-14T15:02:15+00:00","breadcrumb":{"@id":"https:\/\/charente.catholique.fr\/est-charente\/actualites\/famissio-des-familles-missionnaires-en-charente\/#breadcrumb"},"inLanguage":"fr-FR","potentialAction":[{"@type":"ReadAction","target":["https:\/\/charente.catholique.fr\/est-charente\/actualites\/famissio-des-familles-missionnaires-en-charente\/"]}]},{"@type":"ImageObject","inLanguage":"fr-FR","@id":"https:\/\/charente.catholique.fr\/est-charente\/actualites\/famissio-des-familles-missionnaires-en-charente\/#primaryimage","url":"https:\/\/charente.catholique.fr\/est-charente\/wp-content\/uploads\/sites\/3\/2025\/09\/famissio.png","contentUrl":"https:\/\/charente.catholique.fr\/est-charente\/wp-content\/uploads\/sites\/3\/2025\/09\/famissio.png","width":851,"height":315},{"@type":"BreadcrumbList","@id":"https:\/\/charente.catholique.fr\/est-charente\/actualites\/famissio-des-familles-missionnaires-en-charente\/#breadcrumb","itemListElement":[{"@type":"ListItem","position":1,"name":"Accueil","item":"https:\/\/charente.catholique.fr\/est-charente\/"},{"@type":"ListItem","position":2,"name":"Famissio : des familles missionnaires en Charente"}]},{"@type":"WebSite","@id":"https:\/\/charente.catholique.fr\/est-charente\/#website","url":"https:\/\/charente.catholique.fr\/est-charente\/","name":"Doyenn\u00e9 Est Charente - Dioc\u00e8se d'Angoul\u00eame","description":"Dioc\u00e8se d&#039;Angoul\u00eame","publisher":{"@id":"https:\/\/charente.catholique.fr\/est-charente\/#organization"},"potentialAction":[{"@type":"SearchAction","target":{"@type":"EntryPoint","urlTemplate":"https:\/\/charente.catholique.fr\/est-charente\/?s={search_term_string}"},"query-input":{"@type":"PropertyValueSpecification","valueRequired":true,"valueName":"search_term_string"}}],"inLanguage":"fr-FR"},{"@type":"Organization","@id":"https:\/\/charente.catholique.fr\/est-charente\/#organization","name":"Association dioc\u00e9saine d'Angoul\u00eame","url":"https:\/\/charente.catholique.fr\/est-charente\/","logo":{"@type":"ImageObject","inLanguage":"fr-FR","@id":"https:\/\/charente.catholique.fr\/est-charente\/#\/schema\/logo\/image\/","url":"https:\/\/charente.catholique.fr\/est-charente\/wp-content\/uploads\/sites\/3\/2020\/10\/logos.png","contentUrl":"https:\/\/charente.catholique.fr\/est-charente\/wp-content\/uploads\/sites\/3\/2020\/10\/logos.png","width":600,"height":257,"caption":"Association dioc\u00e9saine d'Angoul\u00eame"},"image":{"@id":"https:\/\/charente.catholique.fr\/est-charente\/#\/schema\/logo\/image\/"},"sameAs":["https:\/\/www.facebook.com\/EgliseCatholiqueCharente","https:\/\/x.com\/diocesecharente","https:\/\/www.instagram.com\/eglisecharente","https:\/\/www.youtube.com\/channel\/UCByyFWApZbw3gDTiADoiAaQ"]},{"@type":"Person","@id":"https:\/\/charente.catholique.fr\/est-charente\/#\/schema\/person\/9d46fe084c5954bd35fd161aab7a277a","name":"Sylvaine","image":{"@type":"ImageObject","inLanguage":"fr-FR","@id":"https:\/\/charente.catholique.fr\/est-charente\/#\/schema\/person\/image\/","url":"https:\/\/secure.gravatar.com\/avatar\/c2d819d8eafaec3d0be0bfeb1c1d4388c6f0232538593b042bf92e3c8fc1c2e0?s=96&d=mm&r=g","contentUrl":"https:\/\/secure.gravatar.com\/avatar\/c2d819d8eafaec3d0be0bfeb1c1d4388c6f0232538593b042bf92e3c8fc1c2e0?s=96&d=mm&r=g","caption":"Sylvaine"},"sameAs":["http:\/\/sylvainelacrouts"],"url":"https:\/\/charente.catholique.fr\/est-charente\/author\/sylvainelacrouts\/"}]}},"_links":{"self":[{"href":"https:\/\/charente.catholique.fr\/est-charente\/wp-json\/wp\/v2\/posts\/7984","targetHints":{"allow":["GET"]}}],"collection":[{"href":"https:\/\/charente.catholique.fr\/est-charente\/wp-json\/wp\/v2\/posts"}],"about":[{"href":"https:\/\/charente.catholique.fr\/est-charente\/wp-json\/wp\/v2\/types\/post"}],"author":[{"embeddable":true,"href":"https:\/\/charente.catholique.fr\/est-charente\/wp-json\/wp\/v2\/users\/3"}],"replies":[{"embeddable":true,"href":"https:\/\/charente.catholique.fr\/est-charente\/wp-json\/wp\/v2\/comments?post=7984"}],"version-history":[{"count":7,"href":"https:\/\/charente.catholique.fr\/est-charente\/wp-json\/wp\/v2\/posts\/7984\/revisions"}],"predecessor-version":[{"id":8065,"href":"https:\/\/charente.catholique.fr\/est-charente\/wp-json\/wp\/v2\/posts\/7984\/revisions\/8065"}],"wp:featuredmedia":[{"embeddable":true,"href":"https:\/\/charente.catholique.fr\/est-charente\/wp-json\/wp\/v2\/media\/8064"}],"wp:attachment":[{"href":"https:\/\/charente.catholique.fr\/est-charente\/wp-json\/wp\/v2\/media?parent=7984"}],"wp:term":[{"taxonomy":"category","embeddable":true,"href":"https:\/\/charente.catholique.fr\/est-charente\/wp-json\/wp\/v2\/categories?post=7984"},{"taxonomy":"post_tag","embeddable":true,"href":"https:\/\/charente.catholique.fr\/est-charente\/wp-json\/wp\/v2\/tags?post=7984"}],"curies":[{"name":"wp","href":"https:\/\/api.w.org\/{rel}","templated":true}]}}