{"id":7023,"date":"2025-02-21T14:59:51","date_gmt":"2025-02-21T13:59:51","guid":{"rendered":"https:\/\/charente.catholique.fr\/est-charente\/?p=7023"},"modified":"2025-02-21T14:59:53","modified_gmt":"2025-02-21T13:59:53","slug":"reunion-de-leap-du-12-fevrier-2025","status":"publish","type":"post","link":"https:\/\/charente.catholique.fr\/est-charente\/actualites\/reunion-de-leap-du-12-fevrier-2025\/","title":{"rendered":"REUNION DE L&#8217;EAP DU 12 FEVRIER 2025"},"content":{"rendered":"\n<p>Qui fait quoi actuellement \u00e0 l&#8217;EAP&nbsp;?<\/p>\n\n\n\n<p>Laurent fait le planning des messes<\/p>\n\n\n\n<p>Genevi\u00e8ve le compte-rendu des r\u00e9unions<\/p>\n\n\n\n<p>Le P\u00e8re Apollinaire nous informe que sa mission chez nous est prolong\u00e9e d&#8217;un an, soit jusqu&#8217;en 2026.<\/p>\n\n\n\n<p>Christophe nous brosse le tableau des paroissiens de Montemboeuf&nbsp;:<\/p>\n\n\n\n<p>Du temps o\u00f9 ils \u00e9taient rattach\u00e9s \u00e0 Montbron, il y avait foule aux messes dominicales, mais quand ils ont \u00e9t\u00e9 rattach\u00e9s \u00e0 Notre Dame DTHC, beaucoup sont partis \u00e0 la Rochefoucault ou \u00e0 Montbron.<\/p>\n\n\n\n<p>Ils ont un sentiment d&#8217;abandon car malheureusement il y a un manque de communication r\u00e9current dans notre paroisse.<\/p>\n\n\n\n<p>Donc&nbsp;: Christophe va se joindre \u00e0 Guillaume pour am\u00e9liorer la communication.<\/p>\n\n\n\n<p>A la f\u00eate paroissiale de Montemboeuf le 10 ao\u00fbt, on f\u00eatera les 120 ans de l&#8217;\u00e9glise et les 100 ans du monument aux morts, il serait bien que notre paroisse NDTHC marque le coup en faisant quelque chose.<\/p>\n\n\n\n<p>Guillaume nous signale la difficult\u00e9 \u00e0 trouver des personnes pour afficher les feuilles du planning mensuel des messes et autres temps forts et que le maire des Pins lui a t\u00e9l\u00e9phon\u00e9 s&#8217;inqui\u00e9tant de n&#8217;avoir pas le planning de f\u00e9vrier. Le Maire en a profit\u00e9 pour faire une demande&nbsp;: Il aimerait avoir une messe aux Pins pour les Rameaux afin de marquer la r\u00e9novation d&#8217;une statue de Marie.<\/p>\n\n\n\n<p>Christophe se propose de trouver dans chaque commune des \u00ab&nbsp;relais&nbsp;\u00bb qui pourront afficher les plannings, signaler qui a la clef de l&#8217;\u00e9glise etc&#8230;<\/p>\n\n\n\n<p>Laurent nous soumet le planning de mars&nbsp;:<\/p>\n\n\n\n<p>Nous \u00e9changeons les messes entre Suris et Roumazi\u00e8res, \u00e0 l&#8217;occasion du bol de riz, de fa\u00e7on \u00e0 avoir la messe \u00e0 Suris, le jour du bol de riz.<\/p>\n\n\n\n<p>Planning d&#8217;avril&nbsp;:<\/p>\n\n\n\n<p>Les Rameaux&nbsp; le 13 avril: messe anticip\u00e9e \u00e0 Saint Laurent, et le dimanche, deux messes \u00e0 10h30, une aux Pins c\u00e9l\u00e9br\u00e9e par Pierre Letocart et une \u00e0 Roumazi\u00e8res par Apollinaire.<\/p>\n\n\n\n<p>Jeudi Saint 17 avril&nbsp;: messe \u00e0 Montemboeuf \u00e0 18h30<\/p>\n\n\n\n<p>Vendredi Saint 18 avril\u00a0: Chemin de croix \u00e0 15h \u00e0 Saint Angeau<\/p>\n\n\n\n<p>\u00a0Office du vendredi saint \u00e0 Saint Laurent \u00e0 18h30<\/p>\n\n\n\n<p>P\u00e2ques, le 20 avril&nbsp;: veill\u00e9e \u00e0 Chasseneuil \u00e0 21h et le dimanche \u00e0 Roumazi\u00e8res \u00e0 10h30.<\/p>\n\n\n\n<p>Genevi\u00e8ve fait \u00e9tat qu&#8217;il n&#8217;y a pratiquement personne dans notre paroisse qui demande le sacrement de r\u00e9conciliation.<\/p>\n\n\n\n<p>Il est d\u00e9cid\u00e9 que le P\u00e8re Apollinaire fera son hom\u00e9lie du premier dimanche de car\u00eame, dimanche 9 mars, sur ce sacrement, et que Genevi\u00e8ve fera un t\u00e9moignage pendant l&#8217;hom\u00e9lie sur la R\u00e9conciliation le dimanche&nbsp; 16 mars \u00e0 Chasseneuil&nbsp; et le dimanche 23 mars \u00e0 Suris.<\/p>\n\n\n\n<p>Puis, c\u00e9l\u00e9brations p\u00e9nitentielles le mardi 8 avril \u00e0 18h \u00e0 Montemboeuf et le jeudi 10 avril \u00e0 15h \u00e0 Saint Laurent.<\/p>\n\n\n\n<p>Prochaine EAP jeudi 13 mars \u00e0 18h45.<\/p>\n\n\n\n<p>Ordre du jour&nbsp;:<\/p>\n\n\n\n<ul class=\"wp-block-list\">\n<li>planning d&#8217;avril<\/li>\n\n\n\n<li>le point sur la r\u00e9conciliation<\/li>\n\n\n\n<li>les 120 ans de l&#8217;\u00e9glise de Montemboeuf.<\/li>\n<\/ul>\n","protected":false},"excerpt":{"rendered":"<p>Qui fait quoi actuellement \u00e0 l&#8217;EAP&nbsp;? Laurent fait le planning des messes Genevi\u00e8ve le compte-rendu des r\u00e9unions Le P\u00e8re Apollinaire nous informe que sa mission chez nous est prolong\u00e9e d&#8217;un an, soit jusqu&#8217;en 2026. Christophe nous brosse le tableau des paroissiens de Montemboeuf&nbsp;: Du temps o\u00f9 ils \u00e9taient rattach\u00e9s \u00e0 Montbron, il y avait foule [&hellip;]<\/p>\n","protected":false},"author":17,"featured_media":3608,"comment_status":"open","ping_status":"open","sticky":false,"template":"","format":"standard","meta":{"_acf_changed":false,"paroisse":["9"],"service":["0"],"footnotes":""},"categories":[1,2],"tags":[],"class_list":["post-7023","post","type-post","status-publish","format-standard","has-post-thumbnail","hentry","category-actualites","category-nd-des-terres-en-haute-charente","validated"],"acf":[],"yoast_head":"<!-- This site is optimized with the Yoast SEO plugin v27.1.1 - https:\/\/yoast.com\/product\/yoast-seo-wordpress\/ -->\n<title>REUNION DE L&#039;EAP DU 12 FEVRIER 2025 - Doyenne Est Charente<\/title>\n<meta name=\"robots\" content=\"index, follow, max-snippet:-1, max-image-preview:large, max-video-preview:-1\" \/>\n<link rel=\"canonical\" href=\"https:\/\/charente.catholique.fr\/est-charente\/actualites\/reunion-de-leap-du-12-fevrier-2025\/\" \/>\n<meta property=\"og:locale\" content=\"fr_FR\" \/>\n<meta property=\"og:type\" content=\"article\" \/>\n<meta property=\"og:title\" content=\"REUNION DE L&#039;EAP DU 12 FEVRIER 2025 - Doyenne Est Charente\" \/>\n<meta property=\"og:description\" content=\"Qui fait quoi actuellement \u00e0 l&#8217;EAP&nbsp;? Laurent fait le planning des messes Genevi\u00e8ve le compte-rendu des r\u00e9unions Le P\u00e8re Apollinaire nous informe que sa mission chez nous est prolong\u00e9e d&#8217;un an, soit jusqu&#8217;en 2026. Christophe nous brosse le tableau des paroissiens de Montemboeuf&nbsp;: Du temps o\u00f9 ils \u00e9taient rattach\u00e9s \u00e0 Montbron, il y avait foule [&hellip;]\" \/>\n<meta property=\"og:url\" content=\"https:\/\/charente.catholique.fr\/est-charente\/actualites\/reunion-de-leap-du-12-fevrier-2025\/\" \/>\n<meta property=\"og:site_name\" content=\"Doyenne Est Charente\" \/>\n<meta property=\"article:publisher\" content=\"https:\/\/www.facebook.com\/EgliseCatholiqueCharente\" \/>\n<meta property=\"article:published_time\" content=\"2025-02-21T13:59:51+00:00\" \/>\n<meta property=\"article:modified_time\" content=\"2025-02-21T13:59:53+00:00\" \/>\n<meta property=\"og:image\" content=\"https:\/\/charente.catholique.fr\/est-charente\/wp-content\/uploads\/sites\/3\/2020\/09\/220327-eveque-41site.jpg\" \/>\n\t<meta property=\"og:image:width\" content=\"1200\" \/>\n\t<meta property=\"og:image:height\" content=\"440\" \/>\n\t<meta property=\"og:image:type\" content=\"image\/jpeg\" \/>\n<meta name=\"author\" content=\"Jean-Pierre Bruyas\" \/>\n<meta name=\"twitter:card\" content=\"summary_large_image\" \/>\n<meta name=\"twitter:creator\" content=\"@diocesecharente\" \/>\n<meta name=\"twitter:site\" content=\"@diocesecharente\" \/>\n<meta name=\"twitter:label1\" content=\"\u00c9crit par\" \/>\n\t<meta name=\"twitter:data1\" content=\"Jean-Pierre Bruyas\" \/>\n\t<meta name=\"twitter:label2\" content=\"Dur\u00e9e de lecture estim\u00e9e\" \/>\n\t<meta name=\"twitter:data2\" content=\"3 minutes\" \/>\n<script type=\"application\/ld+json\" class=\"yoast-schema-graph\">{\"@context\":\"https:\/\/schema.org\",\"@graph\":[{\"@type\":\"Article\",\"@id\":\"https:\/\/charente.catholique.fr\/est-charente\/actualites\/reunion-de-leap-du-12-fevrier-2025\/#article\",\"isPartOf\":{\"@id\":\"https:\/\/charente.catholique.fr\/est-charente\/actualites\/reunion-de-leap-du-12-fevrier-2025\/\"},\"author\":{\"name\":\"Jean-Pierre Bruyas\",\"@id\":\"https:\/\/charente.catholique.fr\/est-charente\/#\/schema\/person\/b03b0c4583407641a338366adc41056f\"},\"headline\":\"REUNION DE L&#8217;EAP DU 12 FEVRIER 2025\",\"datePublished\":\"2025-02-21T13:59:51+00:00\",\"dateModified\":\"2025-02-21T13:59:53+00:00\",\"mainEntityOfPage\":{\"@id\":\"https:\/\/charente.catholique.fr\/est-charente\/actualites\/reunion-de-leap-du-12-fevrier-2025\/\"},\"wordCount\":485,\"commentCount\":0,\"publisher\":{\"@id\":\"https:\/\/charente.catholique.fr\/est-charente\/#organization\"},\"image\":{\"@id\":\"https:\/\/charente.catholique.fr\/est-charente\/actualites\/reunion-de-leap-du-12-fevrier-2025\/#primaryimage\"},\"thumbnailUrl\":\"https:\/\/charente.catholique.fr\/est-charente\/wp-content\/uploads\/sites\/3\/2020\/09\/220327-eveque-41site.jpg\",\"articleSection\":[\"Actualit\u00e9s\",\"ND des Terres en Haute-Charente\"],\"inLanguage\":\"fr-FR\",\"potentialAction\":[{\"@type\":\"CommentAction\",\"name\":\"Comment\",\"target\":[\"https:\/\/charente.catholique.fr\/est-charente\/actualites\/reunion-de-leap-du-12-fevrier-2025\/#respond\"]}]},{\"@type\":\"WebPage\",\"@id\":\"https:\/\/charente.catholique.fr\/est-charente\/actualites\/reunion-de-leap-du-12-fevrier-2025\/\",\"url\":\"https:\/\/charente.catholique.fr\/est-charente\/actualites\/reunion-de-leap-du-12-fevrier-2025\/\",\"name\":\"REUNION DE L'EAP DU 12 FEVRIER 2025 - Doyenne Est Charente\",\"isPartOf\":{\"@id\":\"https:\/\/charente.catholique.fr\/est-charente\/#website\"},\"primaryImageOfPage\":{\"@id\":\"https:\/\/charente.catholique.fr\/est-charente\/actualites\/reunion-de-leap-du-12-fevrier-2025\/#primaryimage\"},\"image\":{\"@id\":\"https:\/\/charente.catholique.fr\/est-charente\/actualites\/reunion-de-leap-du-12-fevrier-2025\/#primaryimage\"},\"thumbnailUrl\":\"https:\/\/charente.catholique.fr\/est-charente\/wp-content\/uploads\/sites\/3\/2020\/09\/220327-eveque-41site.jpg\",\"datePublished\":\"2025-02-21T13:59:51+00:00\",\"dateModified\":\"2025-02-21T13:59:53+00:00\",\"breadcrumb\":{\"@id\":\"https:\/\/charente.catholique.fr\/est-charente\/actualites\/reunion-de-leap-du-12-fevrier-2025\/#breadcrumb\"},\"inLanguage\":\"fr-FR\",\"potentialAction\":[{\"@type\":\"ReadAction\",\"target\":[\"https:\/\/charente.catholique.fr\/est-charente\/actualites\/reunion-de-leap-du-12-fevrier-2025\/\"]}]},{\"@type\":\"ImageObject\",\"inLanguage\":\"fr-FR\",\"@id\":\"https:\/\/charente.catholique.fr\/est-charente\/actualites\/reunion-de-leap-du-12-fevrier-2025\/#primaryimage\",\"url\":\"https:\/\/charente.catholique.fr\/est-charente\/wp-content\/uploads\/sites\/3\/2020\/09\/220327-eveque-41site.jpg\",\"contentUrl\":\"https:\/\/charente.catholique.fr\/est-charente\/wp-content\/uploads\/sites\/3\/2020\/09\/220327-eveque-41site.jpg\",\"width\":1200,\"height\":440},{\"@type\":\"BreadcrumbList\",\"@id\":\"https:\/\/charente.catholique.fr\/est-charente\/actualites\/reunion-de-leap-du-12-fevrier-2025\/#breadcrumb\",\"itemListElement\":[{\"@type\":\"ListItem\",\"position\":1,\"name\":\"Accueil\",\"item\":\"https:\/\/charente.catholique.fr\/est-charente\/\"},{\"@type\":\"ListItem\",\"position\":2,\"name\":\"REUNION DE L&#8217;EAP DU 12 FEVRIER 2025\"}]},{\"@type\":\"WebSite\",\"@id\":\"https:\/\/charente.catholique.fr\/est-charente\/#website\",\"url\":\"https:\/\/charente.catholique.fr\/est-charente\/\",\"name\":\"Doyenn\u00e9 Est Charente - Dioc\u00e8se d'Angoul\u00eame\",\"description\":\"Dioc\u00e8se d&#039;Angoul\u00eame\",\"publisher\":{\"@id\":\"https:\/\/charente.catholique.fr\/est-charente\/#organization\"},\"potentialAction\":[{\"@type\":\"SearchAction\",\"target\":{\"@type\":\"EntryPoint\",\"urlTemplate\":\"https:\/\/charente.catholique.fr\/est-charente\/?s={search_term_string}\"},\"query-input\":{\"@type\":\"PropertyValueSpecification\",\"valueRequired\":true,\"valueName\":\"search_term_string\"}}],\"inLanguage\":\"fr-FR\"},{\"@type\":\"Organization\",\"@id\":\"https:\/\/charente.catholique.fr\/est-charente\/#organization\",\"name\":\"Association dioc\u00e9saine d'Angoul\u00eame\",\"url\":\"https:\/\/charente.catholique.fr\/est-charente\/\",\"logo\":{\"@type\":\"ImageObject\",\"inLanguage\":\"fr-FR\",\"@id\":\"https:\/\/charente.catholique.fr\/est-charente\/#\/schema\/logo\/image\/\",\"url\":\"https:\/\/charente.catholique.fr\/est-charente\/wp-content\/uploads\/sites\/3\/2020\/10\/logos.png\",\"contentUrl\":\"https:\/\/charente.catholique.fr\/est-charente\/wp-content\/uploads\/sites\/3\/2020\/10\/logos.png\",\"width\":600,\"height\":257,\"caption\":\"Association dioc\u00e9saine d'Angoul\u00eame\"},\"image\":{\"@id\":\"https:\/\/charente.catholique.fr\/est-charente\/#\/schema\/logo\/image\/\"},\"sameAs\":[\"https:\/\/www.facebook.com\/EgliseCatholiqueCharente\",\"https:\/\/x.com\/diocesecharente\",\"https:\/\/www.instagram.com\/eglisecharente\",\"https:\/\/www.youtube.com\/channel\/UCByyFWApZbw3gDTiADoiAaQ\"]},{\"@type\":\"Person\",\"@id\":\"https:\/\/charente.catholique.fr\/est-charente\/#\/schema\/person\/b03b0c4583407641a338366adc41056f\",\"name\":\"Jean-Pierre Bruyas\",\"image\":{\"@type\":\"ImageObject\",\"inLanguage\":\"fr-FR\",\"@id\":\"https:\/\/charente.catholique.fr\/est-charente\/#\/schema\/person\/image\/\",\"url\":\"https:\/\/secure.gravatar.com\/avatar\/5ebc6ffa1cd3ff16ab504d019e989d6f0e5279fccb1f130edef4bfb16a6711c0?s=96&d=mm&r=g\",\"contentUrl\":\"https:\/\/secure.gravatar.com\/avatar\/5ebc6ffa1cd3ff16ab504d019e989d6f0e5279fccb1f130edef4bfb16a6711c0?s=96&d=mm&r=g\",\"caption\":\"Jean-Pierre Bruyas\"},\"url\":\"https:\/\/charente.catholique.fr\/est-charente\/author\/jeanpierrebruyas\/\"}]}<\/script>\n<!-- \/ Yoast SEO plugin. -->","yoast_head_json":{"title":"REUNION DE L'EAP DU 12 FEVRIER 2025 - Doyenne Est Charente","robots":{"index":"index","follow":"follow","max-snippet":"max-snippet:-1","max-image-preview":"max-image-preview:large","max-video-preview":"max-video-preview:-1"},"canonical":"https:\/\/charente.catholique.fr\/est-charente\/actualites\/reunion-de-leap-du-12-fevrier-2025\/","og_locale":"fr_FR","og_type":"article","og_title":"REUNION DE L'EAP DU 12 FEVRIER 2025 - Doyenne Est Charente","og_description":"Qui fait quoi actuellement \u00e0 l&#8217;EAP&nbsp;? Laurent fait le planning des messes Genevi\u00e8ve le compte-rendu des r\u00e9unions Le P\u00e8re Apollinaire nous informe que sa mission chez nous est prolong\u00e9e d&#8217;un an, soit jusqu&#8217;en 2026. Christophe nous brosse le tableau des paroissiens de Montemboeuf&nbsp;: Du temps o\u00f9 ils \u00e9taient rattach\u00e9s \u00e0 Montbron, il y avait foule [&hellip;]","og_url":"https:\/\/charente.catholique.fr\/est-charente\/actualites\/reunion-de-leap-du-12-fevrier-2025\/","og_site_name":"Doyenne Est Charente","article_publisher":"https:\/\/www.facebook.com\/EgliseCatholiqueCharente","article_published_time":"2025-02-21T13:59:51+00:00","article_modified_time":"2025-02-21T13:59:53+00:00","og_image":[{"width":1200,"height":440,"url":"https:\/\/charente.catholique.fr\/est-charente\/wp-content\/uploads\/sites\/3\/2020\/09\/220327-eveque-41site.jpg","type":"image\/jpeg"}],"author":"Jean-Pierre Bruyas","twitter_card":"summary_large_image","twitter_creator":"@diocesecharente","twitter_site":"@diocesecharente","twitter_misc":{"\u00c9crit par":"Jean-Pierre Bruyas","Dur\u00e9e de lecture estim\u00e9e":"3 minutes"},"schema":{"@context":"https:\/\/schema.org","@graph":[{"@type":"Article","@id":"https:\/\/charente.catholique.fr\/est-charente\/actualites\/reunion-de-leap-du-12-fevrier-2025\/#article","isPartOf":{"@id":"https:\/\/charente.catholique.fr\/est-charente\/actualites\/reunion-de-leap-du-12-fevrier-2025\/"},"author":{"name":"Jean-Pierre Bruyas","@id":"https:\/\/charente.catholique.fr\/est-charente\/#\/schema\/person\/b03b0c4583407641a338366adc41056f"},"headline":"REUNION DE L&#8217;EAP DU 12 FEVRIER 2025","datePublished":"2025-02-21T13:59:51+00:00","dateModified":"2025-02-21T13:59:53+00:00","mainEntityOfPage":{"@id":"https:\/\/charente.catholique.fr\/est-charente\/actualites\/reunion-de-leap-du-12-fevrier-2025\/"},"wordCount":485,"commentCount":0,"publisher":{"@id":"https:\/\/charente.catholique.fr\/est-charente\/#organization"},"image":{"@id":"https:\/\/charente.catholique.fr\/est-charente\/actualites\/reunion-de-leap-du-12-fevrier-2025\/#primaryimage"},"thumbnailUrl":"https:\/\/charente.catholique.fr\/est-charente\/wp-content\/uploads\/sites\/3\/2020\/09\/220327-eveque-41site.jpg","articleSection":["Actualit\u00e9s","ND des Terres en Haute-Charente"],"inLanguage":"fr-FR","potentialAction":[{"@type":"CommentAction","name":"Comment","target":["https:\/\/charente.catholique.fr\/est-charente\/actualites\/reunion-de-leap-du-12-fevrier-2025\/#respond"]}]},{"@type":"WebPage","@id":"https:\/\/charente.catholique.fr\/est-charente\/actualites\/reunion-de-leap-du-12-fevrier-2025\/","url":"https:\/\/charente.catholique.fr\/est-charente\/actualites\/reunion-de-leap-du-12-fevrier-2025\/","name":"REUNION DE L'EAP DU 12 FEVRIER 2025 - Doyenne Est Charente","isPartOf":{"@id":"https:\/\/charente.catholique.fr\/est-charente\/#website"},"primaryImageOfPage":{"@id":"https:\/\/charente.catholique.fr\/est-charente\/actualites\/reunion-de-leap-du-12-fevrier-2025\/#primaryimage"},"image":{"@id":"https:\/\/charente.catholique.fr\/est-charente\/actualites\/reunion-de-leap-du-12-fevrier-2025\/#primaryimage"},"thumbnailUrl":"https:\/\/charente.catholique.fr\/est-charente\/wp-content\/uploads\/sites\/3\/2020\/09\/220327-eveque-41site.jpg","datePublished":"2025-02-21T13:59:51+00:00","dateModified":"2025-02-21T13:59:53+00:00","breadcrumb":{"@id":"https:\/\/charente.catholique.fr\/est-charente\/actualites\/reunion-de-leap-du-12-fevrier-2025\/#breadcrumb"},"inLanguage":"fr-FR","potentialAction":[{"@type":"ReadAction","target":["https:\/\/charente.catholique.fr\/est-charente\/actualites\/reunion-de-leap-du-12-fevrier-2025\/"]}]},{"@type":"ImageObject","inLanguage":"fr-FR","@id":"https:\/\/charente.catholique.fr\/est-charente\/actualites\/reunion-de-leap-du-12-fevrier-2025\/#primaryimage","url":"https:\/\/charente.catholique.fr\/est-charente\/wp-content\/uploads\/sites\/3\/2020\/09\/220327-eveque-41site.jpg","contentUrl":"https:\/\/charente.catholique.fr\/est-charente\/wp-content\/uploads\/sites\/3\/2020\/09\/220327-eveque-41site.jpg","width":1200,"height":440},{"@type":"BreadcrumbList","@id":"https:\/\/charente.catholique.fr\/est-charente\/actualites\/reunion-de-leap-du-12-fevrier-2025\/#breadcrumb","itemListElement":[{"@type":"ListItem","position":1,"name":"Accueil","item":"https:\/\/charente.catholique.fr\/est-charente\/"},{"@type":"ListItem","position":2,"name":"REUNION DE L&#8217;EAP DU 12 FEVRIER 2025"}]},{"@type":"WebSite","@id":"https:\/\/charente.catholique.fr\/est-charente\/#website","url":"https:\/\/charente.catholique.fr\/est-charente\/","name":"Doyenn\u00e9 Est Charente - Dioc\u00e8se d'Angoul\u00eame","description":"Dioc\u00e8se d&#039;Angoul\u00eame","publisher":{"@id":"https:\/\/charente.catholique.fr\/est-charente\/#organization"},"potentialAction":[{"@type":"SearchAction","target":{"@type":"EntryPoint","urlTemplate":"https:\/\/charente.catholique.fr\/est-charente\/?s={search_term_string}"},"query-input":{"@type":"PropertyValueSpecification","valueRequired":true,"valueName":"search_term_string"}}],"inLanguage":"fr-FR"},{"@type":"Organization","@id":"https:\/\/charente.catholique.fr\/est-charente\/#organization","name":"Association dioc\u00e9saine d'Angoul\u00eame","url":"https:\/\/charente.catholique.fr\/est-charente\/","logo":{"@type":"ImageObject","inLanguage":"fr-FR","@id":"https:\/\/charente.catholique.fr\/est-charente\/#\/schema\/logo\/image\/","url":"https:\/\/charente.catholique.fr\/est-charente\/wp-content\/uploads\/sites\/3\/2020\/10\/logos.png","contentUrl":"https:\/\/charente.catholique.fr\/est-charente\/wp-content\/uploads\/sites\/3\/2020\/10\/logos.png","width":600,"height":257,"caption":"Association dioc\u00e9saine d'Angoul\u00eame"},"image":{"@id":"https:\/\/charente.catholique.fr\/est-charente\/#\/schema\/logo\/image\/"},"sameAs":["https:\/\/www.facebook.com\/EgliseCatholiqueCharente","https:\/\/x.com\/diocesecharente","https:\/\/www.instagram.com\/eglisecharente","https:\/\/www.youtube.com\/channel\/UCByyFWApZbw3gDTiADoiAaQ"]},{"@type":"Person","@id":"https:\/\/charente.catholique.fr\/est-charente\/#\/schema\/person\/b03b0c4583407641a338366adc41056f","name":"Jean-Pierre Bruyas","image":{"@type":"ImageObject","inLanguage":"fr-FR","@id":"https:\/\/charente.catholique.fr\/est-charente\/#\/schema\/person\/image\/","url":"https:\/\/secure.gravatar.com\/avatar\/5ebc6ffa1cd3ff16ab504d019e989d6f0e5279fccb1f130edef4bfb16a6711c0?s=96&d=mm&r=g","contentUrl":"https:\/\/secure.gravatar.com\/avatar\/5ebc6ffa1cd3ff16ab504d019e989d6f0e5279fccb1f130edef4bfb16a6711c0?s=96&d=mm&r=g","caption":"Jean-Pierre Bruyas"},"url":"https:\/\/charente.catholique.fr\/est-charente\/author\/jeanpierrebruyas\/"}]}},"_links":{"self":[{"href":"https:\/\/charente.catholique.fr\/est-charente\/wp-json\/wp\/v2\/posts\/7023","targetHints":{"allow":["GET"]}}],"collection":[{"href":"https:\/\/charente.catholique.fr\/est-charente\/wp-json\/wp\/v2\/posts"}],"about":[{"href":"https:\/\/charente.catholique.fr\/est-charente\/wp-json\/wp\/v2\/types\/post"}],"author":[{"embeddable":true,"href":"https:\/\/charente.catholique.fr\/est-charente\/wp-json\/wp\/v2\/users\/17"}],"replies":[{"embeddable":true,"href":"https:\/\/charente.catholique.fr\/est-charente\/wp-json\/wp\/v2\/comments?post=7023"}],"version-history":[{"count":3,"href":"https:\/\/charente.catholique.fr\/est-charente\/wp-json\/wp\/v2\/posts\/7023\/revisions"}],"predecessor-version":[{"id":7026,"href":"https:\/\/charente.catholique.fr\/est-charente\/wp-json\/wp\/v2\/posts\/7023\/revisions\/7026"}],"wp:featuredmedia":[{"embeddable":true,"href":"https:\/\/charente.catholique.fr\/est-charente\/wp-json\/wp\/v2\/media\/3608"}],"wp:attachment":[{"href":"https:\/\/charente.catholique.fr\/est-charente\/wp-json\/wp\/v2\/media?parent=7023"}],"wp:term":[{"taxonomy":"category","embeddable":true,"href":"https:\/\/charente.catholique.fr\/est-charente\/wp-json\/wp\/v2\/categories?post=7023"},{"taxonomy":"post_tag","embeddable":true,"href":"https:\/\/charente.catholique.fr\/est-charente\/wp-json\/wp\/v2\/tags?post=7023"}],"curies":[{"name":"wp","href":"https:\/\/api.w.org\/{rel}","templated":true}]}}