{"id":4744,"date":"2023-08-20T23:09:45","date_gmt":"2023-08-20T21:09:45","guid":{"rendered":"https:\/\/charente.catholique.fr\/est-charente\/?p=4744"},"modified":"2023-08-20T23:09:45","modified_gmt":"2023-08-20T21:09:45","slug":"fete-de-saint-roch-benediction-des-animaux-parzac-20-aout-2023","status":"publish","type":"post","link":"https:\/\/charente.catholique.fr\/est-charente\/actualites\/fete-de-saint-roch-benediction-des-animaux-parzac-20-aout-2023\/","title":{"rendered":"F\u00eate de Saint Roch-B\u00e9n\u00e9diction des animaux-Parzac 20 aout 2023"},"content":{"rendered":"<a href=\"https:\/\/charente.catholique.fr\/est-charente\/wp-content\/uploads\/sites\/3\/2023\/08\/speech1.pdf\" class=\"pdfemb-viewer\" style=\"\" data-width=\"max\" data-height=\"max\" data-toolbar=\"bottom\" data-toolbar-fixed=\"off\">speech1<\/a>\n<p class=\"wp-block-pdfemb-pdf-embedder-viewer\"><\/p>\n\n\n\n<figure class=\"wp-block-gallery has-nested-images columns-default is-cropped wp-block-gallery-1 is-layout-flex wp-block-gallery-is-layout-flex\">\n<figure class=\"wp-block-image size-large\"><img loading=\"lazy\" decoding=\"async\" width=\"400\" height=\"300\" data-id=\"4845\" src=\"https:\/\/charente.catholique.fr\/est-charente\/wp-content\/uploads\/sites\/3\/2023\/08\/230820-Parzac-005-1.jpg\" alt=\"\" class=\"wp-image-4845\" srcset=\"https:\/\/charente.catholique.fr\/est-charente\/wp-content\/uploads\/sites\/3\/2023\/08\/230820-Parzac-005-1.jpg 400w, https:\/\/charente.catholique.fr\/est-charente\/wp-content\/uploads\/sites\/3\/2023\/08\/230820-Parzac-005-1-300x225.jpg 300w\" sizes=\"auto, (max-width: 400px) 100vw, 400px\" \/><\/figure>\n\n\n\n<figure class=\"wp-block-image size-large\"><img loading=\"lazy\" decoding=\"async\" width=\"400\" height=\"533\" data-id=\"4846\" src=\"https:\/\/charente.catholique.fr\/est-charente\/wp-content\/uploads\/sites\/3\/2023\/08\/230820-Parzac-011-2-rotated.jpg\" alt=\"\" class=\"wp-image-4846\" srcset=\"https:\/\/charente.catholique.fr\/est-charente\/wp-content\/uploads\/sites\/3\/2023\/08\/230820-Parzac-011-2-rotated.jpg 400w, https:\/\/charente.catholique.fr\/est-charente\/wp-content\/uploads\/sites\/3\/2023\/08\/230820-Parzac-011-2-225x300.jpg 225w\" sizes=\"auto, (max-width: 400px) 100vw, 400px\" \/><\/figure>\n\n\n\n<figure class=\"wp-block-image size-large\"><img loading=\"lazy\" decoding=\"async\" width=\"400\" height=\"533\" data-id=\"4848\" src=\"https:\/\/charente.catholique.fr\/est-charente\/wp-content\/uploads\/sites\/3\/2023\/08\/230820-Parzac-013-2-rotated.jpg\" alt=\"\" class=\"wp-image-4848\" srcset=\"https:\/\/charente.catholique.fr\/est-charente\/wp-content\/uploads\/sites\/3\/2023\/08\/230820-Parzac-013-2-rotated.jpg 400w, https:\/\/charente.catholique.fr\/est-charente\/wp-content\/uploads\/sites\/3\/2023\/08\/230820-Parzac-013-2-225x300.jpg 225w\" sizes=\"auto, (max-width: 400px) 100vw, 400px\" \/><\/figure>\n\n\n\n<figure class=\"wp-block-image size-large\"><img loading=\"lazy\" decoding=\"async\" width=\"400\" height=\"533\" data-id=\"4850\" src=\"https:\/\/charente.catholique.fr\/est-charente\/wp-content\/uploads\/sites\/3\/2023\/08\/230820-Parzac-015-2-rotated.jpg\" alt=\"\" class=\"wp-image-4850\" srcset=\"https:\/\/charente.catholique.fr\/est-charente\/wp-content\/uploads\/sites\/3\/2023\/08\/230820-Parzac-015-2-rotated.jpg 400w, https:\/\/charente.catholique.fr\/est-charente\/wp-content\/uploads\/sites\/3\/2023\/08\/230820-Parzac-015-2-225x300.jpg 225w\" sizes=\"auto, (max-width: 400px) 100vw, 400px\" \/><\/figure>\n\n\n\n<figure class=\"wp-block-image size-large\"><img loading=\"lazy\" decoding=\"async\" width=\"400\" height=\"533\" data-id=\"4849\" src=\"https:\/\/charente.catholique.fr\/est-charente\/wp-content\/uploads\/sites\/3\/2023\/08\/230820-Parzac-017-2-rotated.jpg\" alt=\"\" class=\"wp-image-4849\" srcset=\"https:\/\/charente.catholique.fr\/est-charente\/wp-content\/uploads\/sites\/3\/2023\/08\/230820-Parzac-017-2-rotated.jpg 400w, https:\/\/charente.catholique.fr\/est-charente\/wp-content\/uploads\/sites\/3\/2023\/08\/230820-Parzac-017-2-225x300.jpg 225w\" sizes=\"auto, (max-width: 400px) 100vw, 400px\" \/><\/figure>\n\n\n\n<figure class=\"wp-block-image size-large\"><img loading=\"lazy\" decoding=\"async\" width=\"400\" height=\"300\" data-id=\"4847\" src=\"https:\/\/charente.catholique.fr\/est-charente\/wp-content\/uploads\/sites\/3\/2023\/08\/230820-Parzac-019-2.jpg\" alt=\"\" class=\"wp-image-4847\" srcset=\"https:\/\/charente.catholique.fr\/est-charente\/wp-content\/uploads\/sites\/3\/2023\/08\/230820-Parzac-019-2.jpg 400w, https:\/\/charente.catholique.fr\/est-charente\/wp-content\/uploads\/sites\/3\/2023\/08\/230820-Parzac-019-2-300x225.jpg 300w\" sizes=\"auto, (max-width: 400px) 100vw, 400px\" \/><\/figure>\n\n\n\n<figure class=\"wp-block-image size-large\"><img loading=\"lazy\" decoding=\"async\" width=\"400\" height=\"533\" data-id=\"4851\" src=\"https:\/\/charente.catholique.fr\/est-charente\/wp-content\/uploads\/sites\/3\/2023\/08\/230820-Parzac-021-2-rotated.jpg\" alt=\"\" class=\"wp-image-4851\" srcset=\"https:\/\/charente.catholique.fr\/est-charente\/wp-content\/uploads\/sites\/3\/2023\/08\/230820-Parzac-021-2-rotated.jpg 400w, https:\/\/charente.catholique.fr\/est-charente\/wp-content\/uploads\/sites\/3\/2023\/08\/230820-Parzac-021-2-225x300.jpg 225w\" sizes=\"auto, (max-width: 400px) 100vw, 400px\" \/><\/figure>\n\n\n\n<figure class=\"wp-block-image size-large\"><img loading=\"lazy\" decoding=\"async\" width=\"400\" height=\"533\" data-id=\"4852\" src=\"https:\/\/charente.catholique.fr\/est-charente\/wp-content\/uploads\/sites\/3\/2023\/08\/230820-Parzac-023-2-rotated.jpg\" alt=\"\" class=\"wp-image-4852\" srcset=\"https:\/\/charente.catholique.fr\/est-charente\/wp-content\/uploads\/sites\/3\/2023\/08\/230820-Parzac-023-2-rotated.jpg 400w, https:\/\/charente.catholique.fr\/est-charente\/wp-content\/uploads\/sites\/3\/2023\/08\/230820-Parzac-023-2-225x300.jpg 225w\" sizes=\"auto, (max-width: 400px) 100vw, 400px\" \/><\/figure>\n\n\n\n<figure class=\"wp-block-image size-large\"><img loading=\"lazy\" decoding=\"async\" width=\"400\" height=\"533\" data-id=\"4854\" src=\"https:\/\/charente.catholique.fr\/est-charente\/wp-content\/uploads\/sites\/3\/2023\/08\/230820-Parzac-025-2-rotated.jpg\" alt=\"\" class=\"wp-image-4854\" srcset=\"https:\/\/charente.catholique.fr\/est-charente\/wp-content\/uploads\/sites\/3\/2023\/08\/230820-Parzac-025-2-rotated.jpg 400w, https:\/\/charente.catholique.fr\/est-charente\/wp-content\/uploads\/sites\/3\/2023\/08\/230820-Parzac-025-2-225x300.jpg 225w\" sizes=\"auto, (max-width: 400px) 100vw, 400px\" \/><\/figure>\n\n\n\n<figure class=\"wp-block-image size-large\"><img loading=\"lazy\" decoding=\"async\" width=\"400\" height=\"533\" data-id=\"4856\" src=\"https:\/\/charente.catholique.fr\/est-charente\/wp-content\/uploads\/sites\/3\/2023\/08\/230820-Parzac-027-2-rotated.jpg\" alt=\"\" class=\"wp-image-4856\" srcset=\"https:\/\/charente.catholique.fr\/est-charente\/wp-content\/uploads\/sites\/3\/2023\/08\/230820-Parzac-027-2-rotated.jpg 400w, https:\/\/charente.catholique.fr\/est-charente\/wp-content\/uploads\/sites\/3\/2023\/08\/230820-Parzac-027-2-225x300.jpg 225w\" sizes=\"auto, (max-width: 400px) 100vw, 400px\" \/><\/figure>\n\n\n\n<figure class=\"wp-block-image size-large\"><img loading=\"lazy\" decoding=\"async\" width=\"400\" height=\"533\" data-id=\"4855\" src=\"https:\/\/charente.catholique.fr\/est-charente\/wp-content\/uploads\/sites\/3\/2023\/08\/230820-Parzac-029-2-rotated.jpg\" alt=\"\" class=\"wp-image-4855\" srcset=\"https:\/\/charente.catholique.fr\/est-charente\/wp-content\/uploads\/sites\/3\/2023\/08\/230820-Parzac-029-2-rotated.jpg 400w, https:\/\/charente.catholique.fr\/est-charente\/wp-content\/uploads\/sites\/3\/2023\/08\/230820-Parzac-029-2-225x300.jpg 225w\" sizes=\"auto, (max-width: 400px) 100vw, 400px\" \/><\/figure>\n\n\n\n<figure class=\"wp-block-image size-large\"><img loading=\"lazy\" decoding=\"async\" width=\"400\" height=\"300\" data-id=\"4862\" src=\"https:\/\/charente.catholique.fr\/est-charente\/wp-content\/uploads\/sites\/3\/2023\/08\/230820-Parzac-031-2.jpg\" alt=\"\" class=\"wp-image-4862\" srcset=\"https:\/\/charente.catholique.fr\/est-charente\/wp-content\/uploads\/sites\/3\/2023\/08\/230820-Parzac-031-2.jpg 400w, https:\/\/charente.catholique.fr\/est-charente\/wp-content\/uploads\/sites\/3\/2023\/08\/230820-Parzac-031-2-300x225.jpg 300w\" sizes=\"auto, (max-width: 400px) 100vw, 400px\" \/><\/figure>\n\n\n\n<figure class=\"wp-block-image size-large\"><img loading=\"lazy\" decoding=\"async\" width=\"400\" height=\"533\" data-id=\"4853\" src=\"https:\/\/charente.catholique.fr\/est-charente\/wp-content\/uploads\/sites\/3\/2023\/08\/230820-Parzac-033-2-rotated.jpg\" alt=\"\" class=\"wp-image-4853\" srcset=\"https:\/\/charente.catholique.fr\/est-charente\/wp-content\/uploads\/sites\/3\/2023\/08\/230820-Parzac-033-2-rotated.jpg 400w, https:\/\/charente.catholique.fr\/est-charente\/wp-content\/uploads\/sites\/3\/2023\/08\/230820-Parzac-033-2-225x300.jpg 225w\" sizes=\"auto, (max-width: 400px) 100vw, 400px\" \/><\/figure>\n\n\n\n<figure class=\"wp-block-image size-large\"><img loading=\"lazy\" decoding=\"async\" width=\"400\" height=\"300\" data-id=\"4857\" src=\"https:\/\/charente.catholique.fr\/est-charente\/wp-content\/uploads\/sites\/3\/2023\/08\/230820-Parzac-035-2.jpg\" alt=\"\" class=\"wp-image-4857\" srcset=\"https:\/\/charente.catholique.fr\/est-charente\/wp-content\/uploads\/sites\/3\/2023\/08\/230820-Parzac-035-2.jpg 400w, https:\/\/charente.catholique.fr\/est-charente\/wp-content\/uploads\/sites\/3\/2023\/08\/230820-Parzac-035-2-300x225.jpg 300w\" sizes=\"auto, (max-width: 400px) 100vw, 400px\" \/><\/figure>\n\n\n\n<figure class=\"wp-block-image size-large\"><img loading=\"lazy\" decoding=\"async\" width=\"400\" height=\"533\" data-id=\"4860\" src=\"https:\/\/charente.catholique.fr\/est-charente\/wp-content\/uploads\/sites\/3\/2023\/08\/230820-Parzac-039-2-rotated.jpg\" alt=\"\" class=\"wp-image-4860\" srcset=\"https:\/\/charente.catholique.fr\/est-charente\/wp-content\/uploads\/sites\/3\/2023\/08\/230820-Parzac-039-2-rotated.jpg 400w, https:\/\/charente.catholique.fr\/est-charente\/wp-content\/uploads\/sites\/3\/2023\/08\/230820-Parzac-039-2-225x300.jpg 225w\" sizes=\"auto, (max-width: 400px) 100vw, 400px\" \/><\/figure>\n\n\n\n<figure class=\"wp-block-image size-large\"><img loading=\"lazy\" decoding=\"async\" width=\"400\" height=\"300\" data-id=\"4868\" src=\"https:\/\/charente.catholique.fr\/est-charente\/wp-content\/uploads\/sites\/3\/2023\/08\/230820-Parzac-041-2.jpg\" alt=\"\" class=\"wp-image-4868\" srcset=\"https:\/\/charente.catholique.fr\/est-charente\/wp-content\/uploads\/sites\/3\/2023\/08\/230820-Parzac-041-2.jpg 400w, https:\/\/charente.catholique.fr\/est-charente\/wp-content\/uploads\/sites\/3\/2023\/08\/230820-Parzac-041-2-300x225.jpg 300w\" sizes=\"auto, (max-width: 400px) 100vw, 400px\" \/><\/figure>\n\n\n\n<figure class=\"wp-block-image size-large\"><img loading=\"lazy\" decoding=\"async\" width=\"400\" height=\"300\" data-id=\"4859\" src=\"https:\/\/charente.catholique.fr\/est-charente\/wp-content\/uploads\/sites\/3\/2023\/08\/230820-Parzac-043-2.jpg\" alt=\"\" class=\"wp-image-4859\" srcset=\"https:\/\/charente.catholique.fr\/est-charente\/wp-content\/uploads\/sites\/3\/2023\/08\/230820-Parzac-043-2.jpg 400w, https:\/\/charente.catholique.fr\/est-charente\/wp-content\/uploads\/sites\/3\/2023\/08\/230820-Parzac-043-2-300x225.jpg 300w\" sizes=\"auto, (max-width: 400px) 100vw, 400px\" \/><\/figure>\n\n\n\n<figure class=\"wp-block-image size-large\"><img loading=\"lazy\" decoding=\"async\" width=\"400\" height=\"300\" data-id=\"4861\" src=\"https:\/\/charente.catholique.fr\/est-charente\/wp-content\/uploads\/sites\/3\/2023\/08\/230820-Parzac-045-2.jpg\" alt=\"\" class=\"wp-image-4861\" srcset=\"https:\/\/charente.catholique.fr\/est-charente\/wp-content\/uploads\/sites\/3\/2023\/08\/230820-Parzac-045-2.jpg 400w, https:\/\/charente.catholique.fr\/est-charente\/wp-content\/uploads\/sites\/3\/2023\/08\/230820-Parzac-045-2-300x225.jpg 300w\" sizes=\"auto, (max-width: 400px) 100vw, 400px\" \/><\/figure>\n\n\n\n<figure class=\"wp-block-image size-large\"><img loading=\"lazy\" decoding=\"async\" width=\"400\" height=\"533\" data-id=\"4866\" src=\"https:\/\/charente.catholique.fr\/est-charente\/wp-content\/uploads\/sites\/3\/2023\/08\/230820-Parzac-047-2-rotated.jpg\" alt=\"\" class=\"wp-image-4866\" srcset=\"https:\/\/charente.catholique.fr\/est-charente\/wp-content\/uploads\/sites\/3\/2023\/08\/230820-Parzac-047-2-rotated.jpg 400w, https:\/\/charente.catholique.fr\/est-charente\/wp-content\/uploads\/sites\/3\/2023\/08\/230820-Parzac-047-2-225x300.jpg 225w\" sizes=\"auto, (max-width: 400px) 100vw, 400px\" \/><\/figure>\n\n\n\n<figure class=\"wp-block-image size-large\"><img loading=\"lazy\" decoding=\"async\" width=\"400\" height=\"600\" data-id=\"4870\" src=\"https:\/\/charente.catholique.fr\/est-charente\/wp-content\/uploads\/sites\/3\/2023\/08\/230820-Parzac-049-2.jpg\" alt=\"\" class=\"wp-image-4870\" srcset=\"https:\/\/charente.catholique.fr\/est-charente\/wp-content\/uploads\/sites\/3\/2023\/08\/230820-Parzac-049-2.jpg 400w, https:\/\/charente.catholique.fr\/est-charente\/wp-content\/uploads\/sites\/3\/2023\/08\/230820-Parzac-049-2-200x300.jpg 200w\" sizes=\"auto, (max-width: 400px) 100vw, 400px\" \/><\/figure>\n\n\n\n<figure class=\"wp-block-image size-large\"><img loading=\"lazy\" decoding=\"async\" width=\"400\" height=\"600\" data-id=\"4864\" src=\"https:\/\/charente.catholique.fr\/est-charente\/wp-content\/uploads\/sites\/3\/2023\/08\/230820-Parzac-051-2.jpg\" alt=\"\" class=\"wp-image-4864\" srcset=\"https:\/\/charente.catholique.fr\/est-charente\/wp-content\/uploads\/sites\/3\/2023\/08\/230820-Parzac-051-2.jpg 400w, https:\/\/charente.catholique.fr\/est-charente\/wp-content\/uploads\/sites\/3\/2023\/08\/230820-Parzac-051-2-200x300.jpg 200w\" sizes=\"auto, (max-width: 400px) 100vw, 400px\" \/><\/figure>\n\n\n\n<figure class=\"wp-block-image size-large\"><img loading=\"lazy\" decoding=\"async\" width=\"400\" height=\"533\" data-id=\"4874\" src=\"https:\/\/charente.catholique.fr\/est-charente\/wp-content\/uploads\/sites\/3\/2023\/08\/230820-Parzac-053-2-rotated.jpg\" alt=\"\" class=\"wp-image-4874\" srcset=\"https:\/\/charente.catholique.fr\/est-charente\/wp-content\/uploads\/sites\/3\/2023\/08\/230820-Parzac-053-2-rotated.jpg 400w, https:\/\/charente.catholique.fr\/est-charente\/wp-content\/uploads\/sites\/3\/2023\/08\/230820-Parzac-053-2-225x300.jpg 225w\" sizes=\"auto, (max-width: 400px) 100vw, 400px\" \/><\/figure>\n\n\n\n<figure class=\"wp-block-image size-large\"><img loading=\"lazy\" decoding=\"async\" width=\"400\" height=\"600\" data-id=\"4865\" src=\"https:\/\/charente.catholique.fr\/est-charente\/wp-content\/uploads\/sites\/3\/2023\/08\/230820-Parzac-055-2.jpg\" alt=\"\" class=\"wp-image-4865\" srcset=\"https:\/\/charente.catholique.fr\/est-charente\/wp-content\/uploads\/sites\/3\/2023\/08\/230820-Parzac-055-2.jpg 400w, https:\/\/charente.catholique.fr\/est-charente\/wp-content\/uploads\/sites\/3\/2023\/08\/230820-Parzac-055-2-200x300.jpg 200w\" sizes=\"auto, (max-width: 400px) 100vw, 400px\" \/><\/figure>\n\n\n\n<figure class=\"wp-block-image size-large\"><img loading=\"lazy\" decoding=\"async\" width=\"400\" height=\"300\" data-id=\"4867\" src=\"https:\/\/charente.catholique.fr\/est-charente\/wp-content\/uploads\/sites\/3\/2023\/08\/230820-Parzac-057-2.jpg\" alt=\"\" class=\"wp-image-4867\" srcset=\"https:\/\/charente.catholique.fr\/est-charente\/wp-content\/uploads\/sites\/3\/2023\/08\/230820-Parzac-057-2.jpg 400w, https:\/\/charente.catholique.fr\/est-charente\/wp-content\/uploads\/sites\/3\/2023\/08\/230820-Parzac-057-2-300x225.jpg 300w\" sizes=\"auto, (max-width: 400px) 100vw, 400px\" \/><\/figure>\n\n\n\n<figure class=\"wp-block-image size-large\"><img loading=\"lazy\" decoding=\"async\" width=\"400\" height=\"300\" data-id=\"4873\" src=\"https:\/\/charente.catholique.fr\/est-charente\/wp-content\/uploads\/sites\/3\/2023\/08\/230820-Parzac-059-2.jpg\" alt=\"\" class=\"wp-image-4873\" srcset=\"https:\/\/charente.catholique.fr\/est-charente\/wp-content\/uploads\/sites\/3\/2023\/08\/230820-Parzac-059-2.jpg 400w, https:\/\/charente.catholique.fr\/est-charente\/wp-content\/uploads\/sites\/3\/2023\/08\/230820-Parzac-059-2-300x225.jpg 300w\" sizes=\"auto, (max-width: 400px) 100vw, 400px\" \/><\/figure>\n\n\n\n<figure class=\"wp-block-image size-large\"><img loading=\"lazy\" decoding=\"async\" width=\"400\" height=\"300\" data-id=\"4858\" src=\"https:\/\/charente.catholique.fr\/est-charente\/wp-content\/uploads\/sites\/3\/2023\/08\/230820-Parzac-061-2.jpg\" alt=\"\" class=\"wp-image-4858\" srcset=\"https:\/\/charente.catholique.fr\/est-charente\/wp-content\/uploads\/sites\/3\/2023\/08\/230820-Parzac-061-2.jpg 400w, https:\/\/charente.catholique.fr\/est-charente\/wp-content\/uploads\/sites\/3\/2023\/08\/230820-Parzac-061-2-300x225.jpg 300w\" sizes=\"auto, (max-width: 400px) 100vw, 400px\" \/><\/figure>\n\n\n\n<figure class=\"wp-block-image size-large\"><img loading=\"lazy\" decoding=\"async\" width=\"400\" height=\"300\" data-id=\"4863\" src=\"https:\/\/charente.catholique.fr\/est-charente\/wp-content\/uploads\/sites\/3\/2023\/08\/230820-Parzac-063-2.jpg\" alt=\"\" class=\"wp-image-4863\" srcset=\"https:\/\/charente.catholique.fr\/est-charente\/wp-content\/uploads\/sites\/3\/2023\/08\/230820-Parzac-063-2.jpg 400w, https:\/\/charente.catholique.fr\/est-charente\/wp-content\/uploads\/sites\/3\/2023\/08\/230820-Parzac-063-2-300x225.jpg 300w\" sizes=\"auto, (max-width: 400px) 100vw, 400px\" \/><\/figure>\n\n\n\n<figure class=\"wp-block-image size-large\"><img loading=\"lazy\" decoding=\"async\" width=\"400\" height=\"533\" data-id=\"4878\" src=\"https:\/\/charente.catholique.fr\/est-charente\/wp-content\/uploads\/sites\/3\/2023\/08\/230820-Parzac-065-2-rotated.jpg\" alt=\"\" class=\"wp-image-4878\" srcset=\"https:\/\/charente.catholique.fr\/est-charente\/wp-content\/uploads\/sites\/3\/2023\/08\/230820-Parzac-065-2-rotated.jpg 400w, https:\/\/charente.catholique.fr\/est-charente\/wp-content\/uploads\/sites\/3\/2023\/08\/230820-Parzac-065-2-225x300.jpg 225w\" sizes=\"auto, (max-width: 400px) 100vw, 400px\" \/><\/figure>\n\n\n\n<figure class=\"wp-block-image size-large\"><img loading=\"lazy\" decoding=\"async\" width=\"400\" height=\"300\" data-id=\"4877\" src=\"https:\/\/charente.catholique.fr\/est-charente\/wp-content\/uploads\/sites\/3\/2023\/08\/230820-Parzac-067-2.jpg\" alt=\"\" class=\"wp-image-4877\" srcset=\"https:\/\/charente.catholique.fr\/est-charente\/wp-content\/uploads\/sites\/3\/2023\/08\/230820-Parzac-067-2.jpg 400w, https:\/\/charente.catholique.fr\/est-charente\/wp-content\/uploads\/sites\/3\/2023\/08\/230820-Parzac-067-2-300x225.jpg 300w\" sizes=\"auto, (max-width: 400px) 100vw, 400px\" \/><\/figure>\n\n\n\n<figure class=\"wp-block-image size-large\"><img loading=\"lazy\" decoding=\"async\" width=\"400\" height=\"533\" data-id=\"4879\" src=\"https:\/\/charente.catholique.fr\/est-charente\/wp-content\/uploads\/sites\/3\/2023\/08\/230820-Parzac-069-2-rotated.jpg\" alt=\"\" class=\"wp-image-4879\" srcset=\"https:\/\/charente.catholique.fr\/est-charente\/wp-content\/uploads\/sites\/3\/2023\/08\/230820-Parzac-069-2-rotated.jpg 400w, https:\/\/charente.catholique.fr\/est-charente\/wp-content\/uploads\/sites\/3\/2023\/08\/230820-Parzac-069-2-225x300.jpg 225w\" sizes=\"auto, (max-width: 400px) 100vw, 400px\" \/><\/figure>\n\n\n\n<figure class=\"wp-block-image size-large\"><img loading=\"lazy\" decoding=\"async\" width=\"400\" height=\"300\" data-id=\"4871\" src=\"https:\/\/charente.catholique.fr\/est-charente\/wp-content\/uploads\/sites\/3\/2023\/08\/230820-Parzac-071-2.jpg\" alt=\"\" class=\"wp-image-4871\" srcset=\"https:\/\/charente.catholique.fr\/est-charente\/wp-content\/uploads\/sites\/3\/2023\/08\/230820-Parzac-071-2.jpg 400w, https:\/\/charente.catholique.fr\/est-charente\/wp-content\/uploads\/sites\/3\/2023\/08\/230820-Parzac-071-2-300x225.jpg 300w\" sizes=\"auto, (max-width: 400px) 100vw, 400px\" \/><\/figure>\n\n\n\n<figure class=\"wp-block-image size-large\"><img loading=\"lazy\" decoding=\"async\" width=\"400\" height=\"186\" data-id=\"4872\" src=\"https:\/\/charente.catholique.fr\/est-charente\/wp-content\/uploads\/sites\/3\/2023\/08\/230820-Parzac-073-2.jpg\" alt=\"\" class=\"wp-image-4872\" srcset=\"https:\/\/charente.catholique.fr\/est-charente\/wp-content\/uploads\/sites\/3\/2023\/08\/230820-Parzac-073-2.jpg 400w, https:\/\/charente.catholique.fr\/est-charente\/wp-content\/uploads\/sites\/3\/2023\/08\/230820-Parzac-073-2-300x140.jpg 300w\" sizes=\"auto, (max-width: 400px) 100vw, 400px\" \/><\/figure>\n\n\n\n<figure class=\"wp-block-image size-large\"><img loading=\"lazy\" decoding=\"async\" width=\"400\" height=\"284\" data-id=\"4876\" src=\"https:\/\/charente.catholique.fr\/est-charente\/wp-content\/uploads\/sites\/3\/2023\/08\/230820-Parzac-075-2-rotated.jpg\" alt=\"\" class=\"wp-image-4876\" srcset=\"https:\/\/charente.catholique.fr\/est-charente\/wp-content\/uploads\/sites\/3\/2023\/08\/230820-Parzac-075-2-rotated.jpg 400w, https:\/\/charente.catholique.fr\/est-charente\/wp-content\/uploads\/sites\/3\/2023\/08\/230820-Parzac-075-2-300x213.jpg 300w\" sizes=\"auto, (max-width: 400px) 100vw, 400px\" \/><\/figure>\n\n\n\n<figure class=\"wp-block-image size-large\"><img loading=\"lazy\" decoding=\"async\" width=\"400\" height=\"319\" data-id=\"4881\" src=\"https:\/\/charente.catholique.fr\/est-charente\/wp-content\/uploads\/sites\/3\/2023\/08\/230820-Parzac-077-2-rotated.jpg\" alt=\"\" class=\"wp-image-4881\" srcset=\"https:\/\/charente.catholique.fr\/est-charente\/wp-content\/uploads\/sites\/3\/2023\/08\/230820-Parzac-077-2-rotated.jpg 400w, https:\/\/charente.catholique.fr\/est-charente\/wp-content\/uploads\/sites\/3\/2023\/08\/230820-Parzac-077-2-300x239.jpg 300w\" sizes=\"auto, (max-width: 400px) 100vw, 400px\" \/><\/figure>\n\n\n\n<figure class=\"wp-block-image size-large\"><img loading=\"lazy\" decoding=\"async\" width=\"400\" height=\"225\" data-id=\"4875\" src=\"https:\/\/charente.catholique.fr\/est-charente\/wp-content\/uploads\/sites\/3\/2023\/08\/230820-Parzac-079-2-rotated.jpg\" alt=\"\" class=\"wp-image-4875\" srcset=\"https:\/\/charente.catholique.fr\/est-charente\/wp-content\/uploads\/sites\/3\/2023\/08\/230820-Parzac-079-2-rotated.jpg 400w, https:\/\/charente.catholique.fr\/est-charente\/wp-content\/uploads\/sites\/3\/2023\/08\/230820-Parzac-079-2-300x169.jpg 300w\" sizes=\"auto, (max-width: 400px) 100vw, 400px\" \/><\/figure>\n\n\n\n<figure class=\"wp-block-image size-large\"><img loading=\"lazy\" decoding=\"async\" width=\"400\" height=\"300\" data-id=\"4886\" src=\"https:\/\/charente.catholique.fr\/est-charente\/wp-content\/uploads\/sites\/3\/2023\/08\/230820-Parzac-081-2.jpg\" alt=\"\" class=\"wp-image-4886\" srcset=\"https:\/\/charente.catholique.fr\/est-charente\/wp-content\/uploads\/sites\/3\/2023\/08\/230820-Parzac-081-2.jpg 400w, https:\/\/charente.catholique.fr\/est-charente\/wp-content\/uploads\/sites\/3\/2023\/08\/230820-Parzac-081-2-300x225.jpg 300w\" sizes=\"auto, (max-width: 400px) 100vw, 400px\" \/><\/figure>\n\n\n\n<figure class=\"wp-block-image size-large\"><img loading=\"lazy\" decoding=\"async\" width=\"400\" height=\"533\" data-id=\"4869\" src=\"https:\/\/charente.catholique.fr\/est-charente\/wp-content\/uploads\/sites\/3\/2023\/08\/230820-Parzac-083-2-rotated.jpg\" alt=\"\" class=\"wp-image-4869\" srcset=\"https:\/\/charente.catholique.fr\/est-charente\/wp-content\/uploads\/sites\/3\/2023\/08\/230820-Parzac-083-2-rotated.jpg 400w, https:\/\/charente.catholique.fr\/est-charente\/wp-content\/uploads\/sites\/3\/2023\/08\/230820-Parzac-083-2-225x300.jpg 225w\" sizes=\"auto, (max-width: 400px) 100vw, 400px\" \/><\/figure>\n\n\n\n<figure class=\"wp-block-image size-large\"><img loading=\"lazy\" decoding=\"async\" width=\"400\" height=\"533\" data-id=\"4887\" src=\"https:\/\/charente.catholique.fr\/est-charente\/wp-content\/uploads\/sites\/3\/2023\/08\/230820-Parzac-085-2-rotated.jpg\" alt=\"\" class=\"wp-image-4887\" srcset=\"https:\/\/charente.catholique.fr\/est-charente\/wp-content\/uploads\/sites\/3\/2023\/08\/230820-Parzac-085-2-rotated.jpg 400w, https:\/\/charente.catholique.fr\/est-charente\/wp-content\/uploads\/sites\/3\/2023\/08\/230820-Parzac-085-2-225x300.jpg 225w\" sizes=\"auto, (max-width: 400px) 100vw, 400px\" \/><\/figure>\n\n\n\n<figure class=\"wp-block-image size-large\"><img loading=\"lazy\" decoding=\"async\" width=\"400\" height=\"300\" data-id=\"4883\" src=\"https:\/\/charente.catholique.fr\/est-charente\/wp-content\/uploads\/sites\/3\/2023\/08\/230820-Parzac-087-2.jpg\" alt=\"\" class=\"wp-image-4883\" srcset=\"https:\/\/charente.catholique.fr\/est-charente\/wp-content\/uploads\/sites\/3\/2023\/08\/230820-Parzac-087-2.jpg 400w, https:\/\/charente.catholique.fr\/est-charente\/wp-content\/uploads\/sites\/3\/2023\/08\/230820-Parzac-087-2-300x225.jpg 300w\" sizes=\"auto, (max-width: 400px) 100vw, 400px\" \/><\/figure>\n\n\n\n<figure class=\"wp-block-image size-large\"><img loading=\"lazy\" decoding=\"async\" width=\"400\" height=\"300\" data-id=\"4888\" src=\"https:\/\/charente.catholique.fr\/est-charente\/wp-content\/uploads\/sites\/3\/2023\/08\/230820-Parzac-089-2.jpg\" alt=\"\" class=\"wp-image-4888\" srcset=\"https:\/\/charente.catholique.fr\/est-charente\/wp-content\/uploads\/sites\/3\/2023\/08\/230820-Parzac-089-2.jpg 400w, https:\/\/charente.catholique.fr\/est-charente\/wp-content\/uploads\/sites\/3\/2023\/08\/230820-Parzac-089-2-300x225.jpg 300w\" sizes=\"auto, (max-width: 400px) 100vw, 400px\" \/><\/figure>\n\n\n\n<figure class=\"wp-block-image size-large\"><img loading=\"lazy\" decoding=\"async\" width=\"400\" height=\"300\" data-id=\"4884\" src=\"https:\/\/charente.catholique.fr\/est-charente\/wp-content\/uploads\/sites\/3\/2023\/08\/230820-Parzac-091-2.jpg\" alt=\"\" class=\"wp-image-4884\" srcset=\"https:\/\/charente.catholique.fr\/est-charente\/wp-content\/uploads\/sites\/3\/2023\/08\/230820-Parzac-091-2.jpg 400w, https:\/\/charente.catholique.fr\/est-charente\/wp-content\/uploads\/sites\/3\/2023\/08\/230820-Parzac-091-2-300x225.jpg 300w\" sizes=\"auto, (max-width: 400px) 100vw, 400px\" \/><\/figure>\n\n\n\n<figure class=\"wp-block-image size-large\"><img loading=\"lazy\" decoding=\"async\" width=\"400\" height=\"300\" data-id=\"4882\" src=\"https:\/\/charente.catholique.fr\/est-charente\/wp-content\/uploads\/sites\/3\/2023\/08\/230820-Parzac-093-2.jpg\" alt=\"\" class=\"wp-image-4882\" srcset=\"https:\/\/charente.catholique.fr\/est-charente\/wp-content\/uploads\/sites\/3\/2023\/08\/230820-Parzac-093-2.jpg 400w, https:\/\/charente.catholique.fr\/est-charente\/wp-content\/uploads\/sites\/3\/2023\/08\/230820-Parzac-093-2-300x225.jpg 300w\" sizes=\"auto, (max-width: 400px) 100vw, 400px\" \/><\/figure>\n\n\n\n<figure class=\"wp-block-image size-large\"><img loading=\"lazy\" decoding=\"async\" width=\"400\" height=\"300\" data-id=\"4880\" src=\"https:\/\/charente.catholique.fr\/est-charente\/wp-content\/uploads\/sites\/3\/2023\/08\/230820-Parzac-095-2.jpg\" alt=\"\" class=\"wp-image-4880\" srcset=\"https:\/\/charente.catholique.fr\/est-charente\/wp-content\/uploads\/sites\/3\/2023\/08\/230820-Parzac-095-2.jpg 400w, https:\/\/charente.catholique.fr\/est-charente\/wp-content\/uploads\/sites\/3\/2023\/08\/230820-Parzac-095-2-300x225.jpg 300w\" sizes=\"auto, (max-width: 400px) 100vw, 400px\" \/><\/figure>\n\n\n\n<figure class=\"wp-block-image size-large\"><img loading=\"lazy\" decoding=\"async\" width=\"400\" height=\"300\" data-id=\"4885\" src=\"https:\/\/charente.catholique.fr\/est-charente\/wp-content\/uploads\/sites\/3\/2023\/08\/230820-Parzac-097-2.jpg\" alt=\"\" class=\"wp-image-4885\" srcset=\"https:\/\/charente.catholique.fr\/est-charente\/wp-content\/uploads\/sites\/3\/2023\/08\/230820-Parzac-097-2.jpg 400w, https:\/\/charente.catholique.fr\/est-charente\/wp-content\/uploads\/sites\/3\/2023\/08\/230820-Parzac-097-2-300x225.jpg 300w\" sizes=\"auto, (max-width: 400px) 100vw, 400px\" \/><\/figure>\n\n\n\n<figure class=\"wp-block-image size-large\"><img loading=\"lazy\" decoding=\"async\" width=\"400\" height=\"300\" data-id=\"4889\" src=\"https:\/\/charente.catholique.fr\/est-charente\/wp-content\/uploads\/sites\/3\/2023\/08\/230820-Parzac-101-2.jpg\" alt=\"\" class=\"wp-image-4889\" srcset=\"https:\/\/charente.catholique.fr\/est-charente\/wp-content\/uploads\/sites\/3\/2023\/08\/230820-Parzac-101-2.jpg 400w, https:\/\/charente.catholique.fr\/est-charente\/wp-content\/uploads\/sites\/3\/2023\/08\/230820-Parzac-101-2-300x225.jpg 300w\" sizes=\"auto, (max-width: 400px) 100vw, 400px\" \/><\/figure>\n<\/figure>\n","protected":false},"excerpt":{"rendered":"","protected":false},"author":17,"featured_media":4748,"comment_status":"open","ping_status":"open","sticky":false,"template":"","format":"standard","meta":{"_acf_changed":false,"paroisse":["9"],"service":["0"],"footnotes":""},"categories":[1,2],"tags":[],"class_list":["post-4744","post","type-post","status-publish","format-standard","has-post-thumbnail","hentry","category-actualites","category-nd-des-terres-en-haute-charente","validated"],"acf":[],"yoast_head":"<!-- This site is optimized with the Yoast SEO plugin v27.1.1 - https:\/\/yoast.com\/product\/yoast-seo-wordpress\/ -->\n<title>F\u00eate de Saint Roch-B\u00e9n\u00e9diction des animaux-Parzac 20 aout 2023 - Doyenne Est Charente<\/title>\n<meta name=\"robots\" content=\"index, follow, max-snippet:-1, max-image-preview:large, max-video-preview:-1\" \/>\n<link rel=\"canonical\" href=\"https:\/\/charente.catholique.fr\/est-charente\/actualites\/fete-de-saint-roch-benediction-des-animaux-parzac-20-aout-2023\/\" \/>\n<meta property=\"og:locale\" content=\"fr_FR\" \/>\n<meta property=\"og:type\" content=\"article\" \/>\n<meta property=\"og:title\" content=\"F\u00eate de Saint Roch-B\u00e9n\u00e9diction des animaux-Parzac 20 aout 2023 - Doyenne Est Charente\" \/>\n<meta property=\"og:url\" content=\"https:\/\/charente.catholique.fr\/est-charente\/actualites\/fete-de-saint-roch-benediction-des-animaux-parzac-20-aout-2023\/\" \/>\n<meta property=\"og:site_name\" content=\"Doyenne Est Charente\" \/>\n<meta property=\"article:publisher\" content=\"https:\/\/www.facebook.com\/EgliseCatholiqueCharente\" \/>\n<meta property=\"article:published_time\" content=\"2023-08-20T21:09:45+00:00\" \/>\n<meta property=\"og:image\" content=\"https:\/\/charente.catholique.fr\/est-charente\/wp-content\/uploads\/sites\/3\/2023\/08\/230820-Parzac-075-scaled.jpg\" \/>\n\t<meta property=\"og:image:width\" content=\"2560\" \/>\n\t<meta property=\"og:image:height\" content=\"1816\" \/>\n\t<meta property=\"og:image:type\" content=\"image\/jpeg\" \/>\n<meta name=\"author\" content=\"Jean-Pierre Bruyas\" \/>\n<meta name=\"twitter:card\" content=\"summary_large_image\" \/>\n<meta name=\"twitter:creator\" content=\"@diocesecharente\" \/>\n<meta name=\"twitter:site\" content=\"@diocesecharente\" \/>\n<meta name=\"twitter:label1\" content=\"\u00c9crit par\" \/>\n\t<meta name=\"twitter:data1\" content=\"Jean-Pierre Bruyas\" \/>\n\t<meta name=\"twitter:label2\" content=\"Dur\u00e9e de lecture estim\u00e9e\" \/>\n\t<meta name=\"twitter:data2\" content=\"9 minutes\" \/>\n<script type=\"application\/ld+json\" class=\"yoast-schema-graph\">{\"@context\":\"https:\/\/schema.org\",\"@graph\":[{\"@type\":\"Article\",\"@id\":\"https:\/\/charente.catholique.fr\/est-charente\/actualites\/fete-de-saint-roch-benediction-des-animaux-parzac-20-aout-2023\/#article\",\"isPartOf\":{\"@id\":\"https:\/\/charente.catholique.fr\/est-charente\/actualites\/fete-de-saint-roch-benediction-des-animaux-parzac-20-aout-2023\/\"},\"author\":{\"name\":\"Jean-Pierre Bruyas\",\"@id\":\"https:\/\/charente.catholique.fr\/est-charente\/#\/schema\/person\/b03b0c4583407641a338366adc41056f\"},\"headline\":\"F\u00eate de Saint Roch-B\u00e9n\u00e9diction des animaux-Parzac 20 aout 2023\",\"datePublished\":\"2023-08-20T21:09:45+00:00\",\"mainEntityOfPage\":{\"@id\":\"https:\/\/charente.catholique.fr\/est-charente\/actualites\/fete-de-saint-roch-benediction-des-animaux-parzac-20-aout-2023\/\"},\"wordCount\":10,\"commentCount\":0,\"publisher\":{\"@id\":\"https:\/\/charente.catholique.fr\/est-charente\/#organization\"},\"image\":{\"@id\":\"https:\/\/charente.catholique.fr\/est-charente\/actualites\/fete-de-saint-roch-benediction-des-animaux-parzac-20-aout-2023\/#primaryimage\"},\"thumbnailUrl\":\"https:\/\/charente.catholique.fr\/est-charente\/wp-content\/uploads\/sites\/3\/2023\/08\/230820-Parzac-075-scaled.jpg\",\"articleSection\":[\"Actualit\u00e9s\",\"ND des Terres en Haute-Charente\"],\"inLanguage\":\"fr-FR\",\"potentialAction\":[{\"@type\":\"CommentAction\",\"name\":\"Comment\",\"target\":[\"https:\/\/charente.catholique.fr\/est-charente\/actualites\/fete-de-saint-roch-benediction-des-animaux-parzac-20-aout-2023\/#respond\"]}]},{\"@type\":\"WebPage\",\"@id\":\"https:\/\/charente.catholique.fr\/est-charente\/actualites\/fete-de-saint-roch-benediction-des-animaux-parzac-20-aout-2023\/\",\"url\":\"https:\/\/charente.catholique.fr\/est-charente\/actualites\/fete-de-saint-roch-benediction-des-animaux-parzac-20-aout-2023\/\",\"name\":\"F\u00eate de Saint Roch-B\u00e9n\u00e9diction des animaux-Parzac 20 aout 2023 - Doyenne Est Charente\",\"isPartOf\":{\"@id\":\"https:\/\/charente.catholique.fr\/est-charente\/#website\"},\"primaryImageOfPage\":{\"@id\":\"https:\/\/charente.catholique.fr\/est-charente\/actualites\/fete-de-saint-roch-benediction-des-animaux-parzac-20-aout-2023\/#primaryimage\"},\"image\":{\"@id\":\"https:\/\/charente.catholique.fr\/est-charente\/actualites\/fete-de-saint-roch-benediction-des-animaux-parzac-20-aout-2023\/#primaryimage\"},\"thumbnailUrl\":\"https:\/\/charente.catholique.fr\/est-charente\/wp-content\/uploads\/sites\/3\/2023\/08\/230820-Parzac-075-scaled.jpg\",\"datePublished\":\"2023-08-20T21:09:45+00:00\",\"breadcrumb\":{\"@id\":\"https:\/\/charente.catholique.fr\/est-charente\/actualites\/fete-de-saint-roch-benediction-des-animaux-parzac-20-aout-2023\/#breadcrumb\"},\"inLanguage\":\"fr-FR\",\"potentialAction\":[{\"@type\":\"ReadAction\",\"target\":[\"https:\/\/charente.catholique.fr\/est-charente\/actualites\/fete-de-saint-roch-benediction-des-animaux-parzac-20-aout-2023\/\"]}]},{\"@type\":\"ImageObject\",\"inLanguage\":\"fr-FR\",\"@id\":\"https:\/\/charente.catholique.fr\/est-charente\/actualites\/fete-de-saint-roch-benediction-des-animaux-parzac-20-aout-2023\/#primaryimage\",\"url\":\"https:\/\/charente.catholique.fr\/est-charente\/wp-content\/uploads\/sites\/3\/2023\/08\/230820-Parzac-075-scaled.jpg\",\"contentUrl\":\"https:\/\/charente.catholique.fr\/est-charente\/wp-content\/uploads\/sites\/3\/2023\/08\/230820-Parzac-075-scaled.jpg\",\"width\":2560,\"height\":1816},{\"@type\":\"BreadcrumbList\",\"@id\":\"https:\/\/charente.catholique.fr\/est-charente\/actualites\/fete-de-saint-roch-benediction-des-animaux-parzac-20-aout-2023\/#breadcrumb\",\"itemListElement\":[{\"@type\":\"ListItem\",\"position\":1,\"name\":\"Accueil\",\"item\":\"https:\/\/charente.catholique.fr\/est-charente\/\"},{\"@type\":\"ListItem\",\"position\":2,\"name\":\"F\u00eate de Saint Roch-B\u00e9n\u00e9diction des animaux-Parzac 20 aout 2023\"}]},{\"@type\":\"WebSite\",\"@id\":\"https:\/\/charente.catholique.fr\/est-charente\/#website\",\"url\":\"https:\/\/charente.catholique.fr\/est-charente\/\",\"name\":\"Doyenn\u00e9 Est Charente - Dioc\u00e8se d'Angoul\u00eame\",\"description\":\"Dioc\u00e8se d&#039;Angoul\u00eame\",\"publisher\":{\"@id\":\"https:\/\/charente.catholique.fr\/est-charente\/#organization\"},\"potentialAction\":[{\"@type\":\"SearchAction\",\"target\":{\"@type\":\"EntryPoint\",\"urlTemplate\":\"https:\/\/charente.catholique.fr\/est-charente\/?s={search_term_string}\"},\"query-input\":{\"@type\":\"PropertyValueSpecification\",\"valueRequired\":true,\"valueName\":\"search_term_string\"}}],\"inLanguage\":\"fr-FR\"},{\"@type\":\"Organization\",\"@id\":\"https:\/\/charente.catholique.fr\/est-charente\/#organization\",\"name\":\"Association dioc\u00e9saine d'Angoul\u00eame\",\"url\":\"https:\/\/charente.catholique.fr\/est-charente\/\",\"logo\":{\"@type\":\"ImageObject\",\"inLanguage\":\"fr-FR\",\"@id\":\"https:\/\/charente.catholique.fr\/est-charente\/#\/schema\/logo\/image\/\",\"url\":\"https:\/\/charente.catholique.fr\/est-charente\/wp-content\/uploads\/sites\/3\/2020\/10\/logos.png\",\"contentUrl\":\"https:\/\/charente.catholique.fr\/est-charente\/wp-content\/uploads\/sites\/3\/2020\/10\/logos.png\",\"width\":600,\"height\":257,\"caption\":\"Association dioc\u00e9saine d'Angoul\u00eame\"},\"image\":{\"@id\":\"https:\/\/charente.catholique.fr\/est-charente\/#\/schema\/logo\/image\/\"},\"sameAs\":[\"https:\/\/www.facebook.com\/EgliseCatholiqueCharente\",\"https:\/\/x.com\/diocesecharente\",\"https:\/\/www.instagram.com\/eglisecharente\",\"https:\/\/www.youtube.com\/channel\/UCByyFWApZbw3gDTiADoiAaQ\"]},{\"@type\":\"Person\",\"@id\":\"https:\/\/charente.catholique.fr\/est-charente\/#\/schema\/person\/b03b0c4583407641a338366adc41056f\",\"name\":\"Jean-Pierre Bruyas\",\"image\":{\"@type\":\"ImageObject\",\"inLanguage\":\"fr-FR\",\"@id\":\"https:\/\/charente.catholique.fr\/est-charente\/#\/schema\/person\/image\/\",\"url\":\"https:\/\/secure.gravatar.com\/avatar\/5ebc6ffa1cd3ff16ab504d019e989d6f0e5279fccb1f130edef4bfb16a6711c0?s=96&d=mm&r=g\",\"contentUrl\":\"https:\/\/secure.gravatar.com\/avatar\/5ebc6ffa1cd3ff16ab504d019e989d6f0e5279fccb1f130edef4bfb16a6711c0?s=96&d=mm&r=g\",\"caption\":\"Jean-Pierre Bruyas\"},\"url\":\"https:\/\/charente.catholique.fr\/est-charente\/author\/jeanpierrebruyas\/\"}]}<\/script>\n<!-- \/ Yoast SEO plugin. -->","yoast_head_json":{"title":"F\u00eate de Saint Roch-B\u00e9n\u00e9diction des animaux-Parzac 20 aout 2023 - Doyenne Est Charente","robots":{"index":"index","follow":"follow","max-snippet":"max-snippet:-1","max-image-preview":"max-image-preview:large","max-video-preview":"max-video-preview:-1"},"canonical":"https:\/\/charente.catholique.fr\/est-charente\/actualites\/fete-de-saint-roch-benediction-des-animaux-parzac-20-aout-2023\/","og_locale":"fr_FR","og_type":"article","og_title":"F\u00eate de Saint Roch-B\u00e9n\u00e9diction des animaux-Parzac 20 aout 2023 - Doyenne Est Charente","og_url":"https:\/\/charente.catholique.fr\/est-charente\/actualites\/fete-de-saint-roch-benediction-des-animaux-parzac-20-aout-2023\/","og_site_name":"Doyenne Est Charente","article_publisher":"https:\/\/www.facebook.com\/EgliseCatholiqueCharente","article_published_time":"2023-08-20T21:09:45+00:00","og_image":[{"width":2560,"height":1816,"url":"https:\/\/charente.catholique.fr\/est-charente\/wp-content\/uploads\/sites\/3\/2023\/08\/230820-Parzac-075-scaled.jpg","type":"image\/jpeg"}],"author":"Jean-Pierre Bruyas","twitter_card":"summary_large_image","twitter_creator":"@diocesecharente","twitter_site":"@diocesecharente","twitter_misc":{"\u00c9crit par":"Jean-Pierre Bruyas","Dur\u00e9e de lecture estim\u00e9e":"9 minutes"},"schema":{"@context":"https:\/\/schema.org","@graph":[{"@type":"Article","@id":"https:\/\/charente.catholique.fr\/est-charente\/actualites\/fete-de-saint-roch-benediction-des-animaux-parzac-20-aout-2023\/#article","isPartOf":{"@id":"https:\/\/charente.catholique.fr\/est-charente\/actualites\/fete-de-saint-roch-benediction-des-animaux-parzac-20-aout-2023\/"},"author":{"name":"Jean-Pierre Bruyas","@id":"https:\/\/charente.catholique.fr\/est-charente\/#\/schema\/person\/b03b0c4583407641a338366adc41056f"},"headline":"F\u00eate de Saint Roch-B\u00e9n\u00e9diction des animaux-Parzac 20 aout 2023","datePublished":"2023-08-20T21:09:45+00:00","mainEntityOfPage":{"@id":"https:\/\/charente.catholique.fr\/est-charente\/actualites\/fete-de-saint-roch-benediction-des-animaux-parzac-20-aout-2023\/"},"wordCount":10,"commentCount":0,"publisher":{"@id":"https:\/\/charente.catholique.fr\/est-charente\/#organization"},"image":{"@id":"https:\/\/charente.catholique.fr\/est-charente\/actualites\/fete-de-saint-roch-benediction-des-animaux-parzac-20-aout-2023\/#primaryimage"},"thumbnailUrl":"https:\/\/charente.catholique.fr\/est-charente\/wp-content\/uploads\/sites\/3\/2023\/08\/230820-Parzac-075-scaled.jpg","articleSection":["Actualit\u00e9s","ND des Terres en Haute-Charente"],"inLanguage":"fr-FR","potentialAction":[{"@type":"CommentAction","name":"Comment","target":["https:\/\/charente.catholique.fr\/est-charente\/actualites\/fete-de-saint-roch-benediction-des-animaux-parzac-20-aout-2023\/#respond"]}]},{"@type":"WebPage","@id":"https:\/\/charente.catholique.fr\/est-charente\/actualites\/fete-de-saint-roch-benediction-des-animaux-parzac-20-aout-2023\/","url":"https:\/\/charente.catholique.fr\/est-charente\/actualites\/fete-de-saint-roch-benediction-des-animaux-parzac-20-aout-2023\/","name":"F\u00eate de Saint Roch-B\u00e9n\u00e9diction des animaux-Parzac 20 aout 2023 - Doyenne Est Charente","isPartOf":{"@id":"https:\/\/charente.catholique.fr\/est-charente\/#website"},"primaryImageOfPage":{"@id":"https:\/\/charente.catholique.fr\/est-charente\/actualites\/fete-de-saint-roch-benediction-des-animaux-parzac-20-aout-2023\/#primaryimage"},"image":{"@id":"https:\/\/charente.catholique.fr\/est-charente\/actualites\/fete-de-saint-roch-benediction-des-animaux-parzac-20-aout-2023\/#primaryimage"},"thumbnailUrl":"https:\/\/charente.catholique.fr\/est-charente\/wp-content\/uploads\/sites\/3\/2023\/08\/230820-Parzac-075-scaled.jpg","datePublished":"2023-08-20T21:09:45+00:00","breadcrumb":{"@id":"https:\/\/charente.catholique.fr\/est-charente\/actualites\/fete-de-saint-roch-benediction-des-animaux-parzac-20-aout-2023\/#breadcrumb"},"inLanguage":"fr-FR","potentialAction":[{"@type":"ReadAction","target":["https:\/\/charente.catholique.fr\/est-charente\/actualites\/fete-de-saint-roch-benediction-des-animaux-parzac-20-aout-2023\/"]}]},{"@type":"ImageObject","inLanguage":"fr-FR","@id":"https:\/\/charente.catholique.fr\/est-charente\/actualites\/fete-de-saint-roch-benediction-des-animaux-parzac-20-aout-2023\/#primaryimage","url":"https:\/\/charente.catholique.fr\/est-charente\/wp-content\/uploads\/sites\/3\/2023\/08\/230820-Parzac-075-scaled.jpg","contentUrl":"https:\/\/charente.catholique.fr\/est-charente\/wp-content\/uploads\/sites\/3\/2023\/08\/230820-Parzac-075-scaled.jpg","width":2560,"height":1816},{"@type":"BreadcrumbList","@id":"https:\/\/charente.catholique.fr\/est-charente\/actualites\/fete-de-saint-roch-benediction-des-animaux-parzac-20-aout-2023\/#breadcrumb","itemListElement":[{"@type":"ListItem","position":1,"name":"Accueil","item":"https:\/\/charente.catholique.fr\/est-charente\/"},{"@type":"ListItem","position":2,"name":"F\u00eate de Saint Roch-B\u00e9n\u00e9diction des animaux-Parzac 20 aout 2023"}]},{"@type":"WebSite","@id":"https:\/\/charente.catholique.fr\/est-charente\/#website","url":"https:\/\/charente.catholique.fr\/est-charente\/","name":"Doyenn\u00e9 Est Charente - Dioc\u00e8se d'Angoul\u00eame","description":"Dioc\u00e8se d&#039;Angoul\u00eame","publisher":{"@id":"https:\/\/charente.catholique.fr\/est-charente\/#organization"},"potentialAction":[{"@type":"SearchAction","target":{"@type":"EntryPoint","urlTemplate":"https:\/\/charente.catholique.fr\/est-charente\/?s={search_term_string}"},"query-input":{"@type":"PropertyValueSpecification","valueRequired":true,"valueName":"search_term_string"}}],"inLanguage":"fr-FR"},{"@type":"Organization","@id":"https:\/\/charente.catholique.fr\/est-charente\/#organization","name":"Association dioc\u00e9saine d'Angoul\u00eame","url":"https:\/\/charente.catholique.fr\/est-charente\/","logo":{"@type":"ImageObject","inLanguage":"fr-FR","@id":"https:\/\/charente.catholique.fr\/est-charente\/#\/schema\/logo\/image\/","url":"https:\/\/charente.catholique.fr\/est-charente\/wp-content\/uploads\/sites\/3\/2020\/10\/logos.png","contentUrl":"https:\/\/charente.catholique.fr\/est-charente\/wp-content\/uploads\/sites\/3\/2020\/10\/logos.png","width":600,"height":257,"caption":"Association dioc\u00e9saine d'Angoul\u00eame"},"image":{"@id":"https:\/\/charente.catholique.fr\/est-charente\/#\/schema\/logo\/image\/"},"sameAs":["https:\/\/www.facebook.com\/EgliseCatholiqueCharente","https:\/\/x.com\/diocesecharente","https:\/\/www.instagram.com\/eglisecharente","https:\/\/www.youtube.com\/channel\/UCByyFWApZbw3gDTiADoiAaQ"]},{"@type":"Person","@id":"https:\/\/charente.catholique.fr\/est-charente\/#\/schema\/person\/b03b0c4583407641a338366adc41056f","name":"Jean-Pierre Bruyas","image":{"@type":"ImageObject","inLanguage":"fr-FR","@id":"https:\/\/charente.catholique.fr\/est-charente\/#\/schema\/person\/image\/","url":"https:\/\/secure.gravatar.com\/avatar\/5ebc6ffa1cd3ff16ab504d019e989d6f0e5279fccb1f130edef4bfb16a6711c0?s=96&d=mm&r=g","contentUrl":"https:\/\/secure.gravatar.com\/avatar\/5ebc6ffa1cd3ff16ab504d019e989d6f0e5279fccb1f130edef4bfb16a6711c0?s=96&d=mm&r=g","caption":"Jean-Pierre Bruyas"},"url":"https:\/\/charente.catholique.fr\/est-charente\/author\/jeanpierrebruyas\/"}]}},"_links":{"self":[{"href":"https:\/\/charente.catholique.fr\/est-charente\/wp-json\/wp\/v2\/posts\/4744","targetHints":{"allow":["GET"]}}],"collection":[{"href":"https:\/\/charente.catholique.fr\/est-charente\/wp-json\/wp\/v2\/posts"}],"about":[{"href":"https:\/\/charente.catholique.fr\/est-charente\/wp-json\/wp\/v2\/types\/post"}],"author":[{"embeddable":true,"href":"https:\/\/charente.catholique.fr\/est-charente\/wp-json\/wp\/v2\/users\/17"}],"replies":[{"embeddable":true,"href":"https:\/\/charente.catholique.fr\/est-charente\/wp-json\/wp\/v2\/comments?post=4744"}],"version-history":[{"count":5,"href":"https:\/\/charente.catholique.fr\/est-charente\/wp-json\/wp\/v2\/posts\/4744\/revisions"}],"predecessor-version":[{"id":4897,"href":"https:\/\/charente.catholique.fr\/est-charente\/wp-json\/wp\/v2\/posts\/4744\/revisions\/4897"}],"wp:featuredmedia":[{"embeddable":true,"href":"https:\/\/charente.catholique.fr\/est-charente\/wp-json\/wp\/v2\/media\/4748"}],"wp:attachment":[{"href":"https:\/\/charente.catholique.fr\/est-charente\/wp-json\/wp\/v2\/media?parent=4744"}],"wp:term":[{"taxonomy":"category","embeddable":true,"href":"https:\/\/charente.catholique.fr\/est-charente\/wp-json\/wp\/v2\/categories?post=4744"},{"taxonomy":"post_tag","embeddable":true,"href":"https:\/\/charente.catholique.fr\/est-charente\/wp-json\/wp\/v2\/tags?post=4744"}],"curies":[{"name":"wp","href":"https:\/\/api.w.org\/{rel}","templated":true}]}}