{"id":204,"date":"2020-05-28T13:18:11","date_gmt":"2020-05-28T11:18:11","guid":{"rendered":"https:\/\/charente.catholique.fr\/est-charente\/actualites\/\/"},"modified":"2020-09-21T13:18:59","modified_gmt":"2020-09-21T11:18:59","slug":"reprise-des-messes-fete-de-pentecote","status":"publish","type":"post","link":"https:\/\/charente.catholique.fr\/est-charente\/actualites\/reprise-des-messes-fete-de-pentecote\/","title":{"rendered":"Reprise des messes &#8211; F\u00eate de Pentec\u00f4te"},"content":{"rendered":"\n<p><strong>Pour faire suite aux d\u00e9cisions gouvernementales, pr\u00e9cis\u00e9es par la Conf\u00e9rence des \u00c9v\u00eaques de France et les instructions de Mgr Herv\u00e9 Gosselin, votre \u00c9quipe d\u2019Animation Pastorale s\u2019est r\u00e9unie ce Mercredi 27 Mai pour d\u00e9finir les modalit\u00e9s de la reprise des c\u00e9l\u00e9brations dans la Paroisse. A commencer par la f\u00eate de Pentec\u00f4te.<\/strong><\/p>\n\n\n\n<h3 class=\"wp-block-heading\"><strong>F\u00eate de Pentec\u00f4te 2020<\/strong>&nbsp;:<\/h3>\n\n\n\n<p>Deux messes seront c\u00e9l\u00e9br\u00e9es en l\u2019<strong>\u00c9glise de Saint-Claud<\/strong>&nbsp;:<\/p>\n\n\n\n<h3 class=\"wp-block-heading\"><strong>Dimanche 31 Mai \u00e0 9h30 et 11h<\/strong><\/h3>\n\n\n\n<p><img loading=\"lazy\" decoding=\"async\" src=\"https:\/\/angouleme.catholique.fr\/local\/cache-vignettes\/L8xH11\/mapuce_violet-e2898.gif?1588160629\" alt=\"-\" width=\"8\" height=\"11\">&nbsp;Le nombre de places est strictement limit\u00e9 a 72&nbsp;<br><img loading=\"lazy\" decoding=\"async\" src=\"https:\/\/angouleme.catholique.fr\/local\/cache-vignettes\/L8xH11\/mapuce_violet-e2898.gif?1588160629\" alt=\"-\" width=\"8\" height=\"11\">&nbsp;Le port du masque est obligatoire pour tous&nbsp;<br><img loading=\"lazy\" decoding=\"async\" src=\"https:\/\/angouleme.catholique.fr\/local\/cache-vignettes\/L8xH11\/mapuce_violet-e2898.gif?1588160629\" alt=\"-\" width=\"8\" height=\"11\">&nbsp;Lavage des mains \u00e0 l\u2019entr\u00e9e avec solution hydro-alcoolique&nbsp;<br><img loading=\"lazy\" decoding=\"async\" src=\"https:\/\/angouleme.catholique.fr\/local\/cache-vignettes\/L8xH11\/mapuce_violet-e2898.gif?1588160629\" alt=\"-\" width=\"8\" height=\"11\">&nbsp;Le service d\u2019accueil vous donnera les consignes pour le bon d\u00e9roulement de l\u2019office<\/p>\n\n\n\n<p>Jusqu\u2019\u00e0 nouvel avis, les messes dominicales auront lieu<br><strong>tous les dimanches \u00e0 Saint-Claud \u00e0 9h30 et 11h<\/strong><\/p>\n","protected":false},"excerpt":{"rendered":"<p>Pour faire suite aux d\u00e9cisions gouvernementales, pr\u00e9cis\u00e9es par la Conf\u00e9rence des \u00c9v\u00eaques de France et les instructions de Mgr Herv\u00e9 Gosselin, votre \u00c9quipe d\u2019Animation Pastorale s\u2019est r\u00e9unie ce Mercredi 27 Mai pour d\u00e9finir les modalit\u00e9s de la reprise des c\u00e9l\u00e9brations dans la Paroisse. A commencer par la f\u00eate de Pentec\u00f4te. F\u00eate de Pentec\u00f4te 2020&nbsp;: Deux [&hellip;]<\/p>\n","protected":false},"author":1,"featured_media":0,"comment_status":"closed","ping_status":"open","sticky":false,"template":"","format":"standard","meta":{"_acf_changed":false,"paroisse":["9"],"service":["0"],"footnotes":""},"categories":[1,2],"tags":[],"class_list":["post-204","post","type-post","status-publish","format-standard","hentry","category-actualites","category-nd-des-terres-en-haute-charente"],"acf":[],"yoast_head":"<!-- This site is optimized with the Yoast SEO plugin v27.1.1 - https:\/\/yoast.com\/product\/yoast-seo-wordpress\/ -->\n<title>Reprise des messes - F\u00eate de Pentec\u00f4te - Doyenne Est Charente<\/title>\n<meta name=\"robots\" content=\"index, follow, max-snippet:-1, max-image-preview:large, max-video-preview:-1\" \/>\n<link rel=\"canonical\" href=\"https:\/\/charente.catholique.fr\/est-charente\/actualites\/reprise-des-messes-fete-de-pentecote\/\" \/>\n<meta property=\"og:locale\" content=\"fr_FR\" \/>\n<meta property=\"og:type\" content=\"article\" \/>\n<meta property=\"og:title\" content=\"Reprise des messes - F\u00eate de Pentec\u00f4te - Doyenne Est Charente\" \/>\n<meta property=\"og:description\" content=\"Pour faire suite aux d\u00e9cisions gouvernementales, pr\u00e9cis\u00e9es par la Conf\u00e9rence des \u00c9v\u00eaques de France et les instructions de Mgr Herv\u00e9 Gosselin, votre \u00c9quipe d\u2019Animation Pastorale s\u2019est r\u00e9unie ce Mercredi 27 Mai pour d\u00e9finir les modalit\u00e9s de la reprise des c\u00e9l\u00e9brations dans la Paroisse. A commencer par la f\u00eate de Pentec\u00f4te. F\u00eate de Pentec\u00f4te 2020&nbsp;: Deux [&hellip;]\" \/>\n<meta property=\"og:url\" content=\"https:\/\/charente.catholique.fr\/est-charente\/actualites\/reprise-des-messes-fete-de-pentecote\/\" \/>\n<meta property=\"og:site_name\" content=\"Doyenne Est Charente\" \/>\n<meta property=\"article:publisher\" content=\"https:\/\/www.facebook.com\/EgliseCatholiqueCharente\" \/>\n<meta property=\"article:published_time\" content=\"2020-05-28T11:18:11+00:00\" \/>\n<meta property=\"article:modified_time\" content=\"2020-09-21T11:18:59+00:00\" \/>\n<meta property=\"og:image\" content=\"https:\/\/angouleme.catholique.fr\/local\/cache-vignettes\/L8xH11\/mapuce_violet-e2898.gif?1588160629\" \/>\n<meta name=\"author\" content=\"Laurent Levasseur\" \/>\n<meta name=\"twitter:card\" content=\"summary_large_image\" \/>\n<meta name=\"twitter:creator\" content=\"@diocesecharente\" \/>\n<meta name=\"twitter:site\" content=\"@diocesecharente\" \/>\n<meta name=\"twitter:label1\" content=\"\u00c9crit par\" \/>\n\t<meta name=\"twitter:data1\" content=\"Laurent Levasseur\" \/>\n\t<meta name=\"twitter:label2\" content=\"Dur\u00e9e de lecture estim\u00e9e\" \/>\n\t<meta name=\"twitter:data2\" content=\"1 minute\" \/>\n<script type=\"application\/ld+json\" class=\"yoast-schema-graph\">{\"@context\":\"https:\/\/schema.org\",\"@graph\":[{\"@type\":\"Article\",\"@id\":\"https:\/\/charente.catholique.fr\/est-charente\/actualites\/reprise-des-messes-fete-de-pentecote\/#article\",\"isPartOf\":{\"@id\":\"https:\/\/charente.catholique.fr\/est-charente\/actualites\/reprise-des-messes-fete-de-pentecote\/\"},\"author\":{\"name\":\"Laurent Levasseur\",\"@id\":\"https:\/\/charente.catholique.fr\/est-charente\/#\/schema\/person\/3df8c31947ef19fb6329f661cafeadbe\"},\"headline\":\"Reprise des messes &#8211; F\u00eate de Pentec\u00f4te\",\"datePublished\":\"2020-05-28T11:18:11+00:00\",\"dateModified\":\"2020-09-21T11:18:59+00:00\",\"mainEntityOfPage\":{\"@id\":\"https:\/\/charente.catholique.fr\/est-charente\/actualites\/reprise-des-messes-fete-de-pentecote\/\"},\"wordCount\":159,\"publisher\":{\"@id\":\"https:\/\/charente.catholique.fr\/est-charente\/#organization\"},\"image\":{\"@id\":\"https:\/\/charente.catholique.fr\/est-charente\/actualites\/reprise-des-messes-fete-de-pentecote\/#primaryimage\"},\"thumbnailUrl\":\"https:\/\/angouleme.catholique.fr\/local\/cache-vignettes\/L8xH11\/mapuce_violet-e2898.gif?1588160629\",\"articleSection\":[\"Actualit\u00e9s\",\"ND des Terres en Haute-Charente\"],\"inLanguage\":\"fr-FR\"},{\"@type\":\"WebPage\",\"@id\":\"https:\/\/charente.catholique.fr\/est-charente\/actualites\/reprise-des-messes-fete-de-pentecote\/\",\"url\":\"https:\/\/charente.catholique.fr\/est-charente\/actualites\/reprise-des-messes-fete-de-pentecote\/\",\"name\":\"Reprise des messes - F\u00eate de Pentec\u00f4te - Doyenne Est Charente\",\"isPartOf\":{\"@id\":\"https:\/\/charente.catholique.fr\/est-charente\/#website\"},\"primaryImageOfPage\":{\"@id\":\"https:\/\/charente.catholique.fr\/est-charente\/actualites\/reprise-des-messes-fete-de-pentecote\/#primaryimage\"},\"image\":{\"@id\":\"https:\/\/charente.catholique.fr\/est-charente\/actualites\/reprise-des-messes-fete-de-pentecote\/#primaryimage\"},\"thumbnailUrl\":\"https:\/\/angouleme.catholique.fr\/local\/cache-vignettes\/L8xH11\/mapuce_violet-e2898.gif?1588160629\",\"datePublished\":\"2020-05-28T11:18:11+00:00\",\"dateModified\":\"2020-09-21T11:18:59+00:00\",\"breadcrumb\":{\"@id\":\"https:\/\/charente.catholique.fr\/est-charente\/actualites\/reprise-des-messes-fete-de-pentecote\/#breadcrumb\"},\"inLanguage\":\"fr-FR\",\"potentialAction\":[{\"@type\":\"ReadAction\",\"target\":[\"https:\/\/charente.catholique.fr\/est-charente\/actualites\/reprise-des-messes-fete-de-pentecote\/\"]}]},{\"@type\":\"ImageObject\",\"inLanguage\":\"fr-FR\",\"@id\":\"https:\/\/charente.catholique.fr\/est-charente\/actualites\/reprise-des-messes-fete-de-pentecote\/#primaryimage\",\"url\":\"https:\/\/angouleme.catholique.fr\/local\/cache-vignettes\/L8xH11\/mapuce_violet-e2898.gif?1588160629\",\"contentUrl\":\"https:\/\/angouleme.catholique.fr\/local\/cache-vignettes\/L8xH11\/mapuce_violet-e2898.gif?1588160629\"},{\"@type\":\"BreadcrumbList\",\"@id\":\"https:\/\/charente.catholique.fr\/est-charente\/actualites\/reprise-des-messes-fete-de-pentecote\/#breadcrumb\",\"itemListElement\":[{\"@type\":\"ListItem\",\"position\":1,\"name\":\"Accueil\",\"item\":\"https:\/\/charente.catholique.fr\/est-charente\/\"},{\"@type\":\"ListItem\",\"position\":2,\"name\":\"Reprise des messes &#8211; F\u00eate de Pentec\u00f4te\"}]},{\"@type\":\"WebSite\",\"@id\":\"https:\/\/charente.catholique.fr\/est-charente\/#website\",\"url\":\"https:\/\/charente.catholique.fr\/est-charente\/\",\"name\":\"Doyenn\u00e9 Est Charente - Dioc\u00e8se d'Angoul\u00eame\",\"description\":\"Dioc\u00e8se d&#039;Angoul\u00eame\",\"publisher\":{\"@id\":\"https:\/\/charente.catholique.fr\/est-charente\/#organization\"},\"potentialAction\":[{\"@type\":\"SearchAction\",\"target\":{\"@type\":\"EntryPoint\",\"urlTemplate\":\"https:\/\/charente.catholique.fr\/est-charente\/?s={search_term_string}\"},\"query-input\":{\"@type\":\"PropertyValueSpecification\",\"valueRequired\":true,\"valueName\":\"search_term_string\"}}],\"inLanguage\":\"fr-FR\"},{\"@type\":\"Organization\",\"@id\":\"https:\/\/charente.catholique.fr\/est-charente\/#organization\",\"name\":\"Association dioc\u00e9saine d'Angoul\u00eame\",\"url\":\"https:\/\/charente.catholique.fr\/est-charente\/\",\"logo\":{\"@type\":\"ImageObject\",\"inLanguage\":\"fr-FR\",\"@id\":\"https:\/\/charente.catholique.fr\/est-charente\/#\/schema\/logo\/image\/\",\"url\":\"https:\/\/charente.catholique.fr\/est-charente\/wp-content\/uploads\/sites\/3\/2020\/10\/logos.png\",\"contentUrl\":\"https:\/\/charente.catholique.fr\/est-charente\/wp-content\/uploads\/sites\/3\/2020\/10\/logos.png\",\"width\":600,\"height\":257,\"caption\":\"Association dioc\u00e9saine d'Angoul\u00eame\"},\"image\":{\"@id\":\"https:\/\/charente.catholique.fr\/est-charente\/#\/schema\/logo\/image\/\"},\"sameAs\":[\"https:\/\/www.facebook.com\/EgliseCatholiqueCharente\",\"https:\/\/x.com\/diocesecharente\",\"https:\/\/www.instagram.com\/eglisecharente\",\"https:\/\/www.youtube.com\/channel\/UCByyFWApZbw3gDTiADoiAaQ\"]},{\"@type\":\"Person\",\"@id\":\"https:\/\/charente.catholique.fr\/est-charente\/#\/schema\/person\/3df8c31947ef19fb6329f661cafeadbe\",\"name\":\"Laurent Levasseur\",\"image\":{\"@type\":\"ImageObject\",\"inLanguage\":\"fr-FR\",\"@id\":\"https:\/\/charente.catholique.fr\/est-charente\/#\/schema\/person\/image\/\",\"url\":\"https:\/\/secure.gravatar.com\/avatar\/dccf960d6e9a0355d4b167ffa3fac883a97faa506deaa7260607621ce2bc2705?s=96&d=mm&r=g\",\"contentUrl\":\"https:\/\/secure.gravatar.com\/avatar\/dccf960d6e9a0355d4b167ffa3fac883a97faa506deaa7260607621ce2bc2705?s=96&d=mm&r=g\",\"caption\":\"Laurent Levasseur\"},\"url\":\"https:\/\/charente.catholique.fr\/est-charente\/author\/laurentleva\/\"}]}<\/script>\n<!-- \/ Yoast SEO plugin. -->","yoast_head_json":{"title":"Reprise des messes - F\u00eate de Pentec\u00f4te - Doyenne Est Charente","robots":{"index":"index","follow":"follow","max-snippet":"max-snippet:-1","max-image-preview":"max-image-preview:large","max-video-preview":"max-video-preview:-1"},"canonical":"https:\/\/charente.catholique.fr\/est-charente\/actualites\/reprise-des-messes-fete-de-pentecote\/","og_locale":"fr_FR","og_type":"article","og_title":"Reprise des messes - F\u00eate de Pentec\u00f4te - Doyenne Est Charente","og_description":"Pour faire suite aux d\u00e9cisions gouvernementales, pr\u00e9cis\u00e9es par la Conf\u00e9rence des \u00c9v\u00eaques de France et les instructions de Mgr Herv\u00e9 Gosselin, votre \u00c9quipe d\u2019Animation Pastorale s\u2019est r\u00e9unie ce Mercredi 27 Mai pour d\u00e9finir les modalit\u00e9s de la reprise des c\u00e9l\u00e9brations dans la Paroisse. A commencer par la f\u00eate de Pentec\u00f4te. F\u00eate de Pentec\u00f4te 2020&nbsp;: Deux [&hellip;]","og_url":"https:\/\/charente.catholique.fr\/est-charente\/actualites\/reprise-des-messes-fete-de-pentecote\/","og_site_name":"Doyenne Est Charente","article_publisher":"https:\/\/www.facebook.com\/EgliseCatholiqueCharente","article_published_time":"2020-05-28T11:18:11+00:00","article_modified_time":"2020-09-21T11:18:59+00:00","og_image":[{"url":"https:\/\/angouleme.catholique.fr\/local\/cache-vignettes\/L8xH11\/mapuce_violet-e2898.gif?1588160629","type":"","width":"","height":""}],"author":"Laurent Levasseur","twitter_card":"summary_large_image","twitter_creator":"@diocesecharente","twitter_site":"@diocesecharente","twitter_misc":{"\u00c9crit par":"Laurent Levasseur","Dur\u00e9e de lecture estim\u00e9e":"1 minute"},"schema":{"@context":"https:\/\/schema.org","@graph":[{"@type":"Article","@id":"https:\/\/charente.catholique.fr\/est-charente\/actualites\/reprise-des-messes-fete-de-pentecote\/#article","isPartOf":{"@id":"https:\/\/charente.catholique.fr\/est-charente\/actualites\/reprise-des-messes-fete-de-pentecote\/"},"author":{"name":"Laurent Levasseur","@id":"https:\/\/charente.catholique.fr\/est-charente\/#\/schema\/person\/3df8c31947ef19fb6329f661cafeadbe"},"headline":"Reprise des messes &#8211; F\u00eate de Pentec\u00f4te","datePublished":"2020-05-28T11:18:11+00:00","dateModified":"2020-09-21T11:18:59+00:00","mainEntityOfPage":{"@id":"https:\/\/charente.catholique.fr\/est-charente\/actualites\/reprise-des-messes-fete-de-pentecote\/"},"wordCount":159,"publisher":{"@id":"https:\/\/charente.catholique.fr\/est-charente\/#organization"},"image":{"@id":"https:\/\/charente.catholique.fr\/est-charente\/actualites\/reprise-des-messes-fete-de-pentecote\/#primaryimage"},"thumbnailUrl":"https:\/\/angouleme.catholique.fr\/local\/cache-vignettes\/L8xH11\/mapuce_violet-e2898.gif?1588160629","articleSection":["Actualit\u00e9s","ND des Terres en Haute-Charente"],"inLanguage":"fr-FR"},{"@type":"WebPage","@id":"https:\/\/charente.catholique.fr\/est-charente\/actualites\/reprise-des-messes-fete-de-pentecote\/","url":"https:\/\/charente.catholique.fr\/est-charente\/actualites\/reprise-des-messes-fete-de-pentecote\/","name":"Reprise des messes - F\u00eate de Pentec\u00f4te - Doyenne Est Charente","isPartOf":{"@id":"https:\/\/charente.catholique.fr\/est-charente\/#website"},"primaryImageOfPage":{"@id":"https:\/\/charente.catholique.fr\/est-charente\/actualites\/reprise-des-messes-fete-de-pentecote\/#primaryimage"},"image":{"@id":"https:\/\/charente.catholique.fr\/est-charente\/actualites\/reprise-des-messes-fete-de-pentecote\/#primaryimage"},"thumbnailUrl":"https:\/\/angouleme.catholique.fr\/local\/cache-vignettes\/L8xH11\/mapuce_violet-e2898.gif?1588160629","datePublished":"2020-05-28T11:18:11+00:00","dateModified":"2020-09-21T11:18:59+00:00","breadcrumb":{"@id":"https:\/\/charente.catholique.fr\/est-charente\/actualites\/reprise-des-messes-fete-de-pentecote\/#breadcrumb"},"inLanguage":"fr-FR","potentialAction":[{"@type":"ReadAction","target":["https:\/\/charente.catholique.fr\/est-charente\/actualites\/reprise-des-messes-fete-de-pentecote\/"]}]},{"@type":"ImageObject","inLanguage":"fr-FR","@id":"https:\/\/charente.catholique.fr\/est-charente\/actualites\/reprise-des-messes-fete-de-pentecote\/#primaryimage","url":"https:\/\/angouleme.catholique.fr\/local\/cache-vignettes\/L8xH11\/mapuce_violet-e2898.gif?1588160629","contentUrl":"https:\/\/angouleme.catholique.fr\/local\/cache-vignettes\/L8xH11\/mapuce_violet-e2898.gif?1588160629"},{"@type":"BreadcrumbList","@id":"https:\/\/charente.catholique.fr\/est-charente\/actualites\/reprise-des-messes-fete-de-pentecote\/#breadcrumb","itemListElement":[{"@type":"ListItem","position":1,"name":"Accueil","item":"https:\/\/charente.catholique.fr\/est-charente\/"},{"@type":"ListItem","position":2,"name":"Reprise des messes &#8211; F\u00eate de Pentec\u00f4te"}]},{"@type":"WebSite","@id":"https:\/\/charente.catholique.fr\/est-charente\/#website","url":"https:\/\/charente.catholique.fr\/est-charente\/","name":"Doyenn\u00e9 Est Charente - Dioc\u00e8se d'Angoul\u00eame","description":"Dioc\u00e8se d&#039;Angoul\u00eame","publisher":{"@id":"https:\/\/charente.catholique.fr\/est-charente\/#organization"},"potentialAction":[{"@type":"SearchAction","target":{"@type":"EntryPoint","urlTemplate":"https:\/\/charente.catholique.fr\/est-charente\/?s={search_term_string}"},"query-input":{"@type":"PropertyValueSpecification","valueRequired":true,"valueName":"search_term_string"}}],"inLanguage":"fr-FR"},{"@type":"Organization","@id":"https:\/\/charente.catholique.fr\/est-charente\/#organization","name":"Association dioc\u00e9saine d'Angoul\u00eame","url":"https:\/\/charente.catholique.fr\/est-charente\/","logo":{"@type":"ImageObject","inLanguage":"fr-FR","@id":"https:\/\/charente.catholique.fr\/est-charente\/#\/schema\/logo\/image\/","url":"https:\/\/charente.catholique.fr\/est-charente\/wp-content\/uploads\/sites\/3\/2020\/10\/logos.png","contentUrl":"https:\/\/charente.catholique.fr\/est-charente\/wp-content\/uploads\/sites\/3\/2020\/10\/logos.png","width":600,"height":257,"caption":"Association dioc\u00e9saine d'Angoul\u00eame"},"image":{"@id":"https:\/\/charente.catholique.fr\/est-charente\/#\/schema\/logo\/image\/"},"sameAs":["https:\/\/www.facebook.com\/EgliseCatholiqueCharente","https:\/\/x.com\/diocesecharente","https:\/\/www.instagram.com\/eglisecharente","https:\/\/www.youtube.com\/channel\/UCByyFWApZbw3gDTiADoiAaQ"]},{"@type":"Person","@id":"https:\/\/charente.catholique.fr\/est-charente\/#\/schema\/person\/3df8c31947ef19fb6329f661cafeadbe","name":"Laurent Levasseur","image":{"@type":"ImageObject","inLanguage":"fr-FR","@id":"https:\/\/charente.catholique.fr\/est-charente\/#\/schema\/person\/image\/","url":"https:\/\/secure.gravatar.com\/avatar\/dccf960d6e9a0355d4b167ffa3fac883a97faa506deaa7260607621ce2bc2705?s=96&d=mm&r=g","contentUrl":"https:\/\/secure.gravatar.com\/avatar\/dccf960d6e9a0355d4b167ffa3fac883a97faa506deaa7260607621ce2bc2705?s=96&d=mm&r=g","caption":"Laurent Levasseur"},"url":"https:\/\/charente.catholique.fr\/est-charente\/author\/laurentleva\/"}]}},"_links":{"self":[{"href":"https:\/\/charente.catholique.fr\/est-charente\/wp-json\/wp\/v2\/posts\/204","targetHints":{"allow":["GET"]}}],"collection":[{"href":"https:\/\/charente.catholique.fr\/est-charente\/wp-json\/wp\/v2\/posts"}],"about":[{"href":"https:\/\/charente.catholique.fr\/est-charente\/wp-json\/wp\/v2\/types\/post"}],"author":[{"embeddable":true,"href":"https:\/\/charente.catholique.fr\/est-charente\/wp-json\/wp\/v2\/users\/1"}],"replies":[{"embeddable":true,"href":"https:\/\/charente.catholique.fr\/est-charente\/wp-json\/wp\/v2\/comments?post=204"}],"version-history":[{"count":1,"href":"https:\/\/charente.catholique.fr\/est-charente\/wp-json\/wp\/v2\/posts\/204\/revisions"}],"predecessor-version":[{"id":205,"href":"https:\/\/charente.catholique.fr\/est-charente\/wp-json\/wp\/v2\/posts\/204\/revisions\/205"}],"wp:attachment":[{"href":"https:\/\/charente.catholique.fr\/est-charente\/wp-json\/wp\/v2\/media?parent=204"}],"wp:term":[{"taxonomy":"category","embeddable":true,"href":"https:\/\/charente.catholique.fr\/est-charente\/wp-json\/wp\/v2\/categories?post=204"},{"taxonomy":"post_tag","embeddable":true,"href":"https:\/\/charente.catholique.fr\/est-charente\/wp-json\/wp\/v2\/tags?post=204"}],"curies":[{"name":"wp","href":"https:\/\/api.w.org\/{rel}","templated":true}]}}