{"id":105,"date":"2019-09-30T16:58:04","date_gmt":"2019-09-30T14:58:04","guid":{"rendered":"https:\/\/charente.catholique.fr\/est-charente\/actualites\/\/"},"modified":"2020-09-18T16:58:58","modified_gmt":"2020-09-18T14:58:58","slug":"nouvelles-paroisses-dans-le-doyenne-est","status":"publish","type":"post","link":"https:\/\/charente.catholique.fr\/est-charente\/actualites\/nouvelles-paroisses-dans-le-doyenne-est\/","title":{"rendered":"Nouvelles paroisses dans le doyenn\u00e9 Est"},"content":{"rendered":"\n<div class=\"wp-block-image\"><figure class=\"aligncenter size-large\"><img loading=\"lazy\" decoding=\"async\" width=\"450\" height=\"502\" src=\"https:\/\/charente.catholique.fr\/est-charente\/wp-content\/uploads\/sites\/3\/2020\/09\/df5a44fdf703d3ab-d20f0.png\" alt=\"\" class=\"wp-image-106\" srcset=\"https:\/\/charente.catholique.fr\/est-charente\/wp-content\/uploads\/sites\/3\/2020\/09\/df5a44fdf703d3ab-d20f0.png 450w, https:\/\/charente.catholique.fr\/est-charente\/wp-content\/uploads\/sites\/3\/2020\/09\/df5a44fdf703d3ab-d20f0-269x300.png 269w\" sizes=\"auto, (max-width: 450px) 100vw, 450px\" \/><\/figure><\/div>\n\n\n\n<p><strong>Nouveau d\u00e9coupage paroissial et avenir de la paroisse de Montemboeuf<\/strong><\/p>\n\n\n\n<p>Voici bient\u00f4t 26 ans, le 31 octobre 1993, Monseigneur Georges ROL \u00e9rigeait la paroisse de Montemboeuf, qui comprenait les communes de Montemboeuf, Cherves-Ch\u00e2telars et Mazi\u00e8res, Massignac, L\u00e9zignac-Durand, Verneuil et Mouzon, ainsi que Mazerolles, Roussines, Sauvagnac et Le Lindois.<br>25 ans plus tard, en septembre 2018, Monseigneur Herv\u00e9 GOSSELIN \u00e9rigeait de nouveaux doyenn\u00e9s. Nous faisons ainsi partie du doyenn\u00e9 Est Charente avec les paroisses de Confolens, Champagne-Mouton, Chabanais, Notre Dame des Terres en Haute-Charente (Chasseneuil \u2013 Roumazi\u00e8res), Montbron, La Rochefoucauld et Montemboeuf.<br>En septembre prochain des nouvelles paroisses seront mises en place.<\/p>\n\n\n\n<p>Samedi 9 mars dernier, nous avions une assembl\u00e9e paroissiale au presbyt\u00e8re de Montemboeuf pour \u00e9voquer l\u2019avenir de notre paroisse. Pour m\u00e9moire, voici les crit\u00e8res n\u00e9cessaires pour qu\u2019il puisse y avoir une paroisse, exprim\u00e9s entre autres dans les orientations dioc\u00e9saines&nbsp;:&nbsp;<br><img loading=\"lazy\" decoding=\"async\" src=\"https:\/\/angouleme.catholique.fr\/local\/cache-vignettes\/L8xH11\/mapuce_violet-e2898.gif?1588160629\" alt=\"-\" width=\"8\" height=\"11\">&nbsp; Un centre avec un lieu d\u2019accueil, une \u00e9glise accueillante pour les c\u00e9l\u00e9brations et des \u00e9glises en relation.&nbsp;<br><img loading=\"lazy\" decoding=\"async\" src=\"https:\/\/angouleme.catholique.fr\/local\/cache-vignettes\/L8xH11\/mapuce_violet-e2898.gif?1588160629\" alt=\"-\" width=\"8\" height=\"11\">&nbsp; Une capacit\u00e9 \u00e0 vivre l\u2019annonce de la foi, la pr\u00e9paration et la c\u00e9l\u00e9bration des sacrements, le service des fr\u00e8res.&nbsp;<br><img loading=\"lazy\" decoding=\"async\" src=\"https:\/\/angouleme.catholique.fr\/local\/cache-vignettes\/L8xH11\/mapuce_violet-e2898.gif?1588160629\" alt=\"-\" width=\"8\" height=\"11\">&nbsp; \u00catre anim\u00e9e par une \u00e9quipe d\u2019animation pastorale, avec un cur\u00e9.&nbsp;<br><img loading=\"lazy\" decoding=\"async\" src=\"https:\/\/angouleme.catholique.fr\/local\/cache-vignettes\/L8xH11\/mapuce_violet-e2898.gif?1588160629\" alt=\"-\" width=\"8\" height=\"11\">&nbsp; Assurer certains des services administratifs et \u00e9conomiques.<br>Ainsi, il est vite apparu que l\u2019actuelle paroisse de Montemboeuf ne correspondait plus \u00e0 ces crit\u00e8res. C\u2019est pourquoi nous avons envisag\u00e9 de r\u00e9partir les communes de la paroisse de Montemboeuf en fonction des lieux de vie&nbsp;: o\u00f9 va-t-on faire ses courses, o\u00f9 va-t-on prendre de l\u2019essence\u2026<\/p>\n\n\n\n<p>C\u2019est ainsi qu\u2019il est act\u00e9 que, \u00e0 partir du mois de septembre 2019, les communes de l\u2019actuelle paroisse seront r\u00e9parties diff\u00e9remment.<br>Les communes de&nbsp;<strong>Montemboeuf, Cherves-Ch\u00e2telars et Mazi\u00e8res<\/strong>&nbsp;appartiendront \u00e0 la paroisse Notre Dame des Terres en Haute-Charente (Chasseneuil \u2013 Roumazi\u00e8res).<br>Les communes de&nbsp;<strong>Massignac, L\u00e9signac-Durand, Mouzon et Verneuil<\/strong>&nbsp;appartiendront \u00e0 la paroisse de Chabanais.<br>Les communes de<strong>&nbsp;Mazerolles, Roussines, Sauvagnac et Le Lindois<\/strong>&nbsp;appartiendront \u00e0 la paroisse de Montbron \u2013 La Rochefoucauld.<br>Pendant 26 ans de la paroisse de Montemboeuf, de beaux moments ont \u00e9t\u00e9 v\u00e9cus, et de belles oeuvres ont \u00e9t\u00e9 r\u00e9alis\u00e9es. Commenc\u00e9es par le P\u00e8re Serge, il y a eu des heures de joie et des heures de peine, des temps forts qui ont marqu\u00e9 des souvenirs, des enfants qui ont \u00e9t\u00e9 baptis\u00e9s puis v\u00e9cu leur premi\u00e8re communion et leur profession de foi, des jeunes qui ses ont mari\u00e9s, sans oublier certaines fun\u00e9railles qui ont laiss\u00e9 un grand vide.<\/p>\n\n\n\n<p>En action de gr\u00e2ce pour ces riches ann\u00e9es, une rencontre conviviale vous est propos\u00e9e le dimanche 7 juillet \u00e0 16 heures, sous la pr\u00e9sidence de Monseigneur Herv\u00e9 GOSSELIN, du doyen le P\u00e8re Michel FERNANDEZ et des pr\u00eatres du doyenn\u00e9.<\/p>\n\n\n\n<p>P\u00e8re Fran\u00e7ois WALCKENAER<\/p>\n\n\n\n<p><strong>Un nouveau nom pour la paroisse de Montbron &#8211; La Rochefoucauld<\/strong><\/p>\n\n\n\n<p>A partir du mois de septembre 2019, la paroisse de Montbron &#8211; La Rochefoucauld portera le nom de &#8220;Paroisse Saint Augustin en Tardoire et Bandiat&#8221;.<br>Une messe d\u2019installation de cette nouvelle paroisse sera c\u00e9l\u00e9br\u00e9e le dimanche 22 septembre.<\/p>\n","protected":false},"excerpt":{"rendered":"<p>Nouveau d\u00e9coupage paroissial et avenir de la paroisse de Montemboeuf Voici bient\u00f4t 26 ans, le 31 octobre 1993, Monseigneur Georges ROL \u00e9rigeait la paroisse de Montemboeuf, qui comprenait les communes de Montemboeuf, Cherves-Ch\u00e2telars et Mazi\u00e8res, Massignac, L\u00e9zignac-Durand, Verneuil et Mouzon, ainsi que Mazerolles, Roussines, Sauvagnac et Le Lindois.25 ans plus tard, en septembre 2018, Monseigneur [&hellip;]<\/p>\n","protected":false},"author":1,"featured_media":0,"comment_status":"closed","ping_status":"open","sticky":false,"template":"","format":"standard","meta":{"_acf_changed":false,"paroisse":[""],"service":["0"],"footnotes":""},"categories":[1],"tags":[],"class_list":["post-105","post","type-post","status-publish","format-standard","hentry","category-actualites","validated"],"acf":[],"yoast_head":"<!-- This site is optimized with the Yoast SEO plugin v27.1.1 - https:\/\/yoast.com\/product\/yoast-seo-wordpress\/ -->\n<title>Nouvelles paroisses dans le doyenn\u00e9 Est - Doyenne Est Charente<\/title>\n<meta name=\"robots\" content=\"index, follow, max-snippet:-1, max-image-preview:large, max-video-preview:-1\" \/>\n<link rel=\"canonical\" href=\"https:\/\/charente.catholique.fr\/est-charente\/actualites\/nouvelles-paroisses-dans-le-doyenne-est\/\" \/>\n<meta property=\"og:locale\" content=\"fr_FR\" \/>\n<meta property=\"og:type\" content=\"article\" \/>\n<meta property=\"og:title\" content=\"Nouvelles paroisses dans le doyenn\u00e9 Est - Doyenne Est Charente\" \/>\n<meta property=\"og:description\" content=\"Nouveau d\u00e9coupage paroissial et avenir de la paroisse de Montemboeuf Voici bient\u00f4t 26 ans, le 31 octobre 1993, Monseigneur Georges ROL \u00e9rigeait la paroisse de Montemboeuf, qui comprenait les communes de Montemboeuf, Cherves-Ch\u00e2telars et Mazi\u00e8res, Massignac, L\u00e9zignac-Durand, Verneuil et Mouzon, ainsi que Mazerolles, Roussines, Sauvagnac et Le Lindois.25 ans plus tard, en septembre 2018, Monseigneur [&hellip;]\" \/>\n<meta property=\"og:url\" content=\"https:\/\/charente.catholique.fr\/est-charente\/actualites\/nouvelles-paroisses-dans-le-doyenne-est\/\" \/>\n<meta property=\"og:site_name\" content=\"Doyenne Est Charente\" \/>\n<meta property=\"article:publisher\" content=\"https:\/\/www.facebook.com\/EgliseCatholiqueCharente\" \/>\n<meta property=\"article:published_time\" content=\"2019-09-30T14:58:04+00:00\" \/>\n<meta property=\"article:modified_time\" content=\"2020-09-18T14:58:58+00:00\" \/>\n<meta property=\"og:image\" content=\"https:\/\/charente.catholique.fr\/est-charente\/wp-content\/uploads\/sites\/3\/2020\/09\/df5a44fdf703d3ab-d20f0.png\" \/>\n<meta name=\"author\" content=\"Laurent Levasseur\" \/>\n<meta name=\"twitter:card\" content=\"summary_large_image\" \/>\n<meta name=\"twitter:creator\" content=\"@diocesecharente\" \/>\n<meta name=\"twitter:site\" content=\"@diocesecharente\" \/>\n<meta name=\"twitter:label1\" content=\"\u00c9crit par\" \/>\n\t<meta name=\"twitter:data1\" content=\"Laurent Levasseur\" \/>\n\t<meta name=\"twitter:label2\" content=\"Dur\u00e9e de lecture estim\u00e9e\" \/>\n\t<meta name=\"twitter:data2\" content=\"3 minutes\" \/>\n<script type=\"application\/ld+json\" class=\"yoast-schema-graph\">{\"@context\":\"https:\/\/schema.org\",\"@graph\":[{\"@type\":\"Article\",\"@id\":\"https:\/\/charente.catholique.fr\/est-charente\/actualites\/nouvelles-paroisses-dans-le-doyenne-est\/#article\",\"isPartOf\":{\"@id\":\"https:\/\/charente.catholique.fr\/est-charente\/actualites\/nouvelles-paroisses-dans-le-doyenne-est\/\"},\"author\":{\"name\":\"Laurent Levasseur\",\"@id\":\"https:\/\/charente.catholique.fr\/est-charente\/#\/schema\/person\/3df8c31947ef19fb6329f661cafeadbe\"},\"headline\":\"Nouvelles paroisses dans le doyenn\u00e9 Est\",\"datePublished\":\"2019-09-30T14:58:04+00:00\",\"dateModified\":\"2020-09-18T14:58:58+00:00\",\"mainEntityOfPage\":{\"@id\":\"https:\/\/charente.catholique.fr\/est-charente\/actualites\/nouvelles-paroisses-dans-le-doyenne-est\/\"},\"wordCount\":544,\"publisher\":{\"@id\":\"https:\/\/charente.catholique.fr\/est-charente\/#organization\"},\"image\":{\"@id\":\"https:\/\/charente.catholique.fr\/est-charente\/actualites\/nouvelles-paroisses-dans-le-doyenne-est\/#primaryimage\"},\"thumbnailUrl\":\"https:\/\/charente.catholique.fr\/est-charente\/wp-content\/uploads\/sites\/3\/2020\/09\/df5a44fdf703d3ab-d20f0.png\",\"articleSection\":[\"Actualit\u00e9s\"],\"inLanguage\":\"fr-FR\"},{\"@type\":\"WebPage\",\"@id\":\"https:\/\/charente.catholique.fr\/est-charente\/actualites\/nouvelles-paroisses-dans-le-doyenne-est\/\",\"url\":\"https:\/\/charente.catholique.fr\/est-charente\/actualites\/nouvelles-paroisses-dans-le-doyenne-est\/\",\"name\":\"Nouvelles paroisses dans le doyenn\u00e9 Est - Doyenne Est Charente\",\"isPartOf\":{\"@id\":\"https:\/\/charente.catholique.fr\/est-charente\/#website\"},\"primaryImageOfPage\":{\"@id\":\"https:\/\/charente.catholique.fr\/est-charente\/actualites\/nouvelles-paroisses-dans-le-doyenne-est\/#primaryimage\"},\"image\":{\"@id\":\"https:\/\/charente.catholique.fr\/est-charente\/actualites\/nouvelles-paroisses-dans-le-doyenne-est\/#primaryimage\"},\"thumbnailUrl\":\"https:\/\/charente.catholique.fr\/est-charente\/wp-content\/uploads\/sites\/3\/2020\/09\/df5a44fdf703d3ab-d20f0.png\",\"datePublished\":\"2019-09-30T14:58:04+00:00\",\"dateModified\":\"2020-09-18T14:58:58+00:00\",\"breadcrumb\":{\"@id\":\"https:\/\/charente.catholique.fr\/est-charente\/actualites\/nouvelles-paroisses-dans-le-doyenne-est\/#breadcrumb\"},\"inLanguage\":\"fr-FR\",\"potentialAction\":[{\"@type\":\"ReadAction\",\"target\":[\"https:\/\/charente.catholique.fr\/est-charente\/actualites\/nouvelles-paroisses-dans-le-doyenne-est\/\"]}]},{\"@type\":\"ImageObject\",\"inLanguage\":\"fr-FR\",\"@id\":\"https:\/\/charente.catholique.fr\/est-charente\/actualites\/nouvelles-paroisses-dans-le-doyenne-est\/#primaryimage\",\"url\":\"https:\/\/charente.catholique.fr\/est-charente\/wp-content\/uploads\/sites\/3\/2020\/09\/df5a44fdf703d3ab-d20f0.png\",\"contentUrl\":\"https:\/\/charente.catholique.fr\/est-charente\/wp-content\/uploads\/sites\/3\/2020\/09\/df5a44fdf703d3ab-d20f0.png\",\"width\":450,\"height\":502},{\"@type\":\"BreadcrumbList\",\"@id\":\"https:\/\/charente.catholique.fr\/est-charente\/actualites\/nouvelles-paroisses-dans-le-doyenne-est\/#breadcrumb\",\"itemListElement\":[{\"@type\":\"ListItem\",\"position\":1,\"name\":\"Accueil\",\"item\":\"https:\/\/charente.catholique.fr\/est-charente\/\"},{\"@type\":\"ListItem\",\"position\":2,\"name\":\"Nouvelles paroisses dans le doyenn\u00e9 Est\"}]},{\"@type\":\"WebSite\",\"@id\":\"https:\/\/charente.catholique.fr\/est-charente\/#website\",\"url\":\"https:\/\/charente.catholique.fr\/est-charente\/\",\"name\":\"Doyenn\u00e9 Est Charente - Dioc\u00e8se d'Angoul\u00eame\",\"description\":\"Dioc\u00e8se d&#039;Angoul\u00eame\",\"publisher\":{\"@id\":\"https:\/\/charente.catholique.fr\/est-charente\/#organization\"},\"potentialAction\":[{\"@type\":\"SearchAction\",\"target\":{\"@type\":\"EntryPoint\",\"urlTemplate\":\"https:\/\/charente.catholique.fr\/est-charente\/?s={search_term_string}\"},\"query-input\":{\"@type\":\"PropertyValueSpecification\",\"valueRequired\":true,\"valueName\":\"search_term_string\"}}],\"inLanguage\":\"fr-FR\"},{\"@type\":\"Organization\",\"@id\":\"https:\/\/charente.catholique.fr\/est-charente\/#organization\",\"name\":\"Association dioc\u00e9saine d'Angoul\u00eame\",\"url\":\"https:\/\/charente.catholique.fr\/est-charente\/\",\"logo\":{\"@type\":\"ImageObject\",\"inLanguage\":\"fr-FR\",\"@id\":\"https:\/\/charente.catholique.fr\/est-charente\/#\/schema\/logo\/image\/\",\"url\":\"https:\/\/charente.catholique.fr\/est-charente\/wp-content\/uploads\/sites\/3\/2020\/10\/logos.png\",\"contentUrl\":\"https:\/\/charente.catholique.fr\/est-charente\/wp-content\/uploads\/sites\/3\/2020\/10\/logos.png\",\"width\":600,\"height\":257,\"caption\":\"Association dioc\u00e9saine d'Angoul\u00eame\"},\"image\":{\"@id\":\"https:\/\/charente.catholique.fr\/est-charente\/#\/schema\/logo\/image\/\"},\"sameAs\":[\"https:\/\/www.facebook.com\/EgliseCatholiqueCharente\",\"https:\/\/x.com\/diocesecharente\",\"https:\/\/www.instagram.com\/eglisecharente\",\"https:\/\/www.youtube.com\/channel\/UCByyFWApZbw3gDTiADoiAaQ\"]},{\"@type\":\"Person\",\"@id\":\"https:\/\/charente.catholique.fr\/est-charente\/#\/schema\/person\/3df8c31947ef19fb6329f661cafeadbe\",\"name\":\"Laurent Levasseur\",\"image\":{\"@type\":\"ImageObject\",\"inLanguage\":\"fr-FR\",\"@id\":\"https:\/\/charente.catholique.fr\/est-charente\/#\/schema\/person\/image\/\",\"url\":\"https:\/\/secure.gravatar.com\/avatar\/dccf960d6e9a0355d4b167ffa3fac883a97faa506deaa7260607621ce2bc2705?s=96&d=mm&r=g\",\"contentUrl\":\"https:\/\/secure.gravatar.com\/avatar\/dccf960d6e9a0355d4b167ffa3fac883a97faa506deaa7260607621ce2bc2705?s=96&d=mm&r=g\",\"caption\":\"Laurent Levasseur\"},\"url\":\"https:\/\/charente.catholique.fr\/est-charente\/author\/laurentleva\/\"}]}<\/script>\n<!-- \/ Yoast SEO plugin. -->","yoast_head_json":{"title":"Nouvelles paroisses dans le doyenn\u00e9 Est - Doyenne Est Charente","robots":{"index":"index","follow":"follow","max-snippet":"max-snippet:-1","max-image-preview":"max-image-preview:large","max-video-preview":"max-video-preview:-1"},"canonical":"https:\/\/charente.catholique.fr\/est-charente\/actualites\/nouvelles-paroisses-dans-le-doyenne-est\/","og_locale":"fr_FR","og_type":"article","og_title":"Nouvelles paroisses dans le doyenn\u00e9 Est - Doyenne Est Charente","og_description":"Nouveau d\u00e9coupage paroissial et avenir de la paroisse de Montemboeuf Voici bient\u00f4t 26 ans, le 31 octobre 1993, Monseigneur Georges ROL \u00e9rigeait la paroisse de Montemboeuf, qui comprenait les communes de Montemboeuf, Cherves-Ch\u00e2telars et Mazi\u00e8res, Massignac, L\u00e9zignac-Durand, Verneuil et Mouzon, ainsi que Mazerolles, Roussines, Sauvagnac et Le Lindois.25 ans plus tard, en septembre 2018, Monseigneur [&hellip;]","og_url":"https:\/\/charente.catholique.fr\/est-charente\/actualites\/nouvelles-paroisses-dans-le-doyenne-est\/","og_site_name":"Doyenne Est Charente","article_publisher":"https:\/\/www.facebook.com\/EgliseCatholiqueCharente","article_published_time":"2019-09-30T14:58:04+00:00","article_modified_time":"2020-09-18T14:58:58+00:00","og_image":[{"url":"https:\/\/charente.catholique.fr\/est-charente\/wp-content\/uploads\/sites\/3\/2020\/09\/df5a44fdf703d3ab-d20f0.png","type":"","width":"","height":""}],"author":"Laurent Levasseur","twitter_card":"summary_large_image","twitter_creator":"@diocesecharente","twitter_site":"@diocesecharente","twitter_misc":{"\u00c9crit par":"Laurent Levasseur","Dur\u00e9e de lecture estim\u00e9e":"3 minutes"},"schema":{"@context":"https:\/\/schema.org","@graph":[{"@type":"Article","@id":"https:\/\/charente.catholique.fr\/est-charente\/actualites\/nouvelles-paroisses-dans-le-doyenne-est\/#article","isPartOf":{"@id":"https:\/\/charente.catholique.fr\/est-charente\/actualites\/nouvelles-paroisses-dans-le-doyenne-est\/"},"author":{"name":"Laurent Levasseur","@id":"https:\/\/charente.catholique.fr\/est-charente\/#\/schema\/person\/3df8c31947ef19fb6329f661cafeadbe"},"headline":"Nouvelles paroisses dans le doyenn\u00e9 Est","datePublished":"2019-09-30T14:58:04+00:00","dateModified":"2020-09-18T14:58:58+00:00","mainEntityOfPage":{"@id":"https:\/\/charente.catholique.fr\/est-charente\/actualites\/nouvelles-paroisses-dans-le-doyenne-est\/"},"wordCount":544,"publisher":{"@id":"https:\/\/charente.catholique.fr\/est-charente\/#organization"},"image":{"@id":"https:\/\/charente.catholique.fr\/est-charente\/actualites\/nouvelles-paroisses-dans-le-doyenne-est\/#primaryimage"},"thumbnailUrl":"https:\/\/charente.catholique.fr\/est-charente\/wp-content\/uploads\/sites\/3\/2020\/09\/df5a44fdf703d3ab-d20f0.png","articleSection":["Actualit\u00e9s"],"inLanguage":"fr-FR"},{"@type":"WebPage","@id":"https:\/\/charente.catholique.fr\/est-charente\/actualites\/nouvelles-paroisses-dans-le-doyenne-est\/","url":"https:\/\/charente.catholique.fr\/est-charente\/actualites\/nouvelles-paroisses-dans-le-doyenne-est\/","name":"Nouvelles paroisses dans le doyenn\u00e9 Est - Doyenne Est Charente","isPartOf":{"@id":"https:\/\/charente.catholique.fr\/est-charente\/#website"},"primaryImageOfPage":{"@id":"https:\/\/charente.catholique.fr\/est-charente\/actualites\/nouvelles-paroisses-dans-le-doyenne-est\/#primaryimage"},"image":{"@id":"https:\/\/charente.catholique.fr\/est-charente\/actualites\/nouvelles-paroisses-dans-le-doyenne-est\/#primaryimage"},"thumbnailUrl":"https:\/\/charente.catholique.fr\/est-charente\/wp-content\/uploads\/sites\/3\/2020\/09\/df5a44fdf703d3ab-d20f0.png","datePublished":"2019-09-30T14:58:04+00:00","dateModified":"2020-09-18T14:58:58+00:00","breadcrumb":{"@id":"https:\/\/charente.catholique.fr\/est-charente\/actualites\/nouvelles-paroisses-dans-le-doyenne-est\/#breadcrumb"},"inLanguage":"fr-FR","potentialAction":[{"@type":"ReadAction","target":["https:\/\/charente.catholique.fr\/est-charente\/actualites\/nouvelles-paroisses-dans-le-doyenne-est\/"]}]},{"@type":"ImageObject","inLanguage":"fr-FR","@id":"https:\/\/charente.catholique.fr\/est-charente\/actualites\/nouvelles-paroisses-dans-le-doyenne-est\/#primaryimage","url":"https:\/\/charente.catholique.fr\/est-charente\/wp-content\/uploads\/sites\/3\/2020\/09\/df5a44fdf703d3ab-d20f0.png","contentUrl":"https:\/\/charente.catholique.fr\/est-charente\/wp-content\/uploads\/sites\/3\/2020\/09\/df5a44fdf703d3ab-d20f0.png","width":450,"height":502},{"@type":"BreadcrumbList","@id":"https:\/\/charente.catholique.fr\/est-charente\/actualites\/nouvelles-paroisses-dans-le-doyenne-est\/#breadcrumb","itemListElement":[{"@type":"ListItem","position":1,"name":"Accueil","item":"https:\/\/charente.catholique.fr\/est-charente\/"},{"@type":"ListItem","position":2,"name":"Nouvelles paroisses dans le doyenn\u00e9 Est"}]},{"@type":"WebSite","@id":"https:\/\/charente.catholique.fr\/est-charente\/#website","url":"https:\/\/charente.catholique.fr\/est-charente\/","name":"Doyenn\u00e9 Est Charente - Dioc\u00e8se d'Angoul\u00eame","description":"Dioc\u00e8se d&#039;Angoul\u00eame","publisher":{"@id":"https:\/\/charente.catholique.fr\/est-charente\/#organization"},"potentialAction":[{"@type":"SearchAction","target":{"@type":"EntryPoint","urlTemplate":"https:\/\/charente.catholique.fr\/est-charente\/?s={search_term_string}"},"query-input":{"@type":"PropertyValueSpecification","valueRequired":true,"valueName":"search_term_string"}}],"inLanguage":"fr-FR"},{"@type":"Organization","@id":"https:\/\/charente.catholique.fr\/est-charente\/#organization","name":"Association dioc\u00e9saine d'Angoul\u00eame","url":"https:\/\/charente.catholique.fr\/est-charente\/","logo":{"@type":"ImageObject","inLanguage":"fr-FR","@id":"https:\/\/charente.catholique.fr\/est-charente\/#\/schema\/logo\/image\/","url":"https:\/\/charente.catholique.fr\/est-charente\/wp-content\/uploads\/sites\/3\/2020\/10\/logos.png","contentUrl":"https:\/\/charente.catholique.fr\/est-charente\/wp-content\/uploads\/sites\/3\/2020\/10\/logos.png","width":600,"height":257,"caption":"Association dioc\u00e9saine d'Angoul\u00eame"},"image":{"@id":"https:\/\/charente.catholique.fr\/est-charente\/#\/schema\/logo\/image\/"},"sameAs":["https:\/\/www.facebook.com\/EgliseCatholiqueCharente","https:\/\/x.com\/diocesecharente","https:\/\/www.instagram.com\/eglisecharente","https:\/\/www.youtube.com\/channel\/UCByyFWApZbw3gDTiADoiAaQ"]},{"@type":"Person","@id":"https:\/\/charente.catholique.fr\/est-charente\/#\/schema\/person\/3df8c31947ef19fb6329f661cafeadbe","name":"Laurent Levasseur","image":{"@type":"ImageObject","inLanguage":"fr-FR","@id":"https:\/\/charente.catholique.fr\/est-charente\/#\/schema\/person\/image\/","url":"https:\/\/secure.gravatar.com\/avatar\/dccf960d6e9a0355d4b167ffa3fac883a97faa506deaa7260607621ce2bc2705?s=96&d=mm&r=g","contentUrl":"https:\/\/secure.gravatar.com\/avatar\/dccf960d6e9a0355d4b167ffa3fac883a97faa506deaa7260607621ce2bc2705?s=96&d=mm&r=g","caption":"Laurent Levasseur"},"url":"https:\/\/charente.catholique.fr\/est-charente\/author\/laurentleva\/"}]}},"_links":{"self":[{"href":"https:\/\/charente.catholique.fr\/est-charente\/wp-json\/wp\/v2\/posts\/105","targetHints":{"allow":["GET"]}}],"collection":[{"href":"https:\/\/charente.catholique.fr\/est-charente\/wp-json\/wp\/v2\/posts"}],"about":[{"href":"https:\/\/charente.catholique.fr\/est-charente\/wp-json\/wp\/v2\/types\/post"}],"author":[{"embeddable":true,"href":"https:\/\/charente.catholique.fr\/est-charente\/wp-json\/wp\/v2\/users\/1"}],"replies":[{"embeddable":true,"href":"https:\/\/charente.catholique.fr\/est-charente\/wp-json\/wp\/v2\/comments?post=105"}],"version-history":[{"count":1,"href":"https:\/\/charente.catholique.fr\/est-charente\/wp-json\/wp\/v2\/posts\/105\/revisions"}],"predecessor-version":[{"id":107,"href":"https:\/\/charente.catholique.fr\/est-charente\/wp-json\/wp\/v2\/posts\/105\/revisions\/107"}],"wp:attachment":[{"href":"https:\/\/charente.catholique.fr\/est-charente\/wp-json\/wp\/v2\/media?parent=105"}],"wp:term":[{"taxonomy":"category","embeddable":true,"href":"https:\/\/charente.catholique.fr\/est-charente\/wp-json\/wp\/v2\/categories?post=105"},{"taxonomy":"post_tag","embeddable":true,"href":"https:\/\/charente.catholique.fr\/est-charente\/wp-json\/wp\/v2\/tags?post=105"}],"curies":[{"name":"wp","href":"https:\/\/api.w.org\/{rel}","templated":true}]}}